{"id":113575,"date":"2023-04-07T05:00:41","date_gmt":"2023-04-07T04:00:41","guid":{"rendered":"https:\/\/www.copealcoy.es\/?p=113575"},"modified":"2023-04-12T09:18:43","modified_gmt":"2023-04-12T08:18:43","slug":"emotiva-y-solemne-procesion-del-santo-entierro-en-cocentaina","status":"publish","type":"post","link":"https:\/\/www.copealcoy.es\/es\/emotiva-y-solemne-procesion-del-santo-entierro-en-cocentaina\/","title":{"rendered":"Emotiva y solemne procesi\u00f3n del Santo Entierro en Cocentaina"},"content":{"rendered":"<p style=\"text-align: justify;\">Cocentaina tambi\u00e9n est\u00e1 inmersa en <a href=\"https:\/\/www.facebook.com\/semanasanta.cocentaina\" target=\"_blank\" rel=\"noopener\"><strong><span style=\"color: #0000ff;\">la Semana Santa<\/span><\/strong><\/a>, unos d\u00edas repletos de tradiciones que <strong>llenan de fervor las calles de la capital del Comtat<\/strong>. La procesi\u00f3n del Santo Entierro del Viernes Santo <strong>volvi\u00f3 a ser una expresi\u00f3n de devoci\u00f3n<\/strong> y en la misma <strong>tomaron parte todas las cofrad\u00edas del municipio<\/strong> haciendo de este acto uno de los m\u00e1s participativos de los d\u00edas de pasi\u00f3n.<\/p>\n<p style=\"text-align: justify;\">La mencionada procesi\u00f3n <strong>comenz\u00f3 pasadas las 20:30h desde las puertas de la parroquia de Santa Mar\u00eda<\/strong>, lugar al que hab\u00edan llegado las diferentes im\u00e1genes despu\u00e9s de salir de sus respectivos templos. Como suele ser tradici\u00f3n, <strong>la Cruz de Sant Crist\u00f3bal<\/strong> abri\u00f3 la comitiva dando paso a <strong>la imagen del patr\u00f3n de los conductores<\/strong> portada por todos aquellos que se dedican al sector del transporte. Se trata de <strong>una tradici\u00f3n \u00fanica de la Villa Condal<\/strong> que marca la diferencia con el resto de procesiones del Santo Entierro que se celebran a lo largo de la comarca. Seguidamente, y desde el Convento de los Padres Franciscanos, tom\u00f3 parte el paso de<strong> Jes\u00fas del Huerto<\/strong> representando al gremio de la construcci\u00f3n as\u00ed como la carpinter\u00eda. El <strong>Cristo de la Columna<\/strong>, que hicieron posible anta\u00f1o los papeleros, dio paso al <strong>Ecce Homo<\/strong> representando al textil. Seguidamente, y desde el Monasterio de la Mare de D\u00e9u del Miracle, lleg\u00f3 <strong>El Nazareno<\/strong> que aglutina a los comerciantes y que despierta una enorme devoci\u00f3n en el pueblo. La procesi\u00f3n sigui\u00f3 con el paso de <strong>La Dolorosa<\/strong>, venerada en la iglesia del Salvador, y que estuvo precedida por un buen n\u00famero de penitentes portando la indumentaria que tanto identifica a esta cofrad\u00eda contestana. Despu\u00e9s lleg\u00f3 el <strong>Crist dels Llauradors<\/strong>, con la talla m\u00e1s antigua de Cocentaina que data del siglo XVI, y cerr\u00f3 el acto <strong>la Archicofrad\u00eda del Sant\u00edsimo Sacramento<\/strong> acompa\u00f1ando al <strong>Cristo Yacente<\/strong>.<\/p>\n<p style=\"text-align: justify;\">En la procesi\u00f3n se repitieron costumbres como la presencia de <strong>&#8216;Les Capelletes&#8217;<\/strong>, peque\u00f1as corales de ni\u00f1os y adultos, que cantan &#8216;motetes&#8217; ante los pasos de Jes\u00fas del Huerto, El Nazareno o La Dolorosa creados en muchos casos por el recordado compositor contestano Gustavo Pascual Falc\u00f3. Tambi\u00e9n destac\u00f3 la presencia de <strong>&#8216;Les Llagrimetes&#8217;<\/strong> ante el sepulcro, ni\u00f1as ataviadas de blanco que portan los instrumentos de la pasi\u00f3n. La procesi\u00f3n del Santo Entierro termin\u00f3 de nuevo en Santa Mar\u00eda con una oraci\u00f3n final ante todos los pasos participantes.<\/p>\n<div id='gallery-1' class='gallery galleryid-113575 gallery-columns-2 gallery-size-full'><figure class='gallery-item'>\n\t\t\t<div class='gallery-icon landscape'>\n\t\t\t\t<a href='https:\/\/www.copealcoy.es\/es\/emotiva-y-solemne-procesion-del-santo-entierro-en-cocentaina\/img-8204-2\/'><img loading=\"lazy\" decoding=\"async\" width=\"1440\" height=\"1080\" src=\"https:\/\/www.copealcoy.es\/wp-content\/uploads\/2023\/04\/IMG-8204-1-scaled.jpg\" class=\"attachment-full size-full\" alt=\"\" srcset=\"https:\/\/www.copealcoy.es\/wp-content\/uploads\/2023\/04\/IMG-8204-1-scaled.jpg 1440w, https:\/\/www.copealcoy.es\/wp-content\/uploads\/2023\/04\/IMG-8204-1-768x576.jpg 768w, https:\/\/www.copealcoy.es\/wp-content\/uploads\/2023\/04\/IMG-8204-1-1536x1152.jpg 1536w, https:\/\/www.copealcoy.es\/wp-content\/uploads\/2023\/04\/IMG-8204-1-2048x1536.jpg 2048w\" sizes=\"auto, (max-width: 1440px) 100vw, 1440px\" \/><\/a>\n\t\t\t<\/div><\/figure><figure class='gallery-item'>\n\t\t\t<div class='gallery-icon landscape'>\n\t\t\t\t<a href='https:\/\/www.copealcoy.es\/es\/emotiva-y-solemne-procesion-del-santo-entierro-en-cocentaina\/unnamed-1-4-2\/'><img loading=\"lazy\" decoding=\"async\" width=\"1610\" height=\"1080\" src=\"https:\/\/www.copealcoy.es\/wp-content\/uploads\/2023\/04\/unnamed-1-4-1-scaled.jpg\" class=\"attachment-full size-full\" alt=\"\" srcset=\"https:\/\/www.copealcoy.es\/wp-content\/uploads\/2023\/04\/unnamed-1-4-1-scaled.jpg 1610w, https:\/\/www.copealcoy.es\/wp-content\/uploads\/2023\/04\/unnamed-1-4-1-768x515.jpg 768w, https:\/\/www.copealcoy.es\/wp-content\/uploads\/2023\/04\/unnamed-1-4-1-1536x1030.jpg 1536w, https:\/\/www.copealcoy.es\/wp-content\/uploads\/2023\/04\/unnamed-1-4-1-2048x1374.jpg 2048w, https:\/\/www.copealcoy.es\/wp-content\/uploads\/2023\/04\/unnamed-1-4-1-300x200.jpg 300w\" sizes=\"auto, (max-width: 1610px) 100vw, 1610px\" \/><\/a>\n\t\t\t<\/div><\/figure><figure class='gallery-item'>\n\t\t\t<div class='gallery-icon landscape'>\n\t\t\t\t<a href='https:\/\/www.copealcoy.es\/es\/emotiva-y-solemne-procesion-del-santo-entierro-en-cocentaina\/img-8190\/'><img loading=\"lazy\" decoding=\"async\" width=\"1525\" height=\"1080\" src=\"https:\/\/www.copealcoy.es\/wp-content\/uploads\/2023\/04\/IMG-8190-scaled.jpg\" class=\"attachment-full size-full\" alt=\"\" srcset=\"https:\/\/www.copealcoy.es\/wp-content\/uploads\/2023\/04\/IMG-8190-scaled.jpg 1525w, https:\/\/www.copealcoy.es\/wp-content\/uploads\/2023\/04\/IMG-8190-768x544.jpg 768w, https:\/\/www.copealcoy.es\/wp-content\/uploads\/2023\/04\/IMG-8190-1536x1088.jpg 1536w, https:\/\/www.copealcoy.es\/wp-content\/uploads\/2023\/04\/IMG-8190-2048x1451.jpg 2048w\" sizes=\"auto, (max-width: 1525px) 100vw, 1525px\" \/><\/a>\n\t\t\t<\/div><\/figure><figure class='gallery-item'>\n\t\t\t<div class='gallery-icon landscape'>\n\t\t\t\t<a href='https:\/\/www.copealcoy.es\/es\/emotiva-y-solemne-procesion-del-santo-entierro-en-cocentaina\/img-8191\/'><img loading=\"lazy\" decoding=\"async\" width=\"1531\" height=\"1080\" src=\"https:\/\/www.copealcoy.es\/wp-content\/uploads\/2023\/04\/IMG-8191.jpg\" class=\"attachment-full size-full\" alt=\"\" srcset=\"https:\/\/www.copealcoy.es\/wp-content\/uploads\/2023\/04\/IMG-8191.jpg 1531w, https:\/\/www.copealcoy.es\/wp-content\/uploads\/2023\/04\/IMG-8191-768x542.jpg 768w, https:\/\/www.copealcoy.es\/wp-content\/uploads\/2023\/04\/IMG-8191-1536x1084.jpg 1536w\" sizes=\"auto, (max-width: 1531px) 100vw, 1531px\" \/><\/a>\n\t\t\t<\/div><\/figure><figure class='gallery-item'>\n\t\t\t<div class='gallery-icon landscape'>\n\t\t\t\t<a href='https:\/\/www.copealcoy.es\/es\/emotiva-y-solemne-procesion-del-santo-entierro-en-cocentaina\/img_1957\/'><img loading=\"lazy\" decoding=\"async\" width=\"1920\" height=\"1280\" src=\"https:\/\/www.copealcoy.es\/wp-content\/uploads\/2023\/04\/IMG_1957-scaled.jpg\" class=\"attachment-full size-full\" alt=\"\" \/><\/a>\n\t\t\t<\/div><\/figure><figure class='gallery-item'>\n\t\t\t<div class='gallery-icon landscape'>\n\t\t\t\t<a href='https:\/\/www.copealcoy.es\/es\/emotiva-y-solemne-procesion-del-santo-entierro-en-cocentaina\/unnamed-1-95\/'><img loading=\"lazy\" decoding=\"async\" width=\"1440\" height=\"1080\" src=\"https:\/\/www.copealcoy.es\/wp-content\/uploads\/2023\/04\/unnamed-1-8-scaled.jpg\" class=\"attachment-full size-full\" alt=\"\" srcset=\"https:\/\/www.copealcoy.es\/wp-content\/uploads\/2023\/04\/unnamed-1-8-scaled.jpg 1440w, https:\/\/www.copealcoy.es\/wp-content\/uploads\/2023\/04\/unnamed-1-8-768x576.jpg 768w, https:\/\/www.copealcoy.es\/wp-content\/uploads\/2023\/04\/unnamed-1-8-1536x1152.jpg 1536w, https:\/\/www.copealcoy.es\/wp-content\/uploads\/2023\/04\/unnamed-1-8-2048x1536.jpg 2048w\" sizes=\"auto, (max-width: 1440px) 100vw, 1440px\" \/><\/a>\n\t\t\t<\/div><\/figure><figure class='gallery-item'>\n\t\t\t<div class='gallery-icon landscape'>\n\t\t\t\t<a href='https:\/\/www.copealcoy.es\/es\/emotiva-y-solemne-procesion-del-santo-entierro-en-cocentaina\/img-8207\/'><img loading=\"lazy\" decoding=\"async\" width=\"1196\" height=\"709\" src=\"https:\/\/www.copealcoy.es\/wp-content\/uploads\/2023\/04\/IMG-8207.jpg\" class=\"attachment-full size-full\" alt=\"\" srcset=\"https:\/\/www.copealcoy.es\/wp-content\/uploads\/2023\/04\/IMG-8207.jpg 1196w, https:\/\/www.copealcoy.es\/wp-content\/uploads\/2023\/04\/IMG-8207-768x455.jpg 768w\" sizes=\"auto, (max-width: 1196px) 100vw, 1196px\" \/><\/a>\n\t\t\t<\/div><\/figure><figure class='gallery-item'>\n\t\t\t<div class='gallery-icon landscape'>\n\t\t\t\t<a href='https:\/\/www.copealcoy.es\/es\/emotiva-y-solemne-procesion-del-santo-entierro-en-cocentaina\/img-8203\/'><img loading=\"lazy\" decoding=\"async\" width=\"1536\" height=\"1080\" src=\"https:\/\/www.copealcoy.es\/wp-content\/uploads\/2023\/04\/IMG-8203-scaled.jpg\" class=\"attachment-full size-full\" alt=\"\" srcset=\"https:\/\/www.copealcoy.es\/wp-content\/uploads\/2023\/04\/IMG-8203-scaled.jpg 1536w, https:\/\/www.copealcoy.es\/wp-content\/uploads\/2023\/04\/IMG-8203-768x540.jpg 768w, https:\/\/www.copealcoy.es\/wp-content\/uploads\/2023\/04\/IMG-8203-2048x1440.jpg 2048w\" sizes=\"auto, (max-width: 1536px) 100vw, 1536px\" \/><\/a>\n\t\t\t<\/div><\/figure>\n\t\t<\/div>\n\n","protected":false},"excerpt":{"rendered":"<p>Cocentaina tambi\u00e9n est\u00e1 inmersa en la Semana Santa, unos d\u00edas repletos de tradiciones que llenan de fervor las calles de&#8230;<\/p>\n","protected":false},"author":1,"featured_media":113578,"comment_status":"open","ping_status":"open","sticky":false,"template":"","format":"standard","meta":{"footnotes":""},"categories":[98,75],"tags":[132,917,2049,745,2050],"class_list":["post-113575","post","type-post","status-publish","format-standard","has-post-thumbnail","hentry","category-comarcas","category-noticias","tag-cocentaina","tag-procesion","tag-santo-entierro","tag-semana-santa","tag-viernes-santo"],"yoast_head":"<!-- This site is optimized with the Yoast SEO plugin v27.3 - https:\/\/yoast.com\/product\/yoast-seo-wordpress\/ -->\n<title>Emotiva y solemne procesi\u00f3n del Santo Entierro en Cocentaina - COPE Alcoy<\/title>\n<meta name=\"description\" content=\"Cocentaina tambi\u00e9n est\u00e1 inmersa en la Semana Santa, unos d\u00edas repletos de tradiciones que llenan de fervor las calles de la capital del Comtat\" \/>\n<meta name=\"robots\" content=\"index, follow, max-snippet:-1, max-image-preview:large, max-video-preview:-1\" \/>\n<link rel=\"canonical\" href=\"https:\/\/www.copealcoy.es\/es\/emotiva-y-solemne-procesion-del-santo-entierro-en-cocentaina\/\" \/>\n<meta property=\"og:locale\" content=\"es_ES\" \/>\n<meta property=\"og:type\" content=\"article\" \/>\n<meta property=\"og:title\" content=\"Emotiva y solemne procesi\u00f3n del Santo Entierro en Cocentaina - COPE Alcoy\" \/>\n<meta property=\"og:description\" content=\"Cocentaina tambi\u00e9n est\u00e1 inmersa en la Semana Santa, unos d\u00edas repletos de tradiciones que llenan de fervor las calles de la capital del Comtat\" \/>\n<meta property=\"og:url\" content=\"https:\/\/www.copealcoy.es\/es\/emotiva-y-solemne-procesion-del-santo-entierro-en-cocentaina\/\" \/>\n<meta property=\"og:site_name\" content=\"COPE Alcoy\" \/>\n<meta property=\"article:published_time\" content=\"2023-04-07T04:00:41+00:00\" \/>\n<meta property=\"article:modified_time\" content=\"2023-04-12T08:18:43+00:00\" \/>\n<meta property=\"og:image\" content=\"https:\/\/www.copealcoy.es\/wp-content\/uploads\/2023\/04\/unnamed-1-4-1-scaled.jpg\" \/>\n\t<meta property=\"og:image:width\" content=\"1610\" \/>\n\t<meta property=\"og:image:height\" content=\"1080\" \/>\n\t<meta property=\"og:image:type\" content=\"image\/jpeg\" \/>\n<meta name=\"author\" content=\"Cope Alcoy\" \/>\n<meta name=\"twitter:label1\" content=\"Escrito por\" \/>\n\t<meta name=\"twitter:data1\" content=\"Cope Alcoy\" \/>\n\t<meta name=\"twitter:label2\" content=\"Tiempo de lectura\" \/>\n\t<meta name=\"twitter:data2\" content=\"2 minutos\" \/>\n<script type=\"application\/ld+json\" class=\"yoast-schema-graph\">{\"@context\":\"https:\\\/\\\/schema.org\",\"@graph\":[{\"@type\":\"Article\",\"@id\":\"https:\\\/\\\/www.copealcoy.es\\\/es\\\/emotiva-y-solemne-procesion-del-santo-entierro-en-cocentaina\\\/#article\",\"isPartOf\":{\"@id\":\"https:\\\/\\\/www.copealcoy.es\\\/es\\\/emotiva-y-solemne-procesion-del-santo-entierro-en-cocentaina\\\/\"},\"author\":{\"name\":\"Cope Alcoy\",\"@id\":\"https:\\\/\\\/www.copealcoy.es\\\/es\\\/#\\\/schema\\\/person\\\/e777c87fa024e57d40170af9df39882c\"},\"headline\":\"Emotiva y solemne procesi\u00f3n del Santo Entierro en Cocentaina\",\"datePublished\":\"2023-04-07T04:00:41+00:00\",\"dateModified\":\"2023-04-12T08:18:43+00:00\",\"mainEntityOfPage\":{\"@id\":\"https:\\\/\\\/www.copealcoy.es\\\/es\\\/emotiva-y-solemne-procesion-del-santo-entierro-en-cocentaina\\\/\"},\"wordCount\":443,\"commentCount\":0,\"image\":{\"@id\":\"https:\\\/\\\/www.copealcoy.es\\\/es\\\/emotiva-y-solemne-procesion-del-santo-entierro-en-cocentaina\\\/#primaryimage\"},\"thumbnailUrl\":\"https:\\\/\\\/www.copealcoy.es\\\/wp-content\\\/uploads\\\/2023\\\/04\\\/unnamed-1-4-1-scaled.jpg\",\"keywords\":[\"Cocentaina\",\"Procesi\u00f3n\",\"Santo Entierro\",\"Semana Santa\",\"Viernes Santo\"],\"articleSection\":[\"Comarcas\",\"Noticias\"],\"inLanguage\":\"es\"},{\"@type\":\"WebPage\",\"@id\":\"https:\\\/\\\/www.copealcoy.es\\\/es\\\/emotiva-y-solemne-procesion-del-santo-entierro-en-cocentaina\\\/\",\"url\":\"https:\\\/\\\/www.copealcoy.es\\\/es\\\/emotiva-y-solemne-procesion-del-santo-entierro-en-cocentaina\\\/\",\"name\":\"Emotiva y solemne procesi\u00f3n del Santo Entierro en Cocentaina - COPE Alcoy\",\"isPartOf\":{\"@id\":\"https:\\\/\\\/www.copealcoy.es\\\/es\\\/#website\"},\"primaryImageOfPage\":{\"@id\":\"https:\\\/\\\/www.copealcoy.es\\\/es\\\/emotiva-y-solemne-procesion-del-santo-entierro-en-cocentaina\\\/#primaryimage\"},\"image\":{\"@id\":\"https:\\\/\\\/www.copealcoy.es\\\/es\\\/emotiva-y-solemne-procesion-del-santo-entierro-en-cocentaina\\\/#primaryimage\"},\"thumbnailUrl\":\"https:\\\/\\\/www.copealcoy.es\\\/wp-content\\\/uploads\\\/2023\\\/04\\\/unnamed-1-4-1-scaled.jpg\",\"datePublished\":\"2023-04-07T04:00:41+00:00\",\"dateModified\":\"2023-04-12T08:18:43+00:00\",\"author\":{\"@id\":\"https:\\\/\\\/www.copealcoy.es\\\/es\\\/#\\\/schema\\\/person\\\/e777c87fa024e57d40170af9df39882c\"},\"description\":\"Cocentaina tambi\u00e9n est\u00e1 inmersa en la Semana Santa, unos d\u00edas repletos de tradiciones que llenan de fervor las calles de la capital del Comtat\",\"breadcrumb\":{\"@id\":\"https:\\\/\\\/www.copealcoy.es\\\/es\\\/emotiva-y-solemne-procesion-del-santo-entierro-en-cocentaina\\\/#breadcrumb\"},\"inLanguage\":\"es\",\"potentialAction\":[{\"@type\":\"ReadAction\",\"target\":[\"https:\\\/\\\/www.copealcoy.es\\\/es\\\/emotiva-y-solemne-procesion-del-santo-entierro-en-cocentaina\\\/\"]}]},{\"@type\":\"ImageObject\",\"inLanguage\":\"es\",\"@id\":\"https:\\\/\\\/www.copealcoy.es\\\/es\\\/emotiva-y-solemne-procesion-del-santo-entierro-en-cocentaina\\\/#primaryimage\",\"url\":\"https:\\\/\\\/www.copealcoy.es\\\/wp-content\\\/uploads\\\/2023\\\/04\\\/unnamed-1-4-1-scaled.jpg\",\"contentUrl\":\"https:\\\/\\\/www.copealcoy.es\\\/wp-content\\\/uploads\\\/2023\\\/04\\\/unnamed-1-4-1-scaled.jpg\",\"width\":1610,\"height\":1080},{\"@type\":\"BreadcrumbList\",\"@id\":\"https:\\\/\\\/www.copealcoy.es\\\/es\\\/emotiva-y-solemne-procesion-del-santo-entierro-en-cocentaina\\\/#breadcrumb\",\"itemListElement\":[{\"@type\":\"ListItem\",\"position\":1,\"name\":\"Portada\",\"item\":\"https:\\\/\\\/www.copealcoy.es\\\/es\\\/\"},{\"@type\":\"ListItem\",\"position\":2,\"name\":\"Emotiva y solemne procesi\u00f3n del Santo Entierro en Cocentaina\"}]},{\"@type\":\"WebSite\",\"@id\":\"https:\\\/\\\/www.copealcoy.es\\\/es\\\/#website\",\"url\":\"https:\\\/\\\/www.copealcoy.es\\\/es\\\/\",\"name\":\"COPE Alcoy\",\"description\":\"Emisora COPE de radio local con emisi\u00f3n online. Pont de Sant Jordi 8-10 03803 Alcoy\",\"potentialAction\":[{\"@type\":\"SearchAction\",\"target\":{\"@type\":\"EntryPoint\",\"urlTemplate\":\"https:\\\/\\\/www.copealcoy.es\\\/es\\\/?s={search_term_string}\"},\"query-input\":{\"@type\":\"PropertyValueSpecification\",\"valueRequired\":true,\"valueName\":\"search_term_string\"}}],\"inLanguage\":\"es\"},{\"@type\":\"Person\",\"@id\":\"https:\\\/\\\/www.copealcoy.es\\\/es\\\/#\\\/schema\\\/person\\\/e777c87fa024e57d40170af9df39882c\",\"name\":\"Cope Alcoy\",\"image\":{\"@type\":\"ImageObject\",\"inLanguage\":\"es\",\"@id\":\"https:\\\/\\\/secure.gravatar.com\\\/avatar\\\/bb65d0283347e303893ba14f0692005417c1e0e690a325a4c5d8bb2b3943ee14?s=96&d=mm&r=g\",\"url\":\"https:\\\/\\\/secure.gravatar.com\\\/avatar\\\/bb65d0283347e303893ba14f0692005417c1e0e690a325a4c5d8bb2b3943ee14?s=96&d=mm&r=g\",\"contentUrl\":\"https:\\\/\\\/secure.gravatar.com\\\/avatar\\\/bb65d0283347e303893ba14f0692005417c1e0e690a325a4c5d8bb2b3943ee14?s=96&d=mm&r=g\",\"caption\":\"Cope Alcoy\"}}]}<\/script>\n<!-- \/ Yoast SEO plugin. -->","yoast_head_json":{"title":"Emotiva y solemne procesi\u00f3n del Santo Entierro en Cocentaina - COPE Alcoy","description":"Cocentaina tambi\u00e9n est\u00e1 inmersa en la Semana Santa, unos d\u00edas repletos de tradiciones que llenan de fervor las calles de la capital del Comtat","robots":{"index":"index","follow":"follow","max-snippet":"max-snippet:-1","max-image-preview":"max-image-preview:large","max-video-preview":"max-video-preview:-1"},"canonical":"https:\/\/www.copealcoy.es\/es\/emotiva-y-solemne-procesion-del-santo-entierro-en-cocentaina\/","og_locale":"es_ES","og_type":"article","og_title":"Emotiva y solemne procesi\u00f3n del Santo Entierro en Cocentaina - COPE Alcoy","og_description":"Cocentaina tambi\u00e9n est\u00e1 inmersa en la Semana Santa, unos d\u00edas repletos de tradiciones que llenan de fervor las calles de la capital del Comtat","og_url":"https:\/\/www.copealcoy.es\/es\/emotiva-y-solemne-procesion-del-santo-entierro-en-cocentaina\/","og_site_name":"COPE Alcoy","article_published_time":"2023-04-07T04:00:41+00:00","article_modified_time":"2023-04-12T08:18:43+00:00","og_image":[{"width":1610,"height":1080,"url":"https:\/\/www.copealcoy.es\/wp-content\/uploads\/2023\/04\/unnamed-1-4-1-scaled.jpg","type":"image\/jpeg"}],"author":"Cope Alcoy","twitter_misc":{"Escrito por":"Cope Alcoy","Tiempo de lectura":"2 minutos"},"schema":{"@context":"https:\/\/schema.org","@graph":[{"@type":"Article","@id":"https:\/\/www.copealcoy.es\/es\/emotiva-y-solemne-procesion-del-santo-entierro-en-cocentaina\/#article","isPartOf":{"@id":"https:\/\/www.copealcoy.es\/es\/emotiva-y-solemne-procesion-del-santo-entierro-en-cocentaina\/"},"author":{"name":"Cope Alcoy","@id":"https:\/\/www.copealcoy.es\/es\/#\/schema\/person\/e777c87fa024e57d40170af9df39882c"},"headline":"Emotiva y solemne procesi\u00f3n del Santo Entierro en Cocentaina","datePublished":"2023-04-07T04:00:41+00:00","dateModified":"2023-04-12T08:18:43+00:00","mainEntityOfPage":{"@id":"https:\/\/www.copealcoy.es\/es\/emotiva-y-solemne-procesion-del-santo-entierro-en-cocentaina\/"},"wordCount":443,"commentCount":0,"image":{"@id":"https:\/\/www.copealcoy.es\/es\/emotiva-y-solemne-procesion-del-santo-entierro-en-cocentaina\/#primaryimage"},"thumbnailUrl":"https:\/\/www.copealcoy.es\/wp-content\/uploads\/2023\/04\/unnamed-1-4-1-scaled.jpg","keywords":["Cocentaina","Procesi\u00f3n","Santo Entierro","Semana Santa","Viernes Santo"],"articleSection":["Comarcas","Noticias"],"inLanguage":"es"},{"@type":"WebPage","@id":"https:\/\/www.copealcoy.es\/es\/emotiva-y-solemne-procesion-del-santo-entierro-en-cocentaina\/","url":"https:\/\/www.copealcoy.es\/es\/emotiva-y-solemne-procesion-del-santo-entierro-en-cocentaina\/","name":"Emotiva y solemne procesi\u00f3n del Santo Entierro en Cocentaina - COPE Alcoy","isPartOf":{"@id":"https:\/\/www.copealcoy.es\/es\/#website"},"primaryImageOfPage":{"@id":"https:\/\/www.copealcoy.es\/es\/emotiva-y-solemne-procesion-del-santo-entierro-en-cocentaina\/#primaryimage"},"image":{"@id":"https:\/\/www.copealcoy.es\/es\/emotiva-y-solemne-procesion-del-santo-entierro-en-cocentaina\/#primaryimage"},"thumbnailUrl":"https:\/\/www.copealcoy.es\/wp-content\/uploads\/2023\/04\/unnamed-1-4-1-scaled.jpg","datePublished":"2023-04-07T04:00:41+00:00","dateModified":"2023-04-12T08:18:43+00:00","author":{"@id":"https:\/\/www.copealcoy.es\/es\/#\/schema\/person\/e777c87fa024e57d40170af9df39882c"},"description":"Cocentaina tambi\u00e9n est\u00e1 inmersa en la Semana Santa, unos d\u00edas repletos de tradiciones que llenan de fervor las calles de la capital del Comtat","breadcrumb":{"@id":"https:\/\/www.copealcoy.es\/es\/emotiva-y-solemne-procesion-del-santo-entierro-en-cocentaina\/#breadcrumb"},"inLanguage":"es","potentialAction":[{"@type":"ReadAction","target":["https:\/\/www.copealcoy.es\/es\/emotiva-y-solemne-procesion-del-santo-entierro-en-cocentaina\/"]}]},{"@type":"ImageObject","inLanguage":"es","@id":"https:\/\/www.copealcoy.es\/es\/emotiva-y-solemne-procesion-del-santo-entierro-en-cocentaina\/#primaryimage","url":"https:\/\/www.copealcoy.es\/wp-content\/uploads\/2023\/04\/unnamed-1-4-1-scaled.jpg","contentUrl":"https:\/\/www.copealcoy.es\/wp-content\/uploads\/2023\/04\/unnamed-1-4-1-scaled.jpg","width":1610,"height":1080},{"@type":"BreadcrumbList","@id":"https:\/\/www.copealcoy.es\/es\/emotiva-y-solemne-procesion-del-santo-entierro-en-cocentaina\/#breadcrumb","itemListElement":[{"@type":"ListItem","position":1,"name":"Portada","item":"https:\/\/www.copealcoy.es\/es\/"},{"@type":"ListItem","position":2,"name":"Emotiva y solemne procesi\u00f3n del Santo Entierro en Cocentaina"}]},{"@type":"WebSite","@id":"https:\/\/www.copealcoy.es\/es\/#website","url":"https:\/\/www.copealcoy.es\/es\/","name":"COPE Alcoy","description":"Emisora COPE de radio local con emisi\u00f3n online. Pont de Sant Jordi 8-10 03803 Alcoy","potentialAction":[{"@type":"SearchAction","target":{"@type":"EntryPoint","urlTemplate":"https:\/\/www.copealcoy.es\/es\/?s={search_term_string}"},"query-input":{"@type":"PropertyValueSpecification","valueRequired":true,"valueName":"search_term_string"}}],"inLanguage":"es"},{"@type":"Person","@id":"https:\/\/www.copealcoy.es\/es\/#\/schema\/person\/e777c87fa024e57d40170af9df39882c","name":"Cope Alcoy","image":{"@type":"ImageObject","inLanguage":"es","@id":"https:\/\/secure.gravatar.com\/avatar\/bb65d0283347e303893ba14f0692005417c1e0e690a325a4c5d8bb2b3943ee14?s=96&d=mm&r=g","url":"https:\/\/secure.gravatar.com\/avatar\/bb65d0283347e303893ba14f0692005417c1e0e690a325a4c5d8bb2b3943ee14?s=96&d=mm&r=g","contentUrl":"https:\/\/secure.gravatar.com\/avatar\/bb65d0283347e303893ba14f0692005417c1e0e690a325a4c5d8bb2b3943ee14?s=96&d=mm&r=g","caption":"Cope Alcoy"}}]}},"_links":{"self":[{"href":"https:\/\/www.copealcoy.es\/es\/wp-json\/wp\/v2\/posts\/113575","targetHints":{"allow":["GET"]}}],"collection":[{"href":"https:\/\/www.copealcoy.es\/es\/wp-json\/wp\/v2\/posts"}],"about":[{"href":"https:\/\/www.copealcoy.es\/es\/wp-json\/wp\/v2\/types\/post"}],"author":[{"embeddable":true,"href":"https:\/\/www.copealcoy.es\/es\/wp-json\/wp\/v2\/users\/1"}],"replies":[{"embeddable":true,"href":"https:\/\/www.copealcoy.es\/es\/wp-json\/wp\/v2\/comments?post=113575"}],"version-history":[{"count":0,"href":"https:\/\/www.copealcoy.es\/es\/wp-json\/wp\/v2\/posts\/113575\/revisions"}],"wp:featuredmedia":[{"embeddable":true,"href":"https:\/\/www.copealcoy.es\/es\/wp-json\/wp\/v2\/media\/113578"}],"wp:attachment":[{"href":"https:\/\/www.copealcoy.es\/es\/wp-json\/wp\/v2\/media?parent=113575"}],"wp:term":[{"taxonomy":"category","embeddable":true,"href":"https:\/\/www.copealcoy.es\/es\/wp-json\/wp\/v2\/categories?post=113575"},{"taxonomy":"post_tag","embeddable":true,"href":"https:\/\/www.copealcoy.es\/es\/wp-json\/wp\/v2\/tags?post=113575"}],"curies":[{"name":"wp","href":"https:\/\/api.w.org\/{rel}","templated":true}]}}