{"id":113536,"date":"2023-04-07T04:00:01","date_gmt":"2023-04-07T03:00:01","guid":{"rendered":"https:\/\/www.copealcoy.es\/?p=113536"},"modified":"2023-04-12T09:18:59","modified_gmt":"2023-04-12T08:18:59","slug":"cocentaina-mantiene-la-tradicion-de-la-visita-a-los-monumentos-en-semana-santa","status":"publish","type":"post","link":"https:\/\/www.copealcoy.es\/es\/cocentaina-mantiene-la-tradicion-de-la-visita-a-los-monumentos-en-semana-santa\/","title":{"rendered":"Cocentaina mantiene la tradici\u00f3n de la visita a los monumentos en Semana Santa"},"content":{"rendered":"<p style=\"text-align: justify;\">Cada Jueves Santo se preparan en las iglesias y las parroquias <strong>los llamados monumentos<\/strong>, una capilla o altar\u00a0<strong>donde se reserva al Sant\u00edsimo Sacramento<\/strong>\u00a0tras la Misa Vespertina de la Cena del Se\u00f1or. En este lugar\u00a0<strong>permanece Jes\u00fas Sacramentado hasta los oficios del Viernes Santo<\/strong>\u00a0y desde el Sagrario\u00a0<strong>se recogen las hostias consagradas el d\u00eda anterior<\/strong>\u00a0para administrarlas en la comuni\u00f3n de esta celebraci\u00f3n en la que se conmemora la Pasi\u00f3n y Muerte de Cristo.<\/p>\n<p style=\"text-align: justify;\">Los monumentos, en la misma noche de Jueves Santo, <strong>quedan a veneraci\u00f3n de los fieles durante toda la madrugada y tambi\u00e9n en la ma\u00f1ana del Viernes Santo e incluso primeras horas de la tarde<\/strong>. Ante ellos se comparten\u00a0<strong>horas de oraci\u00f3n<\/strong>\u00a0o\u00a0<strong>la hora santa<\/strong>\u00a0y se cumple con la tradici\u00f3n de visitarlos\u00a0<strong>recordando as\u00ed\u00a0<\/strong>el tiempo en que Jesucristo estuvo en oraci\u00f3n en Getseman\u00ed, que fue tomado preso y llevado ante diferentes tribunales antes de la Crucifixi\u00f3n.<\/p>\n<p style=\"text-align: justify;\">En\u00a0<strong>Cocentaina<\/strong> la tradici\u00f3n sigue manteni\u00e9ndose viva y numerosas personas han pasado en las \u00faltimas horas por e<strong>l Convento de los Franciscanos, la Parroquia del Salvador, el Monasterio de la Virgen del Milagro y la Parroquia de Santa Mar\u00eda<\/strong>\u00a0para visitar los mencionados monumentos. En ellos\u00a0<strong>no faltan los adornos florales, multitud de detalles que recuerdan al pan y al vino e incluso las palmas<\/strong> que fueron bendecidas durante la celebraci\u00f3n del pasado Domingo de Ramos.<\/p>\n<p><strong><span style=\"color: #0000ff;\">La procesi\u00f3n del Santo Entierro, un acto lleno de tradiciones\u00a0<\/span><\/strong><\/p>\n<p style=\"text-align: justify;\">La <a href=\"https:\/\/www.facebook.com\/semanasanta.cocentaina\" target=\"_blank\" rel=\"noopener\"><span style=\"color: #0000ff;\"><strong>Semana Santa Contestana<\/strong> <\/span><\/a>est\u00e1 repleta de costumbres \u00fanicas y junto a esa tradicional visita a los monumentos destaca tambi\u00e9n <strong>la procesi\u00f3n general del Santo Entierro<\/strong>. Esta parte <strong>a las 20:30h de la tarde de Viernes Santo<\/strong> desde la Parroquia de Santa Mar\u00eda, y en ella participan las ocho cofrad\u00edas que integran la Semana Santa de la Villa Condal. El cortejo lo abre, curiosamente, <strong>la imagen de Sant Crist\u00f2fol<\/strong> y a ella <strong>le siguen el resto de pasos<\/strong> que todav\u00eda mantienen la estructura gremial de anta\u00f1o. En algunos destacan <strong>las llamadas &#8216;Capelletes&#8217;<\/strong>, unas corales de ni\u00f1os o adultos que cantan &#8216;motetes&#8217; ante las im\u00e1genes.<\/p>\n<div id='gallery-1' class='gallery galleryid-113536 gallery-columns-2 gallery-size-full'><figure class='gallery-item'>\n\t\t\t<div class='gallery-icon landscape'>\n\t\t\t\t<a href='https:\/\/www.copealcoy.es\/es\/cocentaina-mantiene-la-tradicion-de-la-visita-a-los-monumentos-en-semana-santa\/img-8116\/'><img loading=\"lazy\" decoding=\"async\" width=\"640\" height=\"480\" src=\"https:\/\/www.copealcoy.es\/wp-content\/uploads\/2023\/04\/IMG-8116-scaled-e1680883575893.jpg\" class=\"attachment-full size-full\" alt=\"\" \/><\/a>\n\t\t\t<\/div><\/figure><figure class='gallery-item'>\n\t\t\t<div class='gallery-icon landscape'>\n\t\t\t\t<a href='https:\/\/www.copealcoy.es\/es\/cocentaina-mantiene-la-tradicion-de-la-visita-a-los-monumentos-en-semana-santa\/img-8115\/'><img loading=\"lazy\" decoding=\"async\" width=\"1440\" height=\"1080\" src=\"https:\/\/www.copealcoy.es\/wp-content\/uploads\/2023\/04\/IMG-8115-scaled.jpg\" class=\"attachment-full size-full\" alt=\"\" srcset=\"https:\/\/www.copealcoy.es\/wp-content\/uploads\/2023\/04\/IMG-8115-scaled.jpg 1440w, https:\/\/www.copealcoy.es\/wp-content\/uploads\/2023\/04\/IMG-8115-768x576.jpg 768w, https:\/\/www.copealcoy.es\/wp-content\/uploads\/2023\/04\/IMG-8115-1536x1152.jpg 1536w, https:\/\/www.copealcoy.es\/wp-content\/uploads\/2023\/04\/IMG-8115-2048x1536.jpg 2048w\" sizes=\"auto, (max-width: 1440px) 100vw, 1440px\" \/><\/a>\n\t\t\t<\/div><\/figure><figure class='gallery-item'>\n\t\t\t<div class='gallery-icon landscape'>\n\t\t\t\t<a href='https:\/\/www.copealcoy.es\/es\/cocentaina-mantiene-la-tradicion-de-la-visita-a-los-monumentos-en-semana-santa\/img-8049\/'><img loading=\"lazy\" decoding=\"async\" width=\"1440\" height=\"1080\" src=\"https:\/\/www.copealcoy.es\/wp-content\/uploads\/2023\/04\/IMG-8049-scaled.jpg\" class=\"attachment-full size-full\" alt=\"\" srcset=\"https:\/\/www.copealcoy.es\/wp-content\/uploads\/2023\/04\/IMG-8049-scaled.jpg 1440w, https:\/\/www.copealcoy.es\/wp-content\/uploads\/2023\/04\/IMG-8049-768x576.jpg 768w, https:\/\/www.copealcoy.es\/wp-content\/uploads\/2023\/04\/IMG-8049-1536x1152.jpg 1536w, https:\/\/www.copealcoy.es\/wp-content\/uploads\/2023\/04\/IMG-8049-2048x1536.jpg 2048w\" sizes=\"auto, (max-width: 1440px) 100vw, 1440px\" \/><\/a>\n\t\t\t<\/div><\/figure><figure class='gallery-item'>\n\t\t\t<div class='gallery-icon landscape'>\n\t\t\t\t<a href='https:\/\/www.copealcoy.es\/es\/cocentaina-mantiene-la-tradicion-de-la-visita-a-los-monumentos-en-semana-santa\/img-8052\/'><img loading=\"lazy\" decoding=\"async\" width=\"1440\" height=\"1080\" src=\"https:\/\/www.copealcoy.es\/wp-content\/uploads\/2023\/04\/IMG-8052-scaled.jpg\" class=\"attachment-full size-full\" alt=\"\" srcset=\"https:\/\/www.copealcoy.es\/wp-content\/uploads\/2023\/04\/IMG-8052-scaled.jpg 1440w, https:\/\/www.copealcoy.es\/wp-content\/uploads\/2023\/04\/IMG-8052-768x576.jpg 768w, https:\/\/www.copealcoy.es\/wp-content\/uploads\/2023\/04\/IMG-8052-1536x1152.jpg 1536w, https:\/\/www.copealcoy.es\/wp-content\/uploads\/2023\/04\/IMG-8052-2048x1536.jpg 2048w\" sizes=\"auto, (max-width: 1440px) 100vw, 1440px\" \/><\/a>\n\t\t\t<\/div><\/figure>\n\t\t<\/div>\n\n","protected":false},"excerpt":{"rendered":"<p>Cada Jueves Santo se preparan en las iglesias y las parroquias los llamados monumentos, una capilla o altar\u00a0donde se reserva&#8230;<\/p>\n","protected":false},"author":1,"featured_media":113537,"comment_status":"open","ping_status":"open","sticky":false,"template":"","format":"standard","meta":{"footnotes":""},"categories":[6909,98,75],"tags":[132,3982,2134,745,2050],"class_list":["post-113536","post","type-post","status-publish","format-standard","has-post-thumbnail","hentry","category-actualidad","category-comarcas","category-noticias","tag-cocentaina","tag-jueves-santo","tag-monumentos","tag-semana-santa","tag-viernes-santo"],"yoast_head":"<!-- This site is optimized with the Yoast SEO plugin v27.3 - https:\/\/yoast.com\/product\/yoast-seo-wordpress\/ -->\n<title>Cocentaina mantiene la tradici\u00f3n de la visita a los monumentos en Semana Santa - COPE Alcoy<\/title>\n<meta name=\"description\" content=\"Cada Jueves Santo se preparan en las iglesias y las parroquias los llamados monumentos, una capilla o altar\u00a0donde se reserva al Sant\u00edsimo\" \/>\n<meta name=\"robots\" content=\"index, follow, max-snippet:-1, max-image-preview:large, max-video-preview:-1\" \/>\n<link rel=\"canonical\" href=\"https:\/\/www.copealcoy.es\/es\/cocentaina-mantiene-la-tradicion-de-la-visita-a-los-monumentos-en-semana-santa\/\" \/>\n<meta property=\"og:locale\" content=\"es_ES\" \/>\n<meta property=\"og:type\" content=\"article\" \/>\n<meta property=\"og:title\" content=\"Cocentaina mantiene la tradici\u00f3n de la visita a los monumentos en Semana Santa - COPE Alcoy\" \/>\n<meta property=\"og:description\" content=\"Cada Jueves Santo se preparan en las iglesias y las parroquias los llamados monumentos, una capilla o altar\u00a0donde se reserva al Sant\u00edsimo\" \/>\n<meta property=\"og:url\" content=\"https:\/\/www.copealcoy.es\/es\/cocentaina-mantiene-la-tradicion-de-la-visita-a-los-monumentos-en-semana-santa\/\" \/>\n<meta property=\"og:site_name\" content=\"COPE Alcoy\" \/>\n<meta property=\"article:published_time\" content=\"2023-04-07T03:00:01+00:00\" \/>\n<meta property=\"article:modified_time\" content=\"2023-04-12T08:18:59+00:00\" \/>\n<meta property=\"og:image\" content=\"https:\/\/www.copealcoy.es\/wp-content\/uploads\/2023\/04\/IMG-8116-scaled-e1680883575893.jpg\" \/>\n\t<meta property=\"og:image:width\" content=\"640\" \/>\n\t<meta property=\"og:image:height\" content=\"480\" \/>\n\t<meta property=\"og:image:type\" content=\"image\/jpeg\" \/>\n<meta name=\"author\" content=\"Cope Alcoy\" \/>\n<meta name=\"twitter:label1\" content=\"Escrito por\" \/>\n\t<meta name=\"twitter:data1\" content=\"Cope Alcoy\" \/>\n\t<meta name=\"twitter:label2\" content=\"Tiempo de lectura\" \/>\n\t<meta name=\"twitter:data2\" content=\"1 minuto\" \/>\n<script type=\"application\/ld+json\" class=\"yoast-schema-graph\">{\"@context\":\"https:\\\/\\\/schema.org\",\"@graph\":[{\"@type\":\"Article\",\"@id\":\"https:\\\/\\\/www.copealcoy.es\\\/es\\\/cocentaina-mantiene-la-tradicion-de-la-visita-a-los-monumentos-en-semana-santa\\\/#article\",\"isPartOf\":{\"@id\":\"https:\\\/\\\/www.copealcoy.es\\\/es\\\/cocentaina-mantiene-la-tradicion-de-la-visita-a-los-monumentos-en-semana-santa\\\/\"},\"author\":{\"name\":\"Cope Alcoy\",\"@id\":\"https:\\\/\\\/www.copealcoy.es\\\/es\\\/#\\\/schema\\\/person\\\/e777c87fa024e57d40170af9df39882c\"},\"headline\":\"Cocentaina mantiene la tradici\u00f3n de la visita a los monumentos en Semana Santa\",\"datePublished\":\"2023-04-07T03:00:01+00:00\",\"dateModified\":\"2023-04-12T08:18:59+00:00\",\"mainEntityOfPage\":{\"@id\":\"https:\\\/\\\/www.copealcoy.es\\\/es\\\/cocentaina-mantiene-la-tradicion-de-la-visita-a-los-monumentos-en-semana-santa\\\/\"},\"wordCount\":391,\"commentCount\":0,\"image\":{\"@id\":\"https:\\\/\\\/www.copealcoy.es\\\/es\\\/cocentaina-mantiene-la-tradicion-de-la-visita-a-los-monumentos-en-semana-santa\\\/#primaryimage\"},\"thumbnailUrl\":\"https:\\\/\\\/www.copealcoy.es\\\/wp-content\\\/uploads\\\/2023\\\/04\\\/IMG-8116-scaled-e1680883575893.jpg\",\"keywords\":[\"Cocentaina\",\"Jueves Santo\",\"Monumentos\",\"Semana Santa\",\"Viernes Santo\"],\"articleSection\":[\"Actualidad\",\"Comarcas\",\"Noticias\"],\"inLanguage\":\"es\"},{\"@type\":\"WebPage\",\"@id\":\"https:\\\/\\\/www.copealcoy.es\\\/es\\\/cocentaina-mantiene-la-tradicion-de-la-visita-a-los-monumentos-en-semana-santa\\\/\",\"url\":\"https:\\\/\\\/www.copealcoy.es\\\/es\\\/cocentaina-mantiene-la-tradicion-de-la-visita-a-los-monumentos-en-semana-santa\\\/\",\"name\":\"Cocentaina mantiene la tradici\u00f3n de la visita a los monumentos en Semana Santa - COPE Alcoy\",\"isPartOf\":{\"@id\":\"https:\\\/\\\/www.copealcoy.es\\\/es\\\/#website\"},\"primaryImageOfPage\":{\"@id\":\"https:\\\/\\\/www.copealcoy.es\\\/es\\\/cocentaina-mantiene-la-tradicion-de-la-visita-a-los-monumentos-en-semana-santa\\\/#primaryimage\"},\"image\":{\"@id\":\"https:\\\/\\\/www.copealcoy.es\\\/es\\\/cocentaina-mantiene-la-tradicion-de-la-visita-a-los-monumentos-en-semana-santa\\\/#primaryimage\"},\"thumbnailUrl\":\"https:\\\/\\\/www.copealcoy.es\\\/wp-content\\\/uploads\\\/2023\\\/04\\\/IMG-8116-scaled-e1680883575893.jpg\",\"datePublished\":\"2023-04-07T03:00:01+00:00\",\"dateModified\":\"2023-04-12T08:18:59+00:00\",\"author\":{\"@id\":\"https:\\\/\\\/www.copealcoy.es\\\/es\\\/#\\\/schema\\\/person\\\/e777c87fa024e57d40170af9df39882c\"},\"description\":\"Cada Jueves Santo se preparan en las iglesias y las parroquias los llamados monumentos, una capilla o altar\u00a0donde se reserva al Sant\u00edsimo\",\"breadcrumb\":{\"@id\":\"https:\\\/\\\/www.copealcoy.es\\\/es\\\/cocentaina-mantiene-la-tradicion-de-la-visita-a-los-monumentos-en-semana-santa\\\/#breadcrumb\"},\"inLanguage\":\"es\",\"potentialAction\":[{\"@type\":\"ReadAction\",\"target\":[\"https:\\\/\\\/www.copealcoy.es\\\/es\\\/cocentaina-mantiene-la-tradicion-de-la-visita-a-los-monumentos-en-semana-santa\\\/\"]}]},{\"@type\":\"ImageObject\",\"inLanguage\":\"es\",\"@id\":\"https:\\\/\\\/www.copealcoy.es\\\/es\\\/cocentaina-mantiene-la-tradicion-de-la-visita-a-los-monumentos-en-semana-santa\\\/#primaryimage\",\"url\":\"https:\\\/\\\/www.copealcoy.es\\\/wp-content\\\/uploads\\\/2023\\\/04\\\/IMG-8116-scaled-e1680883575893.jpg\",\"contentUrl\":\"https:\\\/\\\/www.copealcoy.es\\\/wp-content\\\/uploads\\\/2023\\\/04\\\/IMG-8116-scaled-e1680883575893.jpg\",\"width\":640,\"height\":480},{\"@type\":\"BreadcrumbList\",\"@id\":\"https:\\\/\\\/www.copealcoy.es\\\/es\\\/cocentaina-mantiene-la-tradicion-de-la-visita-a-los-monumentos-en-semana-santa\\\/#breadcrumb\",\"itemListElement\":[{\"@type\":\"ListItem\",\"position\":1,\"name\":\"Portada\",\"item\":\"https:\\\/\\\/www.copealcoy.es\\\/es\\\/\"},{\"@type\":\"ListItem\",\"position\":2,\"name\":\"Cocentaina mantiene la tradici\u00f3n de la visita a los monumentos en Semana Santa\"}]},{\"@type\":\"WebSite\",\"@id\":\"https:\\\/\\\/www.copealcoy.es\\\/es\\\/#website\",\"url\":\"https:\\\/\\\/www.copealcoy.es\\\/es\\\/\",\"name\":\"COPE Alcoy\",\"description\":\"Emisora COPE de radio local con emisi\u00f3n online. Pont de Sant Jordi 8-10 03803 Alcoy\",\"potentialAction\":[{\"@type\":\"SearchAction\",\"target\":{\"@type\":\"EntryPoint\",\"urlTemplate\":\"https:\\\/\\\/www.copealcoy.es\\\/es\\\/?s={search_term_string}\"},\"query-input\":{\"@type\":\"PropertyValueSpecification\",\"valueRequired\":true,\"valueName\":\"search_term_string\"}}],\"inLanguage\":\"es\"},{\"@type\":\"Person\",\"@id\":\"https:\\\/\\\/www.copealcoy.es\\\/es\\\/#\\\/schema\\\/person\\\/e777c87fa024e57d40170af9df39882c\",\"name\":\"Cope Alcoy\",\"image\":{\"@type\":\"ImageObject\",\"inLanguage\":\"es\",\"@id\":\"https:\\\/\\\/secure.gravatar.com\\\/avatar\\\/bb65d0283347e303893ba14f0692005417c1e0e690a325a4c5d8bb2b3943ee14?s=96&d=mm&r=g\",\"url\":\"https:\\\/\\\/secure.gravatar.com\\\/avatar\\\/bb65d0283347e303893ba14f0692005417c1e0e690a325a4c5d8bb2b3943ee14?s=96&d=mm&r=g\",\"contentUrl\":\"https:\\\/\\\/secure.gravatar.com\\\/avatar\\\/bb65d0283347e303893ba14f0692005417c1e0e690a325a4c5d8bb2b3943ee14?s=96&d=mm&r=g\",\"caption\":\"Cope Alcoy\"}}]}<\/script>\n<!-- \/ Yoast SEO plugin. -->","yoast_head_json":{"title":"Cocentaina mantiene la tradici\u00f3n de la visita a los monumentos en Semana Santa - COPE Alcoy","description":"Cada Jueves Santo se preparan en las iglesias y las parroquias los llamados monumentos, una capilla o altar\u00a0donde se reserva al Sant\u00edsimo","robots":{"index":"index","follow":"follow","max-snippet":"max-snippet:-1","max-image-preview":"max-image-preview:large","max-video-preview":"max-video-preview:-1"},"canonical":"https:\/\/www.copealcoy.es\/es\/cocentaina-mantiene-la-tradicion-de-la-visita-a-los-monumentos-en-semana-santa\/","og_locale":"es_ES","og_type":"article","og_title":"Cocentaina mantiene la tradici\u00f3n de la visita a los monumentos en Semana Santa - COPE Alcoy","og_description":"Cada Jueves Santo se preparan en las iglesias y las parroquias los llamados monumentos, una capilla o altar\u00a0donde se reserva al Sant\u00edsimo","og_url":"https:\/\/www.copealcoy.es\/es\/cocentaina-mantiene-la-tradicion-de-la-visita-a-los-monumentos-en-semana-santa\/","og_site_name":"COPE Alcoy","article_published_time":"2023-04-07T03:00:01+00:00","article_modified_time":"2023-04-12T08:18:59+00:00","og_image":[{"width":640,"height":480,"url":"https:\/\/www.copealcoy.es\/wp-content\/uploads\/2023\/04\/IMG-8116-scaled-e1680883575893.jpg","type":"image\/jpeg"}],"author":"Cope Alcoy","twitter_misc":{"Escrito por":"Cope Alcoy","Tiempo de lectura":"1 minuto"},"schema":{"@context":"https:\/\/schema.org","@graph":[{"@type":"Article","@id":"https:\/\/www.copealcoy.es\/es\/cocentaina-mantiene-la-tradicion-de-la-visita-a-los-monumentos-en-semana-santa\/#article","isPartOf":{"@id":"https:\/\/www.copealcoy.es\/es\/cocentaina-mantiene-la-tradicion-de-la-visita-a-los-monumentos-en-semana-santa\/"},"author":{"name":"Cope Alcoy","@id":"https:\/\/www.copealcoy.es\/es\/#\/schema\/person\/e777c87fa024e57d40170af9df39882c"},"headline":"Cocentaina mantiene la tradici\u00f3n de la visita a los monumentos en Semana Santa","datePublished":"2023-04-07T03:00:01+00:00","dateModified":"2023-04-12T08:18:59+00:00","mainEntityOfPage":{"@id":"https:\/\/www.copealcoy.es\/es\/cocentaina-mantiene-la-tradicion-de-la-visita-a-los-monumentos-en-semana-santa\/"},"wordCount":391,"commentCount":0,"image":{"@id":"https:\/\/www.copealcoy.es\/es\/cocentaina-mantiene-la-tradicion-de-la-visita-a-los-monumentos-en-semana-santa\/#primaryimage"},"thumbnailUrl":"https:\/\/www.copealcoy.es\/wp-content\/uploads\/2023\/04\/IMG-8116-scaled-e1680883575893.jpg","keywords":["Cocentaina","Jueves Santo","Monumentos","Semana Santa","Viernes Santo"],"articleSection":["Actualidad","Comarcas","Noticias"],"inLanguage":"es"},{"@type":"WebPage","@id":"https:\/\/www.copealcoy.es\/es\/cocentaina-mantiene-la-tradicion-de-la-visita-a-los-monumentos-en-semana-santa\/","url":"https:\/\/www.copealcoy.es\/es\/cocentaina-mantiene-la-tradicion-de-la-visita-a-los-monumentos-en-semana-santa\/","name":"Cocentaina mantiene la tradici\u00f3n de la visita a los monumentos en Semana Santa - COPE Alcoy","isPartOf":{"@id":"https:\/\/www.copealcoy.es\/es\/#website"},"primaryImageOfPage":{"@id":"https:\/\/www.copealcoy.es\/es\/cocentaina-mantiene-la-tradicion-de-la-visita-a-los-monumentos-en-semana-santa\/#primaryimage"},"image":{"@id":"https:\/\/www.copealcoy.es\/es\/cocentaina-mantiene-la-tradicion-de-la-visita-a-los-monumentos-en-semana-santa\/#primaryimage"},"thumbnailUrl":"https:\/\/www.copealcoy.es\/wp-content\/uploads\/2023\/04\/IMG-8116-scaled-e1680883575893.jpg","datePublished":"2023-04-07T03:00:01+00:00","dateModified":"2023-04-12T08:18:59+00:00","author":{"@id":"https:\/\/www.copealcoy.es\/es\/#\/schema\/person\/e777c87fa024e57d40170af9df39882c"},"description":"Cada Jueves Santo se preparan en las iglesias y las parroquias los llamados monumentos, una capilla o altar\u00a0donde se reserva al Sant\u00edsimo","breadcrumb":{"@id":"https:\/\/www.copealcoy.es\/es\/cocentaina-mantiene-la-tradicion-de-la-visita-a-los-monumentos-en-semana-santa\/#breadcrumb"},"inLanguage":"es","potentialAction":[{"@type":"ReadAction","target":["https:\/\/www.copealcoy.es\/es\/cocentaina-mantiene-la-tradicion-de-la-visita-a-los-monumentos-en-semana-santa\/"]}]},{"@type":"ImageObject","inLanguage":"es","@id":"https:\/\/www.copealcoy.es\/es\/cocentaina-mantiene-la-tradicion-de-la-visita-a-los-monumentos-en-semana-santa\/#primaryimage","url":"https:\/\/www.copealcoy.es\/wp-content\/uploads\/2023\/04\/IMG-8116-scaled-e1680883575893.jpg","contentUrl":"https:\/\/www.copealcoy.es\/wp-content\/uploads\/2023\/04\/IMG-8116-scaled-e1680883575893.jpg","width":640,"height":480},{"@type":"BreadcrumbList","@id":"https:\/\/www.copealcoy.es\/es\/cocentaina-mantiene-la-tradicion-de-la-visita-a-los-monumentos-en-semana-santa\/#breadcrumb","itemListElement":[{"@type":"ListItem","position":1,"name":"Portada","item":"https:\/\/www.copealcoy.es\/es\/"},{"@type":"ListItem","position":2,"name":"Cocentaina mantiene la tradici\u00f3n de la visita a los monumentos en Semana Santa"}]},{"@type":"WebSite","@id":"https:\/\/www.copealcoy.es\/es\/#website","url":"https:\/\/www.copealcoy.es\/es\/","name":"COPE Alcoy","description":"Emisora COPE de radio local con emisi\u00f3n online. Pont de Sant Jordi 8-10 03803 Alcoy","potentialAction":[{"@type":"SearchAction","target":{"@type":"EntryPoint","urlTemplate":"https:\/\/www.copealcoy.es\/es\/?s={search_term_string}"},"query-input":{"@type":"PropertyValueSpecification","valueRequired":true,"valueName":"search_term_string"}}],"inLanguage":"es"},{"@type":"Person","@id":"https:\/\/www.copealcoy.es\/es\/#\/schema\/person\/e777c87fa024e57d40170af9df39882c","name":"Cope Alcoy","image":{"@type":"ImageObject","inLanguage":"es","@id":"https:\/\/secure.gravatar.com\/avatar\/bb65d0283347e303893ba14f0692005417c1e0e690a325a4c5d8bb2b3943ee14?s=96&d=mm&r=g","url":"https:\/\/secure.gravatar.com\/avatar\/bb65d0283347e303893ba14f0692005417c1e0e690a325a4c5d8bb2b3943ee14?s=96&d=mm&r=g","contentUrl":"https:\/\/secure.gravatar.com\/avatar\/bb65d0283347e303893ba14f0692005417c1e0e690a325a4c5d8bb2b3943ee14?s=96&d=mm&r=g","caption":"Cope Alcoy"}}]}},"_links":{"self":[{"href":"https:\/\/www.copealcoy.es\/es\/wp-json\/wp\/v2\/posts\/113536","targetHints":{"allow":["GET"]}}],"collection":[{"href":"https:\/\/www.copealcoy.es\/es\/wp-json\/wp\/v2\/posts"}],"about":[{"href":"https:\/\/www.copealcoy.es\/es\/wp-json\/wp\/v2\/types\/post"}],"author":[{"embeddable":true,"href":"https:\/\/www.copealcoy.es\/es\/wp-json\/wp\/v2\/users\/1"}],"replies":[{"embeddable":true,"href":"https:\/\/www.copealcoy.es\/es\/wp-json\/wp\/v2\/comments?post=113536"}],"version-history":[{"count":0,"href":"https:\/\/www.copealcoy.es\/es\/wp-json\/wp\/v2\/posts\/113536\/revisions"}],"wp:featuredmedia":[{"embeddable":true,"href":"https:\/\/www.copealcoy.es\/es\/wp-json\/wp\/v2\/media\/113537"}],"wp:attachment":[{"href":"https:\/\/www.copealcoy.es\/es\/wp-json\/wp\/v2\/media?parent=113536"}],"wp:term":[{"taxonomy":"category","embeddable":true,"href":"https:\/\/www.copealcoy.es\/es\/wp-json\/wp\/v2\/categories?post=113536"},{"taxonomy":"post_tag","embeddable":true,"href":"https:\/\/www.copealcoy.es\/es\/wp-json\/wp\/v2\/tags?post=113536"}],"curies":[{"name":"wp","href":"https:\/\/api.w.org\/{rel}","templated":true}]}}