{"id":11351,"date":"2015-03-14T18:26:06","date_gmt":"2015-03-14T18:26:06","guid":{"rendered":"http:\/\/copealcoi.es\/new\/?p=11351"},"modified":"2015-03-14T18:26:39","modified_gmt":"2015-03-14T18:26:39","slug":"ximo-puig-queremos-que-alcoinnova-se-consolide-en-alcoy","status":"publish","type":"post","link":"https:\/\/www.copealcoy.es\/es\/ximo-puig-queremos-que-alcoinnova-se-consolide-en-alcoy\/","title":{"rendered":"Ximo Puig &#8220;queremos que Alcoinnova se consolide en Alcoy&#8221;"},"content":{"rendered":"<p style=\"text-align: justify;\">El candidato a la presidencia de la Generalitat Valenciana, Ximo Puig, particip\u00f3 el viernes en la Jornada de Formaci\u00f3 i Ocupaci\u00f3 que el PSOV-PSOE organiz\u00f3 en el \u00c1gora. Bajo el lema &#8220;La FP que necessitem&#8221; asistieron a las mismas los cabezas de lista de las municipales e intervinieron destacados profesionales de la Formaci\u00f3n Profesional.<\/p>\n<p style=\"text-align: justify;\">Puig destac\u00f3 que los socialistas valencianos apoyar\u00e1n este modelo educativo &#8221;\u00a0ha sido la gran olvidada estos a\u00f1os y ser\u00e1 uno de nuestros grandes pilares de actuaci\u00f3n. La innovaci\u00f3n, la creatividad, la formaci\u00f3n, para que nuestra gente joven encuentre empleo, seremos un gobierno progresista, abierto y con la intenci\u00f3n de atacar a las cifras del paro&#8221;, concluy\u00f3. Al mismo tiempo el candidato del PSPV a la Generalitat se refiri\u00f3 al alcalde, Antonio Franc\u00e9s, de quien dijo que seguir\u00e1 gobernando Alcoy en la pr\u00f3xima legislatura &#8220;y lo har\u00e1\u00a0con todo el cari\u00f1o posible desde Valencia para mejorar los servicios p\u00fablicos y la vida de los ciudadanos&#8221;, destac\u00f3.<\/p>\n<p style=\"text-align: justify;\">En su comparecencia ante los medios de comunicaci\u00f3n Ximo Puig tambi\u00e9n se refiri\u00f3 al proyecto de Alcoinnova destacando que se tiene que trabajar para que el proyecto se quede en la ciudad ofreciendo alternativas de ubicaci\u00f3n &#8220;Debe ser Alcoy la que decida que hacer con su territorio de forma democr\u00e1tica y atendiendo a los informes de sus t\u00e9cnicos municipales y estos no son favorables a esta ubicaci\u00f3n. Estamos con La Espa\u00f1ola, necesitamos su proyecto de futuro y creemos que es posible establecerlo aqu\u00ed pero en otro lugar que no sea la Canal&#8221;, apunt\u00f3.<\/p>\n<p style=\"text-align: justify;\">Indicar que en las Jornadas de la FP estuvieron presentes representantes del sector de la educaci\u00f3n, empresas, sindicatos y universidades que analizaron las necesidades de este modelo.<\/p>\n","protected":false},"excerpt":{"rendered":"<p>El candidato a la presidencia de la Generalitat Valenciana, Ximo Puig, particip\u00f3 el viernes en la Jornada de Formaci\u00f3 i&#8230;<\/p>\n","protected":false},"author":1,"featured_media":11352,"comment_status":"open","ping_status":"open","sticky":false,"template":"","format":"standard","meta":{"footnotes":""},"categories":[97,75,79],"tags":[478,1494,721,839],"class_list":["post-11351","post","type-post","status-publish","format-standard","has-post-thumbnail","hentry","category-alcoy","category-noticias","category-politicayeconomia","tag-alcoinnova","tag-alcoy","tag-elecciones-municipales","tag-pspv"],"yoast_head":"<!-- This site is optimized with the Yoast SEO plugin v27.3 - https:\/\/yoast.com\/product\/yoast-seo-wordpress\/ -->\n<title>Ximo Puig &quot;queremos que Alcoinnova se consolide en Alcoy&quot; - COPE Alcoy<\/title>\n<meta name=\"robots\" content=\"index, follow, max-snippet:-1, max-image-preview:large, max-video-preview:-1\" \/>\n<link rel=\"canonical\" href=\"https:\/\/www.copealcoy.es\/es\/ximo-puig-queremos-que-alcoinnova-se-consolide-en-alcoy\/\" \/>\n<meta property=\"og:locale\" content=\"es_ES\" \/>\n<meta property=\"og:type\" content=\"article\" \/>\n<meta property=\"og:title\" content=\"Ximo Puig &quot;queremos que Alcoinnova se consolide en Alcoy&quot; - COPE Alcoy\" \/>\n<meta property=\"og:description\" content=\"El candidato a la presidencia de la Generalitat Valenciana, Ximo Puig, particip\u00f3 el viernes en la Jornada de Formaci\u00f3 i...\" \/>\n<meta property=\"og:url\" content=\"https:\/\/www.copealcoy.es\/es\/ximo-puig-queremos-que-alcoinnova-se-consolide-en-alcoy\/\" \/>\n<meta property=\"og:site_name\" content=\"COPE Alcoy\" \/>\n<meta property=\"article:published_time\" content=\"2015-03-14T18:26:06+00:00\" \/>\n<meta property=\"article:modified_time\" content=\"2015-03-14T18:26:39+00:00\" \/>\n<meta property=\"og:image\" content=\"https:\/\/www.copealcoy.es\/wp-content\/uploads\/2015\/03\/image43.jpg\" \/>\n\t<meta property=\"og:image:width\" content=\"1024\" \/>\n\t<meta property=\"og:image:height\" content=\"1536\" \/>\n\t<meta property=\"og:image:type\" content=\"image\/jpeg\" \/>\n<meta name=\"author\" content=\"Cope Alcoy\" \/>\n<meta name=\"twitter:label1\" content=\"Escrito por\" \/>\n\t<meta name=\"twitter:data1\" content=\"Cope Alcoy\" \/>\n\t<meta name=\"twitter:label2\" content=\"Tiempo de lectura\" \/>\n\t<meta name=\"twitter:data2\" content=\"1 minuto\" \/>\n<script type=\"application\/ld+json\" class=\"yoast-schema-graph\">{\"@context\":\"https:\\\/\\\/schema.org\",\"@graph\":[{\"@type\":\"Article\",\"@id\":\"https:\\\/\\\/www.copealcoy.es\\\/es\\\/ximo-puig-queremos-que-alcoinnova-se-consolide-en-alcoy\\\/#article\",\"isPartOf\":{\"@id\":\"https:\\\/\\\/www.copealcoy.es\\\/es\\\/ximo-puig-queremos-que-alcoinnova-se-consolide-en-alcoy\\\/\"},\"author\":{\"name\":\"Cope Alcoy\",\"@id\":\"https:\\\/\\\/www.copealcoy.es\\\/es\\\/#\\\/schema\\\/person\\\/e777c87fa024e57d40170af9df39882c\"},\"headline\":\"Ximo Puig &#8220;queremos que Alcoinnova se consolide en Alcoy&#8221;\",\"datePublished\":\"2015-03-14T18:26:06+00:00\",\"dateModified\":\"2015-03-14T18:26:39+00:00\",\"mainEntityOfPage\":{\"@id\":\"https:\\\/\\\/www.copealcoy.es\\\/es\\\/ximo-puig-queremos-que-alcoinnova-se-consolide-en-alcoy\\\/\"},\"wordCount\":307,\"commentCount\":0,\"image\":{\"@id\":\"https:\\\/\\\/www.copealcoy.es\\\/es\\\/ximo-puig-queremos-que-alcoinnova-se-consolide-en-alcoy\\\/#primaryimage\"},\"thumbnailUrl\":\"https:\\\/\\\/www.copealcoy.es\\\/wp-content\\\/uploads\\\/2015\\\/03\\\/image43.jpg\",\"keywords\":[\"Alcoinnova\",\"Alcoy\",\"Elecciones Municipales\",\"PSPV\"],\"articleSection\":[\"Alcoy\",\"Noticias\",\"Pol\u00edtica y Econom\u00eda\"],\"inLanguage\":\"es\"},{\"@type\":\"WebPage\",\"@id\":\"https:\\\/\\\/www.copealcoy.es\\\/es\\\/ximo-puig-queremos-que-alcoinnova-se-consolide-en-alcoy\\\/\",\"url\":\"https:\\\/\\\/www.copealcoy.es\\\/es\\\/ximo-puig-queremos-que-alcoinnova-se-consolide-en-alcoy\\\/\",\"name\":\"Ximo Puig \\\"queremos que Alcoinnova se consolide en Alcoy\\\" - COPE Alcoy\",\"isPartOf\":{\"@id\":\"https:\\\/\\\/www.copealcoy.es\\\/es\\\/#website\"},\"primaryImageOfPage\":{\"@id\":\"https:\\\/\\\/www.copealcoy.es\\\/es\\\/ximo-puig-queremos-que-alcoinnova-se-consolide-en-alcoy\\\/#primaryimage\"},\"image\":{\"@id\":\"https:\\\/\\\/www.copealcoy.es\\\/es\\\/ximo-puig-queremos-que-alcoinnova-se-consolide-en-alcoy\\\/#primaryimage\"},\"thumbnailUrl\":\"https:\\\/\\\/www.copealcoy.es\\\/wp-content\\\/uploads\\\/2015\\\/03\\\/image43.jpg\",\"datePublished\":\"2015-03-14T18:26:06+00:00\",\"dateModified\":\"2015-03-14T18:26:39+00:00\",\"author\":{\"@id\":\"https:\\\/\\\/www.copealcoy.es\\\/es\\\/#\\\/schema\\\/person\\\/e777c87fa024e57d40170af9df39882c\"},\"breadcrumb\":{\"@id\":\"https:\\\/\\\/www.copealcoy.es\\\/es\\\/ximo-puig-queremos-que-alcoinnova-se-consolide-en-alcoy\\\/#breadcrumb\"},\"inLanguage\":\"es\",\"potentialAction\":[{\"@type\":\"ReadAction\",\"target\":[\"https:\\\/\\\/www.copealcoy.es\\\/es\\\/ximo-puig-queremos-que-alcoinnova-se-consolide-en-alcoy\\\/\"]}]},{\"@type\":\"ImageObject\",\"inLanguage\":\"es\",\"@id\":\"https:\\\/\\\/www.copealcoy.es\\\/es\\\/ximo-puig-queremos-que-alcoinnova-se-consolide-en-alcoy\\\/#primaryimage\",\"url\":\"https:\\\/\\\/www.copealcoy.es\\\/wp-content\\\/uploads\\\/2015\\\/03\\\/image43.jpg\",\"contentUrl\":\"https:\\\/\\\/www.copealcoy.es\\\/wp-content\\\/uploads\\\/2015\\\/03\\\/image43.jpg\",\"width\":720,\"height\":1080,\"caption\":\"Ximo Puig intervino en las jornadas del \u00c1gora\"},{\"@type\":\"BreadcrumbList\",\"@id\":\"https:\\\/\\\/www.copealcoy.es\\\/es\\\/ximo-puig-queremos-que-alcoinnova-se-consolide-en-alcoy\\\/#breadcrumb\",\"itemListElement\":[{\"@type\":\"ListItem\",\"position\":1,\"name\":\"Portada\",\"item\":\"https:\\\/\\\/www.copealcoy.es\\\/es\\\/\"},{\"@type\":\"ListItem\",\"position\":2,\"name\":\"Ximo Puig &#8220;queremos que Alcoinnova se consolide en Alcoy&#8221;\"}]},{\"@type\":\"WebSite\",\"@id\":\"https:\\\/\\\/www.copealcoy.es\\\/es\\\/#website\",\"url\":\"https:\\\/\\\/www.copealcoy.es\\\/es\\\/\",\"name\":\"COPE Alcoy\",\"description\":\"Emisora COPE de radio local con emisi\u00f3n online. Pont de Sant Jordi 8-10 03803 Alcoy\",\"potentialAction\":[{\"@type\":\"SearchAction\",\"target\":{\"@type\":\"EntryPoint\",\"urlTemplate\":\"https:\\\/\\\/www.copealcoy.es\\\/es\\\/?s={search_term_string}\"},\"query-input\":{\"@type\":\"PropertyValueSpecification\",\"valueRequired\":true,\"valueName\":\"search_term_string\"}}],\"inLanguage\":\"es\"},{\"@type\":\"Person\",\"@id\":\"https:\\\/\\\/www.copealcoy.es\\\/es\\\/#\\\/schema\\\/person\\\/e777c87fa024e57d40170af9df39882c\",\"name\":\"Cope Alcoy\",\"image\":{\"@type\":\"ImageObject\",\"inLanguage\":\"es\",\"@id\":\"https:\\\/\\\/secure.gravatar.com\\\/avatar\\\/bb65d0283347e303893ba14f0692005417c1e0e690a325a4c5d8bb2b3943ee14?s=96&d=mm&r=g\",\"url\":\"https:\\\/\\\/secure.gravatar.com\\\/avatar\\\/bb65d0283347e303893ba14f0692005417c1e0e690a325a4c5d8bb2b3943ee14?s=96&d=mm&r=g\",\"contentUrl\":\"https:\\\/\\\/secure.gravatar.com\\\/avatar\\\/bb65d0283347e303893ba14f0692005417c1e0e690a325a4c5d8bb2b3943ee14?s=96&d=mm&r=g\",\"caption\":\"Cope Alcoy\"}}]}<\/script>\n<!-- \/ Yoast SEO plugin. -->","yoast_head_json":{"title":"Ximo Puig \"queremos que Alcoinnova se consolide en Alcoy\" - COPE Alcoy","robots":{"index":"index","follow":"follow","max-snippet":"max-snippet:-1","max-image-preview":"max-image-preview:large","max-video-preview":"max-video-preview:-1"},"canonical":"https:\/\/www.copealcoy.es\/es\/ximo-puig-queremos-que-alcoinnova-se-consolide-en-alcoy\/","og_locale":"es_ES","og_type":"article","og_title":"Ximo Puig \"queremos que Alcoinnova se consolide en Alcoy\" - COPE Alcoy","og_description":"El candidato a la presidencia de la Generalitat Valenciana, Ximo Puig, particip\u00f3 el viernes en la Jornada de Formaci\u00f3 i...","og_url":"https:\/\/www.copealcoy.es\/es\/ximo-puig-queremos-que-alcoinnova-se-consolide-en-alcoy\/","og_site_name":"COPE Alcoy","article_published_time":"2015-03-14T18:26:06+00:00","article_modified_time":"2015-03-14T18:26:39+00:00","og_image":[{"width":1024,"height":1536,"url":"https:\/\/www.copealcoy.es\/wp-content\/uploads\/2015\/03\/image43.jpg","type":"image\/jpeg"}],"author":"Cope Alcoy","twitter_misc":{"Escrito por":"Cope Alcoy","Tiempo de lectura":"1 minuto"},"schema":{"@context":"https:\/\/schema.org","@graph":[{"@type":"Article","@id":"https:\/\/www.copealcoy.es\/es\/ximo-puig-queremos-que-alcoinnova-se-consolide-en-alcoy\/#article","isPartOf":{"@id":"https:\/\/www.copealcoy.es\/es\/ximo-puig-queremos-que-alcoinnova-se-consolide-en-alcoy\/"},"author":{"name":"Cope Alcoy","@id":"https:\/\/www.copealcoy.es\/es\/#\/schema\/person\/e777c87fa024e57d40170af9df39882c"},"headline":"Ximo Puig &#8220;queremos que Alcoinnova se consolide en Alcoy&#8221;","datePublished":"2015-03-14T18:26:06+00:00","dateModified":"2015-03-14T18:26:39+00:00","mainEntityOfPage":{"@id":"https:\/\/www.copealcoy.es\/es\/ximo-puig-queremos-que-alcoinnova-se-consolide-en-alcoy\/"},"wordCount":307,"commentCount":0,"image":{"@id":"https:\/\/www.copealcoy.es\/es\/ximo-puig-queremos-que-alcoinnova-se-consolide-en-alcoy\/#primaryimage"},"thumbnailUrl":"https:\/\/www.copealcoy.es\/wp-content\/uploads\/2015\/03\/image43.jpg","keywords":["Alcoinnova","Alcoy","Elecciones Municipales","PSPV"],"articleSection":["Alcoy","Noticias","Pol\u00edtica y Econom\u00eda"],"inLanguage":"es"},{"@type":"WebPage","@id":"https:\/\/www.copealcoy.es\/es\/ximo-puig-queremos-que-alcoinnova-se-consolide-en-alcoy\/","url":"https:\/\/www.copealcoy.es\/es\/ximo-puig-queremos-que-alcoinnova-se-consolide-en-alcoy\/","name":"Ximo Puig \"queremos que Alcoinnova se consolide en Alcoy\" - COPE Alcoy","isPartOf":{"@id":"https:\/\/www.copealcoy.es\/es\/#website"},"primaryImageOfPage":{"@id":"https:\/\/www.copealcoy.es\/es\/ximo-puig-queremos-que-alcoinnova-se-consolide-en-alcoy\/#primaryimage"},"image":{"@id":"https:\/\/www.copealcoy.es\/es\/ximo-puig-queremos-que-alcoinnova-se-consolide-en-alcoy\/#primaryimage"},"thumbnailUrl":"https:\/\/www.copealcoy.es\/wp-content\/uploads\/2015\/03\/image43.jpg","datePublished":"2015-03-14T18:26:06+00:00","dateModified":"2015-03-14T18:26:39+00:00","author":{"@id":"https:\/\/www.copealcoy.es\/es\/#\/schema\/person\/e777c87fa024e57d40170af9df39882c"},"breadcrumb":{"@id":"https:\/\/www.copealcoy.es\/es\/ximo-puig-queremos-que-alcoinnova-se-consolide-en-alcoy\/#breadcrumb"},"inLanguage":"es","potentialAction":[{"@type":"ReadAction","target":["https:\/\/www.copealcoy.es\/es\/ximo-puig-queremos-que-alcoinnova-se-consolide-en-alcoy\/"]}]},{"@type":"ImageObject","inLanguage":"es","@id":"https:\/\/www.copealcoy.es\/es\/ximo-puig-queremos-que-alcoinnova-se-consolide-en-alcoy\/#primaryimage","url":"https:\/\/www.copealcoy.es\/wp-content\/uploads\/2015\/03\/image43.jpg","contentUrl":"https:\/\/www.copealcoy.es\/wp-content\/uploads\/2015\/03\/image43.jpg","width":720,"height":1080,"caption":"Ximo Puig intervino en las jornadas del \u00c1gora"},{"@type":"BreadcrumbList","@id":"https:\/\/www.copealcoy.es\/es\/ximo-puig-queremos-que-alcoinnova-se-consolide-en-alcoy\/#breadcrumb","itemListElement":[{"@type":"ListItem","position":1,"name":"Portada","item":"https:\/\/www.copealcoy.es\/es\/"},{"@type":"ListItem","position":2,"name":"Ximo Puig &#8220;queremos que Alcoinnova se consolide en Alcoy&#8221;"}]},{"@type":"WebSite","@id":"https:\/\/www.copealcoy.es\/es\/#website","url":"https:\/\/www.copealcoy.es\/es\/","name":"COPE Alcoy","description":"Emisora COPE de radio local con emisi\u00f3n online. Pont de Sant Jordi 8-10 03803 Alcoy","potentialAction":[{"@type":"SearchAction","target":{"@type":"EntryPoint","urlTemplate":"https:\/\/www.copealcoy.es\/es\/?s={search_term_string}"},"query-input":{"@type":"PropertyValueSpecification","valueRequired":true,"valueName":"search_term_string"}}],"inLanguage":"es"},{"@type":"Person","@id":"https:\/\/www.copealcoy.es\/es\/#\/schema\/person\/e777c87fa024e57d40170af9df39882c","name":"Cope Alcoy","image":{"@type":"ImageObject","inLanguage":"es","@id":"https:\/\/secure.gravatar.com\/avatar\/bb65d0283347e303893ba14f0692005417c1e0e690a325a4c5d8bb2b3943ee14?s=96&d=mm&r=g","url":"https:\/\/secure.gravatar.com\/avatar\/bb65d0283347e303893ba14f0692005417c1e0e690a325a4c5d8bb2b3943ee14?s=96&d=mm&r=g","contentUrl":"https:\/\/secure.gravatar.com\/avatar\/bb65d0283347e303893ba14f0692005417c1e0e690a325a4c5d8bb2b3943ee14?s=96&d=mm&r=g","caption":"Cope Alcoy"}}]}},"_links":{"self":[{"href":"https:\/\/www.copealcoy.es\/es\/wp-json\/wp\/v2\/posts\/11351","targetHints":{"allow":["GET"]}}],"collection":[{"href":"https:\/\/www.copealcoy.es\/es\/wp-json\/wp\/v2\/posts"}],"about":[{"href":"https:\/\/www.copealcoy.es\/es\/wp-json\/wp\/v2\/types\/post"}],"author":[{"embeddable":true,"href":"https:\/\/www.copealcoy.es\/es\/wp-json\/wp\/v2\/users\/1"}],"replies":[{"embeddable":true,"href":"https:\/\/www.copealcoy.es\/es\/wp-json\/wp\/v2\/comments?post=11351"}],"version-history":[{"count":0,"href":"https:\/\/www.copealcoy.es\/es\/wp-json\/wp\/v2\/posts\/11351\/revisions"}],"wp:featuredmedia":[{"embeddable":true,"href":"https:\/\/www.copealcoy.es\/es\/wp-json\/wp\/v2\/media\/11352"}],"wp:attachment":[{"href":"https:\/\/www.copealcoy.es\/es\/wp-json\/wp\/v2\/media?parent=11351"}],"wp:term":[{"taxonomy":"category","embeddable":true,"href":"https:\/\/www.copealcoy.es\/es\/wp-json\/wp\/v2\/categories?post=11351"},{"taxonomy":"post_tag","embeddable":true,"href":"https:\/\/www.copealcoy.es\/es\/wp-json\/wp\/v2\/tags?post=11351"}],"curies":[{"name":"wp","href":"https:\/\/api.w.org\/{rel}","templated":true}]}}