{"id":113365,"date":"2023-04-05T11:19:55","date_gmt":"2023-04-05T10:19:55","guid":{"rendered":"https:\/\/www.copealcoy.es\/?p=113365"},"modified":"2023-04-05T11:24:08","modified_gmt":"2023-04-05T10:24:08","slug":"el-pp-presenta-la-lista-con-la-que-aspira-a-gobernar-alcoy","status":"publish","type":"post","link":"https:\/\/www.copealcoy.es\/es\/el-pp-presenta-la-lista-con-la-que-aspira-a-gobernar-alcoy\/","title":{"rendered":"El PP presenta la lista con la que aspira a gobernar Alcoy"},"content":{"rendered":"<p style=\"text-align: justify;\">El <a href=\"https:\/\/www.facebook.com\/populares.alcoy\" target=\"_blank\" rel=\"noopener\"><span style=\"color: #0000ff;\"><strong>Partido Popular de Alcoy<\/strong><\/span><\/a> ha desvelado <strong>el nombre de las personas que integrar\u00e1n los 13 primeros puestos de la candidatura<\/strong> con la que la formaci\u00f3n pol\u00edtica c<strong>oncurrir\u00e1 a las Elecciones Municipales del pr\u00f3ximo 28 de mayo<\/strong>. Los populares han optado <strong>por no dar a conocer todav\u00eda la lista al completo<\/strong> a la espera de hacerlo despu\u00e9s de Semana Santa seg\u00fan ha avanzado el alcaldable;<strong> Carlos Pastor<\/strong>.<\/p>\n<p style=\"text-align: justify;\">Este \u00faltimo ha se\u00f1alado que el renovado proyecto del PP <strong>combina experiencia y juventud<\/strong> con <strong>la intenci\u00f3n de gobernar la ciudad de cara a los pr\u00f3ximos cuatro a\u00f1os<\/strong>. Carlos Pastor ha explicado tambi\u00e9n <strong>el motivo que se esconde tras la decisi\u00f3n de anunciar los trece primeros puestos de la mencionada lista<\/strong> &#8220;<em>el trece es el n\u00famero m\u00e1gico que marca la mayor\u00eda absoluta y nosotros vamos a por ello porque Alcoy no puede dejar pasar la oportunidad de avanzar hacia el futuro. Contamos con personas que vienen de la pol\u00edtica, y conocen de cerca la gesti\u00f3n, pero tambi\u00e9n incorporamos a gente que viene con la intenci\u00f3n de servir tanto a Alcoy como a los alcoyanos. Es una lista que refleja un alto grado de renovaci\u00f3n en el partido<\/em>&#8220;, apostill\u00f3 Pastor.<\/p>\n<p style=\"text-align: justify;\">Desde el Partido Popular <strong>est\u00e1n perfilando la celebraci\u00f3n de un gran acto de campa\u00f1a<\/strong>, que tendr\u00e1 lugar en las pr\u00f3ximas semanas, y en el que <strong>dar\u00e1n a conocer toda la lista al completo as\u00ed como las principales l\u00edneas del programa electoral<\/strong>. Los <strong>nombres propios<\/strong> de la candidatura son los siguientes:<\/p>\n<p><span id=\"page1R_mcid3\" class=\"markedContent\"><span dir=\"ltr\" role=\"presentation\">1.- Carlos Pastor<\/span><\/span><span id=\"page1R_mcid4\" class=\"markedContent\"><br role=\"presentation\" \/><span dir=\"ltr\" role=\"presentation\">2.- Gabriel Guillem. Historiador y divulgador de Patrimonio<\/span><\/span><span id=\"page1R_mcid5\" class=\"markedContent\"><br role=\"presentation\" \/><span dir=\"ltr\" role=\"presentation\">3.- Amalia Paya. Empresaria<\/span><\/span><span id=\"page1R_mcid6\" class=\"markedContent\"><br role=\"presentation\" \/><span dir=\"ltr\" role=\"presentation\">4.- Lirios Garc\u00eda. Abogada<\/span><\/span><span id=\"page1R_mcid7\" class=\"markedContent\"><br role=\"presentation\" \/><span dir=\"ltr\" role=\"presentation\">5.- Quico Cant\u00f3. Delegado Comercial<\/span><\/span><span id=\"page1R_mcid8\" class=\"markedContent\"><br role=\"presentation\" \/><span dir=\"ltr\" role=\"presentation\">6.- Santiago Carbonell. Empresario y Dise\u00f1ador de fiestas<\/span><\/span><span id=\"page1R_mcid9\" class=\"markedContent\"><br role=\"presentation\" \/><span dir=\"ltr\" role=\"presentation\">7.- Isabel Balaguer. Actriz<\/span><\/span><span id=\"page1R_mcid10\" class=\"markedContent\"><br role=\"presentation\" \/><span dir=\"ltr\" role=\"presentation\">8.- Jordi Reig. Delegado Comercial<\/span><\/span><span id=\"page1R_mcid11\" class=\"markedContent\"><br role=\"presentation\" \/><span dir=\"ltr\" role=\"presentation\">9.- Fuensanta Santa. Profesora Educaci\u00f3n Secundaria<\/span><\/span><span id=\"page1R_mcid12\" class=\"markedContent\"><br role=\"presentation\" \/><span dir=\"ltr\" role=\"presentation\">10.- Mauro Sanus. Abogado y t\u00e9cnico de administraci\u00f3n local<\/span><\/span><span id=\"page1R_mcid13\" class=\"markedContent\"><br role=\"presentation\" \/><span dir=\"ltr\" role=\"presentation\">11.- Carmina Grau. Empresaria<\/span><\/span><span id=\"page1R_mcid14\" class=\"markedContent\"><br role=\"presentation\" \/><span dir=\"ltr\" role=\"presentation\">12.- Mila Mengual. Abogada<\/span><\/span><span id=\"page1R_mcid15\" class=\"markedContent\"><br role=\"presentation\" \/><span dir=\"ltr\" role=\"presentation\">13. Johnatan Lluch. Director de Marketing<\/span><\/span><\/p>\n","protected":false},"excerpt":{"rendered":"<p>El Partido Popular de Alcoy ha desvelado el nombre de las personas que integrar\u00e1n los 13 primeros puestos de la&#8230;<\/p>\n","protected":false},"author":1,"featured_media":113366,"comment_status":"open","ping_status":"open","sticky":false,"template":"","format":"standard","meta":{"footnotes":""},"categories":[6909,97,75,79],"tags":[1494,5263,13235,8502,448],"class_list":["post-113365","post","type-post","status-publish","format-standard","has-post-thumbnail","hentry","category-actualidad","category-alcoy","category-noticias","category-politicayeconomia","tag-alcoy","tag-candidatura","tag-carlos-pastor","tag-lista-electoral","tag-partido-popular"],"yoast_head":"<!-- This site is optimized with the Yoast SEO plugin v27.3 - https:\/\/yoast.com\/product\/yoast-seo-wordpress\/ -->\n<title>El PP presenta la lista con la que aspira a gobernar Alcoy - COPE Alcoy<\/title>\n<meta name=\"description\" content=\"El Partido Popular de Alcoy ha desvelado el nombre de las personas que integrar\u00e1n los 13 primeros puestos de la lista electoral\" \/>\n<meta name=\"robots\" content=\"index, follow, max-snippet:-1, max-image-preview:large, max-video-preview:-1\" \/>\n<link rel=\"canonical\" href=\"https:\/\/www.copealcoy.es\/es\/el-pp-presenta-la-lista-con-la-que-aspira-a-gobernar-alcoy\/\" \/>\n<meta property=\"og:locale\" content=\"es_ES\" \/>\n<meta property=\"og:type\" content=\"article\" \/>\n<meta property=\"og:title\" content=\"El PP presenta la lista con la que aspira a gobernar Alcoy - COPE Alcoy\" \/>\n<meta property=\"og:description\" content=\"El Partido Popular de Alcoy ha desvelado el nombre de las personas que integrar\u00e1n los 13 primeros puestos de la lista electoral\" \/>\n<meta property=\"og:url\" content=\"https:\/\/www.copealcoy.es\/es\/el-pp-presenta-la-lista-con-la-que-aspira-a-gobernar-alcoy\/\" \/>\n<meta property=\"og:site_name\" content=\"COPE Alcoy\" \/>\n<meta property=\"article:published_time\" content=\"2023-04-05T10:19:55+00:00\" \/>\n<meta property=\"article:modified_time\" content=\"2023-04-05T10:24:08+00:00\" \/>\n<meta property=\"og:image\" content=\"https:\/\/www.copealcoy.es\/wp-content\/uploads\/2023\/04\/foto-lista-y-carlos.jpeg\" \/>\n\t<meta property=\"og:image:width\" content=\"1280\" \/>\n\t<meta property=\"og:image:height\" content=\"720\" \/>\n\t<meta property=\"og:image:type\" content=\"image\/jpeg\" \/>\n<meta name=\"author\" content=\"Cope Alcoy\" \/>\n<meta name=\"twitter:label1\" content=\"Escrito por\" \/>\n\t<meta name=\"twitter:data1\" content=\"Cope Alcoy\" \/>\n\t<meta name=\"twitter:label2\" content=\"Tiempo de lectura\" \/>\n\t<meta name=\"twitter:data2\" content=\"2 minutos\" \/>\n<script type=\"application\/ld+json\" class=\"yoast-schema-graph\">{\"@context\":\"https:\\\/\\\/schema.org\",\"@graph\":[{\"@type\":\"Article\",\"@id\":\"https:\\\/\\\/www.copealcoy.es\\\/es\\\/el-pp-presenta-la-lista-con-la-que-aspira-a-gobernar-alcoy\\\/#article\",\"isPartOf\":{\"@id\":\"https:\\\/\\\/www.copealcoy.es\\\/es\\\/el-pp-presenta-la-lista-con-la-que-aspira-a-gobernar-alcoy\\\/\"},\"author\":{\"name\":\"Cope Alcoy\",\"@id\":\"https:\\\/\\\/www.copealcoy.es\\\/es\\\/#\\\/schema\\\/person\\\/e777c87fa024e57d40170af9df39882c\"},\"headline\":\"El PP presenta la lista con la que aspira a gobernar Alcoy\",\"datePublished\":\"2023-04-05T10:19:55+00:00\",\"dateModified\":\"2023-04-05T10:24:08+00:00\",\"mainEntityOfPage\":{\"@id\":\"https:\\\/\\\/www.copealcoy.es\\\/es\\\/el-pp-presenta-la-lista-con-la-que-aspira-a-gobernar-alcoy\\\/\"},\"wordCount\":357,\"commentCount\":0,\"image\":{\"@id\":\"https:\\\/\\\/www.copealcoy.es\\\/es\\\/el-pp-presenta-la-lista-con-la-que-aspira-a-gobernar-alcoy\\\/#primaryimage\"},\"thumbnailUrl\":\"https:\\\/\\\/www.copealcoy.es\\\/wp-content\\\/uploads\\\/2023\\\/04\\\/foto-lista-y-carlos.jpeg\",\"keywords\":[\"Alcoy\",\"Candidatura\",\"Carlos Pastor\",\"lista electoral\",\"Partido Popular\"],\"articleSection\":[\"Actualidad\",\"Alcoy\",\"Noticias\",\"Pol\u00edtica y Econom\u00eda\"],\"inLanguage\":\"es\"},{\"@type\":\"WebPage\",\"@id\":\"https:\\\/\\\/www.copealcoy.es\\\/es\\\/el-pp-presenta-la-lista-con-la-que-aspira-a-gobernar-alcoy\\\/\",\"url\":\"https:\\\/\\\/www.copealcoy.es\\\/es\\\/el-pp-presenta-la-lista-con-la-que-aspira-a-gobernar-alcoy\\\/\",\"name\":\"El PP presenta la lista con la que aspira a gobernar Alcoy - COPE Alcoy\",\"isPartOf\":{\"@id\":\"https:\\\/\\\/www.copealcoy.es\\\/es\\\/#website\"},\"primaryImageOfPage\":{\"@id\":\"https:\\\/\\\/www.copealcoy.es\\\/es\\\/el-pp-presenta-la-lista-con-la-que-aspira-a-gobernar-alcoy\\\/#primaryimage\"},\"image\":{\"@id\":\"https:\\\/\\\/www.copealcoy.es\\\/es\\\/el-pp-presenta-la-lista-con-la-que-aspira-a-gobernar-alcoy\\\/#primaryimage\"},\"thumbnailUrl\":\"https:\\\/\\\/www.copealcoy.es\\\/wp-content\\\/uploads\\\/2023\\\/04\\\/foto-lista-y-carlos.jpeg\",\"datePublished\":\"2023-04-05T10:19:55+00:00\",\"dateModified\":\"2023-04-05T10:24:08+00:00\",\"author\":{\"@id\":\"https:\\\/\\\/www.copealcoy.es\\\/es\\\/#\\\/schema\\\/person\\\/e777c87fa024e57d40170af9df39882c\"},\"description\":\"El Partido Popular de Alcoy ha desvelado el nombre de las personas que integrar\u00e1n los 13 primeros puestos de la lista electoral\",\"breadcrumb\":{\"@id\":\"https:\\\/\\\/www.copealcoy.es\\\/es\\\/el-pp-presenta-la-lista-con-la-que-aspira-a-gobernar-alcoy\\\/#breadcrumb\"},\"inLanguage\":\"es\",\"potentialAction\":[{\"@type\":\"ReadAction\",\"target\":[\"https:\\\/\\\/www.copealcoy.es\\\/es\\\/el-pp-presenta-la-lista-con-la-que-aspira-a-gobernar-alcoy\\\/\"]}]},{\"@type\":\"ImageObject\",\"inLanguage\":\"es\",\"@id\":\"https:\\\/\\\/www.copealcoy.es\\\/es\\\/el-pp-presenta-la-lista-con-la-que-aspira-a-gobernar-alcoy\\\/#primaryimage\",\"url\":\"https:\\\/\\\/www.copealcoy.es\\\/wp-content\\\/uploads\\\/2023\\\/04\\\/foto-lista-y-carlos.jpeg\",\"contentUrl\":\"https:\\\/\\\/www.copealcoy.es\\\/wp-content\\\/uploads\\\/2023\\\/04\\\/foto-lista-y-carlos.jpeg\",\"width\":1280,\"height\":720},{\"@type\":\"BreadcrumbList\",\"@id\":\"https:\\\/\\\/www.copealcoy.es\\\/es\\\/el-pp-presenta-la-lista-con-la-que-aspira-a-gobernar-alcoy\\\/#breadcrumb\",\"itemListElement\":[{\"@type\":\"ListItem\",\"position\":1,\"name\":\"Portada\",\"item\":\"https:\\\/\\\/www.copealcoy.es\\\/es\\\/\"},{\"@type\":\"ListItem\",\"position\":2,\"name\":\"El PP presenta la lista con la que aspira a gobernar Alcoy\"}]},{\"@type\":\"WebSite\",\"@id\":\"https:\\\/\\\/www.copealcoy.es\\\/es\\\/#website\",\"url\":\"https:\\\/\\\/www.copealcoy.es\\\/es\\\/\",\"name\":\"COPE Alcoy\",\"description\":\"Emisora COPE de radio local con emisi\u00f3n online. Pont de Sant Jordi 8-10 03803 Alcoy\",\"potentialAction\":[{\"@type\":\"SearchAction\",\"target\":{\"@type\":\"EntryPoint\",\"urlTemplate\":\"https:\\\/\\\/www.copealcoy.es\\\/es\\\/?s={search_term_string}\"},\"query-input\":{\"@type\":\"PropertyValueSpecification\",\"valueRequired\":true,\"valueName\":\"search_term_string\"}}],\"inLanguage\":\"es\"},{\"@type\":\"Person\",\"@id\":\"https:\\\/\\\/www.copealcoy.es\\\/es\\\/#\\\/schema\\\/person\\\/e777c87fa024e57d40170af9df39882c\",\"name\":\"Cope Alcoy\",\"image\":{\"@type\":\"ImageObject\",\"inLanguage\":\"es\",\"@id\":\"https:\\\/\\\/secure.gravatar.com\\\/avatar\\\/bb65d0283347e303893ba14f0692005417c1e0e690a325a4c5d8bb2b3943ee14?s=96&d=mm&r=g\",\"url\":\"https:\\\/\\\/secure.gravatar.com\\\/avatar\\\/bb65d0283347e303893ba14f0692005417c1e0e690a325a4c5d8bb2b3943ee14?s=96&d=mm&r=g\",\"contentUrl\":\"https:\\\/\\\/secure.gravatar.com\\\/avatar\\\/bb65d0283347e303893ba14f0692005417c1e0e690a325a4c5d8bb2b3943ee14?s=96&d=mm&r=g\",\"caption\":\"Cope Alcoy\"}}]}<\/script>\n<!-- \/ Yoast SEO plugin. -->","yoast_head_json":{"title":"El PP presenta la lista con la que aspira a gobernar Alcoy - COPE Alcoy","description":"El Partido Popular de Alcoy ha desvelado el nombre de las personas que integrar\u00e1n los 13 primeros puestos de la lista electoral","robots":{"index":"index","follow":"follow","max-snippet":"max-snippet:-1","max-image-preview":"max-image-preview:large","max-video-preview":"max-video-preview:-1"},"canonical":"https:\/\/www.copealcoy.es\/es\/el-pp-presenta-la-lista-con-la-que-aspira-a-gobernar-alcoy\/","og_locale":"es_ES","og_type":"article","og_title":"El PP presenta la lista con la que aspira a gobernar Alcoy - COPE Alcoy","og_description":"El Partido Popular de Alcoy ha desvelado el nombre de las personas que integrar\u00e1n los 13 primeros puestos de la lista electoral","og_url":"https:\/\/www.copealcoy.es\/es\/el-pp-presenta-la-lista-con-la-que-aspira-a-gobernar-alcoy\/","og_site_name":"COPE Alcoy","article_published_time":"2023-04-05T10:19:55+00:00","article_modified_time":"2023-04-05T10:24:08+00:00","og_image":[{"width":1280,"height":720,"url":"https:\/\/www.copealcoy.es\/wp-content\/uploads\/2023\/04\/foto-lista-y-carlos.jpeg","type":"image\/jpeg"}],"author":"Cope Alcoy","twitter_misc":{"Escrito por":"Cope Alcoy","Tiempo de lectura":"2 minutos"},"schema":{"@context":"https:\/\/schema.org","@graph":[{"@type":"Article","@id":"https:\/\/www.copealcoy.es\/es\/el-pp-presenta-la-lista-con-la-que-aspira-a-gobernar-alcoy\/#article","isPartOf":{"@id":"https:\/\/www.copealcoy.es\/es\/el-pp-presenta-la-lista-con-la-que-aspira-a-gobernar-alcoy\/"},"author":{"name":"Cope Alcoy","@id":"https:\/\/www.copealcoy.es\/es\/#\/schema\/person\/e777c87fa024e57d40170af9df39882c"},"headline":"El PP presenta la lista con la que aspira a gobernar Alcoy","datePublished":"2023-04-05T10:19:55+00:00","dateModified":"2023-04-05T10:24:08+00:00","mainEntityOfPage":{"@id":"https:\/\/www.copealcoy.es\/es\/el-pp-presenta-la-lista-con-la-que-aspira-a-gobernar-alcoy\/"},"wordCount":357,"commentCount":0,"image":{"@id":"https:\/\/www.copealcoy.es\/es\/el-pp-presenta-la-lista-con-la-que-aspira-a-gobernar-alcoy\/#primaryimage"},"thumbnailUrl":"https:\/\/www.copealcoy.es\/wp-content\/uploads\/2023\/04\/foto-lista-y-carlos.jpeg","keywords":["Alcoy","Candidatura","Carlos Pastor","lista electoral","Partido Popular"],"articleSection":["Actualidad","Alcoy","Noticias","Pol\u00edtica y Econom\u00eda"],"inLanguage":"es"},{"@type":"WebPage","@id":"https:\/\/www.copealcoy.es\/es\/el-pp-presenta-la-lista-con-la-que-aspira-a-gobernar-alcoy\/","url":"https:\/\/www.copealcoy.es\/es\/el-pp-presenta-la-lista-con-la-que-aspira-a-gobernar-alcoy\/","name":"El PP presenta la lista con la que aspira a gobernar Alcoy - COPE Alcoy","isPartOf":{"@id":"https:\/\/www.copealcoy.es\/es\/#website"},"primaryImageOfPage":{"@id":"https:\/\/www.copealcoy.es\/es\/el-pp-presenta-la-lista-con-la-que-aspira-a-gobernar-alcoy\/#primaryimage"},"image":{"@id":"https:\/\/www.copealcoy.es\/es\/el-pp-presenta-la-lista-con-la-que-aspira-a-gobernar-alcoy\/#primaryimage"},"thumbnailUrl":"https:\/\/www.copealcoy.es\/wp-content\/uploads\/2023\/04\/foto-lista-y-carlos.jpeg","datePublished":"2023-04-05T10:19:55+00:00","dateModified":"2023-04-05T10:24:08+00:00","author":{"@id":"https:\/\/www.copealcoy.es\/es\/#\/schema\/person\/e777c87fa024e57d40170af9df39882c"},"description":"El Partido Popular de Alcoy ha desvelado el nombre de las personas que integrar\u00e1n los 13 primeros puestos de la lista electoral","breadcrumb":{"@id":"https:\/\/www.copealcoy.es\/es\/el-pp-presenta-la-lista-con-la-que-aspira-a-gobernar-alcoy\/#breadcrumb"},"inLanguage":"es","potentialAction":[{"@type":"ReadAction","target":["https:\/\/www.copealcoy.es\/es\/el-pp-presenta-la-lista-con-la-que-aspira-a-gobernar-alcoy\/"]}]},{"@type":"ImageObject","inLanguage":"es","@id":"https:\/\/www.copealcoy.es\/es\/el-pp-presenta-la-lista-con-la-que-aspira-a-gobernar-alcoy\/#primaryimage","url":"https:\/\/www.copealcoy.es\/wp-content\/uploads\/2023\/04\/foto-lista-y-carlos.jpeg","contentUrl":"https:\/\/www.copealcoy.es\/wp-content\/uploads\/2023\/04\/foto-lista-y-carlos.jpeg","width":1280,"height":720},{"@type":"BreadcrumbList","@id":"https:\/\/www.copealcoy.es\/es\/el-pp-presenta-la-lista-con-la-que-aspira-a-gobernar-alcoy\/#breadcrumb","itemListElement":[{"@type":"ListItem","position":1,"name":"Portada","item":"https:\/\/www.copealcoy.es\/es\/"},{"@type":"ListItem","position":2,"name":"El PP presenta la lista con la que aspira a gobernar Alcoy"}]},{"@type":"WebSite","@id":"https:\/\/www.copealcoy.es\/es\/#website","url":"https:\/\/www.copealcoy.es\/es\/","name":"COPE Alcoy","description":"Emisora COPE de radio local con emisi\u00f3n online. Pont de Sant Jordi 8-10 03803 Alcoy","potentialAction":[{"@type":"SearchAction","target":{"@type":"EntryPoint","urlTemplate":"https:\/\/www.copealcoy.es\/es\/?s={search_term_string}"},"query-input":{"@type":"PropertyValueSpecification","valueRequired":true,"valueName":"search_term_string"}}],"inLanguage":"es"},{"@type":"Person","@id":"https:\/\/www.copealcoy.es\/es\/#\/schema\/person\/e777c87fa024e57d40170af9df39882c","name":"Cope Alcoy","image":{"@type":"ImageObject","inLanguage":"es","@id":"https:\/\/secure.gravatar.com\/avatar\/bb65d0283347e303893ba14f0692005417c1e0e690a325a4c5d8bb2b3943ee14?s=96&d=mm&r=g","url":"https:\/\/secure.gravatar.com\/avatar\/bb65d0283347e303893ba14f0692005417c1e0e690a325a4c5d8bb2b3943ee14?s=96&d=mm&r=g","contentUrl":"https:\/\/secure.gravatar.com\/avatar\/bb65d0283347e303893ba14f0692005417c1e0e690a325a4c5d8bb2b3943ee14?s=96&d=mm&r=g","caption":"Cope Alcoy"}}]}},"_links":{"self":[{"href":"https:\/\/www.copealcoy.es\/es\/wp-json\/wp\/v2\/posts\/113365","targetHints":{"allow":["GET"]}}],"collection":[{"href":"https:\/\/www.copealcoy.es\/es\/wp-json\/wp\/v2\/posts"}],"about":[{"href":"https:\/\/www.copealcoy.es\/es\/wp-json\/wp\/v2\/types\/post"}],"author":[{"embeddable":true,"href":"https:\/\/www.copealcoy.es\/es\/wp-json\/wp\/v2\/users\/1"}],"replies":[{"embeddable":true,"href":"https:\/\/www.copealcoy.es\/es\/wp-json\/wp\/v2\/comments?post=113365"}],"version-history":[{"count":0,"href":"https:\/\/www.copealcoy.es\/es\/wp-json\/wp\/v2\/posts\/113365\/revisions"}],"wp:featuredmedia":[{"embeddable":true,"href":"https:\/\/www.copealcoy.es\/es\/wp-json\/wp\/v2\/media\/113366"}],"wp:attachment":[{"href":"https:\/\/www.copealcoy.es\/es\/wp-json\/wp\/v2\/media?parent=113365"}],"wp:term":[{"taxonomy":"category","embeddable":true,"href":"https:\/\/www.copealcoy.es\/es\/wp-json\/wp\/v2\/categories?post=113365"},{"taxonomy":"post_tag","embeddable":true,"href":"https:\/\/www.copealcoy.es\/es\/wp-json\/wp\/v2\/tags?post=113365"}],"curies":[{"name":"wp","href":"https:\/\/api.w.org\/{rel}","templated":true}]}}