{"id":113337,"date":"2023-04-05T08:14:50","date_gmt":"2023-04-05T07:14:50","guid":{"rendered":"https:\/\/www.copealcoy.es\/?p=113337"},"modified":"2023-04-05T09:09:39","modified_gmt":"2023-04-05T08:09:39","slug":"emotiva-despedida-en-alcoy-entre-el-nazareno-y-la-dolorosa-antes-de-la-pasion","status":"publish","type":"post","link":"https:\/\/www.copealcoy.es\/es\/emotiva-despedida-en-alcoy-entre-el-nazareno-y-la-dolorosa-antes-de-la-pasion\/","title":{"rendered":"Emotiva despedida en Alcoy entre el Nazareno y La Dolorosa antes de la pasi\u00f3n"},"content":{"rendered":"<p style=\"text-align: justify;\">Alcoy ya vive con intensidad <strong>los d\u00edas grandes de la Semana Santa<\/strong> tras <a href=\"https:\/\/www.copealcoy.es\/la-procesion-de-la-burreta-adentra-a-alcoy-en-la-semana-santa\/\" target=\"_blank\" rel=\"noopener\"><span style=\"color: #0000ff;\"><strong>un participativo Domingo de Ramos<\/strong> <\/span><\/a>que estuvo marcado por las primeras procesiones. Durante la ma\u00f1ana<strong> fue el turno la bendici\u00f3n de palmas en La Glorieta<\/strong> y seguidamente <strong>se efectu\u00f3 la procesi\u00f3n de &#8216;La Burreta&#8217;<\/strong> por las calles del Centro acompa\u00f1ando a la imagen de la Entrada Triunfal de Jes\u00fas en Jerusal\u00e9n.<\/p>\n<p style=\"text-align: justify;\">Ya por por la tarde <strong>se llev\u00f3 a cabo uno de los actos m\u00e1s emotivos de la Semana Santa Alcoyana<\/strong>. Se trata del <strong>Encuentro de Despedida<\/strong> entre las im\u00e1genes del <a href=\"https:\/\/www.facebook.com\/gremiodelabradoresjesusnazareno\" target=\"_blank\" rel=\"noopener\"><span style=\"color: #0000ff;\"><strong>Nazareno<\/strong><\/span><\/a> y <strong><span style=\"color: #0000ff;\">La Dolorosa<\/span><\/strong> antes de los d\u00edas de la pasi\u00f3n, <strong>una ceremonia que protagonizan cada a\u00f1o la Cofrad\u00eda del Cristo Yacente y Nuestra Se\u00f1ora de Los Dolores junto al Gremio de Labradores<\/strong>. Antes de la mencionada procesi\u00f3n tuvo lugar <strong>una misa solemne en la Parroquia de San Mauro y San Francisco<\/strong> mientras que una hora m\u00e1s tarde <strong>sali\u00f3 desde este templo la imagen de La Dolorosa<\/strong> acompa\u00f1ada de numerosos fieles. Al mismo tiempo<strong> efectu\u00f3 su salida El Nazareno<\/strong>, desde la capilla ubicada en la calle San Blai, para ascender hasta la Plaza de Espa\u00f1a y situarse en en &#8216;El Cant\u00f3 Piny\u00f3&#8217;.<\/p>\n<p style=\"text-align: justify;\">Fue en este \u00faltimo punto donde, ya de noche, <strong>se encontraron las dos im\u00e1genes ante la presencia de numeroso p\u00fablico<\/strong>. El Nazareno <strong>realiz\u00f3 las correspondientes reverencias a su madre<\/strong> mientras que <strong>La Dolorosa protagoniz\u00f3 los habituales acatamientos<\/strong>, un instante que estuvo tambi\u00e9n acompa\u00f1ado por las melod\u00edas que interpretaban desde <strong>la Coral Polif\u00f3nica Alcoyana<\/strong>. La <strong><span style=\"color: #0000ff;\">Colla de Campaners d&#8217;Alcoi<\/span><\/strong> efectu\u00f3 <strong>una serie de toques de penitencia desde la torre de Santa Mar\u00eda<\/strong> para acompa\u00f1ar este Encuentro de Despedida entre La Dolorosa y El Nazareno <strong>a la espera de la Resurrecci\u00f3n del pr\u00f3ximo domingo<\/strong>, momento en el que de nuevo madre e hijo se encontrar\u00e1n en el marco de la alegr\u00eda de la Pascua.<\/p>\n<p style=\"text-align: justify;\">Tras el Encuentro, <strong>El Nazareno sigui\u00f3 hasta su Capilla de la Calle Sant Blai<\/strong> y <strong>La Dolorosa culmin\u00f3 el trayecto en Santa Mar\u00eda<\/strong>. La siguiente procesi\u00f3n de la Semana Santa Alcoyana se ha programado para este <strong>Mi\u00e9rcoles Santo<\/strong> a las 20:00h desde San Mauro y San Francisco con <strong>la salida del Cristo Crucificado<\/strong> para tomar parte en el <strong>V\u00eda Crucis<\/strong> que se rezar\u00e1 por las calles del Centro.<\/p>\n<div id='gallery-1' class='gallery galleryid-113337 gallery-columns-1 gallery-size-large'><figure class='gallery-item'>\n\t\t\t<div class='gallery-icon landscape'>\n\t\t\t\t<a href='https:\/\/www.copealcoy.es\/es\/emotiva-despedida-en-alcoy-entre-el-nazareno-y-la-dolorosa-antes-de-la-pasion\/339113341_3470651473205371_662125214754187923_n\/'><img loading=\"lazy\" decoding=\"async\" width=\"960\" height=\"588\" src=\"https:\/\/www.copealcoy.es\/wp-content\/uploads\/2023\/04\/339113341_3470651473205371_662125214754187923_n-960x588.jpg\" class=\"attachment-large size-large\" alt=\"\" aria-describedby=\"gallery-1-113338\" \/><\/a>\n\t\t\t<\/div>\n\t\t\t\t<figcaption class='wp-caption-text gallery-caption' id='gallery-1-113338'>\n\t\t\t\tEncuentro Despedida Alcoy 2023\n\t\t\t\t<\/figcaption><\/figure><figure class='gallery-item'>\n\t\t\t<div class='gallery-icon landscape'>\n\t\t\t\t<a href='https:\/\/www.copealcoy.es\/es\/emotiva-despedida-en-alcoy-entre-el-nazareno-y-la-dolorosa-antes-de-la-pasion\/339271235_763807898459821_4725664645754262325_n\/'><img loading=\"lazy\" decoding=\"async\" width=\"980\" height=\"588\" src=\"https:\/\/www.copealcoy.es\/wp-content\/uploads\/2023\/04\/339271235_763807898459821_4725664645754262325_n-980x588.jpg\" class=\"attachment-large size-large\" alt=\"\" aria-describedby=\"gallery-1-113343\" \/><\/a>\n\t\t\t<\/div>\n\t\t\t\t<figcaption class='wp-caption-text gallery-caption' id='gallery-1-113343'>\n\t\t\t\tEncuentro Despedida Alcoy 2023\n\t\t\t\t<\/figcaption><\/figure><figure class='gallery-item'>\n\t\t\t<div class='gallery-icon landscape'>\n\t\t\t\t<a href='https:\/\/www.copealcoy.es\/es\/emotiva-despedida-en-alcoy-entre-el-nazareno-y-la-dolorosa-antes-de-la-pasion\/339109358_170764609179619_4893745994282415565_n\/'><img loading=\"lazy\" decoding=\"async\" width=\"960\" height=\"588\" src=\"https:\/\/www.copealcoy.es\/wp-content\/uploads\/2023\/04\/339109358_170764609179619_4893745994282415565_n-960x588.jpg\" class=\"attachment-large size-large\" alt=\"\" aria-describedby=\"gallery-1-113345\" \/><\/a>\n\t\t\t<\/div>\n\t\t\t\t<figcaption class='wp-caption-text gallery-caption' id='gallery-1-113345'>\n\t\t\t\tEncuentro Despedida Alcoy 2023\n\t\t\t\t<\/figcaption><\/figure>\n\t\t<\/div>\n\n","protected":false},"excerpt":{"rendered":"<p>Alcoy ya vive con intensidad los d\u00edas grandes de la Semana Santa tras un participativo Domingo de Ramos que estuvo&#8230;<\/p>\n","protected":false},"author":1,"featured_media":113338,"comment_status":"open","ping_status":"open","sticky":false,"template":"","format":"standard","meta":{"footnotes":""},"categories":[6909,97,78,75],"tags":[1494,2027,2029,1006,2028,917,745],"class_list":["post-113337","post","type-post","status-publish","format-standard","has-post-thumbnail","hentry","category-actualidad","category-alcoy","category-fiestaycultura","category-noticias","tag-alcoy","tag-despedida","tag-dolorosa","tag-encuentro","tag-nazareno","tag-procesion","tag-semana-santa"],"yoast_head":"<!-- This site is optimized with the Yoast SEO plugin v27.3 - https:\/\/yoast.com\/product\/yoast-seo-wordpress\/ -->\n<title>Emotiva despedida en Alcoy entre el Nazareno y La Dolorosa antes de la pasi\u00f3n - COPE Alcoy<\/title>\n<meta name=\"description\" content=\"La procesi\u00f3n del Encuentro de Despedida entre El Nazareno y La Dolorosa protagoniz\u00f3 la tarde del Domingo de Ramos\" \/>\n<meta name=\"robots\" content=\"index, follow, max-snippet:-1, max-image-preview:large, max-video-preview:-1\" \/>\n<link rel=\"canonical\" href=\"https:\/\/www.copealcoy.es\/es\/emotiva-despedida-en-alcoy-entre-el-nazareno-y-la-dolorosa-antes-de-la-pasion\/\" \/>\n<meta property=\"og:locale\" content=\"es_ES\" \/>\n<meta property=\"og:type\" content=\"article\" \/>\n<meta property=\"og:title\" content=\"Emotiva despedida en Alcoy entre el Nazareno y La Dolorosa antes de la pasi\u00f3n - COPE Alcoy\" \/>\n<meta property=\"og:description\" content=\"La procesi\u00f3n del Encuentro de Despedida entre El Nazareno y La Dolorosa protagoniz\u00f3 la tarde del Domingo de Ramos\" \/>\n<meta property=\"og:url\" content=\"https:\/\/www.copealcoy.es\/es\/emotiva-despedida-en-alcoy-entre-el-nazareno-y-la-dolorosa-antes-de-la-pasion\/\" \/>\n<meta property=\"og:site_name\" content=\"COPE Alcoy\" \/>\n<meta property=\"article:published_time\" content=\"2023-04-05T07:14:50+00:00\" \/>\n<meta property=\"article:modified_time\" content=\"2023-04-05T08:09:39+00:00\" \/>\n<meta property=\"og:image\" content=\"https:\/\/www.copealcoy.es\/wp-content\/uploads\/2023\/04\/339113341_3470651473205371_662125214754187923_n.jpg\" \/>\n\t<meta property=\"og:image:width\" content=\"960\" \/>\n\t<meta property=\"og:image:height\" content=\"640\" \/>\n\t<meta property=\"og:image:type\" content=\"image\/jpeg\" \/>\n<meta name=\"author\" content=\"Cope Alcoy\" \/>\n<meta name=\"twitter:label1\" content=\"Escrito por\" \/>\n\t<meta name=\"twitter:data1\" content=\"Cope Alcoy\" \/>\n\t<meta name=\"twitter:label2\" content=\"Tiempo de lectura\" \/>\n\t<meta name=\"twitter:data2\" content=\"2 minutos\" \/>\n<script type=\"application\/ld+json\" class=\"yoast-schema-graph\">{\"@context\":\"https:\\\/\\\/schema.org\",\"@graph\":[{\"@type\":\"Article\",\"@id\":\"https:\\\/\\\/www.copealcoy.es\\\/es\\\/emotiva-despedida-en-alcoy-entre-el-nazareno-y-la-dolorosa-antes-de-la-pasion\\\/#article\",\"isPartOf\":{\"@id\":\"https:\\\/\\\/www.copealcoy.es\\\/es\\\/emotiva-despedida-en-alcoy-entre-el-nazareno-y-la-dolorosa-antes-de-la-pasion\\\/\"},\"author\":{\"name\":\"Cope Alcoy\",\"@id\":\"https:\\\/\\\/www.copealcoy.es\\\/es\\\/#\\\/schema\\\/person\\\/e777c87fa024e57d40170af9df39882c\"},\"headline\":\"Emotiva despedida en Alcoy entre el Nazareno y La Dolorosa antes de la pasi\u00f3n\",\"datePublished\":\"2023-04-05T07:14:50+00:00\",\"dateModified\":\"2023-04-05T08:09:39+00:00\",\"mainEntityOfPage\":{\"@id\":\"https:\\\/\\\/www.copealcoy.es\\\/es\\\/emotiva-despedida-en-alcoy-entre-el-nazareno-y-la-dolorosa-antes-de-la-pasion\\\/\"},\"wordCount\":431,\"commentCount\":0,\"image\":{\"@id\":\"https:\\\/\\\/www.copealcoy.es\\\/es\\\/emotiva-despedida-en-alcoy-entre-el-nazareno-y-la-dolorosa-antes-de-la-pasion\\\/#primaryimage\"},\"thumbnailUrl\":\"https:\\\/\\\/www.copealcoy.es\\\/wp-content\\\/uploads\\\/2023\\\/04\\\/339113341_3470651473205371_662125214754187923_n.jpg\",\"keywords\":[\"Alcoy\",\"Despedida\",\"Dolorosa\",\"Encuentro\",\"Nazareno\",\"Procesi\u00f3n\",\"Semana Santa\"],\"articleSection\":[\"Actualidad\",\"Alcoy\",\"Fiesta y Cultura\",\"Noticias\"],\"inLanguage\":\"es\"},{\"@type\":\"WebPage\",\"@id\":\"https:\\\/\\\/www.copealcoy.es\\\/es\\\/emotiva-despedida-en-alcoy-entre-el-nazareno-y-la-dolorosa-antes-de-la-pasion\\\/\",\"url\":\"https:\\\/\\\/www.copealcoy.es\\\/es\\\/emotiva-despedida-en-alcoy-entre-el-nazareno-y-la-dolorosa-antes-de-la-pasion\\\/\",\"name\":\"Emotiva despedida en Alcoy entre el Nazareno y La Dolorosa antes de la pasi\u00f3n - COPE Alcoy\",\"isPartOf\":{\"@id\":\"https:\\\/\\\/www.copealcoy.es\\\/es\\\/#website\"},\"primaryImageOfPage\":{\"@id\":\"https:\\\/\\\/www.copealcoy.es\\\/es\\\/emotiva-despedida-en-alcoy-entre-el-nazareno-y-la-dolorosa-antes-de-la-pasion\\\/#primaryimage\"},\"image\":{\"@id\":\"https:\\\/\\\/www.copealcoy.es\\\/es\\\/emotiva-despedida-en-alcoy-entre-el-nazareno-y-la-dolorosa-antes-de-la-pasion\\\/#primaryimage\"},\"thumbnailUrl\":\"https:\\\/\\\/www.copealcoy.es\\\/wp-content\\\/uploads\\\/2023\\\/04\\\/339113341_3470651473205371_662125214754187923_n.jpg\",\"datePublished\":\"2023-04-05T07:14:50+00:00\",\"dateModified\":\"2023-04-05T08:09:39+00:00\",\"author\":{\"@id\":\"https:\\\/\\\/www.copealcoy.es\\\/es\\\/#\\\/schema\\\/person\\\/e777c87fa024e57d40170af9df39882c\"},\"description\":\"La procesi\u00f3n del Encuentro de Despedida entre El Nazareno y La Dolorosa protagoniz\u00f3 la tarde del Domingo de Ramos\",\"breadcrumb\":{\"@id\":\"https:\\\/\\\/www.copealcoy.es\\\/es\\\/emotiva-despedida-en-alcoy-entre-el-nazareno-y-la-dolorosa-antes-de-la-pasion\\\/#breadcrumb\"},\"inLanguage\":\"es\",\"potentialAction\":[{\"@type\":\"ReadAction\",\"target\":[\"https:\\\/\\\/www.copealcoy.es\\\/es\\\/emotiva-despedida-en-alcoy-entre-el-nazareno-y-la-dolorosa-antes-de-la-pasion\\\/\"]}]},{\"@type\":\"ImageObject\",\"inLanguage\":\"es\",\"@id\":\"https:\\\/\\\/www.copealcoy.es\\\/es\\\/emotiva-despedida-en-alcoy-entre-el-nazareno-y-la-dolorosa-antes-de-la-pasion\\\/#primaryimage\",\"url\":\"https:\\\/\\\/www.copealcoy.es\\\/wp-content\\\/uploads\\\/2023\\\/04\\\/339113341_3470651473205371_662125214754187923_n.jpg\",\"contentUrl\":\"https:\\\/\\\/www.copealcoy.es\\\/wp-content\\\/uploads\\\/2023\\\/04\\\/339113341_3470651473205371_662125214754187923_n.jpg\",\"width\":960,\"height\":640,\"caption\":\"Encuentro Despedida Alcoy 2023\"},{\"@type\":\"BreadcrumbList\",\"@id\":\"https:\\\/\\\/www.copealcoy.es\\\/es\\\/emotiva-despedida-en-alcoy-entre-el-nazareno-y-la-dolorosa-antes-de-la-pasion\\\/#breadcrumb\",\"itemListElement\":[{\"@type\":\"ListItem\",\"position\":1,\"name\":\"Portada\",\"item\":\"https:\\\/\\\/www.copealcoy.es\\\/es\\\/\"},{\"@type\":\"ListItem\",\"position\":2,\"name\":\"Emotiva despedida en Alcoy entre el Nazareno y La Dolorosa antes de la pasi\u00f3n\"}]},{\"@type\":\"WebSite\",\"@id\":\"https:\\\/\\\/www.copealcoy.es\\\/es\\\/#website\",\"url\":\"https:\\\/\\\/www.copealcoy.es\\\/es\\\/\",\"name\":\"COPE Alcoy\",\"description\":\"Emisora COPE de radio local con emisi\u00f3n online. Pont de Sant Jordi 8-10 03803 Alcoy\",\"potentialAction\":[{\"@type\":\"SearchAction\",\"target\":{\"@type\":\"EntryPoint\",\"urlTemplate\":\"https:\\\/\\\/www.copealcoy.es\\\/es\\\/?s={search_term_string}\"},\"query-input\":{\"@type\":\"PropertyValueSpecification\",\"valueRequired\":true,\"valueName\":\"search_term_string\"}}],\"inLanguage\":\"es\"},{\"@type\":\"Person\",\"@id\":\"https:\\\/\\\/www.copealcoy.es\\\/es\\\/#\\\/schema\\\/person\\\/e777c87fa024e57d40170af9df39882c\",\"name\":\"Cope Alcoy\",\"image\":{\"@type\":\"ImageObject\",\"inLanguage\":\"es\",\"@id\":\"https:\\\/\\\/secure.gravatar.com\\\/avatar\\\/bb65d0283347e303893ba14f0692005417c1e0e690a325a4c5d8bb2b3943ee14?s=96&d=mm&r=g\",\"url\":\"https:\\\/\\\/secure.gravatar.com\\\/avatar\\\/bb65d0283347e303893ba14f0692005417c1e0e690a325a4c5d8bb2b3943ee14?s=96&d=mm&r=g\",\"contentUrl\":\"https:\\\/\\\/secure.gravatar.com\\\/avatar\\\/bb65d0283347e303893ba14f0692005417c1e0e690a325a4c5d8bb2b3943ee14?s=96&d=mm&r=g\",\"caption\":\"Cope Alcoy\"}}]}<\/script>\n<!-- \/ Yoast SEO plugin. -->","yoast_head_json":{"title":"Emotiva despedida en Alcoy entre el Nazareno y La Dolorosa antes de la pasi\u00f3n - COPE Alcoy","description":"La procesi\u00f3n del Encuentro de Despedida entre El Nazareno y La Dolorosa protagoniz\u00f3 la tarde del Domingo de Ramos","robots":{"index":"index","follow":"follow","max-snippet":"max-snippet:-1","max-image-preview":"max-image-preview:large","max-video-preview":"max-video-preview:-1"},"canonical":"https:\/\/www.copealcoy.es\/es\/emotiva-despedida-en-alcoy-entre-el-nazareno-y-la-dolorosa-antes-de-la-pasion\/","og_locale":"es_ES","og_type":"article","og_title":"Emotiva despedida en Alcoy entre el Nazareno y La Dolorosa antes de la pasi\u00f3n - COPE Alcoy","og_description":"La procesi\u00f3n del Encuentro de Despedida entre El Nazareno y La Dolorosa protagoniz\u00f3 la tarde del Domingo de Ramos","og_url":"https:\/\/www.copealcoy.es\/es\/emotiva-despedida-en-alcoy-entre-el-nazareno-y-la-dolorosa-antes-de-la-pasion\/","og_site_name":"COPE Alcoy","article_published_time":"2023-04-05T07:14:50+00:00","article_modified_time":"2023-04-05T08:09:39+00:00","og_image":[{"width":960,"height":640,"url":"https:\/\/www.copealcoy.es\/wp-content\/uploads\/2023\/04\/339113341_3470651473205371_662125214754187923_n.jpg","type":"image\/jpeg"}],"author":"Cope Alcoy","twitter_misc":{"Escrito por":"Cope Alcoy","Tiempo de lectura":"2 minutos"},"schema":{"@context":"https:\/\/schema.org","@graph":[{"@type":"Article","@id":"https:\/\/www.copealcoy.es\/es\/emotiva-despedida-en-alcoy-entre-el-nazareno-y-la-dolorosa-antes-de-la-pasion\/#article","isPartOf":{"@id":"https:\/\/www.copealcoy.es\/es\/emotiva-despedida-en-alcoy-entre-el-nazareno-y-la-dolorosa-antes-de-la-pasion\/"},"author":{"name":"Cope Alcoy","@id":"https:\/\/www.copealcoy.es\/es\/#\/schema\/person\/e777c87fa024e57d40170af9df39882c"},"headline":"Emotiva despedida en Alcoy entre el Nazareno y La Dolorosa antes de la pasi\u00f3n","datePublished":"2023-04-05T07:14:50+00:00","dateModified":"2023-04-05T08:09:39+00:00","mainEntityOfPage":{"@id":"https:\/\/www.copealcoy.es\/es\/emotiva-despedida-en-alcoy-entre-el-nazareno-y-la-dolorosa-antes-de-la-pasion\/"},"wordCount":431,"commentCount":0,"image":{"@id":"https:\/\/www.copealcoy.es\/es\/emotiva-despedida-en-alcoy-entre-el-nazareno-y-la-dolorosa-antes-de-la-pasion\/#primaryimage"},"thumbnailUrl":"https:\/\/www.copealcoy.es\/wp-content\/uploads\/2023\/04\/339113341_3470651473205371_662125214754187923_n.jpg","keywords":["Alcoy","Despedida","Dolorosa","Encuentro","Nazareno","Procesi\u00f3n","Semana Santa"],"articleSection":["Actualidad","Alcoy","Fiesta y Cultura","Noticias"],"inLanguage":"es"},{"@type":"WebPage","@id":"https:\/\/www.copealcoy.es\/es\/emotiva-despedida-en-alcoy-entre-el-nazareno-y-la-dolorosa-antes-de-la-pasion\/","url":"https:\/\/www.copealcoy.es\/es\/emotiva-despedida-en-alcoy-entre-el-nazareno-y-la-dolorosa-antes-de-la-pasion\/","name":"Emotiva despedida en Alcoy entre el Nazareno y La Dolorosa antes de la pasi\u00f3n - COPE Alcoy","isPartOf":{"@id":"https:\/\/www.copealcoy.es\/es\/#website"},"primaryImageOfPage":{"@id":"https:\/\/www.copealcoy.es\/es\/emotiva-despedida-en-alcoy-entre-el-nazareno-y-la-dolorosa-antes-de-la-pasion\/#primaryimage"},"image":{"@id":"https:\/\/www.copealcoy.es\/es\/emotiva-despedida-en-alcoy-entre-el-nazareno-y-la-dolorosa-antes-de-la-pasion\/#primaryimage"},"thumbnailUrl":"https:\/\/www.copealcoy.es\/wp-content\/uploads\/2023\/04\/339113341_3470651473205371_662125214754187923_n.jpg","datePublished":"2023-04-05T07:14:50+00:00","dateModified":"2023-04-05T08:09:39+00:00","author":{"@id":"https:\/\/www.copealcoy.es\/es\/#\/schema\/person\/e777c87fa024e57d40170af9df39882c"},"description":"La procesi\u00f3n del Encuentro de Despedida entre El Nazareno y La Dolorosa protagoniz\u00f3 la tarde del Domingo de Ramos","breadcrumb":{"@id":"https:\/\/www.copealcoy.es\/es\/emotiva-despedida-en-alcoy-entre-el-nazareno-y-la-dolorosa-antes-de-la-pasion\/#breadcrumb"},"inLanguage":"es","potentialAction":[{"@type":"ReadAction","target":["https:\/\/www.copealcoy.es\/es\/emotiva-despedida-en-alcoy-entre-el-nazareno-y-la-dolorosa-antes-de-la-pasion\/"]}]},{"@type":"ImageObject","inLanguage":"es","@id":"https:\/\/www.copealcoy.es\/es\/emotiva-despedida-en-alcoy-entre-el-nazareno-y-la-dolorosa-antes-de-la-pasion\/#primaryimage","url":"https:\/\/www.copealcoy.es\/wp-content\/uploads\/2023\/04\/339113341_3470651473205371_662125214754187923_n.jpg","contentUrl":"https:\/\/www.copealcoy.es\/wp-content\/uploads\/2023\/04\/339113341_3470651473205371_662125214754187923_n.jpg","width":960,"height":640,"caption":"Encuentro Despedida Alcoy 2023"},{"@type":"BreadcrumbList","@id":"https:\/\/www.copealcoy.es\/es\/emotiva-despedida-en-alcoy-entre-el-nazareno-y-la-dolorosa-antes-de-la-pasion\/#breadcrumb","itemListElement":[{"@type":"ListItem","position":1,"name":"Portada","item":"https:\/\/www.copealcoy.es\/es\/"},{"@type":"ListItem","position":2,"name":"Emotiva despedida en Alcoy entre el Nazareno y La Dolorosa antes de la pasi\u00f3n"}]},{"@type":"WebSite","@id":"https:\/\/www.copealcoy.es\/es\/#website","url":"https:\/\/www.copealcoy.es\/es\/","name":"COPE Alcoy","description":"Emisora COPE de radio local con emisi\u00f3n online. Pont de Sant Jordi 8-10 03803 Alcoy","potentialAction":[{"@type":"SearchAction","target":{"@type":"EntryPoint","urlTemplate":"https:\/\/www.copealcoy.es\/es\/?s={search_term_string}"},"query-input":{"@type":"PropertyValueSpecification","valueRequired":true,"valueName":"search_term_string"}}],"inLanguage":"es"},{"@type":"Person","@id":"https:\/\/www.copealcoy.es\/es\/#\/schema\/person\/e777c87fa024e57d40170af9df39882c","name":"Cope Alcoy","image":{"@type":"ImageObject","inLanguage":"es","@id":"https:\/\/secure.gravatar.com\/avatar\/bb65d0283347e303893ba14f0692005417c1e0e690a325a4c5d8bb2b3943ee14?s=96&d=mm&r=g","url":"https:\/\/secure.gravatar.com\/avatar\/bb65d0283347e303893ba14f0692005417c1e0e690a325a4c5d8bb2b3943ee14?s=96&d=mm&r=g","contentUrl":"https:\/\/secure.gravatar.com\/avatar\/bb65d0283347e303893ba14f0692005417c1e0e690a325a4c5d8bb2b3943ee14?s=96&d=mm&r=g","caption":"Cope Alcoy"}}]}},"_links":{"self":[{"href":"https:\/\/www.copealcoy.es\/es\/wp-json\/wp\/v2\/posts\/113337","targetHints":{"allow":["GET"]}}],"collection":[{"href":"https:\/\/www.copealcoy.es\/es\/wp-json\/wp\/v2\/posts"}],"about":[{"href":"https:\/\/www.copealcoy.es\/es\/wp-json\/wp\/v2\/types\/post"}],"author":[{"embeddable":true,"href":"https:\/\/www.copealcoy.es\/es\/wp-json\/wp\/v2\/users\/1"}],"replies":[{"embeddable":true,"href":"https:\/\/www.copealcoy.es\/es\/wp-json\/wp\/v2\/comments?post=113337"}],"version-history":[{"count":0,"href":"https:\/\/www.copealcoy.es\/es\/wp-json\/wp\/v2\/posts\/113337\/revisions"}],"wp:featuredmedia":[{"embeddable":true,"href":"https:\/\/www.copealcoy.es\/es\/wp-json\/wp\/v2\/media\/113338"}],"wp:attachment":[{"href":"https:\/\/www.copealcoy.es\/es\/wp-json\/wp\/v2\/media?parent=113337"}],"wp:term":[{"taxonomy":"category","embeddable":true,"href":"https:\/\/www.copealcoy.es\/es\/wp-json\/wp\/v2\/categories?post=113337"},{"taxonomy":"post_tag","embeddable":true,"href":"https:\/\/www.copealcoy.es\/es\/wp-json\/wp\/v2\/tags?post=113337"}],"curies":[{"name":"wp","href":"https:\/\/api.w.org\/{rel}","templated":true}]}}