{"id":113322,"date":"2023-04-05T07:18:43","date_gmt":"2023-04-05T06:18:43","guid":{"rendered":"https:\/\/www.copealcoy.es\/?p=113322"},"modified":"2023-04-05T10:10:17","modified_gmt":"2023-04-05T09:10:17","slug":"informativo-matinal-miercoles-5-de-abril-2023-0750h","status":"publish","type":"post","link":"https:\/\/www.copealcoy.es\/es\/informativo-matinal-miercoles-5-de-abril-2023-0750h\/","title":{"rendered":"Informativo matinal mi\u00e9rcoles 5 de abril 2023 (07:50h)"},"content":{"rendered":"<p><iframe loading=\"lazy\" title=\"Informatiu Matinal Dimecres 5 Abril De 2023 (07:50h)\" width=\"100%\" height=\"120\" src=\"https:\/\/www.mixcloud.com\/widget\/iframe\/?feed=https%3A%2F%2Fwww.mixcloud.com%2FCOPEAlcoy%2Finformatiu-matinal-dimecres-5-abril-de-2023-0750h%2F&amp;hide_cover=1\" frameborder=\"0\"><\/iframe><\/p>\n<p style=\"text-align: justify;\">La <strong>soluci\u00f3n que plantea el Ayuntamiento<\/strong> para el problema de climatizaci\u00f3n de la Casa de Cultura de Alcoy y el <strong>aumento del paro en la ciudad<\/strong> este mes de marzo son algunas de las noticias destacadas de este 5 de abril de 2023.<\/p>\n<p style=\"text-align: justify;\">Sustituir <strong>el sistema de refrigeraci\u00f3n averiado de la Casa de la Cultura de Alcoy por el que dispone la Llotja de Sant Jordi<\/strong>. Esa es la actuaci\u00f3n con la que <strong>el Ayuntamiento pretende poner soluci\u00f3n a las temperaturas extremas<\/strong> que sufre el edifico que alberga la Biblioteca Municipal.<\/p>\n<p style=\"text-align: justify;\">Y es que, como contaba <strong>Cope Alcoy<\/strong>, <span style=\"color: #000080;\"><a style=\"color: #000080;\" href=\"https:\/\/www.copealcoy.es\/la-climatizacion-de-la-casa-de-la-cultura-de-alcoy-sigue-estropeada-estudiar-y-trabajar-a-10oc\/\" target=\"_blank\" rel=\"noopener\">se llegan a alcanzar los 30\u00baC en verano y los 10 en invierno<\/a><\/span>. La soluci\u00f3n, no obstante, es inminente. &#8220;Puede que estemos hablando de que <strong>en 20 o 30 d\u00edas ya est\u00e1 hecho<\/strong>. Es una cosa r\u00e1pida y que podemos tenerla pronto&#8221;, aseguraba <strong>Ra\u00fcl Llopis<\/strong>, concejal de Cultura, durante el primer debate sectorial organizado por Cope Alcoy.<\/p>\n<p style=\"text-align: justify;\">Sin embargo, desde el Partido Popular consideran que no es una soluci\u00f3n efectiva. &#8220;Nos hemos dado cuenta de que estamos vistiendo un santo y desvistiendo otro. Tendremos <strong>una Llotja con goteras, sin m\u00e1quina y sin licencia de apertura<\/strong>&#8220;, lamentaba <strong>Quico Cant\u00f3<\/strong>, edil de la formaci\u00f3n. Unas declaraciones a las que Llopis ha respondido asegurando que es una m\u00e1quina -la de la Llotja- que <strong>lleva catorce a\u00f1os en desuso<\/strong>.<\/p>\n<p style=\"text-align: justify;\">El concejal ha anunciado tambi\u00e9n que la partida de 60.000 euros con la que se pretend\u00eda arreglar el problema de climatizaci\u00f3n se utilizar\u00e1 para el mantenimiento del resto de la instalaci\u00f3n del edificio.<\/p>\n<p><strong>La reforma del Teatro Principal<\/strong><\/p>\n<p>Durante el debate, el concejal de Cultura anunci\u00f3 tambi\u00e9n los avances en la <strong>rehabilitaci\u00f3n del Teatro Principal<\/strong> que, adem\u00e1s, <strong>lleva desde 2018 sin programaci\u00f3n regular<\/strong>. &#8220;Este lunes enviamos el proyecto definitivo de reforma del Principal. Ahora <strong>la pelota la tienen en Conselleria<\/strong>. Nosotros hemos hecho lo que nos han exigido, que era tener el presupuesto totalmente revisado y actualizado. Quer\u00edan un \u00fanico proyecto que pudiera dar garant\u00eda a que se utilizaran recursos de los Presupuestos Participativos en este proyecto&#8221;.<\/p>\n","protected":false},"excerpt":{"rendered":"<p>La soluci\u00f3n que plantea el Ayuntamiento para el problema de climatizaci\u00f3n de la Casa de Cultura de Alcoy y el&#8230;<\/p>\n","protected":false},"author":1,"featured_media":110612,"comment_status":"open","ping_status":"open","sticky":false,"template":"","format":"standard","meta":{"footnotes":""},"categories":[6909,89,91],"tags":[],"class_list":["post-113322","post","type-post","status-publish","format-standard","has-post-thumbnail","hentry","category-actualidad","category-audiosdelosprogramas","category-informativos"],"yoast_head":"<!-- This site is optimized with the Yoast SEO plugin v27.3 - https:\/\/yoast.com\/product\/yoast-seo-wordpress\/ -->\n<title>Informativo matinal mi\u00e9rcoles 5 de abril 2023 (07:50h) - COPE Alcoy<\/title>\n<meta name=\"description\" content=\"La soluci\u00f3n que plantea el Ayuntamiento para el problema de climatizaci\u00f3n de la casa de Cultura de Alcoy y el aumento del paro en la ciudad este mes de marzo son algunas de las noticias destacadas de este 5 de abril de 2023.\" \/>\n<meta name=\"robots\" content=\"index, follow, max-snippet:-1, max-image-preview:large, max-video-preview:-1\" \/>\n<link rel=\"canonical\" href=\"https:\/\/www.copealcoy.es\/es\/informativo-matinal-miercoles-5-de-abril-2023-0750h\/\" \/>\n<meta property=\"og:locale\" content=\"es_ES\" \/>\n<meta property=\"og:type\" content=\"article\" \/>\n<meta property=\"og:title\" content=\"Informativo matinal mi\u00e9rcoles 5 de abril 2023 (07:50h) - COPE Alcoy\" \/>\n<meta property=\"og:description\" content=\"La soluci\u00f3n que plantea el Ayuntamiento para el problema de climatizaci\u00f3n de la casa de Cultura de Alcoy y el aumento del paro en la ciudad este mes de marzo son algunas de las noticias destacadas de este 5 de abril de 2023.\" \/>\n<meta property=\"og:url\" content=\"https:\/\/www.copealcoy.es\/es\/informativo-matinal-miercoles-5-de-abril-2023-0750h\/\" \/>\n<meta property=\"og:site_name\" content=\"COPE Alcoy\" \/>\n<meta property=\"article:published_time\" content=\"2023-04-05T06:18:43+00:00\" \/>\n<meta property=\"article:modified_time\" content=\"2023-04-05T09:10:17+00:00\" \/>\n<meta property=\"og:image\" content=\"https:\/\/www.copealcoy.es\/wp-content\/uploads\/2023\/02\/Herrera-en-COPE-Alcoy-4.png\" \/>\n\t<meta property=\"og:image:width\" content=\"357\" \/>\n\t<meta property=\"og:image:height\" content=\"290\" \/>\n\t<meta property=\"og:image:type\" content=\"image\/png\" \/>\n<meta name=\"author\" content=\"Cope Alcoy\" \/>\n<meta name=\"twitter:label1\" content=\"Escrito por\" \/>\n\t<meta name=\"twitter:data1\" content=\"Cope Alcoy\" \/>\n\t<meta name=\"twitter:label2\" content=\"Tiempo de lectura\" \/>\n\t<meta name=\"twitter:data2\" content=\"2 minutos\" \/>\n<script type=\"application\/ld+json\" class=\"yoast-schema-graph\">{\"@context\":\"https:\\\/\\\/schema.org\",\"@graph\":[{\"@type\":\"Article\",\"@id\":\"https:\\\/\\\/www.copealcoy.es\\\/es\\\/informativo-matinal-miercoles-5-de-abril-2023-0750h\\\/#article\",\"isPartOf\":{\"@id\":\"https:\\\/\\\/www.copealcoy.es\\\/es\\\/informativo-matinal-miercoles-5-de-abril-2023-0750h\\\/\"},\"author\":{\"name\":\"Cope Alcoy\",\"@id\":\"https:\\\/\\\/www.copealcoy.es\\\/es\\\/#\\\/schema\\\/person\\\/e777c87fa024e57d40170af9df39882c\"},\"headline\":\"Informativo matinal mi\u00e9rcoles 5 de abril 2023 (07:50h)\",\"datePublished\":\"2023-04-05T06:18:43+00:00\",\"dateModified\":\"2023-04-05T09:10:17+00:00\",\"mainEntityOfPage\":{\"@id\":\"https:\\\/\\\/www.copealcoy.es\\\/es\\\/informativo-matinal-miercoles-5-de-abril-2023-0750h\\\/\"},\"wordCount\":373,\"commentCount\":0,\"image\":{\"@id\":\"https:\\\/\\\/www.copealcoy.es\\\/es\\\/informativo-matinal-miercoles-5-de-abril-2023-0750h\\\/#primaryimage\"},\"thumbnailUrl\":\"https:\\\/\\\/www.copealcoy.es\\\/wp-content\\\/uploads\\\/2023\\\/02\\\/Herrera-en-COPE-Alcoy-4.png\",\"articleSection\":[\"Actualidad\",\"Audios de los programas\",\"Informativos\"],\"inLanguage\":\"es\"},{\"@type\":\"WebPage\",\"@id\":\"https:\\\/\\\/www.copealcoy.es\\\/es\\\/informativo-matinal-miercoles-5-de-abril-2023-0750h\\\/\",\"url\":\"https:\\\/\\\/www.copealcoy.es\\\/es\\\/informativo-matinal-miercoles-5-de-abril-2023-0750h\\\/\",\"name\":\"Informativo matinal mi\u00e9rcoles 5 de abril 2023 (07:50h) - COPE Alcoy\",\"isPartOf\":{\"@id\":\"https:\\\/\\\/www.copealcoy.es\\\/es\\\/#website\"},\"primaryImageOfPage\":{\"@id\":\"https:\\\/\\\/www.copealcoy.es\\\/es\\\/informativo-matinal-miercoles-5-de-abril-2023-0750h\\\/#primaryimage\"},\"image\":{\"@id\":\"https:\\\/\\\/www.copealcoy.es\\\/es\\\/informativo-matinal-miercoles-5-de-abril-2023-0750h\\\/#primaryimage\"},\"thumbnailUrl\":\"https:\\\/\\\/www.copealcoy.es\\\/wp-content\\\/uploads\\\/2023\\\/02\\\/Herrera-en-COPE-Alcoy-4.png\",\"datePublished\":\"2023-04-05T06:18:43+00:00\",\"dateModified\":\"2023-04-05T09:10:17+00:00\",\"author\":{\"@id\":\"https:\\\/\\\/www.copealcoy.es\\\/es\\\/#\\\/schema\\\/person\\\/e777c87fa024e57d40170af9df39882c\"},\"description\":\"La soluci\u00f3n que plantea el Ayuntamiento para el problema de climatizaci\u00f3n de la casa de Cultura de Alcoy y el aumento del paro en la ciudad este mes de marzo son algunas de las noticias destacadas de este 5 de abril de 2023.\",\"breadcrumb\":{\"@id\":\"https:\\\/\\\/www.copealcoy.es\\\/es\\\/informativo-matinal-miercoles-5-de-abril-2023-0750h\\\/#breadcrumb\"},\"inLanguage\":\"es\",\"potentialAction\":[{\"@type\":\"ReadAction\",\"target\":[\"https:\\\/\\\/www.copealcoy.es\\\/es\\\/informativo-matinal-miercoles-5-de-abril-2023-0750h\\\/\"]}]},{\"@type\":\"ImageObject\",\"inLanguage\":\"es\",\"@id\":\"https:\\\/\\\/www.copealcoy.es\\\/es\\\/informativo-matinal-miercoles-5-de-abril-2023-0750h\\\/#primaryimage\",\"url\":\"https:\\\/\\\/www.copealcoy.es\\\/wp-content\\\/uploads\\\/2023\\\/02\\\/Herrera-en-COPE-Alcoy-4.png\",\"contentUrl\":\"https:\\\/\\\/www.copealcoy.es\\\/wp-content\\\/uploads\\\/2023\\\/02\\\/Herrera-en-COPE-Alcoy-4.png\",\"width\":357,\"height\":290},{\"@type\":\"BreadcrumbList\",\"@id\":\"https:\\\/\\\/www.copealcoy.es\\\/es\\\/informativo-matinal-miercoles-5-de-abril-2023-0750h\\\/#breadcrumb\",\"itemListElement\":[{\"@type\":\"ListItem\",\"position\":1,\"name\":\"Portada\",\"item\":\"https:\\\/\\\/www.copealcoy.es\\\/es\\\/\"},{\"@type\":\"ListItem\",\"position\":2,\"name\":\"Informativo matinal mi\u00e9rcoles 5 de abril 2023 (07:50h)\"}]},{\"@type\":\"WebSite\",\"@id\":\"https:\\\/\\\/www.copealcoy.es\\\/es\\\/#website\",\"url\":\"https:\\\/\\\/www.copealcoy.es\\\/es\\\/\",\"name\":\"COPE Alcoy\",\"description\":\"Emisora COPE de radio local con emisi\u00f3n online. Pont de Sant Jordi 8-10 03803 Alcoy\",\"potentialAction\":[{\"@type\":\"SearchAction\",\"target\":{\"@type\":\"EntryPoint\",\"urlTemplate\":\"https:\\\/\\\/www.copealcoy.es\\\/es\\\/?s={search_term_string}\"},\"query-input\":{\"@type\":\"PropertyValueSpecification\",\"valueRequired\":true,\"valueName\":\"search_term_string\"}}],\"inLanguage\":\"es\"},{\"@type\":\"Person\",\"@id\":\"https:\\\/\\\/www.copealcoy.es\\\/es\\\/#\\\/schema\\\/person\\\/e777c87fa024e57d40170af9df39882c\",\"name\":\"Cope Alcoy\",\"image\":{\"@type\":\"ImageObject\",\"inLanguage\":\"es\",\"@id\":\"https:\\\/\\\/secure.gravatar.com\\\/avatar\\\/bb65d0283347e303893ba14f0692005417c1e0e690a325a4c5d8bb2b3943ee14?s=96&d=mm&r=g\",\"url\":\"https:\\\/\\\/secure.gravatar.com\\\/avatar\\\/bb65d0283347e303893ba14f0692005417c1e0e690a325a4c5d8bb2b3943ee14?s=96&d=mm&r=g\",\"contentUrl\":\"https:\\\/\\\/secure.gravatar.com\\\/avatar\\\/bb65d0283347e303893ba14f0692005417c1e0e690a325a4c5d8bb2b3943ee14?s=96&d=mm&r=g\",\"caption\":\"Cope Alcoy\"}}]}<\/script>\n<!-- \/ Yoast SEO plugin. -->","yoast_head_json":{"title":"Informativo matinal mi\u00e9rcoles 5 de abril 2023 (07:50h) - COPE Alcoy","description":"La soluci\u00f3n que plantea el Ayuntamiento para el problema de climatizaci\u00f3n de la casa de Cultura de Alcoy y el aumento del paro en la ciudad este mes de marzo son algunas de las noticias destacadas de este 5 de abril de 2023.","robots":{"index":"index","follow":"follow","max-snippet":"max-snippet:-1","max-image-preview":"max-image-preview:large","max-video-preview":"max-video-preview:-1"},"canonical":"https:\/\/www.copealcoy.es\/es\/informativo-matinal-miercoles-5-de-abril-2023-0750h\/","og_locale":"es_ES","og_type":"article","og_title":"Informativo matinal mi\u00e9rcoles 5 de abril 2023 (07:50h) - COPE Alcoy","og_description":"La soluci\u00f3n que plantea el Ayuntamiento para el problema de climatizaci\u00f3n de la casa de Cultura de Alcoy y el aumento del paro en la ciudad este mes de marzo son algunas de las noticias destacadas de este 5 de abril de 2023.","og_url":"https:\/\/www.copealcoy.es\/es\/informativo-matinal-miercoles-5-de-abril-2023-0750h\/","og_site_name":"COPE Alcoy","article_published_time":"2023-04-05T06:18:43+00:00","article_modified_time":"2023-04-05T09:10:17+00:00","og_image":[{"width":357,"height":290,"url":"https:\/\/www.copealcoy.es\/wp-content\/uploads\/2023\/02\/Herrera-en-COPE-Alcoy-4.png","type":"image\/png"}],"author":"Cope Alcoy","twitter_misc":{"Escrito por":"Cope Alcoy","Tiempo de lectura":"2 minutos"},"schema":{"@context":"https:\/\/schema.org","@graph":[{"@type":"Article","@id":"https:\/\/www.copealcoy.es\/es\/informativo-matinal-miercoles-5-de-abril-2023-0750h\/#article","isPartOf":{"@id":"https:\/\/www.copealcoy.es\/es\/informativo-matinal-miercoles-5-de-abril-2023-0750h\/"},"author":{"name":"Cope Alcoy","@id":"https:\/\/www.copealcoy.es\/es\/#\/schema\/person\/e777c87fa024e57d40170af9df39882c"},"headline":"Informativo matinal mi\u00e9rcoles 5 de abril 2023 (07:50h)","datePublished":"2023-04-05T06:18:43+00:00","dateModified":"2023-04-05T09:10:17+00:00","mainEntityOfPage":{"@id":"https:\/\/www.copealcoy.es\/es\/informativo-matinal-miercoles-5-de-abril-2023-0750h\/"},"wordCount":373,"commentCount":0,"image":{"@id":"https:\/\/www.copealcoy.es\/es\/informativo-matinal-miercoles-5-de-abril-2023-0750h\/#primaryimage"},"thumbnailUrl":"https:\/\/www.copealcoy.es\/wp-content\/uploads\/2023\/02\/Herrera-en-COPE-Alcoy-4.png","articleSection":["Actualidad","Audios de los programas","Informativos"],"inLanguage":"es"},{"@type":"WebPage","@id":"https:\/\/www.copealcoy.es\/es\/informativo-matinal-miercoles-5-de-abril-2023-0750h\/","url":"https:\/\/www.copealcoy.es\/es\/informativo-matinal-miercoles-5-de-abril-2023-0750h\/","name":"Informativo matinal mi\u00e9rcoles 5 de abril 2023 (07:50h) - COPE Alcoy","isPartOf":{"@id":"https:\/\/www.copealcoy.es\/es\/#website"},"primaryImageOfPage":{"@id":"https:\/\/www.copealcoy.es\/es\/informativo-matinal-miercoles-5-de-abril-2023-0750h\/#primaryimage"},"image":{"@id":"https:\/\/www.copealcoy.es\/es\/informativo-matinal-miercoles-5-de-abril-2023-0750h\/#primaryimage"},"thumbnailUrl":"https:\/\/www.copealcoy.es\/wp-content\/uploads\/2023\/02\/Herrera-en-COPE-Alcoy-4.png","datePublished":"2023-04-05T06:18:43+00:00","dateModified":"2023-04-05T09:10:17+00:00","author":{"@id":"https:\/\/www.copealcoy.es\/es\/#\/schema\/person\/e777c87fa024e57d40170af9df39882c"},"description":"La soluci\u00f3n que plantea el Ayuntamiento para el problema de climatizaci\u00f3n de la casa de Cultura de Alcoy y el aumento del paro en la ciudad este mes de marzo son algunas de las noticias destacadas de este 5 de abril de 2023.","breadcrumb":{"@id":"https:\/\/www.copealcoy.es\/es\/informativo-matinal-miercoles-5-de-abril-2023-0750h\/#breadcrumb"},"inLanguage":"es","potentialAction":[{"@type":"ReadAction","target":["https:\/\/www.copealcoy.es\/es\/informativo-matinal-miercoles-5-de-abril-2023-0750h\/"]}]},{"@type":"ImageObject","inLanguage":"es","@id":"https:\/\/www.copealcoy.es\/es\/informativo-matinal-miercoles-5-de-abril-2023-0750h\/#primaryimage","url":"https:\/\/www.copealcoy.es\/wp-content\/uploads\/2023\/02\/Herrera-en-COPE-Alcoy-4.png","contentUrl":"https:\/\/www.copealcoy.es\/wp-content\/uploads\/2023\/02\/Herrera-en-COPE-Alcoy-4.png","width":357,"height":290},{"@type":"BreadcrumbList","@id":"https:\/\/www.copealcoy.es\/es\/informativo-matinal-miercoles-5-de-abril-2023-0750h\/#breadcrumb","itemListElement":[{"@type":"ListItem","position":1,"name":"Portada","item":"https:\/\/www.copealcoy.es\/es\/"},{"@type":"ListItem","position":2,"name":"Informativo matinal mi\u00e9rcoles 5 de abril 2023 (07:50h)"}]},{"@type":"WebSite","@id":"https:\/\/www.copealcoy.es\/es\/#website","url":"https:\/\/www.copealcoy.es\/es\/","name":"COPE Alcoy","description":"Emisora COPE de radio local con emisi\u00f3n online. Pont de Sant Jordi 8-10 03803 Alcoy","potentialAction":[{"@type":"SearchAction","target":{"@type":"EntryPoint","urlTemplate":"https:\/\/www.copealcoy.es\/es\/?s={search_term_string}"},"query-input":{"@type":"PropertyValueSpecification","valueRequired":true,"valueName":"search_term_string"}}],"inLanguage":"es"},{"@type":"Person","@id":"https:\/\/www.copealcoy.es\/es\/#\/schema\/person\/e777c87fa024e57d40170af9df39882c","name":"Cope Alcoy","image":{"@type":"ImageObject","inLanguage":"es","@id":"https:\/\/secure.gravatar.com\/avatar\/bb65d0283347e303893ba14f0692005417c1e0e690a325a4c5d8bb2b3943ee14?s=96&d=mm&r=g","url":"https:\/\/secure.gravatar.com\/avatar\/bb65d0283347e303893ba14f0692005417c1e0e690a325a4c5d8bb2b3943ee14?s=96&d=mm&r=g","contentUrl":"https:\/\/secure.gravatar.com\/avatar\/bb65d0283347e303893ba14f0692005417c1e0e690a325a4c5d8bb2b3943ee14?s=96&d=mm&r=g","caption":"Cope Alcoy"}}]}},"_links":{"self":[{"href":"https:\/\/www.copealcoy.es\/es\/wp-json\/wp\/v2\/posts\/113322","targetHints":{"allow":["GET"]}}],"collection":[{"href":"https:\/\/www.copealcoy.es\/es\/wp-json\/wp\/v2\/posts"}],"about":[{"href":"https:\/\/www.copealcoy.es\/es\/wp-json\/wp\/v2\/types\/post"}],"author":[{"embeddable":true,"href":"https:\/\/www.copealcoy.es\/es\/wp-json\/wp\/v2\/users\/1"}],"replies":[{"embeddable":true,"href":"https:\/\/www.copealcoy.es\/es\/wp-json\/wp\/v2\/comments?post=113322"}],"version-history":[{"count":0,"href":"https:\/\/www.copealcoy.es\/es\/wp-json\/wp\/v2\/posts\/113322\/revisions"}],"wp:featuredmedia":[{"embeddable":true,"href":"https:\/\/www.copealcoy.es\/es\/wp-json\/wp\/v2\/media\/110612"}],"wp:attachment":[{"href":"https:\/\/www.copealcoy.es\/es\/wp-json\/wp\/v2\/media?parent=113322"}],"wp:term":[{"taxonomy":"category","embeddable":true,"href":"https:\/\/www.copealcoy.es\/es\/wp-json\/wp\/v2\/categories?post=113322"},{"taxonomy":"post_tag","embeddable":true,"href":"https:\/\/www.copealcoy.es\/es\/wp-json\/wp\/v2\/tags?post=113322"}],"curies":[{"name":"wp","href":"https:\/\/api.w.org\/{rel}","templated":true}]}}