{"id":113199,"date":"2023-04-03T08:00:58","date_gmt":"2023-04-03T07:00:58","guid":{"rendered":"https:\/\/www.copealcoy.es\/?p=113199"},"modified":"2023-04-03T11:06:41","modified_gmt":"2023-04-03T10:06:41","slug":"que-tiempo-hara-en-alcoy-durante-la-semana-santa","status":"publish","type":"post","link":"https:\/\/www.copealcoy.es\/es\/que-tiempo-hara-en-alcoy-durante-la-semana-santa\/","title":{"rendered":"\u00bfQu\u00e9 tiempo har\u00e1 en Alcoy durante la Semana Santa?"},"content":{"rendered":"<p style=\"text-align: justify;\">Arranca la Semana Santa y <strong>todas las miradas est\u00e1n puestas en la previsi\u00f3n del tiempo<\/strong> despu\u00e9s de que ayer <strong>vivi\u00e9ramos un Domingo de Ramos marcado por el sol as\u00ed como unas temperaturas agradables<\/strong>. Las previsiones de <a href=\"https:\/\/www.aemet.es\/es\/portada\" target=\"_blank\" rel=\"noopener\"><span style=\"color: #0000ff;\"><strong>la Agencia Estatal de Meteorolog\u00eda (AEMET)<\/strong> <\/span><\/a>apuntan a que esta situaci\u00f3n <strong>se mantendr\u00e1 pr\u00e1cticamente hasta el d\u00eda de Pascua<\/strong> aunque <strong>hay alg\u00fan matiz<\/strong> para jornadas como la del Martes Santo.<\/p>\n<p style=\"text-align: justify;\">Seg\u00fan la <strong>AEMET<\/strong>, este <strong>Lunes Santo<\/strong> vendr\u00e1 marcado por el sol, con paso de nubes a primera hora de la tarde, y las m\u00e1ximas ser\u00e1n de 19 grados mientras que las m\u00ednimas estar\u00e1n en torno a los 6 durante la pr\u00f3xima madrugada. El <strong>Martes Santo<\/strong>, como avanz\u00e1bamos anteriormente, puede ser la jornada m\u00e1s complicada ya que el d\u00eda podr\u00eda arrancar con cielos cubiertos as\u00ed como chubascos mientras que a medida que avance el d\u00eda volver\u00e1 a lucir el sol. M\u00e1ximas y m\u00ednimas apenas sufrir\u00edan cambios. A partir del <strong>Mi\u00e9rcoles Santo<\/strong> remontan las temperaturas hasta subir a los 18 grados y el <strong>Jueves Santo<\/strong> seguir\u00edan en ascenso hasta alcanzar los 20 grados en la ciudad. Tendr\u00edamos en ambas jornadas cielos despejados con predominio del sol, sin riesgo alguno de chubascos, con lo cual podr\u00e1n salir a la calle con normalidad procesiones como la del V\u00eda Crucis o la del silencio.<\/p>\n<p style=\"text-align: justify;\">El <strong>Viernes Santo<\/strong> tendremos alternancia de nubes y claros en Alcoy, as\u00ed como en toda la comarca, y las m\u00e1ximas seguir\u00e1n subiendo hasta alcanzar los 22 grados. De esta forma tampoco habr\u00e1 ning\u00fan problema para que se desarrollen con absoluta normalidad las procesiones del Santo Entierro de todos los municipios junto a iniciativas l\u00fadicas como el &#8216;Mercat de Divendres Sant&#8217; de Benilloba que se arranca este mismo viernes. La climatolog\u00eda apenas sufrir\u00e1 cambios de cara al <strong>S\u00e1bado Santo<\/strong> con m\u00e1ximas que subir\u00e1n unos cuantos grados m\u00e1s hasta llegar a los 23 grados y las m\u00ednimas ser\u00e1n de 8.<\/p>\n<p style=\"text-align: justify;\">Finalmente <strong>Domingo de Pascua<\/strong> todo apunta, seg\u00fan la AEMET, a que viviremos un espl\u00e9ndido d\u00eda de Gloria. En esta jornada se esperan alternancia de nubes y claros con m\u00e1ximas de 21 grados y m\u00ednimas sin pr\u00e1cticamente cambios.<\/p>\n","protected":false},"excerpt":{"rendered":"<p>Arranca la Semana Santa y todas las miradas est\u00e1n puestas en la previsi\u00f3n del tiempo despu\u00e9s de que ayer vivi\u00e9ramos&#8230;<\/p>\n","protected":false},"author":1,"featured_media":54108,"comment_status":"open","ping_status":"open","sticky":false,"template":"","format":"standard","meta":{"footnotes":""},"categories":[6909,97,75],"tags":[14439,1494,6976,14438],"class_list":["post-113199","post","type-post","status-publish","format-standard","has-post-thumbnail","hentry","category-actualidad","category-alcoy","category-noticias","tag-agencia-estatal-de-meteorologia","tag-alcoy","tag-climatologia","tag-prevision-del-tiempo"],"yoast_head":"<!-- This site is optimized with the Yoast SEO plugin v27.3 - https:\/\/yoast.com\/product\/yoast-seo-wordpress\/ -->\n<title>\u00bfQu\u00e9 tiempo har\u00e1 en Alcoy durante la Semana Santa? - COPE Alcoy<\/title>\n<meta name=\"description\" content=\"Arranca la Semana Santa y todas las miradas est\u00e1n puestas en la previsi\u00f3n del tiempo para los pr\u00f3ximos d\u00edas\" \/>\n<meta name=\"robots\" content=\"index, follow, max-snippet:-1, max-image-preview:large, max-video-preview:-1\" \/>\n<link rel=\"canonical\" href=\"https:\/\/www.copealcoy.es\/es\/que-tiempo-hara-en-alcoy-durante-la-semana-santa\/\" \/>\n<meta property=\"og:locale\" content=\"es_ES\" \/>\n<meta property=\"og:type\" content=\"article\" \/>\n<meta property=\"og:title\" content=\"\u00bfQu\u00e9 tiempo har\u00e1 en Alcoy durante la Semana Santa? - COPE Alcoy\" \/>\n<meta property=\"og:description\" content=\"Arranca la Semana Santa y todas las miradas est\u00e1n puestas en la previsi\u00f3n del tiempo para los pr\u00f3ximos d\u00edas\" \/>\n<meta property=\"og:url\" content=\"https:\/\/www.copealcoy.es\/es\/que-tiempo-hara-en-alcoy-durante-la-semana-santa\/\" \/>\n<meta property=\"og:site_name\" content=\"COPE Alcoy\" \/>\n<meta property=\"article:published_time\" content=\"2023-04-03T07:00:58+00:00\" \/>\n<meta property=\"article:modified_time\" content=\"2023-04-03T10:06:41+00:00\" \/>\n<meta property=\"og:image\" content=\"https:\/\/www.copealcoy.es\/wp-content\/uploads\/2019\/08\/88187-600-338-1.jpg\" \/>\n\t<meta property=\"og:image:width\" content=\"600\" \/>\n\t<meta property=\"og:image:height\" content=\"338\" \/>\n\t<meta property=\"og:image:type\" content=\"image\/jpeg\" \/>\n<meta name=\"author\" content=\"Cope Alcoy\" \/>\n<meta name=\"twitter:label1\" content=\"Escrito por\" \/>\n\t<meta name=\"twitter:data1\" content=\"Cope Alcoy\" \/>\n\t<meta name=\"twitter:label2\" content=\"Tiempo de lectura\" \/>\n\t<meta name=\"twitter:data2\" content=\"2 minutos\" \/>\n<script type=\"application\/ld+json\" class=\"yoast-schema-graph\">{\"@context\":\"https:\\\/\\\/schema.org\",\"@graph\":[{\"@type\":\"Article\",\"@id\":\"https:\\\/\\\/www.copealcoy.es\\\/es\\\/que-tiempo-hara-en-alcoy-durante-la-semana-santa\\\/#article\",\"isPartOf\":{\"@id\":\"https:\\\/\\\/www.copealcoy.es\\\/es\\\/que-tiempo-hara-en-alcoy-durante-la-semana-santa\\\/\"},\"author\":{\"name\":\"Cope Alcoy\",\"@id\":\"https:\\\/\\\/www.copealcoy.es\\\/es\\\/#\\\/schema\\\/person\\\/e777c87fa024e57d40170af9df39882c\"},\"headline\":\"\u00bfQu\u00e9 tiempo har\u00e1 en Alcoy durante la Semana Santa?\",\"datePublished\":\"2023-04-03T07:00:58+00:00\",\"dateModified\":\"2023-04-03T10:06:41+00:00\",\"mainEntityOfPage\":{\"@id\":\"https:\\\/\\\/www.copealcoy.es\\\/es\\\/que-tiempo-hara-en-alcoy-durante-la-semana-santa\\\/\"},\"wordCount\":396,\"commentCount\":0,\"image\":{\"@id\":\"https:\\\/\\\/www.copealcoy.es\\\/es\\\/que-tiempo-hara-en-alcoy-durante-la-semana-santa\\\/#primaryimage\"},\"thumbnailUrl\":\"https:\\\/\\\/www.copealcoy.es\\\/wp-content\\\/uploads\\\/2019\\\/08\\\/88187-600-338-1.jpg\",\"keywords\":[\"Agencia Estatal de Meteorolog\u00eda\",\"Alcoy\",\"climatolog\u00eda\",\"previsi\u00f3n del tiempo\"],\"articleSection\":[\"Actualidad\",\"Alcoy\",\"Noticias\"],\"inLanguage\":\"es\"},{\"@type\":\"WebPage\",\"@id\":\"https:\\\/\\\/www.copealcoy.es\\\/es\\\/que-tiempo-hara-en-alcoy-durante-la-semana-santa\\\/\",\"url\":\"https:\\\/\\\/www.copealcoy.es\\\/es\\\/que-tiempo-hara-en-alcoy-durante-la-semana-santa\\\/\",\"name\":\"\u00bfQu\u00e9 tiempo har\u00e1 en Alcoy durante la Semana Santa? - COPE Alcoy\",\"isPartOf\":{\"@id\":\"https:\\\/\\\/www.copealcoy.es\\\/es\\\/#website\"},\"primaryImageOfPage\":{\"@id\":\"https:\\\/\\\/www.copealcoy.es\\\/es\\\/que-tiempo-hara-en-alcoy-durante-la-semana-santa\\\/#primaryimage\"},\"image\":{\"@id\":\"https:\\\/\\\/www.copealcoy.es\\\/es\\\/que-tiempo-hara-en-alcoy-durante-la-semana-santa\\\/#primaryimage\"},\"thumbnailUrl\":\"https:\\\/\\\/www.copealcoy.es\\\/wp-content\\\/uploads\\\/2019\\\/08\\\/88187-600-338-1.jpg\",\"datePublished\":\"2023-04-03T07:00:58+00:00\",\"dateModified\":\"2023-04-03T10:06:41+00:00\",\"author\":{\"@id\":\"https:\\\/\\\/www.copealcoy.es\\\/es\\\/#\\\/schema\\\/person\\\/e777c87fa024e57d40170af9df39882c\"},\"description\":\"Arranca la Semana Santa y todas las miradas est\u00e1n puestas en la previsi\u00f3n del tiempo para los pr\u00f3ximos d\u00edas\",\"breadcrumb\":{\"@id\":\"https:\\\/\\\/www.copealcoy.es\\\/es\\\/que-tiempo-hara-en-alcoy-durante-la-semana-santa\\\/#breadcrumb\"},\"inLanguage\":\"es\",\"potentialAction\":[{\"@type\":\"ReadAction\",\"target\":[\"https:\\\/\\\/www.copealcoy.es\\\/es\\\/que-tiempo-hara-en-alcoy-durante-la-semana-santa\\\/\"]}]},{\"@type\":\"ImageObject\",\"inLanguage\":\"es\",\"@id\":\"https:\\\/\\\/www.copealcoy.es\\\/es\\\/que-tiempo-hara-en-alcoy-durante-la-semana-santa\\\/#primaryimage\",\"url\":\"https:\\\/\\\/www.copealcoy.es\\\/wp-content\\\/uploads\\\/2019\\\/08\\\/88187-600-338-1.jpg\",\"contentUrl\":\"https:\\\/\\\/www.copealcoy.es\\\/wp-content\\\/uploads\\\/2019\\\/08\\\/88187-600-338-1.jpg\",\"width\":600,\"height\":338},{\"@type\":\"BreadcrumbList\",\"@id\":\"https:\\\/\\\/www.copealcoy.es\\\/es\\\/que-tiempo-hara-en-alcoy-durante-la-semana-santa\\\/#breadcrumb\",\"itemListElement\":[{\"@type\":\"ListItem\",\"position\":1,\"name\":\"Portada\",\"item\":\"https:\\\/\\\/www.copealcoy.es\\\/es\\\/\"},{\"@type\":\"ListItem\",\"position\":2,\"name\":\"\u00bfQu\u00e9 tiempo har\u00e1 en Alcoy durante la Semana Santa?\"}]},{\"@type\":\"WebSite\",\"@id\":\"https:\\\/\\\/www.copealcoy.es\\\/es\\\/#website\",\"url\":\"https:\\\/\\\/www.copealcoy.es\\\/es\\\/\",\"name\":\"COPE Alcoy\",\"description\":\"Emisora COPE de radio local con emisi\u00f3n online. Pont de Sant Jordi 8-10 03803 Alcoy\",\"potentialAction\":[{\"@type\":\"SearchAction\",\"target\":{\"@type\":\"EntryPoint\",\"urlTemplate\":\"https:\\\/\\\/www.copealcoy.es\\\/es\\\/?s={search_term_string}\"},\"query-input\":{\"@type\":\"PropertyValueSpecification\",\"valueRequired\":true,\"valueName\":\"search_term_string\"}}],\"inLanguage\":\"es\"},{\"@type\":\"Person\",\"@id\":\"https:\\\/\\\/www.copealcoy.es\\\/es\\\/#\\\/schema\\\/person\\\/e777c87fa024e57d40170af9df39882c\",\"name\":\"Cope Alcoy\",\"image\":{\"@type\":\"ImageObject\",\"inLanguage\":\"es\",\"@id\":\"https:\\\/\\\/secure.gravatar.com\\\/avatar\\\/bb65d0283347e303893ba14f0692005417c1e0e690a325a4c5d8bb2b3943ee14?s=96&d=mm&r=g\",\"url\":\"https:\\\/\\\/secure.gravatar.com\\\/avatar\\\/bb65d0283347e303893ba14f0692005417c1e0e690a325a4c5d8bb2b3943ee14?s=96&d=mm&r=g\",\"contentUrl\":\"https:\\\/\\\/secure.gravatar.com\\\/avatar\\\/bb65d0283347e303893ba14f0692005417c1e0e690a325a4c5d8bb2b3943ee14?s=96&d=mm&r=g\",\"caption\":\"Cope Alcoy\"}}]}<\/script>\n<!-- \/ Yoast SEO plugin. -->","yoast_head_json":{"title":"\u00bfQu\u00e9 tiempo har\u00e1 en Alcoy durante la Semana Santa? - COPE Alcoy","description":"Arranca la Semana Santa y todas las miradas est\u00e1n puestas en la previsi\u00f3n del tiempo para los pr\u00f3ximos d\u00edas","robots":{"index":"index","follow":"follow","max-snippet":"max-snippet:-1","max-image-preview":"max-image-preview:large","max-video-preview":"max-video-preview:-1"},"canonical":"https:\/\/www.copealcoy.es\/es\/que-tiempo-hara-en-alcoy-durante-la-semana-santa\/","og_locale":"es_ES","og_type":"article","og_title":"\u00bfQu\u00e9 tiempo har\u00e1 en Alcoy durante la Semana Santa? - COPE Alcoy","og_description":"Arranca la Semana Santa y todas las miradas est\u00e1n puestas en la previsi\u00f3n del tiempo para los pr\u00f3ximos d\u00edas","og_url":"https:\/\/www.copealcoy.es\/es\/que-tiempo-hara-en-alcoy-durante-la-semana-santa\/","og_site_name":"COPE Alcoy","article_published_time":"2023-04-03T07:00:58+00:00","article_modified_time":"2023-04-03T10:06:41+00:00","og_image":[{"width":600,"height":338,"url":"https:\/\/www.copealcoy.es\/wp-content\/uploads\/2019\/08\/88187-600-338-1.jpg","type":"image\/jpeg"}],"author":"Cope Alcoy","twitter_misc":{"Escrito por":"Cope Alcoy","Tiempo de lectura":"2 minutos"},"schema":{"@context":"https:\/\/schema.org","@graph":[{"@type":"Article","@id":"https:\/\/www.copealcoy.es\/es\/que-tiempo-hara-en-alcoy-durante-la-semana-santa\/#article","isPartOf":{"@id":"https:\/\/www.copealcoy.es\/es\/que-tiempo-hara-en-alcoy-durante-la-semana-santa\/"},"author":{"name":"Cope Alcoy","@id":"https:\/\/www.copealcoy.es\/es\/#\/schema\/person\/e777c87fa024e57d40170af9df39882c"},"headline":"\u00bfQu\u00e9 tiempo har\u00e1 en Alcoy durante la Semana Santa?","datePublished":"2023-04-03T07:00:58+00:00","dateModified":"2023-04-03T10:06:41+00:00","mainEntityOfPage":{"@id":"https:\/\/www.copealcoy.es\/es\/que-tiempo-hara-en-alcoy-durante-la-semana-santa\/"},"wordCount":396,"commentCount":0,"image":{"@id":"https:\/\/www.copealcoy.es\/es\/que-tiempo-hara-en-alcoy-durante-la-semana-santa\/#primaryimage"},"thumbnailUrl":"https:\/\/www.copealcoy.es\/wp-content\/uploads\/2019\/08\/88187-600-338-1.jpg","keywords":["Agencia Estatal de Meteorolog\u00eda","Alcoy","climatolog\u00eda","previsi\u00f3n del tiempo"],"articleSection":["Actualidad","Alcoy","Noticias"],"inLanguage":"es"},{"@type":"WebPage","@id":"https:\/\/www.copealcoy.es\/es\/que-tiempo-hara-en-alcoy-durante-la-semana-santa\/","url":"https:\/\/www.copealcoy.es\/es\/que-tiempo-hara-en-alcoy-durante-la-semana-santa\/","name":"\u00bfQu\u00e9 tiempo har\u00e1 en Alcoy durante la Semana Santa? - COPE Alcoy","isPartOf":{"@id":"https:\/\/www.copealcoy.es\/es\/#website"},"primaryImageOfPage":{"@id":"https:\/\/www.copealcoy.es\/es\/que-tiempo-hara-en-alcoy-durante-la-semana-santa\/#primaryimage"},"image":{"@id":"https:\/\/www.copealcoy.es\/es\/que-tiempo-hara-en-alcoy-durante-la-semana-santa\/#primaryimage"},"thumbnailUrl":"https:\/\/www.copealcoy.es\/wp-content\/uploads\/2019\/08\/88187-600-338-1.jpg","datePublished":"2023-04-03T07:00:58+00:00","dateModified":"2023-04-03T10:06:41+00:00","author":{"@id":"https:\/\/www.copealcoy.es\/es\/#\/schema\/person\/e777c87fa024e57d40170af9df39882c"},"description":"Arranca la Semana Santa y todas las miradas est\u00e1n puestas en la previsi\u00f3n del tiempo para los pr\u00f3ximos d\u00edas","breadcrumb":{"@id":"https:\/\/www.copealcoy.es\/es\/que-tiempo-hara-en-alcoy-durante-la-semana-santa\/#breadcrumb"},"inLanguage":"es","potentialAction":[{"@type":"ReadAction","target":["https:\/\/www.copealcoy.es\/es\/que-tiempo-hara-en-alcoy-durante-la-semana-santa\/"]}]},{"@type":"ImageObject","inLanguage":"es","@id":"https:\/\/www.copealcoy.es\/es\/que-tiempo-hara-en-alcoy-durante-la-semana-santa\/#primaryimage","url":"https:\/\/www.copealcoy.es\/wp-content\/uploads\/2019\/08\/88187-600-338-1.jpg","contentUrl":"https:\/\/www.copealcoy.es\/wp-content\/uploads\/2019\/08\/88187-600-338-1.jpg","width":600,"height":338},{"@type":"BreadcrumbList","@id":"https:\/\/www.copealcoy.es\/es\/que-tiempo-hara-en-alcoy-durante-la-semana-santa\/#breadcrumb","itemListElement":[{"@type":"ListItem","position":1,"name":"Portada","item":"https:\/\/www.copealcoy.es\/es\/"},{"@type":"ListItem","position":2,"name":"\u00bfQu\u00e9 tiempo har\u00e1 en Alcoy durante la Semana Santa?"}]},{"@type":"WebSite","@id":"https:\/\/www.copealcoy.es\/es\/#website","url":"https:\/\/www.copealcoy.es\/es\/","name":"COPE Alcoy","description":"Emisora COPE de radio local con emisi\u00f3n online. Pont de Sant Jordi 8-10 03803 Alcoy","potentialAction":[{"@type":"SearchAction","target":{"@type":"EntryPoint","urlTemplate":"https:\/\/www.copealcoy.es\/es\/?s={search_term_string}"},"query-input":{"@type":"PropertyValueSpecification","valueRequired":true,"valueName":"search_term_string"}}],"inLanguage":"es"},{"@type":"Person","@id":"https:\/\/www.copealcoy.es\/es\/#\/schema\/person\/e777c87fa024e57d40170af9df39882c","name":"Cope Alcoy","image":{"@type":"ImageObject","inLanguage":"es","@id":"https:\/\/secure.gravatar.com\/avatar\/bb65d0283347e303893ba14f0692005417c1e0e690a325a4c5d8bb2b3943ee14?s=96&d=mm&r=g","url":"https:\/\/secure.gravatar.com\/avatar\/bb65d0283347e303893ba14f0692005417c1e0e690a325a4c5d8bb2b3943ee14?s=96&d=mm&r=g","contentUrl":"https:\/\/secure.gravatar.com\/avatar\/bb65d0283347e303893ba14f0692005417c1e0e690a325a4c5d8bb2b3943ee14?s=96&d=mm&r=g","caption":"Cope Alcoy"}}]}},"_links":{"self":[{"href":"https:\/\/www.copealcoy.es\/es\/wp-json\/wp\/v2\/posts\/113199","targetHints":{"allow":["GET"]}}],"collection":[{"href":"https:\/\/www.copealcoy.es\/es\/wp-json\/wp\/v2\/posts"}],"about":[{"href":"https:\/\/www.copealcoy.es\/es\/wp-json\/wp\/v2\/types\/post"}],"author":[{"embeddable":true,"href":"https:\/\/www.copealcoy.es\/es\/wp-json\/wp\/v2\/users\/1"}],"replies":[{"embeddable":true,"href":"https:\/\/www.copealcoy.es\/es\/wp-json\/wp\/v2\/comments?post=113199"}],"version-history":[{"count":0,"href":"https:\/\/www.copealcoy.es\/es\/wp-json\/wp\/v2\/posts\/113199\/revisions"}],"wp:featuredmedia":[{"embeddable":true,"href":"https:\/\/www.copealcoy.es\/es\/wp-json\/wp\/v2\/media\/54108"}],"wp:attachment":[{"href":"https:\/\/www.copealcoy.es\/es\/wp-json\/wp\/v2\/media?parent=113199"}],"wp:term":[{"taxonomy":"category","embeddable":true,"href":"https:\/\/www.copealcoy.es\/es\/wp-json\/wp\/v2\/categories?post=113199"},{"taxonomy":"post_tag","embeddable":true,"href":"https:\/\/www.copealcoy.es\/es\/wp-json\/wp\/v2\/tags?post=113199"}],"curies":[{"name":"wp","href":"https:\/\/api.w.org\/{rel}","templated":true}]}}