{"id":113141,"date":"2023-04-02T18:12:41","date_gmt":"2023-04-02T17:12:41","guid":{"rendered":"https:\/\/www.copealcoy.es\/?p=113141"},"modified":"2023-04-02T18:43:35","modified_gmt":"2023-04-02T17:43:35","slug":"la-procesion-de-la-burreta-adentra-a-alcoy-en-la-semana-santa","status":"publish","type":"post","link":"https:\/\/www.copealcoy.es\/es\/la-procesion-de-la-burreta-adentra-a-alcoy-en-la-semana-santa\/","title":{"rendered":"La procesi\u00f3n de &#8216;La Burreta&#8217; adentra a Alcoy en la Semana Santa"},"content":{"rendered":"<p style=\"text-align: justify;\">Alcoy <strong>ha iniciado hoy la Semana Santa del 2023<\/strong> en <strong>una jornada marcada por el buen tiempo y el sol<\/strong> pese a que las temperaturas han sido algo bajas, especialmente al inicio del d\u00eda. Un buen n\u00famero de personas <strong>han acudido hasta el parque de La Glorieta a las 12:00h del mediod\u00eda<\/strong> para cumplir con <strong>la tradici\u00f3n de la bendici\u00f3n de ramos<\/strong>, un ritual que tambi\u00e9n se ha repetido a lo largo de la ma\u00f1ana por diferentes templos de la ciudad.<\/p>\n<p style=\"text-align: justify;\">La actividad ha arrancado en el Centro pasadas las once de la ma\u00f1ana con <strong>la salida de la imagen de la Entrada Triunfal de Jes\u00fas en Jerusal\u00e9n<\/strong> desde la parroquia de San Vicente y San Antonio. Desde all\u00ed <strong>el paso ha bajado en procesi\u00f3n hasta La Glorieta<\/strong> donde seguidamente <strong>se ha efectuado la mencionada bendici\u00f3n de palmas<\/strong> y se ha podido ver como <strong>muchos peque\u00f1os alzaban el ramo<\/strong> en el momento en el que <strong>Don Jos\u00e9 Lu\u00eds Llopis<\/strong>, titular de las <a href=\"https:\/\/www.facebook.com\/parroquiascentroalcoy\" target=\"_blank\" rel=\"noopener\"><strong><span style=\"color: #0000ff;\">parroquias del Centro<\/span><\/strong><\/a>, lanzaba el agua bendita.<\/p>\n<p style=\"text-align: justify;\">El <strong>volteo general de las campanas de San Mauro y San Francisco<\/strong> ha anunciado la salida de la procesi\u00f3n desde el parque <strong>encabezada por la cruz y los peque\u00f1os de catequesis de Primera Comuni\u00f3n<\/strong>. Despu\u00e9s figuraba <strong>la entra\u00f1able imagen de &#8216;La Burreta&#8217;<\/strong>, portada por los miembros de la <strong>Cofrad\u00eda del Cristo Agonizante<\/strong>, y tras ellos <strong>la banda de cornetas as\u00ed como tambores<\/strong> de esta \u00faltima entidad marcaba el paso haciendo sonar sus instrumentos. La comitiva <strong>la cerraron los fieles<\/strong> portando palmas, ramos de laurel y olivo recordando aquella Entrada de Jes\u00fas a Jerusal\u00e9n antes de la pasi\u00f3n.<\/p>\n<p style=\"text-align: justify;\">La procesi\u00f3n ha bajado por San Nicol\u00e1s y al llegar a la Plaza de Espa\u00f1a <strong>la Colla de Campaners d&#8217;Alcoi ha empezado a tocar manualmente las campanas de la iglesia de Santa Mar\u00eda<\/strong> para acompa\u00f1ar la entrada de la imagen dentro del templo. All\u00ed se ha celebrado<strong> la misa solemne<\/strong> que ha puesto fin a los actos de esta ma\u00f1ana.<\/p>\n<div id='gallery-1' class='gallery galleryid-113141 gallery-columns-2 gallery-size-large'><figure class='gallery-item'>\n\t\t\t<div class='gallery-icon landscape'>\n\t\t\t\t<a href='https:\/\/www.copealcoy.es\/es\/la-procesion-de-la-burreta-adentra-a-alcoy-en-la-semana-santa\/img-7822\/'><img loading=\"lazy\" decoding=\"async\" width=\"980\" height=\"588\" src=\"https:\/\/www.copealcoy.es\/wp-content\/uploads\/2023\/04\/IMG-7822-980x588.jpg\" class=\"attachment-large size-large\" alt=\"\" aria-describedby=\"gallery-1-113147\" \/><\/a>\n\t\t\t<\/div>\n\t\t\t\t<figcaption class='wp-caption-text gallery-caption' id='gallery-1-113147'>\n\t\t\t\tDomingo de Ramos Alcoy 2023\n\t\t\t\t<\/figcaption><\/figure><figure class='gallery-item'>\n\t\t\t<div class='gallery-icon landscape'>\n\t\t\t\t<a href='https:\/\/www.copealcoy.es\/es\/la-procesion-de-la-burreta-adentra-a-alcoy-en-la-semana-santa\/img-7831\/'><img loading=\"lazy\" decoding=\"async\" width=\"980\" height=\"588\" src=\"https:\/\/www.copealcoy.es\/wp-content\/uploads\/2023\/04\/IMG-7831-980x588.jpg\" class=\"attachment-large size-large\" alt=\"\" aria-describedby=\"gallery-1-113149\" \/><\/a>\n\t\t\t<\/div>\n\t\t\t\t<figcaption class='wp-caption-text gallery-caption' id='gallery-1-113149'>\n\t\t\t\tDomingo de Ramos Alcoy 2023\n\t\t\t\t<\/figcaption><\/figure><figure class='gallery-item'>\n\t\t\t<div class='gallery-icon landscape'>\n\t\t\t\t<a href='https:\/\/www.copealcoy.es\/es\/la-procesion-de-la-burreta-adentra-a-alcoy-en-la-semana-santa\/img-7833-1\/'><img loading=\"lazy\" decoding=\"async\" width=\"980\" height=\"588\" src=\"https:\/\/www.copealcoy.es\/wp-content\/uploads\/2023\/04\/IMG-7833-1-980x588.jpg\" class=\"attachment-large size-large\" alt=\"\" aria-describedby=\"gallery-1-113151\" \/><\/a>\n\t\t\t<\/div>\n\t\t\t\t<figcaption class='wp-caption-text gallery-caption' id='gallery-1-113151'>\n\t\t\t\tDomingo de Ramos Alcoy 2023\n\t\t\t\t<\/figcaption><\/figure><figure class='gallery-item'>\n\t\t\t<div class='gallery-icon landscape'>\n\t\t\t\t<a href='https:\/\/www.copealcoy.es\/es\/la-procesion-de-la-burreta-adentra-a-alcoy-en-la-semana-santa\/img-7847\/'><img loading=\"lazy\" decoding=\"async\" width=\"980\" height=\"588\" src=\"https:\/\/www.copealcoy.es\/wp-content\/uploads\/2023\/04\/IMG-7847-980x588.jpg\" class=\"attachment-large size-large\" alt=\"\" aria-describedby=\"gallery-1-113153\" \/><\/a>\n\t\t\t<\/div>\n\t\t\t\t<figcaption class='wp-caption-text gallery-caption' id='gallery-1-113153'>\n\t\t\t\tDomingo de Ramos Alcoy 2023\n\t\t\t\t<\/figcaption><\/figure>\n\t\t<\/div>\n\n","protected":false},"excerpt":{"rendered":"<p>Alcoy ha iniciado hoy la Semana Santa del 2023 en una jornada marcada por el buen tiempo y el sol&#8230;<\/p>\n","protected":false},"author":1,"featured_media":113142,"comment_status":"open","ping_status":"open","sticky":false,"template":"","format":"standard","meta":{"footnotes":""},"categories":[6909,97,78,75],"tags":[1494,14421,889,3979,917,745],"class_list":["post-113141","post","type-post","status-publish","format-standard","has-post-thumbnail","hentry","category-actualidad","category-alcoy","category-fiestaycultura","category-noticias","tag-alcoy","tag-bendicion-de-palmas","tag-domingo-de-ramos","tag-la-burreta","tag-procesion","tag-semana-santa"],"yoast_head":"<!-- This site is optimized with the Yoast SEO plugin v27.3 - https:\/\/yoast.com\/product\/yoast-seo-wordpress\/ -->\n<title>La procesi\u00f3n de &#039;La Burreta&#039; adentra a Alcoy en la Semana Santa - COPE Alcoy<\/title>\n<meta name=\"description\" content=\"La bendici\u00f3n de palmas, junto a la procesi\u00f3n de &#039;La Burreta&#039; han iniciado hoy los actos de la Semana Santa de Alcoy\" \/>\n<meta name=\"robots\" content=\"index, follow, max-snippet:-1, max-image-preview:large, max-video-preview:-1\" \/>\n<link rel=\"canonical\" href=\"https:\/\/www.copealcoy.es\/es\/la-procesion-de-la-burreta-adentra-a-alcoy-en-la-semana-santa\/\" \/>\n<meta property=\"og:locale\" content=\"es_ES\" \/>\n<meta property=\"og:type\" content=\"article\" \/>\n<meta property=\"og:title\" content=\"La procesi\u00f3n de &#039;La Burreta&#039; adentra a Alcoy en la Semana Santa - COPE Alcoy\" \/>\n<meta property=\"og:description\" content=\"La bendici\u00f3n de palmas, junto a la procesi\u00f3n de &#039;La Burreta&#039; han iniciado hoy los actos de la Semana Santa de Alcoy\" \/>\n<meta property=\"og:url\" content=\"https:\/\/www.copealcoy.es\/es\/la-procesion-de-la-burreta-adentra-a-alcoy-en-la-semana-santa\/\" \/>\n<meta property=\"og:site_name\" content=\"COPE Alcoy\" \/>\n<meta property=\"article:published_time\" content=\"2023-04-02T17:12:41+00:00\" \/>\n<meta property=\"article:modified_time\" content=\"2023-04-02T17:43:35+00:00\" \/>\n<meta property=\"og:image\" content=\"https:\/\/www.copealcoy.es\/wp-content\/uploads\/2023\/04\/unnamed-1-2-scaled.jpg\" \/>\n\t<meta property=\"og:image:width\" content=\"1698\" \/>\n\t<meta property=\"og:image:height\" content=\"1080\" \/>\n\t<meta property=\"og:image:type\" content=\"image\/jpeg\" \/>\n<meta name=\"author\" content=\"Cope Alcoy\" \/>\n<meta name=\"twitter:label1\" content=\"Escrito por\" \/>\n\t<meta name=\"twitter:data1\" content=\"Cope Alcoy\" \/>\n\t<meta name=\"twitter:label2\" content=\"Tiempo de lectura\" \/>\n\t<meta name=\"twitter:data2\" content=\"2 minutos\" \/>\n<script type=\"application\/ld+json\" class=\"yoast-schema-graph\">{\"@context\":\"https:\\\/\\\/schema.org\",\"@graph\":[{\"@type\":\"Article\",\"@id\":\"https:\\\/\\\/www.copealcoy.es\\\/es\\\/la-procesion-de-la-burreta-adentra-a-alcoy-en-la-semana-santa\\\/#article\",\"isPartOf\":{\"@id\":\"https:\\\/\\\/www.copealcoy.es\\\/es\\\/la-procesion-de-la-burreta-adentra-a-alcoy-en-la-semana-santa\\\/\"},\"author\":{\"name\":\"Cope Alcoy\",\"@id\":\"https:\\\/\\\/www.copealcoy.es\\\/es\\\/#\\\/schema\\\/person\\\/e777c87fa024e57d40170af9df39882c\"},\"headline\":\"La procesi\u00f3n de &#8216;La Burreta&#8217; adentra a Alcoy en la Semana Santa\",\"datePublished\":\"2023-04-02T17:12:41+00:00\",\"dateModified\":\"2023-04-02T17:43:35+00:00\",\"mainEntityOfPage\":{\"@id\":\"https:\\\/\\\/www.copealcoy.es\\\/es\\\/la-procesion-de-la-burreta-adentra-a-alcoy-en-la-semana-santa\\\/\"},\"wordCount\":373,\"commentCount\":0,\"image\":{\"@id\":\"https:\\\/\\\/www.copealcoy.es\\\/es\\\/la-procesion-de-la-burreta-adentra-a-alcoy-en-la-semana-santa\\\/#primaryimage\"},\"thumbnailUrl\":\"https:\\\/\\\/www.copealcoy.es\\\/wp-content\\\/uploads\\\/2023\\\/04\\\/unnamed-1-2-scaled.jpg\",\"keywords\":[\"Alcoy\",\"bendici\u00f3n de palmas\",\"Domingo de Ramos\",\"La Burreta\",\"Procesi\u00f3n\",\"Semana Santa\"],\"articleSection\":[\"Actualidad\",\"Alcoy\",\"Fiesta y Cultura\",\"Noticias\"],\"inLanguage\":\"es\"},{\"@type\":\"WebPage\",\"@id\":\"https:\\\/\\\/www.copealcoy.es\\\/es\\\/la-procesion-de-la-burreta-adentra-a-alcoy-en-la-semana-santa\\\/\",\"url\":\"https:\\\/\\\/www.copealcoy.es\\\/es\\\/la-procesion-de-la-burreta-adentra-a-alcoy-en-la-semana-santa\\\/\",\"name\":\"La procesi\u00f3n de 'La Burreta' adentra a Alcoy en la Semana Santa - COPE Alcoy\",\"isPartOf\":{\"@id\":\"https:\\\/\\\/www.copealcoy.es\\\/es\\\/#website\"},\"primaryImageOfPage\":{\"@id\":\"https:\\\/\\\/www.copealcoy.es\\\/es\\\/la-procesion-de-la-burreta-adentra-a-alcoy-en-la-semana-santa\\\/#primaryimage\"},\"image\":{\"@id\":\"https:\\\/\\\/www.copealcoy.es\\\/es\\\/la-procesion-de-la-burreta-adentra-a-alcoy-en-la-semana-santa\\\/#primaryimage\"},\"thumbnailUrl\":\"https:\\\/\\\/www.copealcoy.es\\\/wp-content\\\/uploads\\\/2023\\\/04\\\/unnamed-1-2-scaled.jpg\",\"datePublished\":\"2023-04-02T17:12:41+00:00\",\"dateModified\":\"2023-04-02T17:43:35+00:00\",\"author\":{\"@id\":\"https:\\\/\\\/www.copealcoy.es\\\/es\\\/#\\\/schema\\\/person\\\/e777c87fa024e57d40170af9df39882c\"},\"description\":\"La bendici\u00f3n de palmas, junto a la procesi\u00f3n de 'La Burreta' han iniciado hoy los actos de la Semana Santa de Alcoy\",\"breadcrumb\":{\"@id\":\"https:\\\/\\\/www.copealcoy.es\\\/es\\\/la-procesion-de-la-burreta-adentra-a-alcoy-en-la-semana-santa\\\/#breadcrumb\"},\"inLanguage\":\"es\",\"potentialAction\":[{\"@type\":\"ReadAction\",\"target\":[\"https:\\\/\\\/www.copealcoy.es\\\/es\\\/la-procesion-de-la-burreta-adentra-a-alcoy-en-la-semana-santa\\\/\"]}]},{\"@type\":\"ImageObject\",\"inLanguage\":\"es\",\"@id\":\"https:\\\/\\\/www.copealcoy.es\\\/es\\\/la-procesion-de-la-burreta-adentra-a-alcoy-en-la-semana-santa\\\/#primaryimage\",\"url\":\"https:\\\/\\\/www.copealcoy.es\\\/wp-content\\\/uploads\\\/2023\\\/04\\\/unnamed-1-2-scaled.jpg\",\"contentUrl\":\"https:\\\/\\\/www.copealcoy.es\\\/wp-content\\\/uploads\\\/2023\\\/04\\\/unnamed-1-2-scaled.jpg\",\"width\":1698,\"height\":1080},{\"@type\":\"BreadcrumbList\",\"@id\":\"https:\\\/\\\/www.copealcoy.es\\\/es\\\/la-procesion-de-la-burreta-adentra-a-alcoy-en-la-semana-santa\\\/#breadcrumb\",\"itemListElement\":[{\"@type\":\"ListItem\",\"position\":1,\"name\":\"Portada\",\"item\":\"https:\\\/\\\/www.copealcoy.es\\\/es\\\/\"},{\"@type\":\"ListItem\",\"position\":2,\"name\":\"La procesi\u00f3n de &#8216;La Burreta&#8217; adentra a Alcoy en la Semana Santa\"}]},{\"@type\":\"WebSite\",\"@id\":\"https:\\\/\\\/www.copealcoy.es\\\/es\\\/#website\",\"url\":\"https:\\\/\\\/www.copealcoy.es\\\/es\\\/\",\"name\":\"COPE Alcoy\",\"description\":\"Emisora COPE de radio local con emisi\u00f3n online. Pont de Sant Jordi 8-10 03803 Alcoy\",\"potentialAction\":[{\"@type\":\"SearchAction\",\"target\":{\"@type\":\"EntryPoint\",\"urlTemplate\":\"https:\\\/\\\/www.copealcoy.es\\\/es\\\/?s={search_term_string}\"},\"query-input\":{\"@type\":\"PropertyValueSpecification\",\"valueRequired\":true,\"valueName\":\"search_term_string\"}}],\"inLanguage\":\"es\"},{\"@type\":\"Person\",\"@id\":\"https:\\\/\\\/www.copealcoy.es\\\/es\\\/#\\\/schema\\\/person\\\/e777c87fa024e57d40170af9df39882c\",\"name\":\"Cope Alcoy\",\"image\":{\"@type\":\"ImageObject\",\"inLanguage\":\"es\",\"@id\":\"https:\\\/\\\/secure.gravatar.com\\\/avatar\\\/bb65d0283347e303893ba14f0692005417c1e0e690a325a4c5d8bb2b3943ee14?s=96&d=mm&r=g\",\"url\":\"https:\\\/\\\/secure.gravatar.com\\\/avatar\\\/bb65d0283347e303893ba14f0692005417c1e0e690a325a4c5d8bb2b3943ee14?s=96&d=mm&r=g\",\"contentUrl\":\"https:\\\/\\\/secure.gravatar.com\\\/avatar\\\/bb65d0283347e303893ba14f0692005417c1e0e690a325a4c5d8bb2b3943ee14?s=96&d=mm&r=g\",\"caption\":\"Cope Alcoy\"}}]}<\/script>\n<!-- \/ Yoast SEO plugin. -->","yoast_head_json":{"title":"La procesi\u00f3n de 'La Burreta' adentra a Alcoy en la Semana Santa - COPE Alcoy","description":"La bendici\u00f3n de palmas, junto a la procesi\u00f3n de 'La Burreta' han iniciado hoy los actos de la Semana Santa de Alcoy","robots":{"index":"index","follow":"follow","max-snippet":"max-snippet:-1","max-image-preview":"max-image-preview:large","max-video-preview":"max-video-preview:-1"},"canonical":"https:\/\/www.copealcoy.es\/es\/la-procesion-de-la-burreta-adentra-a-alcoy-en-la-semana-santa\/","og_locale":"es_ES","og_type":"article","og_title":"La procesi\u00f3n de 'La Burreta' adentra a Alcoy en la Semana Santa - COPE Alcoy","og_description":"La bendici\u00f3n de palmas, junto a la procesi\u00f3n de 'La Burreta' han iniciado hoy los actos de la Semana Santa de Alcoy","og_url":"https:\/\/www.copealcoy.es\/es\/la-procesion-de-la-burreta-adentra-a-alcoy-en-la-semana-santa\/","og_site_name":"COPE Alcoy","article_published_time":"2023-04-02T17:12:41+00:00","article_modified_time":"2023-04-02T17:43:35+00:00","og_image":[{"width":1698,"height":1080,"url":"https:\/\/www.copealcoy.es\/wp-content\/uploads\/2023\/04\/unnamed-1-2-scaled.jpg","type":"image\/jpeg"}],"author":"Cope Alcoy","twitter_misc":{"Escrito por":"Cope Alcoy","Tiempo de lectura":"2 minutos"},"schema":{"@context":"https:\/\/schema.org","@graph":[{"@type":"Article","@id":"https:\/\/www.copealcoy.es\/es\/la-procesion-de-la-burreta-adentra-a-alcoy-en-la-semana-santa\/#article","isPartOf":{"@id":"https:\/\/www.copealcoy.es\/es\/la-procesion-de-la-burreta-adentra-a-alcoy-en-la-semana-santa\/"},"author":{"name":"Cope Alcoy","@id":"https:\/\/www.copealcoy.es\/es\/#\/schema\/person\/e777c87fa024e57d40170af9df39882c"},"headline":"La procesi\u00f3n de &#8216;La Burreta&#8217; adentra a Alcoy en la Semana Santa","datePublished":"2023-04-02T17:12:41+00:00","dateModified":"2023-04-02T17:43:35+00:00","mainEntityOfPage":{"@id":"https:\/\/www.copealcoy.es\/es\/la-procesion-de-la-burreta-adentra-a-alcoy-en-la-semana-santa\/"},"wordCount":373,"commentCount":0,"image":{"@id":"https:\/\/www.copealcoy.es\/es\/la-procesion-de-la-burreta-adentra-a-alcoy-en-la-semana-santa\/#primaryimage"},"thumbnailUrl":"https:\/\/www.copealcoy.es\/wp-content\/uploads\/2023\/04\/unnamed-1-2-scaled.jpg","keywords":["Alcoy","bendici\u00f3n de palmas","Domingo de Ramos","La Burreta","Procesi\u00f3n","Semana Santa"],"articleSection":["Actualidad","Alcoy","Fiesta y Cultura","Noticias"],"inLanguage":"es"},{"@type":"WebPage","@id":"https:\/\/www.copealcoy.es\/es\/la-procesion-de-la-burreta-adentra-a-alcoy-en-la-semana-santa\/","url":"https:\/\/www.copealcoy.es\/es\/la-procesion-de-la-burreta-adentra-a-alcoy-en-la-semana-santa\/","name":"La procesi\u00f3n de 'La Burreta' adentra a Alcoy en la Semana Santa - COPE Alcoy","isPartOf":{"@id":"https:\/\/www.copealcoy.es\/es\/#website"},"primaryImageOfPage":{"@id":"https:\/\/www.copealcoy.es\/es\/la-procesion-de-la-burreta-adentra-a-alcoy-en-la-semana-santa\/#primaryimage"},"image":{"@id":"https:\/\/www.copealcoy.es\/es\/la-procesion-de-la-burreta-adentra-a-alcoy-en-la-semana-santa\/#primaryimage"},"thumbnailUrl":"https:\/\/www.copealcoy.es\/wp-content\/uploads\/2023\/04\/unnamed-1-2-scaled.jpg","datePublished":"2023-04-02T17:12:41+00:00","dateModified":"2023-04-02T17:43:35+00:00","author":{"@id":"https:\/\/www.copealcoy.es\/es\/#\/schema\/person\/e777c87fa024e57d40170af9df39882c"},"description":"La bendici\u00f3n de palmas, junto a la procesi\u00f3n de 'La Burreta' han iniciado hoy los actos de la Semana Santa de Alcoy","breadcrumb":{"@id":"https:\/\/www.copealcoy.es\/es\/la-procesion-de-la-burreta-adentra-a-alcoy-en-la-semana-santa\/#breadcrumb"},"inLanguage":"es","potentialAction":[{"@type":"ReadAction","target":["https:\/\/www.copealcoy.es\/es\/la-procesion-de-la-burreta-adentra-a-alcoy-en-la-semana-santa\/"]}]},{"@type":"ImageObject","inLanguage":"es","@id":"https:\/\/www.copealcoy.es\/es\/la-procesion-de-la-burreta-adentra-a-alcoy-en-la-semana-santa\/#primaryimage","url":"https:\/\/www.copealcoy.es\/wp-content\/uploads\/2023\/04\/unnamed-1-2-scaled.jpg","contentUrl":"https:\/\/www.copealcoy.es\/wp-content\/uploads\/2023\/04\/unnamed-1-2-scaled.jpg","width":1698,"height":1080},{"@type":"BreadcrumbList","@id":"https:\/\/www.copealcoy.es\/es\/la-procesion-de-la-burreta-adentra-a-alcoy-en-la-semana-santa\/#breadcrumb","itemListElement":[{"@type":"ListItem","position":1,"name":"Portada","item":"https:\/\/www.copealcoy.es\/es\/"},{"@type":"ListItem","position":2,"name":"La procesi\u00f3n de &#8216;La Burreta&#8217; adentra a Alcoy en la Semana Santa"}]},{"@type":"WebSite","@id":"https:\/\/www.copealcoy.es\/es\/#website","url":"https:\/\/www.copealcoy.es\/es\/","name":"COPE Alcoy","description":"Emisora COPE de radio local con emisi\u00f3n online. Pont de Sant Jordi 8-10 03803 Alcoy","potentialAction":[{"@type":"SearchAction","target":{"@type":"EntryPoint","urlTemplate":"https:\/\/www.copealcoy.es\/es\/?s={search_term_string}"},"query-input":{"@type":"PropertyValueSpecification","valueRequired":true,"valueName":"search_term_string"}}],"inLanguage":"es"},{"@type":"Person","@id":"https:\/\/www.copealcoy.es\/es\/#\/schema\/person\/e777c87fa024e57d40170af9df39882c","name":"Cope Alcoy","image":{"@type":"ImageObject","inLanguage":"es","@id":"https:\/\/secure.gravatar.com\/avatar\/bb65d0283347e303893ba14f0692005417c1e0e690a325a4c5d8bb2b3943ee14?s=96&d=mm&r=g","url":"https:\/\/secure.gravatar.com\/avatar\/bb65d0283347e303893ba14f0692005417c1e0e690a325a4c5d8bb2b3943ee14?s=96&d=mm&r=g","contentUrl":"https:\/\/secure.gravatar.com\/avatar\/bb65d0283347e303893ba14f0692005417c1e0e690a325a4c5d8bb2b3943ee14?s=96&d=mm&r=g","caption":"Cope Alcoy"}}]}},"_links":{"self":[{"href":"https:\/\/www.copealcoy.es\/es\/wp-json\/wp\/v2\/posts\/113141","targetHints":{"allow":["GET"]}}],"collection":[{"href":"https:\/\/www.copealcoy.es\/es\/wp-json\/wp\/v2\/posts"}],"about":[{"href":"https:\/\/www.copealcoy.es\/es\/wp-json\/wp\/v2\/types\/post"}],"author":[{"embeddable":true,"href":"https:\/\/www.copealcoy.es\/es\/wp-json\/wp\/v2\/users\/1"}],"replies":[{"embeddable":true,"href":"https:\/\/www.copealcoy.es\/es\/wp-json\/wp\/v2\/comments?post=113141"}],"version-history":[{"count":0,"href":"https:\/\/www.copealcoy.es\/es\/wp-json\/wp\/v2\/posts\/113141\/revisions"}],"wp:featuredmedia":[{"embeddable":true,"href":"https:\/\/www.copealcoy.es\/es\/wp-json\/wp\/v2\/media\/113142"}],"wp:attachment":[{"href":"https:\/\/www.copealcoy.es\/es\/wp-json\/wp\/v2\/media?parent=113141"}],"wp:term":[{"taxonomy":"category","embeddable":true,"href":"https:\/\/www.copealcoy.es\/es\/wp-json\/wp\/v2\/categories?post=113141"},{"taxonomy":"post_tag","embeddable":true,"href":"https:\/\/www.copealcoy.es\/es\/wp-json\/wp\/v2\/tags?post=113141"}],"curies":[{"name":"wp","href":"https:\/\/api.w.org\/{rel}","templated":true}]}}