{"id":113059,"date":"2023-03-31T09:50:35","date_gmt":"2023-03-31T08:50:35","guid":{"rendered":"https:\/\/www.copealcoy.es\/?p=113059"},"modified":"2023-03-31T10:22:05","modified_gmt":"2023-03-31T09:22:05","slug":"ciudadanos-en-alcoy-reaparece-y-se-presenta-a-las-elecciones","status":"publish","type":"post","link":"https:\/\/www.copealcoy.es\/es\/ciudadanos-en-alcoy-reaparece-y-se-presenta-a-las-elecciones\/","title":{"rendered":"Ciudadanos en Alcoy reaparece y se presenta a las elecciones"},"content":{"rendered":"<p style=\"text-align: justify;\">Ha estado bastante en silencio en los \u00faltimos meses. Todo parec\u00eda indicar que no se presentar\u00eda a las pr\u00f3ximas elecciones municipales del 28 de mayo, pero <strong>Ciudadanos -finalmente- s\u00ed tendr\u00e1 candidatura<\/strong>.<\/p>\n<p style=\"text-align: justify;\">El comerciante <strong>Rafael Zamorano<\/strong> asume el cargo y encabezar\u00e1 una lista de la que a\u00fan se desconocen el resto de nombres. Zamorano es propietario de una charcuter\u00eda y panader\u00eda del centro de Alcoy y, precisamente, el impulso del sector es una de sus propuestas. &#8220;El municipio necesita m\u00e1s soluciones a los problemas de los vecinos y <strong>menos restricciones para los comerciantes o los aut\u00f3nomos<\/strong>&#8220;.<\/p>\n<p style=\"text-align: justify;\">Su profesi\u00f3n ha sido, adem\u00e1s, una de las motivaciones por las que ha dado este paso adelante. &#8220;Una de las cosas que me ha llevado a presentarme ha sido que los aut\u00f3nomos y comerciantes lo estamos pasando muy mal&#8221;, explica Zamorano.<\/p>\n<p style=\"text-align: justify;\">A pesar de las zonas de aparcamiento que se est\u00e1n creando en Alcoy, como contaba <strong>Cope Alcoy<\/strong>, sigue habiendo <span style=\"color: #000080;\"><a style=\"color: #000080;\" href=\"https:\/\/www.copealcoy.es\/mas-aparcamiento-una-de-las-necesidades-del-barrio-de-santa-rosa-de-alcoy\/\" target=\"_blank\" rel=\"noopener\">problemas de estacionamiento en la ciudad<\/a><\/span>. Este es otro de los puntos que destaca el candidato de la formaci\u00f3n naranja.\u00a0&#8220;Hacen falta m\u00e1s aparcamientos para que la gente pueda acudir tranquilamente en el centro&#8221;.<\/p>\n<p style=\"text-align: justify;\"><strong>Tensiones internas<\/strong><\/p>\n<p style=\"text-align: justify;\">Las <strong>elecciones de 2019<\/strong> no arrojaron resultados demasiado negativos para el partido. En Alcoy, Ciudadanos <strong>fue la cuarta fuerza m\u00e1s votada con el 8,49% de los votos<\/strong>. Aunque no les fue tan bien como en la cita electoral de 2015 -cuando consiguieron cuatro concejales-, la formaci\u00f3n volv\u00eda a entrar en el Ayuntamiento con dos esca\u00f1os.<\/p>\n<p style=\"text-align: justify;\">Sin embargo, la situaci\u00f3n se ha ido complicando y la legislatura ha sido algo convulsa para el grupo municipal. La divisi\u00f3n lleg\u00f3 a finales de abril de 2021. <strong>Marcos Mart\u00ednez<\/strong>, uno de los dos concejales, decidi\u00f3 salirse del grupo y continuar su labor como no adscrito. El motivo, discrepancias internas y problemas con su hasta ese momento compa\u00f1era de grupo y de partido,<strong> Rosa Garc\u00eda<\/strong>.<\/p>\n","protected":false},"excerpt":{"rendered":"<p>Ha estado bastante en silencio en los \u00faltimos meses. Todo parec\u00eda indicar que no se presentar\u00eda a las pr\u00f3ximas elecciones&#8230;<\/p>\n","protected":false},"author":1,"featured_media":113084,"comment_status":"open","ping_status":"open","sticky":false,"template":"","format":"standard","meta":{"footnotes":""},"categories":[6909,97,744,75,79],"tags":[1494,349,721,14424],"class_list":["post-113059","post","type-post","status-publish","format-standard","has-post-thumbnail","hentry","category-actualidad","category-alcoy","category-elecciones","category-noticias","category-politicayeconomia","tag-alcoy","tag-ciudadanos","tag-elecciones-municipales","tag-rafa-zamorano"],"yoast_head":"<!-- This site is optimized with the Yoast SEO plugin v27.3 - https:\/\/yoast.com\/product\/yoast-seo-wordpress\/ -->\n<title>Ciudadanos en Alcoy reaparece y se presenta a las elecciones - COPE Alcoy<\/title>\n<meta name=\"description\" content=\"Ha estado bastante en silencio en los \u00faltimos meses. Todo parec\u00eda indicar que no se presentar\u00eda a las pr\u00f3ximas elecciones municipales del 28 de mayo, pero Ciudadanos -finalmente- s\u00ed tendr\u00e1 candidatura.\" \/>\n<meta name=\"robots\" content=\"index, follow, max-snippet:-1, max-image-preview:large, max-video-preview:-1\" \/>\n<link rel=\"canonical\" href=\"https:\/\/www.copealcoy.es\/es\/ciudadanos-en-alcoy-reaparece-y-se-presenta-a-las-elecciones\/\" \/>\n<meta property=\"og:locale\" content=\"es_ES\" \/>\n<meta property=\"og:type\" content=\"article\" \/>\n<meta property=\"og:title\" content=\"Ciudadanos en Alcoy reaparece y se presenta a las elecciones - COPE Alcoy\" \/>\n<meta property=\"og:description\" content=\"Ha estado bastante en silencio en los \u00faltimos meses. Todo parec\u00eda indicar que no se presentar\u00eda a las pr\u00f3ximas elecciones municipales del 28 de mayo, pero Ciudadanos -finalmente- s\u00ed tendr\u00e1 candidatura.\" \/>\n<meta property=\"og:url\" content=\"https:\/\/www.copealcoy.es\/es\/ciudadanos-en-alcoy-reaparece-y-se-presenta-a-las-elecciones\/\" \/>\n<meta property=\"og:site_name\" content=\"COPE Alcoy\" \/>\n<meta property=\"article:published_time\" content=\"2023-03-31T08:50:35+00:00\" \/>\n<meta property=\"article:modified_time\" content=\"2023-03-31T09:22:05+00:00\" \/>\n<meta property=\"og:image\" content=\"https:\/\/www.copealcoy.es\/wp-content\/uploads\/2023\/03\/IMG_6176.jpg\" \/>\n\t<meta property=\"og:image:width\" content=\"1155\" \/>\n\t<meta property=\"og:image:height\" content=\"1056\" \/>\n\t<meta property=\"og:image:type\" content=\"image\/jpeg\" \/>\n<meta name=\"author\" content=\"Cope Alcoy\" \/>\n<meta name=\"twitter:label1\" content=\"Escrito por\" \/>\n\t<meta name=\"twitter:data1\" content=\"Cope Alcoy\" \/>\n\t<meta name=\"twitter:label2\" content=\"Tiempo de lectura\" \/>\n\t<meta name=\"twitter:data2\" content=\"2 minutos\" \/>\n<script type=\"application\/ld+json\" class=\"yoast-schema-graph\">{\"@context\":\"https:\\\/\\\/schema.org\",\"@graph\":[{\"@type\":\"Article\",\"@id\":\"https:\\\/\\\/www.copealcoy.es\\\/es\\\/ciudadanos-en-alcoy-reaparece-y-se-presenta-a-las-elecciones\\\/#article\",\"isPartOf\":{\"@id\":\"https:\\\/\\\/www.copealcoy.es\\\/es\\\/ciudadanos-en-alcoy-reaparece-y-se-presenta-a-las-elecciones\\\/\"},\"author\":{\"name\":\"Cope Alcoy\",\"@id\":\"https:\\\/\\\/www.copealcoy.es\\\/es\\\/#\\\/schema\\\/person\\\/e777c87fa024e57d40170af9df39882c\"},\"headline\":\"Ciudadanos en Alcoy reaparece y se presenta a las elecciones\",\"datePublished\":\"2023-03-31T08:50:35+00:00\",\"dateModified\":\"2023-03-31T09:22:05+00:00\",\"mainEntityOfPage\":{\"@id\":\"https:\\\/\\\/www.copealcoy.es\\\/es\\\/ciudadanos-en-alcoy-reaparece-y-se-presenta-a-las-elecciones\\\/\"},\"wordCount\":339,\"commentCount\":0,\"image\":{\"@id\":\"https:\\\/\\\/www.copealcoy.es\\\/es\\\/ciudadanos-en-alcoy-reaparece-y-se-presenta-a-las-elecciones\\\/#primaryimage\"},\"thumbnailUrl\":\"https:\\\/\\\/www.copealcoy.es\\\/wp-content\\\/uploads\\\/2023\\\/03\\\/IMG_6176.jpg\",\"keywords\":[\"Alcoy\",\"Ciudadanos\",\"Elecciones Municipales\",\"Rafa Zamorano\"],\"articleSection\":[\"Actualidad\",\"Alcoy\",\"Elecciones\",\"Noticias\",\"Pol\u00edtica y Econom\u00eda\"],\"inLanguage\":\"es\"},{\"@type\":\"WebPage\",\"@id\":\"https:\\\/\\\/www.copealcoy.es\\\/es\\\/ciudadanos-en-alcoy-reaparece-y-se-presenta-a-las-elecciones\\\/\",\"url\":\"https:\\\/\\\/www.copealcoy.es\\\/es\\\/ciudadanos-en-alcoy-reaparece-y-se-presenta-a-las-elecciones\\\/\",\"name\":\"Ciudadanos en Alcoy reaparece y se presenta a las elecciones - COPE Alcoy\",\"isPartOf\":{\"@id\":\"https:\\\/\\\/www.copealcoy.es\\\/es\\\/#website\"},\"primaryImageOfPage\":{\"@id\":\"https:\\\/\\\/www.copealcoy.es\\\/es\\\/ciudadanos-en-alcoy-reaparece-y-se-presenta-a-las-elecciones\\\/#primaryimage\"},\"image\":{\"@id\":\"https:\\\/\\\/www.copealcoy.es\\\/es\\\/ciudadanos-en-alcoy-reaparece-y-se-presenta-a-las-elecciones\\\/#primaryimage\"},\"thumbnailUrl\":\"https:\\\/\\\/www.copealcoy.es\\\/wp-content\\\/uploads\\\/2023\\\/03\\\/IMG_6176.jpg\",\"datePublished\":\"2023-03-31T08:50:35+00:00\",\"dateModified\":\"2023-03-31T09:22:05+00:00\",\"author\":{\"@id\":\"https:\\\/\\\/www.copealcoy.es\\\/es\\\/#\\\/schema\\\/person\\\/e777c87fa024e57d40170af9df39882c\"},\"description\":\"Ha estado bastante en silencio en los \u00faltimos meses. Todo parec\u00eda indicar que no se presentar\u00eda a las pr\u00f3ximas elecciones municipales del 28 de mayo, pero Ciudadanos -finalmente- s\u00ed tendr\u00e1 candidatura.\",\"breadcrumb\":{\"@id\":\"https:\\\/\\\/www.copealcoy.es\\\/es\\\/ciudadanos-en-alcoy-reaparece-y-se-presenta-a-las-elecciones\\\/#breadcrumb\"},\"inLanguage\":\"es\",\"potentialAction\":[{\"@type\":\"ReadAction\",\"target\":[\"https:\\\/\\\/www.copealcoy.es\\\/es\\\/ciudadanos-en-alcoy-reaparece-y-se-presenta-a-las-elecciones\\\/\"]}]},{\"@type\":\"ImageObject\",\"inLanguage\":\"es\",\"@id\":\"https:\\\/\\\/www.copealcoy.es\\\/es\\\/ciudadanos-en-alcoy-reaparece-y-se-presenta-a-las-elecciones\\\/#primaryimage\",\"url\":\"https:\\\/\\\/www.copealcoy.es\\\/wp-content\\\/uploads\\\/2023\\\/03\\\/IMG_6176.jpg\",\"contentUrl\":\"https:\\\/\\\/www.copealcoy.es\\\/wp-content\\\/uploads\\\/2023\\\/03\\\/IMG_6176.jpg\",\"width\":1155,\"height\":1056},{\"@type\":\"BreadcrumbList\",\"@id\":\"https:\\\/\\\/www.copealcoy.es\\\/es\\\/ciudadanos-en-alcoy-reaparece-y-se-presenta-a-las-elecciones\\\/#breadcrumb\",\"itemListElement\":[{\"@type\":\"ListItem\",\"position\":1,\"name\":\"Portada\",\"item\":\"https:\\\/\\\/www.copealcoy.es\\\/es\\\/\"},{\"@type\":\"ListItem\",\"position\":2,\"name\":\"Ciudadanos en Alcoy reaparece y se presenta a las elecciones\"}]},{\"@type\":\"WebSite\",\"@id\":\"https:\\\/\\\/www.copealcoy.es\\\/es\\\/#website\",\"url\":\"https:\\\/\\\/www.copealcoy.es\\\/es\\\/\",\"name\":\"COPE Alcoy\",\"description\":\"Emisora COPE de radio local con emisi\u00f3n online. Pont de Sant Jordi 8-10 03803 Alcoy\",\"potentialAction\":[{\"@type\":\"SearchAction\",\"target\":{\"@type\":\"EntryPoint\",\"urlTemplate\":\"https:\\\/\\\/www.copealcoy.es\\\/es\\\/?s={search_term_string}\"},\"query-input\":{\"@type\":\"PropertyValueSpecification\",\"valueRequired\":true,\"valueName\":\"search_term_string\"}}],\"inLanguage\":\"es\"},{\"@type\":\"Person\",\"@id\":\"https:\\\/\\\/www.copealcoy.es\\\/es\\\/#\\\/schema\\\/person\\\/e777c87fa024e57d40170af9df39882c\",\"name\":\"Cope Alcoy\",\"image\":{\"@type\":\"ImageObject\",\"inLanguage\":\"es\",\"@id\":\"https:\\\/\\\/secure.gravatar.com\\\/avatar\\\/bb65d0283347e303893ba14f0692005417c1e0e690a325a4c5d8bb2b3943ee14?s=96&d=mm&r=g\",\"url\":\"https:\\\/\\\/secure.gravatar.com\\\/avatar\\\/bb65d0283347e303893ba14f0692005417c1e0e690a325a4c5d8bb2b3943ee14?s=96&d=mm&r=g\",\"contentUrl\":\"https:\\\/\\\/secure.gravatar.com\\\/avatar\\\/bb65d0283347e303893ba14f0692005417c1e0e690a325a4c5d8bb2b3943ee14?s=96&d=mm&r=g\",\"caption\":\"Cope Alcoy\"}}]}<\/script>\n<!-- \/ Yoast SEO plugin. -->","yoast_head_json":{"title":"Ciudadanos en Alcoy reaparece y se presenta a las elecciones - COPE Alcoy","description":"Ha estado bastante en silencio en los \u00faltimos meses. Todo parec\u00eda indicar que no se presentar\u00eda a las pr\u00f3ximas elecciones municipales del 28 de mayo, pero Ciudadanos -finalmente- s\u00ed tendr\u00e1 candidatura.","robots":{"index":"index","follow":"follow","max-snippet":"max-snippet:-1","max-image-preview":"max-image-preview:large","max-video-preview":"max-video-preview:-1"},"canonical":"https:\/\/www.copealcoy.es\/es\/ciudadanos-en-alcoy-reaparece-y-se-presenta-a-las-elecciones\/","og_locale":"es_ES","og_type":"article","og_title":"Ciudadanos en Alcoy reaparece y se presenta a las elecciones - COPE Alcoy","og_description":"Ha estado bastante en silencio en los \u00faltimos meses. Todo parec\u00eda indicar que no se presentar\u00eda a las pr\u00f3ximas elecciones municipales del 28 de mayo, pero Ciudadanos -finalmente- s\u00ed tendr\u00e1 candidatura.","og_url":"https:\/\/www.copealcoy.es\/es\/ciudadanos-en-alcoy-reaparece-y-se-presenta-a-las-elecciones\/","og_site_name":"COPE Alcoy","article_published_time":"2023-03-31T08:50:35+00:00","article_modified_time":"2023-03-31T09:22:05+00:00","og_image":[{"width":1155,"height":1056,"url":"https:\/\/www.copealcoy.es\/wp-content\/uploads\/2023\/03\/IMG_6176.jpg","type":"image\/jpeg"}],"author":"Cope Alcoy","twitter_misc":{"Escrito por":"Cope Alcoy","Tiempo de lectura":"2 minutos"},"schema":{"@context":"https:\/\/schema.org","@graph":[{"@type":"Article","@id":"https:\/\/www.copealcoy.es\/es\/ciudadanos-en-alcoy-reaparece-y-se-presenta-a-las-elecciones\/#article","isPartOf":{"@id":"https:\/\/www.copealcoy.es\/es\/ciudadanos-en-alcoy-reaparece-y-se-presenta-a-las-elecciones\/"},"author":{"name":"Cope Alcoy","@id":"https:\/\/www.copealcoy.es\/es\/#\/schema\/person\/e777c87fa024e57d40170af9df39882c"},"headline":"Ciudadanos en Alcoy reaparece y se presenta a las elecciones","datePublished":"2023-03-31T08:50:35+00:00","dateModified":"2023-03-31T09:22:05+00:00","mainEntityOfPage":{"@id":"https:\/\/www.copealcoy.es\/es\/ciudadanos-en-alcoy-reaparece-y-se-presenta-a-las-elecciones\/"},"wordCount":339,"commentCount":0,"image":{"@id":"https:\/\/www.copealcoy.es\/es\/ciudadanos-en-alcoy-reaparece-y-se-presenta-a-las-elecciones\/#primaryimage"},"thumbnailUrl":"https:\/\/www.copealcoy.es\/wp-content\/uploads\/2023\/03\/IMG_6176.jpg","keywords":["Alcoy","Ciudadanos","Elecciones Municipales","Rafa Zamorano"],"articleSection":["Actualidad","Alcoy","Elecciones","Noticias","Pol\u00edtica y Econom\u00eda"],"inLanguage":"es"},{"@type":"WebPage","@id":"https:\/\/www.copealcoy.es\/es\/ciudadanos-en-alcoy-reaparece-y-se-presenta-a-las-elecciones\/","url":"https:\/\/www.copealcoy.es\/es\/ciudadanos-en-alcoy-reaparece-y-se-presenta-a-las-elecciones\/","name":"Ciudadanos en Alcoy reaparece y se presenta a las elecciones - COPE Alcoy","isPartOf":{"@id":"https:\/\/www.copealcoy.es\/es\/#website"},"primaryImageOfPage":{"@id":"https:\/\/www.copealcoy.es\/es\/ciudadanos-en-alcoy-reaparece-y-se-presenta-a-las-elecciones\/#primaryimage"},"image":{"@id":"https:\/\/www.copealcoy.es\/es\/ciudadanos-en-alcoy-reaparece-y-se-presenta-a-las-elecciones\/#primaryimage"},"thumbnailUrl":"https:\/\/www.copealcoy.es\/wp-content\/uploads\/2023\/03\/IMG_6176.jpg","datePublished":"2023-03-31T08:50:35+00:00","dateModified":"2023-03-31T09:22:05+00:00","author":{"@id":"https:\/\/www.copealcoy.es\/es\/#\/schema\/person\/e777c87fa024e57d40170af9df39882c"},"description":"Ha estado bastante en silencio en los \u00faltimos meses. Todo parec\u00eda indicar que no se presentar\u00eda a las pr\u00f3ximas elecciones municipales del 28 de mayo, pero Ciudadanos -finalmente- s\u00ed tendr\u00e1 candidatura.","breadcrumb":{"@id":"https:\/\/www.copealcoy.es\/es\/ciudadanos-en-alcoy-reaparece-y-se-presenta-a-las-elecciones\/#breadcrumb"},"inLanguage":"es","potentialAction":[{"@type":"ReadAction","target":["https:\/\/www.copealcoy.es\/es\/ciudadanos-en-alcoy-reaparece-y-se-presenta-a-las-elecciones\/"]}]},{"@type":"ImageObject","inLanguage":"es","@id":"https:\/\/www.copealcoy.es\/es\/ciudadanos-en-alcoy-reaparece-y-se-presenta-a-las-elecciones\/#primaryimage","url":"https:\/\/www.copealcoy.es\/wp-content\/uploads\/2023\/03\/IMG_6176.jpg","contentUrl":"https:\/\/www.copealcoy.es\/wp-content\/uploads\/2023\/03\/IMG_6176.jpg","width":1155,"height":1056},{"@type":"BreadcrumbList","@id":"https:\/\/www.copealcoy.es\/es\/ciudadanos-en-alcoy-reaparece-y-se-presenta-a-las-elecciones\/#breadcrumb","itemListElement":[{"@type":"ListItem","position":1,"name":"Portada","item":"https:\/\/www.copealcoy.es\/es\/"},{"@type":"ListItem","position":2,"name":"Ciudadanos en Alcoy reaparece y se presenta a las elecciones"}]},{"@type":"WebSite","@id":"https:\/\/www.copealcoy.es\/es\/#website","url":"https:\/\/www.copealcoy.es\/es\/","name":"COPE Alcoy","description":"Emisora COPE de radio local con emisi\u00f3n online. Pont de Sant Jordi 8-10 03803 Alcoy","potentialAction":[{"@type":"SearchAction","target":{"@type":"EntryPoint","urlTemplate":"https:\/\/www.copealcoy.es\/es\/?s={search_term_string}"},"query-input":{"@type":"PropertyValueSpecification","valueRequired":true,"valueName":"search_term_string"}}],"inLanguage":"es"},{"@type":"Person","@id":"https:\/\/www.copealcoy.es\/es\/#\/schema\/person\/e777c87fa024e57d40170af9df39882c","name":"Cope Alcoy","image":{"@type":"ImageObject","inLanguage":"es","@id":"https:\/\/secure.gravatar.com\/avatar\/bb65d0283347e303893ba14f0692005417c1e0e690a325a4c5d8bb2b3943ee14?s=96&d=mm&r=g","url":"https:\/\/secure.gravatar.com\/avatar\/bb65d0283347e303893ba14f0692005417c1e0e690a325a4c5d8bb2b3943ee14?s=96&d=mm&r=g","contentUrl":"https:\/\/secure.gravatar.com\/avatar\/bb65d0283347e303893ba14f0692005417c1e0e690a325a4c5d8bb2b3943ee14?s=96&d=mm&r=g","caption":"Cope Alcoy"}}]}},"_links":{"self":[{"href":"https:\/\/www.copealcoy.es\/es\/wp-json\/wp\/v2\/posts\/113059","targetHints":{"allow":["GET"]}}],"collection":[{"href":"https:\/\/www.copealcoy.es\/es\/wp-json\/wp\/v2\/posts"}],"about":[{"href":"https:\/\/www.copealcoy.es\/es\/wp-json\/wp\/v2\/types\/post"}],"author":[{"embeddable":true,"href":"https:\/\/www.copealcoy.es\/es\/wp-json\/wp\/v2\/users\/1"}],"replies":[{"embeddable":true,"href":"https:\/\/www.copealcoy.es\/es\/wp-json\/wp\/v2\/comments?post=113059"}],"version-history":[{"count":0,"href":"https:\/\/www.copealcoy.es\/es\/wp-json\/wp\/v2\/posts\/113059\/revisions"}],"wp:featuredmedia":[{"embeddable":true,"href":"https:\/\/www.copealcoy.es\/es\/wp-json\/wp\/v2\/media\/113084"}],"wp:attachment":[{"href":"https:\/\/www.copealcoy.es\/es\/wp-json\/wp\/v2\/media?parent=113059"}],"wp:term":[{"taxonomy":"category","embeddable":true,"href":"https:\/\/www.copealcoy.es\/es\/wp-json\/wp\/v2\/categories?post=113059"},{"taxonomy":"post_tag","embeddable":true,"href":"https:\/\/www.copealcoy.es\/es\/wp-json\/wp\/v2\/tags?post=113059"}],"curies":[{"name":"wp","href":"https:\/\/api.w.org\/{rel}","templated":true}]}}