{"id":113021,"date":"2023-03-30T16:03:23","date_gmt":"2023-03-30T15:03:23","guid":{"rendered":"https:\/\/www.copealcoy.es\/?p=113021"},"modified":"2023-03-30T16:13:42","modified_gmt":"2023-03-30T15:13:42","slug":"mas-aparcamiento-una-de-las-necesidades-del-barrio-de-santa-rosa-de-alcoy","status":"publish","type":"post","link":"https:\/\/www.copealcoy.es\/es\/mas-aparcamiento-una-de-las-necesidades-del-barrio-de-santa-rosa-de-alcoy\/","title":{"rendered":"M\u00e1s aparcamiento, una de las necesidades del barrio de Santa Rosa de Alcoy"},"content":{"rendered":"<p style=\"text-align: justify;\">Los<a href=\"https:\/\/www.facebook.com\/AsociacionVecinosSantaRosa?locale=es_LA\" target=\"_blank\" rel=\"noopener\"><span style=\"color: #0000ff;\"><strong> vecinos del barrio de Santa Rosa<\/strong> <\/span><\/a>insisten en que la falta de aparcamiento <strong>es una de las principales problem\u00e1ticas<\/strong> a las que se enfrenta actualmente la zona. Consideran que las plazas creadas recientemente <strong>son insuficientes<\/strong> y piden al Ayuntamiento que <strong>trabaje en buscar una soluci\u00f3n al respecto<\/strong> a corto plazo.<\/p>\n<p style=\"text-align: justify;\">Desde la Asociaci\u00f3n Vecinal explican que <strong>la cesi\u00f3n de los terrenos de la Colonia de Aviaci\u00f3n a la ciudad puede abrir una v\u00eda de escape<\/strong> puesto que esta zona, una vez urbanizada, puede acoger nuevos estacionamientos. Adem\u00e1s van m\u00e1s all\u00e1 y consideran que <strong>se podr\u00eda explorar otra propuesta<\/strong> que podr\u00eda solventar una problem\u00e1tica que es un quebradero de cabeza para los vecinos o los que acuden al barrio &#8220;<em>hay espacios que, cedidos o comprados por el Consistorio, podr\u00edan servir para crear alg\u00fan aparcamiento en altura que diera cabida a los veh\u00edculos. No es que tengamos muchos solares pero hay puntos que podr\u00edan acoger una infraestructura de estas caracter\u00edsticas si se planifica bien el proyecto<\/em>&#8220;, puntualiza el presidente del colectivo, <strong>Juan Moncho<\/strong>. Este \u00faltimo tambi\u00e9n habla de que <strong>cuando Rodes sea una realidad llegar\u00e1n m\u00e1s veh\u00edculos al barrio<\/strong> &#8220;<em>es un espacio en el que habr\u00e1 actividad, que nos dar\u00e1 importantes servicios a Santa Rosa, pero si no se tiene en cuenta crear m\u00e1s aparcamiento estaremos ante un problema que se agravar\u00e1 m\u00e1s<\/em>&#8220;, concluye Moncho.<\/p>\n<p style=\"text-align: justify;\">Recordar que el barrio de Santa Rosa de Alcoy cuenta con\u00a0<strong>26 nuevas plazas para estacionar en la calle La Milagrosa<\/strong>, un proyecto que los vecinos llevaban a\u00f1os reivindicando y que se convirti\u00f3 en una realidad hace unas semanas. Se trata de una obra que el Ayuntamiento sac\u00f3 a concurso el pasado mes de noviembre. Un total de <strong>49.979.36 euros<\/strong> para crear alrededor de 30 plazas de aparcamiento pero, tras los permisos y estudios correspondientes, ha quedado en esas 26 plazas.<\/p>\n","protected":false},"excerpt":{"rendered":"<p>Los vecinos del barrio de Santa Rosa insisten en que la falta de aparcamiento es una de las principales problem\u00e1ticas&#8230;<\/p>\n","protected":false},"author":1,"featured_media":112165,"comment_status":"open","ping_status":"open","sticky":false,"template":"","format":"standard","meta":{"footnotes":""},"categories":[6909,97,75,125],"tags":[1494,14418,14312,821,548],"class_list":["post-113021","post","type-post","status-publish","format-standard","has-post-thumbnail","hentry","category-actualidad","category-alcoy","category-noticias","category-portada","tag-alcoy","tag-estacionamiento","tag-plazas-de-aparcamiento","tag-santa-rosa","tag-vecinos"],"yoast_head":"<!-- This site is optimized with the Yoast SEO plugin v27.3 - https:\/\/yoast.com\/product\/yoast-seo-wordpress\/ -->\n<title>M\u00e1s aparcamiento, una de las necesidades del barrio de Santa Rosa de Alcoy - COPE Alcoy<\/title>\n<meta name=\"description\" content=\"Los vecinos del barrio de Santa Rosa insisten en que la falta de aparcamiento es una de las principales problem\u00e1ticas del barrio\" \/>\n<meta name=\"robots\" content=\"index, follow, max-snippet:-1, max-image-preview:large, max-video-preview:-1\" \/>\n<link rel=\"canonical\" href=\"https:\/\/www.copealcoy.es\/es\/mas-aparcamiento-una-de-las-necesidades-del-barrio-de-santa-rosa-de-alcoy\/\" \/>\n<meta property=\"og:locale\" content=\"es_ES\" \/>\n<meta property=\"og:type\" content=\"article\" \/>\n<meta property=\"og:title\" content=\"M\u00e1s aparcamiento, una de las necesidades del barrio de Santa Rosa de Alcoy - COPE Alcoy\" \/>\n<meta property=\"og:description\" content=\"Los vecinos del barrio de Santa Rosa insisten en que la falta de aparcamiento es una de las principales problem\u00e1ticas del barrio\" \/>\n<meta property=\"og:url\" content=\"https:\/\/www.copealcoy.es\/es\/mas-aparcamiento-una-de-las-necesidades-del-barrio-de-santa-rosa-de-alcoy\/\" \/>\n<meta property=\"og:site_name\" content=\"COPE Alcoy\" \/>\n<meta property=\"article:published_time\" content=\"2023-03-30T15:03:23+00:00\" \/>\n<meta property=\"article:modified_time\" content=\"2023-03-30T15:13:42+00:00\" \/>\n<meta property=\"og:image\" content=\"https:\/\/www.copealcoy.es\/wp-content\/uploads\/2023\/03\/Aparcaments-La-Miraculosa-25.jpg\" \/>\n\t<meta property=\"og:image:width\" content=\"1619\" \/>\n\t<meta property=\"og:image:height\" content=\"1080\" \/>\n\t<meta property=\"og:image:type\" content=\"image\/jpeg\" \/>\n<meta name=\"author\" content=\"Cope Alcoy\" \/>\n<meta name=\"twitter:label1\" content=\"Escrito por\" \/>\n\t<meta name=\"twitter:data1\" content=\"Cope Alcoy\" \/>\n\t<meta name=\"twitter:label2\" content=\"Tiempo de lectura\" \/>\n\t<meta name=\"twitter:data2\" content=\"2 minutos\" \/>\n<script type=\"application\/ld+json\" class=\"yoast-schema-graph\">{\"@context\":\"https:\\\/\\\/schema.org\",\"@graph\":[{\"@type\":\"Article\",\"@id\":\"https:\\\/\\\/www.copealcoy.es\\\/es\\\/mas-aparcamiento-una-de-las-necesidades-del-barrio-de-santa-rosa-de-alcoy\\\/#article\",\"isPartOf\":{\"@id\":\"https:\\\/\\\/www.copealcoy.es\\\/es\\\/mas-aparcamiento-una-de-las-necesidades-del-barrio-de-santa-rosa-de-alcoy\\\/\"},\"author\":{\"name\":\"Cope Alcoy\",\"@id\":\"https:\\\/\\\/www.copealcoy.es\\\/es\\\/#\\\/schema\\\/person\\\/e777c87fa024e57d40170af9df39882c\"},\"headline\":\"M\u00e1s aparcamiento, una de las necesidades del barrio de Santa Rosa de Alcoy\",\"datePublished\":\"2023-03-30T15:03:23+00:00\",\"dateModified\":\"2023-03-30T15:13:42+00:00\",\"mainEntityOfPage\":{\"@id\":\"https:\\\/\\\/www.copealcoy.es\\\/es\\\/mas-aparcamiento-una-de-las-necesidades-del-barrio-de-santa-rosa-de-alcoy\\\/\"},\"wordCount\":338,\"commentCount\":0,\"image\":{\"@id\":\"https:\\\/\\\/www.copealcoy.es\\\/es\\\/mas-aparcamiento-una-de-las-necesidades-del-barrio-de-santa-rosa-de-alcoy\\\/#primaryimage\"},\"thumbnailUrl\":\"https:\\\/\\\/www.copealcoy.es\\\/wp-content\\\/uploads\\\/2023\\\/03\\\/Aparcaments-La-Miraculosa-25.jpg\",\"keywords\":[\"Alcoy\",\"estacionamiento\",\"plazas de aparcamiento\",\"Santa Rosa\",\"Vecinos\"],\"articleSection\":[\"Actualidad\",\"Alcoy\",\"Noticias\",\"Portada\"],\"inLanguage\":\"es\"},{\"@type\":\"WebPage\",\"@id\":\"https:\\\/\\\/www.copealcoy.es\\\/es\\\/mas-aparcamiento-una-de-las-necesidades-del-barrio-de-santa-rosa-de-alcoy\\\/\",\"url\":\"https:\\\/\\\/www.copealcoy.es\\\/es\\\/mas-aparcamiento-una-de-las-necesidades-del-barrio-de-santa-rosa-de-alcoy\\\/\",\"name\":\"M\u00e1s aparcamiento, una de las necesidades del barrio de Santa Rosa de Alcoy - COPE Alcoy\",\"isPartOf\":{\"@id\":\"https:\\\/\\\/www.copealcoy.es\\\/es\\\/#website\"},\"primaryImageOfPage\":{\"@id\":\"https:\\\/\\\/www.copealcoy.es\\\/es\\\/mas-aparcamiento-una-de-las-necesidades-del-barrio-de-santa-rosa-de-alcoy\\\/#primaryimage\"},\"image\":{\"@id\":\"https:\\\/\\\/www.copealcoy.es\\\/es\\\/mas-aparcamiento-una-de-las-necesidades-del-barrio-de-santa-rosa-de-alcoy\\\/#primaryimage\"},\"thumbnailUrl\":\"https:\\\/\\\/www.copealcoy.es\\\/wp-content\\\/uploads\\\/2023\\\/03\\\/Aparcaments-La-Miraculosa-25.jpg\",\"datePublished\":\"2023-03-30T15:03:23+00:00\",\"dateModified\":\"2023-03-30T15:13:42+00:00\",\"author\":{\"@id\":\"https:\\\/\\\/www.copealcoy.es\\\/es\\\/#\\\/schema\\\/person\\\/e777c87fa024e57d40170af9df39882c\"},\"description\":\"Los vecinos del barrio de Santa Rosa insisten en que la falta de aparcamiento es una de las principales problem\u00e1ticas del barrio\",\"breadcrumb\":{\"@id\":\"https:\\\/\\\/www.copealcoy.es\\\/es\\\/mas-aparcamiento-una-de-las-necesidades-del-barrio-de-santa-rosa-de-alcoy\\\/#breadcrumb\"},\"inLanguage\":\"es\",\"potentialAction\":[{\"@type\":\"ReadAction\",\"target\":[\"https:\\\/\\\/www.copealcoy.es\\\/es\\\/mas-aparcamiento-una-de-las-necesidades-del-barrio-de-santa-rosa-de-alcoy\\\/\"]}]},{\"@type\":\"ImageObject\",\"inLanguage\":\"es\",\"@id\":\"https:\\\/\\\/www.copealcoy.es\\\/es\\\/mas-aparcamiento-una-de-las-necesidades-del-barrio-de-santa-rosa-de-alcoy\\\/#primaryimage\",\"url\":\"https:\\\/\\\/www.copealcoy.es\\\/wp-content\\\/uploads\\\/2023\\\/03\\\/Aparcaments-La-Miraculosa-25.jpg\",\"contentUrl\":\"https:\\\/\\\/www.copealcoy.es\\\/wp-content\\\/uploads\\\/2023\\\/03\\\/Aparcaments-La-Miraculosa-25.jpg\",\"width\":1619,\"height\":1080},{\"@type\":\"BreadcrumbList\",\"@id\":\"https:\\\/\\\/www.copealcoy.es\\\/es\\\/mas-aparcamiento-una-de-las-necesidades-del-barrio-de-santa-rosa-de-alcoy\\\/#breadcrumb\",\"itemListElement\":[{\"@type\":\"ListItem\",\"position\":1,\"name\":\"Portada\",\"item\":\"https:\\\/\\\/www.copealcoy.es\\\/es\\\/\"},{\"@type\":\"ListItem\",\"position\":2,\"name\":\"M\u00e1s aparcamiento, una de las necesidades del barrio de Santa Rosa de Alcoy\"}]},{\"@type\":\"WebSite\",\"@id\":\"https:\\\/\\\/www.copealcoy.es\\\/es\\\/#website\",\"url\":\"https:\\\/\\\/www.copealcoy.es\\\/es\\\/\",\"name\":\"COPE Alcoy\",\"description\":\"Emisora COPE de radio local con emisi\u00f3n online. Pont de Sant Jordi 8-10 03803 Alcoy\",\"potentialAction\":[{\"@type\":\"SearchAction\",\"target\":{\"@type\":\"EntryPoint\",\"urlTemplate\":\"https:\\\/\\\/www.copealcoy.es\\\/es\\\/?s={search_term_string}\"},\"query-input\":{\"@type\":\"PropertyValueSpecification\",\"valueRequired\":true,\"valueName\":\"search_term_string\"}}],\"inLanguage\":\"es\"},{\"@type\":\"Person\",\"@id\":\"https:\\\/\\\/www.copealcoy.es\\\/es\\\/#\\\/schema\\\/person\\\/e777c87fa024e57d40170af9df39882c\",\"name\":\"Cope Alcoy\",\"image\":{\"@type\":\"ImageObject\",\"inLanguage\":\"es\",\"@id\":\"https:\\\/\\\/secure.gravatar.com\\\/avatar\\\/bb65d0283347e303893ba14f0692005417c1e0e690a325a4c5d8bb2b3943ee14?s=96&d=mm&r=g\",\"url\":\"https:\\\/\\\/secure.gravatar.com\\\/avatar\\\/bb65d0283347e303893ba14f0692005417c1e0e690a325a4c5d8bb2b3943ee14?s=96&d=mm&r=g\",\"contentUrl\":\"https:\\\/\\\/secure.gravatar.com\\\/avatar\\\/bb65d0283347e303893ba14f0692005417c1e0e690a325a4c5d8bb2b3943ee14?s=96&d=mm&r=g\",\"caption\":\"Cope Alcoy\"}}]}<\/script>\n<!-- \/ Yoast SEO plugin. -->","yoast_head_json":{"title":"M\u00e1s aparcamiento, una de las necesidades del barrio de Santa Rosa de Alcoy - COPE Alcoy","description":"Los vecinos del barrio de Santa Rosa insisten en que la falta de aparcamiento es una de las principales problem\u00e1ticas del barrio","robots":{"index":"index","follow":"follow","max-snippet":"max-snippet:-1","max-image-preview":"max-image-preview:large","max-video-preview":"max-video-preview:-1"},"canonical":"https:\/\/www.copealcoy.es\/es\/mas-aparcamiento-una-de-las-necesidades-del-barrio-de-santa-rosa-de-alcoy\/","og_locale":"es_ES","og_type":"article","og_title":"M\u00e1s aparcamiento, una de las necesidades del barrio de Santa Rosa de Alcoy - COPE Alcoy","og_description":"Los vecinos del barrio de Santa Rosa insisten en que la falta de aparcamiento es una de las principales problem\u00e1ticas del barrio","og_url":"https:\/\/www.copealcoy.es\/es\/mas-aparcamiento-una-de-las-necesidades-del-barrio-de-santa-rosa-de-alcoy\/","og_site_name":"COPE Alcoy","article_published_time":"2023-03-30T15:03:23+00:00","article_modified_time":"2023-03-30T15:13:42+00:00","og_image":[{"width":1619,"height":1080,"url":"https:\/\/www.copealcoy.es\/wp-content\/uploads\/2023\/03\/Aparcaments-La-Miraculosa-25.jpg","type":"image\/jpeg"}],"author":"Cope Alcoy","twitter_misc":{"Escrito por":"Cope Alcoy","Tiempo de lectura":"2 minutos"},"schema":{"@context":"https:\/\/schema.org","@graph":[{"@type":"Article","@id":"https:\/\/www.copealcoy.es\/es\/mas-aparcamiento-una-de-las-necesidades-del-barrio-de-santa-rosa-de-alcoy\/#article","isPartOf":{"@id":"https:\/\/www.copealcoy.es\/es\/mas-aparcamiento-una-de-las-necesidades-del-barrio-de-santa-rosa-de-alcoy\/"},"author":{"name":"Cope Alcoy","@id":"https:\/\/www.copealcoy.es\/es\/#\/schema\/person\/e777c87fa024e57d40170af9df39882c"},"headline":"M\u00e1s aparcamiento, una de las necesidades del barrio de Santa Rosa de Alcoy","datePublished":"2023-03-30T15:03:23+00:00","dateModified":"2023-03-30T15:13:42+00:00","mainEntityOfPage":{"@id":"https:\/\/www.copealcoy.es\/es\/mas-aparcamiento-una-de-las-necesidades-del-barrio-de-santa-rosa-de-alcoy\/"},"wordCount":338,"commentCount":0,"image":{"@id":"https:\/\/www.copealcoy.es\/es\/mas-aparcamiento-una-de-las-necesidades-del-barrio-de-santa-rosa-de-alcoy\/#primaryimage"},"thumbnailUrl":"https:\/\/www.copealcoy.es\/wp-content\/uploads\/2023\/03\/Aparcaments-La-Miraculosa-25.jpg","keywords":["Alcoy","estacionamiento","plazas de aparcamiento","Santa Rosa","Vecinos"],"articleSection":["Actualidad","Alcoy","Noticias","Portada"],"inLanguage":"es"},{"@type":"WebPage","@id":"https:\/\/www.copealcoy.es\/es\/mas-aparcamiento-una-de-las-necesidades-del-barrio-de-santa-rosa-de-alcoy\/","url":"https:\/\/www.copealcoy.es\/es\/mas-aparcamiento-una-de-las-necesidades-del-barrio-de-santa-rosa-de-alcoy\/","name":"M\u00e1s aparcamiento, una de las necesidades del barrio de Santa Rosa de Alcoy - COPE Alcoy","isPartOf":{"@id":"https:\/\/www.copealcoy.es\/es\/#website"},"primaryImageOfPage":{"@id":"https:\/\/www.copealcoy.es\/es\/mas-aparcamiento-una-de-las-necesidades-del-barrio-de-santa-rosa-de-alcoy\/#primaryimage"},"image":{"@id":"https:\/\/www.copealcoy.es\/es\/mas-aparcamiento-una-de-las-necesidades-del-barrio-de-santa-rosa-de-alcoy\/#primaryimage"},"thumbnailUrl":"https:\/\/www.copealcoy.es\/wp-content\/uploads\/2023\/03\/Aparcaments-La-Miraculosa-25.jpg","datePublished":"2023-03-30T15:03:23+00:00","dateModified":"2023-03-30T15:13:42+00:00","author":{"@id":"https:\/\/www.copealcoy.es\/es\/#\/schema\/person\/e777c87fa024e57d40170af9df39882c"},"description":"Los vecinos del barrio de Santa Rosa insisten en que la falta de aparcamiento es una de las principales problem\u00e1ticas del barrio","breadcrumb":{"@id":"https:\/\/www.copealcoy.es\/es\/mas-aparcamiento-una-de-las-necesidades-del-barrio-de-santa-rosa-de-alcoy\/#breadcrumb"},"inLanguage":"es","potentialAction":[{"@type":"ReadAction","target":["https:\/\/www.copealcoy.es\/es\/mas-aparcamiento-una-de-las-necesidades-del-barrio-de-santa-rosa-de-alcoy\/"]}]},{"@type":"ImageObject","inLanguage":"es","@id":"https:\/\/www.copealcoy.es\/es\/mas-aparcamiento-una-de-las-necesidades-del-barrio-de-santa-rosa-de-alcoy\/#primaryimage","url":"https:\/\/www.copealcoy.es\/wp-content\/uploads\/2023\/03\/Aparcaments-La-Miraculosa-25.jpg","contentUrl":"https:\/\/www.copealcoy.es\/wp-content\/uploads\/2023\/03\/Aparcaments-La-Miraculosa-25.jpg","width":1619,"height":1080},{"@type":"BreadcrumbList","@id":"https:\/\/www.copealcoy.es\/es\/mas-aparcamiento-una-de-las-necesidades-del-barrio-de-santa-rosa-de-alcoy\/#breadcrumb","itemListElement":[{"@type":"ListItem","position":1,"name":"Portada","item":"https:\/\/www.copealcoy.es\/es\/"},{"@type":"ListItem","position":2,"name":"M\u00e1s aparcamiento, una de las necesidades del barrio de Santa Rosa de Alcoy"}]},{"@type":"WebSite","@id":"https:\/\/www.copealcoy.es\/es\/#website","url":"https:\/\/www.copealcoy.es\/es\/","name":"COPE Alcoy","description":"Emisora COPE de radio local con emisi\u00f3n online. Pont de Sant Jordi 8-10 03803 Alcoy","potentialAction":[{"@type":"SearchAction","target":{"@type":"EntryPoint","urlTemplate":"https:\/\/www.copealcoy.es\/es\/?s={search_term_string}"},"query-input":{"@type":"PropertyValueSpecification","valueRequired":true,"valueName":"search_term_string"}}],"inLanguage":"es"},{"@type":"Person","@id":"https:\/\/www.copealcoy.es\/es\/#\/schema\/person\/e777c87fa024e57d40170af9df39882c","name":"Cope Alcoy","image":{"@type":"ImageObject","inLanguage":"es","@id":"https:\/\/secure.gravatar.com\/avatar\/bb65d0283347e303893ba14f0692005417c1e0e690a325a4c5d8bb2b3943ee14?s=96&d=mm&r=g","url":"https:\/\/secure.gravatar.com\/avatar\/bb65d0283347e303893ba14f0692005417c1e0e690a325a4c5d8bb2b3943ee14?s=96&d=mm&r=g","contentUrl":"https:\/\/secure.gravatar.com\/avatar\/bb65d0283347e303893ba14f0692005417c1e0e690a325a4c5d8bb2b3943ee14?s=96&d=mm&r=g","caption":"Cope Alcoy"}}]}},"_links":{"self":[{"href":"https:\/\/www.copealcoy.es\/es\/wp-json\/wp\/v2\/posts\/113021","targetHints":{"allow":["GET"]}}],"collection":[{"href":"https:\/\/www.copealcoy.es\/es\/wp-json\/wp\/v2\/posts"}],"about":[{"href":"https:\/\/www.copealcoy.es\/es\/wp-json\/wp\/v2\/types\/post"}],"author":[{"embeddable":true,"href":"https:\/\/www.copealcoy.es\/es\/wp-json\/wp\/v2\/users\/1"}],"replies":[{"embeddable":true,"href":"https:\/\/www.copealcoy.es\/es\/wp-json\/wp\/v2\/comments?post=113021"}],"version-history":[{"count":0,"href":"https:\/\/www.copealcoy.es\/es\/wp-json\/wp\/v2\/posts\/113021\/revisions"}],"wp:featuredmedia":[{"embeddable":true,"href":"https:\/\/www.copealcoy.es\/es\/wp-json\/wp\/v2\/media\/112165"}],"wp:attachment":[{"href":"https:\/\/www.copealcoy.es\/es\/wp-json\/wp\/v2\/media?parent=113021"}],"wp:term":[{"taxonomy":"category","embeddable":true,"href":"https:\/\/www.copealcoy.es\/es\/wp-json\/wp\/v2\/categories?post=113021"},{"taxonomy":"post_tag","embeddable":true,"href":"https:\/\/www.copealcoy.es\/es\/wp-json\/wp\/v2\/tags?post=113021"}],"curies":[{"name":"wp","href":"https:\/\/api.w.org\/{rel}","templated":true}]}}