{"id":112991,"date":"2023-03-30T11:41:09","date_gmt":"2023-03-30T10:41:09","guid":{"rendered":"https:\/\/www.copealcoy.es\/?p=112991"},"modified":"2023-03-30T11:49:00","modified_gmt":"2023-03-30T10:49:00","slug":"el-alcoyano-gabriel-guillem-se-suma-a-la-candidatura-de-carlos-pastor","status":"publish","type":"post","link":"https:\/\/www.copealcoy.es\/es\/el-alcoyano-gabriel-guillem-se-suma-a-la-candidatura-de-carlos-pastor\/","title":{"rendered":"El alcoyano Gabriel Guillem se suma a la candidatura de Carlos Pastor"},"content":{"rendered":"<p style=\"text-align: justify;\">El <a href=\"https:\/\/www.facebook.com\/populares.alcoy?locale=es_LA\" target=\"_blank\" rel=\"noopener\"><strong><span style=\"color: #0000ff;\">Partido Popular de Alcoy<\/span><\/strong><\/a> sigue desgranando <strong>las personas que integrar\u00e1n la lista con la que Carlos Pastor concurrir\u00e1 a las Elecciones Municipales<\/strong> del pr\u00f3ximo mes de mayo. La nueva incorporaci\u00f3n <strong>es el historiador Gabriel Guillem<\/strong>, el cual <strong>ha estado vinculado la difusi\u00f3n de los atractivos tur\u00edsticos de la ciudad<\/strong> en iniciativas como rutas guiadas o la consolidaci\u00f3n del patrimonio local.<\/p>\n<p style=\"text-align: justify;\"><span id=\"page44R_mcid6\" class=\"markedContent\"><span dir=\"ltr\" role=\"presentation\">Guillem es licenciado en Historia por la <\/span><span dir=\"ltr\" role=\"presentation\">Universidad de Alicante e <strong>imparti\u00f3 clases como profesor de lengua en el colegio S<\/strong><\/span><strong><span dir=\"ltr\" role=\"presentation\">alesianos <\/span><span dir=\"ltr\" role=\"presentation\">Juan<\/span> <span dir=\"ltr\" role=\"presentation\">XXIII<\/span> de Alcoy<\/strong>. Tambi\u00e9n\u00a0<strong><span dir=\"ltr\" role=\"presentation\">desarroll\u00f3<\/span> <span dir=\"ltr\" role=\"presentation\">diversos<\/span> <span dir=\"ltr\" role=\"presentation\">proyectos<\/span> <span dir=\"ltr\" role=\"presentation\">de <\/span><\/strong><span dir=\"ltr\" role=\"presentation\"><strong>investigaci\u00f3n hist\u00f3rica<\/strong> sobre la arquitectura y la sociedad industrial de la capital de l&#8217;Alcoi\u00e0 y<\/span><\/span><span id=\"page44R_mcid7\" class=\"markedContent\"><span dir=\"ltr\" role=\"presentation\"> form\u00f3 parte del equipo de redacci\u00f3n de los <\/span><span dir=\"ltr\" role=\"presentation\">cat\u00e1logos de bienes as\u00ed como espacios protegidos de nuestro t\u00e9rmino municipal. Adem\u00e1s, seg\u00fan recuerdan los populares, <strong>realiz\u00f3<\/strong><\/span><strong><span dir=\"ltr\" role=\"presentation\"> proyectos de estudio y divulgaci\u00f3n del <\/span><\/strong><span dir=\"ltr\" role=\"presentation\"><strong>patrimonio cultural<\/strong> para distintas administraciones y entidades de la provincia.\u00a0<\/span><\/span><\/p>\n<p style=\"text-align: justify;\"><span id=\"page44R_mcid8\" class=\"markedContent\">El nuevo fichaje, muy cr\u00edtico con la gesti\u00f3n del patrimonio local que ha hecho el Ejecutivo Local del PSOE en sus a\u00f1os de gobierno,<strong> se une al proyecto popular<\/strong> &#8220;<em><span dir=\"ltr\" role=\"presentation\">para poder aportar de forma directa a la mejora de la <\/span><\/em><span dir=\"ltr\" role=\"presentation\"><em>gesti\u00f3n p\u00fablica en la ciudad<\/em>\u201d, afirma en un comunicado. Por su parte el alcaldable ha se\u00f1alado que <strong>la <\/strong><\/span><\/span><span id=\"page44R_mcid10\" class=\"markedContent\"><span dir=\"ltr\" role=\"presentation\"><strong>incorporaci\u00f3n de Gabriel Guillem<\/strong> \u201c<em>aporta experiencia por su <\/em><\/span><em><span dir=\"ltr\" role=\"presentation\">conocimiento en algo tan importante para Alcoy como es su patrimonio. Adem\u00e1s de <\/span><\/em><span dir=\"ltr\" role=\"presentation\"><em>su experiencia personal y profesional en diferentes \u00e1mbitos de la ciudad\u201d<\/em>, concluye Carlos Pastor.\u00a0<\/span><\/span><\/p>\n<p><strong><span style=\"color: #0000ff;\">Fuensanta Santa, otra de las incorporaciones al proyecto del PP<\/span><\/strong><\/p>\n<p style=\"text-align: justify;\">Indicar que el Partido Popular de Alcoy anunci\u00f3 ayer que <strong>Fuensanta Santa<\/strong> <strong>se unir\u00e1 tambi\u00e9n a la candidatura de Carlos Pastor<\/strong>. Es licenciada en Filosof\u00eda y Filolog\u00eda Hisp\u00e1nica por la Universidad de M\u00fasica y posee el t\u00edtulo de profesora de m\u00fasica, en la especialidad del Piano, por el Conservatorio Superior de Murcia y Arte Dram\u00e1tico de Murcia. Son dos especialidades que imparte como docente en el Colegio La Salle de Alcoy desde 1983.<\/p>\n<p style=\"text-align: justify;\">Fuensanta Santa es afiliada al PP y <strong>forma parte del Comit\u00e9 organizador de la campa\u00f1a electoral para las elecciones del 28 de mayo<\/strong>. Ha asegurado que asume el reto con mucha ilusi\u00f3n y ganas por trabajar por la ciudad.<\/p>\n","protected":false},"excerpt":{"rendered":"<p>El Partido Popular de Alcoy sigue desgranando las personas que integrar\u00e1n la lista con la que Carlos Pastor concurrir\u00e1 a&#8230;<\/p>\n","protected":false},"author":1,"featured_media":112992,"comment_status":"open","ping_status":"open","sticky":false,"template":"","format":"standard","meta":{"footnotes":""},"categories":[6909,97,75,79],"tags":[804,1494,721,9977,448],"class_list":["post-112991","post","type-post","status-publish","format-standard","has-post-thumbnail","hentry","category-actualidad","category-alcoy","category-noticias","category-politicayeconomia","tag-alcaldia","tag-alcoy","tag-elecciones-municipales","tag-gabriel-guillem","tag-partido-popular"],"yoast_head":"<!-- This site is optimized with the Yoast SEO plugin v27.3 - https:\/\/yoast.com\/product\/yoast-seo-wordpress\/ -->\n<title>El alcoyano Gabriel Guillem se suma a la candidatura de Carlos Pastor - COPE Alcoy<\/title>\n<meta name=\"description\" content=\"El Partido Popular de Alcoy sigue desgranando las personas que integrar\u00e1n la lista con la que Carlos Pastor concurrir\u00e1 a las Elecciones\" \/>\n<meta name=\"robots\" content=\"index, follow, max-snippet:-1, max-image-preview:large, max-video-preview:-1\" \/>\n<link rel=\"canonical\" href=\"https:\/\/www.copealcoy.es\/es\/el-alcoyano-gabriel-guillem-se-suma-a-la-candidatura-de-carlos-pastor\/\" \/>\n<meta property=\"og:locale\" content=\"es_ES\" \/>\n<meta property=\"og:type\" content=\"article\" \/>\n<meta property=\"og:title\" content=\"El alcoyano Gabriel Guillem se suma a la candidatura de Carlos Pastor - COPE Alcoy\" \/>\n<meta property=\"og:description\" content=\"El Partido Popular de Alcoy sigue desgranando las personas que integrar\u00e1n la lista con la que Carlos Pastor concurrir\u00e1 a las Elecciones\" \/>\n<meta property=\"og:url\" content=\"https:\/\/www.copealcoy.es\/es\/el-alcoyano-gabriel-guillem-se-suma-a-la-candidatura-de-carlos-pastor\/\" \/>\n<meta property=\"og:site_name\" content=\"COPE Alcoy\" \/>\n<meta property=\"article:published_time\" content=\"2023-03-30T10:41:09+00:00\" \/>\n<meta property=\"article:modified_time\" content=\"2023-03-30T10:49:00+00:00\" \/>\n<meta property=\"og:image\" content=\"https:\/\/www.copealcoy.es\/wp-content\/uploads\/2023\/03\/Gabriel-Guillem-e1680160859829.jpeg\" \/>\n\t<meta property=\"og:image:width\" content=\"640\" \/>\n\t<meta property=\"og:image:height\" content=\"356\" \/>\n\t<meta property=\"og:image:type\" content=\"image\/jpeg\" \/>\n<meta name=\"author\" content=\"Cope Alcoy\" \/>\n<meta name=\"twitter:label1\" content=\"Escrito por\" \/>\n\t<meta name=\"twitter:data1\" content=\"Cope Alcoy\" \/>\n\t<meta name=\"twitter:label2\" content=\"Tiempo de lectura\" \/>\n\t<meta name=\"twitter:data2\" content=\"2 minutos\" \/>\n<script type=\"application\/ld+json\" class=\"yoast-schema-graph\">{\"@context\":\"https:\\\/\\\/schema.org\",\"@graph\":[{\"@type\":\"Article\",\"@id\":\"https:\\\/\\\/www.copealcoy.es\\\/es\\\/el-alcoyano-gabriel-guillem-se-suma-a-la-candidatura-de-carlos-pastor\\\/#article\",\"isPartOf\":{\"@id\":\"https:\\\/\\\/www.copealcoy.es\\\/es\\\/el-alcoyano-gabriel-guillem-se-suma-a-la-candidatura-de-carlos-pastor\\\/\"},\"author\":{\"name\":\"Cope Alcoy\",\"@id\":\"https:\\\/\\\/www.copealcoy.es\\\/es\\\/#\\\/schema\\\/person\\\/e777c87fa024e57d40170af9df39882c\"},\"headline\":\"El alcoyano Gabriel Guillem se suma a la candidatura de Carlos Pastor\",\"datePublished\":\"2023-03-30T10:41:09+00:00\",\"dateModified\":\"2023-03-30T10:49:00+00:00\",\"mainEntityOfPage\":{\"@id\":\"https:\\\/\\\/www.copealcoy.es\\\/es\\\/el-alcoyano-gabriel-guillem-se-suma-a-la-candidatura-de-carlos-pastor\\\/\"},\"wordCount\":407,\"commentCount\":0,\"image\":{\"@id\":\"https:\\\/\\\/www.copealcoy.es\\\/es\\\/el-alcoyano-gabriel-guillem-se-suma-a-la-candidatura-de-carlos-pastor\\\/#primaryimage\"},\"thumbnailUrl\":\"https:\\\/\\\/www.copealcoy.es\\\/wp-content\\\/uploads\\\/2023\\\/03\\\/Gabriel-Guillem-e1680160859829.jpeg\",\"keywords\":[\"alcald\u00eda\",\"Alcoy\",\"Elecciones Municipales\",\"Gabriel Guillem\",\"Partido Popular\"],\"articleSection\":[\"Actualidad\",\"Alcoy\",\"Noticias\",\"Pol\u00edtica y Econom\u00eda\"],\"inLanguage\":\"es\"},{\"@type\":\"WebPage\",\"@id\":\"https:\\\/\\\/www.copealcoy.es\\\/es\\\/el-alcoyano-gabriel-guillem-se-suma-a-la-candidatura-de-carlos-pastor\\\/\",\"url\":\"https:\\\/\\\/www.copealcoy.es\\\/es\\\/el-alcoyano-gabriel-guillem-se-suma-a-la-candidatura-de-carlos-pastor\\\/\",\"name\":\"El alcoyano Gabriel Guillem se suma a la candidatura de Carlos Pastor - COPE Alcoy\",\"isPartOf\":{\"@id\":\"https:\\\/\\\/www.copealcoy.es\\\/es\\\/#website\"},\"primaryImageOfPage\":{\"@id\":\"https:\\\/\\\/www.copealcoy.es\\\/es\\\/el-alcoyano-gabriel-guillem-se-suma-a-la-candidatura-de-carlos-pastor\\\/#primaryimage\"},\"image\":{\"@id\":\"https:\\\/\\\/www.copealcoy.es\\\/es\\\/el-alcoyano-gabriel-guillem-se-suma-a-la-candidatura-de-carlos-pastor\\\/#primaryimage\"},\"thumbnailUrl\":\"https:\\\/\\\/www.copealcoy.es\\\/wp-content\\\/uploads\\\/2023\\\/03\\\/Gabriel-Guillem-e1680160859829.jpeg\",\"datePublished\":\"2023-03-30T10:41:09+00:00\",\"dateModified\":\"2023-03-30T10:49:00+00:00\",\"author\":{\"@id\":\"https:\\\/\\\/www.copealcoy.es\\\/es\\\/#\\\/schema\\\/person\\\/e777c87fa024e57d40170af9df39882c\"},\"description\":\"El Partido Popular de Alcoy sigue desgranando las personas que integrar\u00e1n la lista con la que Carlos Pastor concurrir\u00e1 a las Elecciones\",\"breadcrumb\":{\"@id\":\"https:\\\/\\\/www.copealcoy.es\\\/es\\\/el-alcoyano-gabriel-guillem-se-suma-a-la-candidatura-de-carlos-pastor\\\/#breadcrumb\"},\"inLanguage\":\"es\",\"potentialAction\":[{\"@type\":\"ReadAction\",\"target\":[\"https:\\\/\\\/www.copealcoy.es\\\/es\\\/el-alcoyano-gabriel-guillem-se-suma-a-la-candidatura-de-carlos-pastor\\\/\"]}]},{\"@type\":\"ImageObject\",\"inLanguage\":\"es\",\"@id\":\"https:\\\/\\\/www.copealcoy.es\\\/es\\\/el-alcoyano-gabriel-guillem-se-suma-a-la-candidatura-de-carlos-pastor\\\/#primaryimage\",\"url\":\"https:\\\/\\\/www.copealcoy.es\\\/wp-content\\\/uploads\\\/2023\\\/03\\\/Gabriel-Guillem-e1680160859829.jpeg\",\"contentUrl\":\"https:\\\/\\\/www.copealcoy.es\\\/wp-content\\\/uploads\\\/2023\\\/03\\\/Gabriel-Guillem-e1680160859829.jpeg\",\"width\":640,\"height\":356},{\"@type\":\"BreadcrumbList\",\"@id\":\"https:\\\/\\\/www.copealcoy.es\\\/es\\\/el-alcoyano-gabriel-guillem-se-suma-a-la-candidatura-de-carlos-pastor\\\/#breadcrumb\",\"itemListElement\":[{\"@type\":\"ListItem\",\"position\":1,\"name\":\"Portada\",\"item\":\"https:\\\/\\\/www.copealcoy.es\\\/es\\\/\"},{\"@type\":\"ListItem\",\"position\":2,\"name\":\"El alcoyano Gabriel Guillem se suma a la candidatura de Carlos Pastor\"}]},{\"@type\":\"WebSite\",\"@id\":\"https:\\\/\\\/www.copealcoy.es\\\/es\\\/#website\",\"url\":\"https:\\\/\\\/www.copealcoy.es\\\/es\\\/\",\"name\":\"COPE Alcoy\",\"description\":\"Emisora COPE de radio local con emisi\u00f3n online. Pont de Sant Jordi 8-10 03803 Alcoy\",\"potentialAction\":[{\"@type\":\"SearchAction\",\"target\":{\"@type\":\"EntryPoint\",\"urlTemplate\":\"https:\\\/\\\/www.copealcoy.es\\\/es\\\/?s={search_term_string}\"},\"query-input\":{\"@type\":\"PropertyValueSpecification\",\"valueRequired\":true,\"valueName\":\"search_term_string\"}}],\"inLanguage\":\"es\"},{\"@type\":\"Person\",\"@id\":\"https:\\\/\\\/www.copealcoy.es\\\/es\\\/#\\\/schema\\\/person\\\/e777c87fa024e57d40170af9df39882c\",\"name\":\"Cope Alcoy\",\"image\":{\"@type\":\"ImageObject\",\"inLanguage\":\"es\",\"@id\":\"https:\\\/\\\/secure.gravatar.com\\\/avatar\\\/bb65d0283347e303893ba14f0692005417c1e0e690a325a4c5d8bb2b3943ee14?s=96&d=mm&r=g\",\"url\":\"https:\\\/\\\/secure.gravatar.com\\\/avatar\\\/bb65d0283347e303893ba14f0692005417c1e0e690a325a4c5d8bb2b3943ee14?s=96&d=mm&r=g\",\"contentUrl\":\"https:\\\/\\\/secure.gravatar.com\\\/avatar\\\/bb65d0283347e303893ba14f0692005417c1e0e690a325a4c5d8bb2b3943ee14?s=96&d=mm&r=g\",\"caption\":\"Cope Alcoy\"}}]}<\/script>\n<!-- \/ Yoast SEO plugin. -->","yoast_head_json":{"title":"El alcoyano Gabriel Guillem se suma a la candidatura de Carlos Pastor - COPE Alcoy","description":"El Partido Popular de Alcoy sigue desgranando las personas que integrar\u00e1n la lista con la que Carlos Pastor concurrir\u00e1 a las Elecciones","robots":{"index":"index","follow":"follow","max-snippet":"max-snippet:-1","max-image-preview":"max-image-preview:large","max-video-preview":"max-video-preview:-1"},"canonical":"https:\/\/www.copealcoy.es\/es\/el-alcoyano-gabriel-guillem-se-suma-a-la-candidatura-de-carlos-pastor\/","og_locale":"es_ES","og_type":"article","og_title":"El alcoyano Gabriel Guillem se suma a la candidatura de Carlos Pastor - COPE Alcoy","og_description":"El Partido Popular de Alcoy sigue desgranando las personas que integrar\u00e1n la lista con la que Carlos Pastor concurrir\u00e1 a las Elecciones","og_url":"https:\/\/www.copealcoy.es\/es\/el-alcoyano-gabriel-guillem-se-suma-a-la-candidatura-de-carlos-pastor\/","og_site_name":"COPE Alcoy","article_published_time":"2023-03-30T10:41:09+00:00","article_modified_time":"2023-03-30T10:49:00+00:00","og_image":[{"width":640,"height":356,"url":"https:\/\/www.copealcoy.es\/wp-content\/uploads\/2023\/03\/Gabriel-Guillem-e1680160859829.jpeg","type":"image\/jpeg"}],"author":"Cope Alcoy","twitter_misc":{"Escrito por":"Cope Alcoy","Tiempo de lectura":"2 minutos"},"schema":{"@context":"https:\/\/schema.org","@graph":[{"@type":"Article","@id":"https:\/\/www.copealcoy.es\/es\/el-alcoyano-gabriel-guillem-se-suma-a-la-candidatura-de-carlos-pastor\/#article","isPartOf":{"@id":"https:\/\/www.copealcoy.es\/es\/el-alcoyano-gabriel-guillem-se-suma-a-la-candidatura-de-carlos-pastor\/"},"author":{"name":"Cope Alcoy","@id":"https:\/\/www.copealcoy.es\/es\/#\/schema\/person\/e777c87fa024e57d40170af9df39882c"},"headline":"El alcoyano Gabriel Guillem se suma a la candidatura de Carlos Pastor","datePublished":"2023-03-30T10:41:09+00:00","dateModified":"2023-03-30T10:49:00+00:00","mainEntityOfPage":{"@id":"https:\/\/www.copealcoy.es\/es\/el-alcoyano-gabriel-guillem-se-suma-a-la-candidatura-de-carlos-pastor\/"},"wordCount":407,"commentCount":0,"image":{"@id":"https:\/\/www.copealcoy.es\/es\/el-alcoyano-gabriel-guillem-se-suma-a-la-candidatura-de-carlos-pastor\/#primaryimage"},"thumbnailUrl":"https:\/\/www.copealcoy.es\/wp-content\/uploads\/2023\/03\/Gabriel-Guillem-e1680160859829.jpeg","keywords":["alcald\u00eda","Alcoy","Elecciones Municipales","Gabriel Guillem","Partido Popular"],"articleSection":["Actualidad","Alcoy","Noticias","Pol\u00edtica y Econom\u00eda"],"inLanguage":"es"},{"@type":"WebPage","@id":"https:\/\/www.copealcoy.es\/es\/el-alcoyano-gabriel-guillem-se-suma-a-la-candidatura-de-carlos-pastor\/","url":"https:\/\/www.copealcoy.es\/es\/el-alcoyano-gabriel-guillem-se-suma-a-la-candidatura-de-carlos-pastor\/","name":"El alcoyano Gabriel Guillem se suma a la candidatura de Carlos Pastor - COPE Alcoy","isPartOf":{"@id":"https:\/\/www.copealcoy.es\/es\/#website"},"primaryImageOfPage":{"@id":"https:\/\/www.copealcoy.es\/es\/el-alcoyano-gabriel-guillem-se-suma-a-la-candidatura-de-carlos-pastor\/#primaryimage"},"image":{"@id":"https:\/\/www.copealcoy.es\/es\/el-alcoyano-gabriel-guillem-se-suma-a-la-candidatura-de-carlos-pastor\/#primaryimage"},"thumbnailUrl":"https:\/\/www.copealcoy.es\/wp-content\/uploads\/2023\/03\/Gabriel-Guillem-e1680160859829.jpeg","datePublished":"2023-03-30T10:41:09+00:00","dateModified":"2023-03-30T10:49:00+00:00","author":{"@id":"https:\/\/www.copealcoy.es\/es\/#\/schema\/person\/e777c87fa024e57d40170af9df39882c"},"description":"El Partido Popular de Alcoy sigue desgranando las personas que integrar\u00e1n la lista con la que Carlos Pastor concurrir\u00e1 a las Elecciones","breadcrumb":{"@id":"https:\/\/www.copealcoy.es\/es\/el-alcoyano-gabriel-guillem-se-suma-a-la-candidatura-de-carlos-pastor\/#breadcrumb"},"inLanguage":"es","potentialAction":[{"@type":"ReadAction","target":["https:\/\/www.copealcoy.es\/es\/el-alcoyano-gabriel-guillem-se-suma-a-la-candidatura-de-carlos-pastor\/"]}]},{"@type":"ImageObject","inLanguage":"es","@id":"https:\/\/www.copealcoy.es\/es\/el-alcoyano-gabriel-guillem-se-suma-a-la-candidatura-de-carlos-pastor\/#primaryimage","url":"https:\/\/www.copealcoy.es\/wp-content\/uploads\/2023\/03\/Gabriel-Guillem-e1680160859829.jpeg","contentUrl":"https:\/\/www.copealcoy.es\/wp-content\/uploads\/2023\/03\/Gabriel-Guillem-e1680160859829.jpeg","width":640,"height":356},{"@type":"BreadcrumbList","@id":"https:\/\/www.copealcoy.es\/es\/el-alcoyano-gabriel-guillem-se-suma-a-la-candidatura-de-carlos-pastor\/#breadcrumb","itemListElement":[{"@type":"ListItem","position":1,"name":"Portada","item":"https:\/\/www.copealcoy.es\/es\/"},{"@type":"ListItem","position":2,"name":"El alcoyano Gabriel Guillem se suma a la candidatura de Carlos Pastor"}]},{"@type":"WebSite","@id":"https:\/\/www.copealcoy.es\/es\/#website","url":"https:\/\/www.copealcoy.es\/es\/","name":"COPE Alcoy","description":"Emisora COPE de radio local con emisi\u00f3n online. Pont de Sant Jordi 8-10 03803 Alcoy","potentialAction":[{"@type":"SearchAction","target":{"@type":"EntryPoint","urlTemplate":"https:\/\/www.copealcoy.es\/es\/?s={search_term_string}"},"query-input":{"@type":"PropertyValueSpecification","valueRequired":true,"valueName":"search_term_string"}}],"inLanguage":"es"},{"@type":"Person","@id":"https:\/\/www.copealcoy.es\/es\/#\/schema\/person\/e777c87fa024e57d40170af9df39882c","name":"Cope Alcoy","image":{"@type":"ImageObject","inLanguage":"es","@id":"https:\/\/secure.gravatar.com\/avatar\/bb65d0283347e303893ba14f0692005417c1e0e690a325a4c5d8bb2b3943ee14?s=96&d=mm&r=g","url":"https:\/\/secure.gravatar.com\/avatar\/bb65d0283347e303893ba14f0692005417c1e0e690a325a4c5d8bb2b3943ee14?s=96&d=mm&r=g","contentUrl":"https:\/\/secure.gravatar.com\/avatar\/bb65d0283347e303893ba14f0692005417c1e0e690a325a4c5d8bb2b3943ee14?s=96&d=mm&r=g","caption":"Cope Alcoy"}}]}},"_links":{"self":[{"href":"https:\/\/www.copealcoy.es\/es\/wp-json\/wp\/v2\/posts\/112991","targetHints":{"allow":["GET"]}}],"collection":[{"href":"https:\/\/www.copealcoy.es\/es\/wp-json\/wp\/v2\/posts"}],"about":[{"href":"https:\/\/www.copealcoy.es\/es\/wp-json\/wp\/v2\/types\/post"}],"author":[{"embeddable":true,"href":"https:\/\/www.copealcoy.es\/es\/wp-json\/wp\/v2\/users\/1"}],"replies":[{"embeddable":true,"href":"https:\/\/www.copealcoy.es\/es\/wp-json\/wp\/v2\/comments?post=112991"}],"version-history":[{"count":0,"href":"https:\/\/www.copealcoy.es\/es\/wp-json\/wp\/v2\/posts\/112991\/revisions"}],"wp:featuredmedia":[{"embeddable":true,"href":"https:\/\/www.copealcoy.es\/es\/wp-json\/wp\/v2\/media\/112992"}],"wp:attachment":[{"href":"https:\/\/www.copealcoy.es\/es\/wp-json\/wp\/v2\/media?parent=112991"}],"wp:term":[{"taxonomy":"category","embeddable":true,"href":"https:\/\/www.copealcoy.es\/es\/wp-json\/wp\/v2\/categories?post=112991"},{"taxonomy":"post_tag","embeddable":true,"href":"https:\/\/www.copealcoy.es\/es\/wp-json\/wp\/v2\/tags?post=112991"}],"curies":[{"name":"wp","href":"https:\/\/api.w.org\/{rel}","templated":true}]}}