{"id":112936,"date":"2023-03-29T10:31:37","date_gmt":"2023-03-29T09:31:37","guid":{"rendered":"https:\/\/www.copealcoy.es\/?p=112936"},"modified":"2023-03-29T11:20:39","modified_gmt":"2023-03-29T10:20:39","slug":"dos-anys-despres-de-la-conversio-en-zona-de-vianants-del-centre-dalcoi-shan-ates-les-reivindicacions-dels-veins","status":"publish","type":"post","link":"https:\/\/www.copealcoy.es\/es\/dos-anys-despres-de-la-conversio-en-zona-de-vianants-del-centre-dalcoi-shan-ates-les-reivindicacions-dels-veins\/","title":{"rendered":"Dos a\u00f1os despu\u00e9s de la peatonalizaci\u00f3n del Centro de Alcoy, \u00bfSe han atendido las reivindicaciones de los vecinos?"},"content":{"rendered":"<p style=\"text-align: justify;\">En este 29 de marzo se cumplen dos a\u00f1os del inicio de <strong>la peatonalizaci\u00f3n del Centro de Alcoy<\/strong>, un proceso del que <strong>se hace un balance positivo desde el Gobierno Local del PSOE<\/strong> aunque los vecinos <strong>siguen insistiendo en que quedan muchos flecos por resolver<\/strong>. Hay que recordar que<strong> la primera fase<\/strong> contempl\u00f3 la limitaci\u00f3n de circulaci\u00f3n en calles como San Lorenzo, Sant Josep o v\u00edas adyacentes mientras que el pasado a\u00f1o <strong>el Ejecutivo anunci\u00f3 por estas fechas incluir dentro de la ordenanza de peatonalizaci\u00f3n<\/strong> la zona del Pasaje de Rigoberto Albors. Tambi\u00e9n se avanz\u00f3 la posibilidad de incorporar en estas \u00e1reas la circulaci\u00f3n de veh\u00edculos el\u00e9ctricos.<\/p>\n<p style=\"text-align: justify;\">Desde la <a href=\"https:\/\/www.facebook.com\/aavvcentrealcoi?locale=es_LA\" target=\"_blank\" rel=\"noopener\"><strong><span style=\"color: #0000ff;\">Asociaci\u00f3n de Vecinos del Centro<\/span> <\/strong><\/a>insisten en que no<strong> fue adecuada la forma en la que se ejecut\u00f3 esta peatonalizaci\u00f3n<\/strong> y dicen que <strong>muchas de sus reivindicaciones todav\u00eda no han sido atendidas<\/strong>. Adem\u00e1s creen que el citado proceso <strong>no ha dado buenos resultados<\/strong> &#8220;<em>no est\u00e1 para nada bien enfocado puesto que todo el tr\u00e1fico se ha desviado a calles peque\u00f1as o estrechas como Casablanca, donde muchas veces no puedes ni pasar debido a tanto coche que est\u00e1 en la calzada, y en las calles grandes la gente va por las aceras sin hacer uso de la zona peatonal. Yo incluso me tuve que apartar una vez porque una furgoneta casi se me lleva por delante<\/em>&#8220;, explicaba en COPE ALCOY <strong>Elena Villar<\/strong>, vecina de la zona. Los vecinos tambi\u00e9n piden que <strong>se replantee la peatonalizaci\u00f3n<\/strong> &#8220;<em>porque no hay m\u00e1s que ver que los problemas se han incrementado considerablemente. En calles como San Jaime los coches pasan a una velocidad desorbitada y, como no hay donde aparcar, pues muchos conductores dejan el veh\u00edculo encima de la calzada lo que impide a los peatones poder pasar con normalidad<\/em>&#8220;, afirmaba tambi\u00e9n en esta emisora <strong>Circe Amorrortu<\/strong>, la presidenta de la mencionada Asociaci\u00f3n. Esta \u00faltima <strong>hace menci\u00f3n tambi\u00e9n a los horarios para acceder a los garajes de las calles peatonalizadas<\/strong> &#8220;<em>son tan restrictivos que impiden que muchas personas puedan hacer una vida normal<\/em>&#8220;, sentencia.<\/p>\n<p style=\"text-align: justify;\">Finalmente la Asociaci\u00f3n de Vecinos del Centro defend\u00eda en COPE ALCOY <strong>un proceso real, y efectivo, de participaci\u00f3n<\/strong> para poder realizar un proceso de peatonalizaci\u00f3n atendiendo a las demandas de residentes o comerciantes. Asimismo creen que l<strong>a conversi\u00f3n en zona peatonal se hizo r\u00e1pido y mal<\/strong> &#8220;<em>no se escuch\u00f3 a la gente y para poder hacerlo bien se tiene que atender a todos los afectados. Y si hay que pasarse dos a\u00f1os escuchando para definir una f\u00f3rmula que satisfaga a todos, se hace, porque de lo contrario lo que vamos a conseguir es que m\u00e1s gente se vaya del Centro para ir a vivir a otros barrios de Alcoy<\/em>&#8220;, concluy\u00f3 Circe.<\/p>\n","protected":false},"excerpt":{"rendered":"<p>En este 29 de marzo se cumplen dos a\u00f1os del inicio de la peatonalizaci\u00f3n del Centro de Alcoy, un proceso&#8230;<\/p>\n","protected":false},"author":1,"featured_media":85525,"comment_status":"open","ping_status":"open","sticky":false,"template":"","format":"standard","meta":{"footnotes":""},"categories":[6909,97,75],"tags":[1494,3083,295,294,11718],"class_list":["post-112936","post","type-post","status-publish","format-standard","has-post-thumbnail","hentry","category-actualidad","category-alcoy","category-noticias","tag-alcoy","tag-asociacion-de-vecinos","tag-centro","tag-peatonalizacion","tag-segundo-aniversario"],"yoast_head":"<!-- This site is optimized with the Yoast SEO plugin v27.3 - https:\/\/yoast.com\/product\/yoast-seo-wordpress\/ -->\n<title>Dos a\u00f1os despu\u00e9s de la peatonalizaci\u00f3n del Centro de Alcoy, \u00bfSe han atendido las reivindicaciones de los vecinos? - COPE Alcoy<\/title>\n<meta name=\"description\" content=\"En este 29 de marzo se cumplen dos a\u00f1os del inicio de la peatonalizaci\u00f3n del Centro de Alcoy y los vecinos hacen un balance negativo\" \/>\n<meta name=\"robots\" content=\"index, follow, max-snippet:-1, max-image-preview:large, max-video-preview:-1\" \/>\n<link rel=\"canonical\" href=\"https:\/\/www.copealcoy.es\/es\/dos-anys-despres-de-la-conversio-en-zona-de-vianants-del-centre-dalcoi-shan-ates-les-reivindicacions-dels-veins\/\" \/>\n<meta property=\"og:locale\" content=\"es_ES\" \/>\n<meta property=\"og:type\" content=\"article\" \/>\n<meta property=\"og:title\" content=\"Dos a\u00f1os despu\u00e9s de la peatonalizaci\u00f3n del Centro de Alcoy, \u00bfSe han atendido las reivindicaciones de los vecinos? - COPE Alcoy\" \/>\n<meta property=\"og:description\" content=\"En este 29 de marzo se cumplen dos a\u00f1os del inicio de la peatonalizaci\u00f3n del Centro de Alcoy y los vecinos hacen un balance negativo\" \/>\n<meta property=\"og:url\" content=\"https:\/\/www.copealcoy.es\/es\/dos-anys-despres-de-la-conversio-en-zona-de-vianants-del-centre-dalcoi-shan-ates-les-reivindicacions-dels-veins\/\" \/>\n<meta property=\"og:site_name\" content=\"COPE Alcoy\" \/>\n<meta property=\"article:published_time\" content=\"2023-03-29T09:31:37+00:00\" \/>\n<meta property=\"article:modified_time\" content=\"2023-03-29T10:20:39+00:00\" \/>\n<meta property=\"og:image\" content=\"https:\/\/www.copealcoy.es\/wp-content\/uploads\/2022\/03\/119103015_5005197429506401_7070069087167750794_n-980x588-1-e1648567007552.jpg\" \/>\n\t<meta property=\"og:image:width\" content=\"640\" \/>\n\t<meta property=\"og:image:height\" content=\"384\" \/>\n\t<meta property=\"og:image:type\" content=\"image\/jpeg\" \/>\n<meta name=\"author\" content=\"Cope Alcoy\" \/>\n<meta name=\"twitter:label1\" content=\"Escrito por\" \/>\n\t<meta name=\"twitter:data1\" content=\"Cope Alcoy\" \/>\n\t<meta name=\"twitter:label2\" content=\"Tiempo de lectura\" \/>\n\t<meta name=\"twitter:data2\" content=\"3 minutos\" \/>\n<script type=\"application\/ld+json\" class=\"yoast-schema-graph\">{\"@context\":\"https:\\\/\\\/schema.org\",\"@graph\":[{\"@type\":\"Article\",\"@id\":\"https:\\\/\\\/www.copealcoy.es\\\/es\\\/dos-anys-despres-de-la-conversio-en-zona-de-vianants-del-centre-dalcoi-shan-ates-les-reivindicacions-dels-veins\\\/#article\",\"isPartOf\":{\"@id\":\"https:\\\/\\\/www.copealcoy.es\\\/es\\\/dos-anys-despres-de-la-conversio-en-zona-de-vianants-del-centre-dalcoi-shan-ates-les-reivindicacions-dels-veins\\\/\"},\"author\":{\"name\":\"Cope Alcoy\",\"@id\":\"https:\\\/\\\/www.copealcoy.es\\\/es\\\/#\\\/schema\\\/person\\\/e777c87fa024e57d40170af9df39882c\"},\"headline\":\"Dos a\u00f1os despu\u00e9s de la peatonalizaci\u00f3n del Centro de Alcoy, \u00bfSe han atendido las reivindicaciones de los vecinos?\",\"datePublished\":\"2023-03-29T09:31:37+00:00\",\"dateModified\":\"2023-03-29T10:20:39+00:00\",\"mainEntityOfPage\":{\"@id\":\"https:\\\/\\\/www.copealcoy.es\\\/es\\\/dos-anys-despres-de-la-conversio-en-zona-de-vianants-del-centre-dalcoi-shan-ates-les-reivindicacions-dels-veins\\\/\"},\"wordCount\":503,\"commentCount\":0,\"image\":{\"@id\":\"https:\\\/\\\/www.copealcoy.es\\\/es\\\/dos-anys-despres-de-la-conversio-en-zona-de-vianants-del-centre-dalcoi-shan-ates-les-reivindicacions-dels-veins\\\/#primaryimage\"},\"thumbnailUrl\":\"https:\\\/\\\/www.copealcoy.es\\\/wp-content\\\/uploads\\\/2022\\\/03\\\/119103015_5005197429506401_7070069087167750794_n-980x588-1-e1648567007552.jpg\",\"keywords\":[\"Alcoy\",\"Asociaci\u00f3n de Vecinos\",\"Centro\",\"Peatonalizaci\u00f3n\",\"segundo aniversario\"],\"articleSection\":[\"Actualidad\",\"Alcoy\",\"Noticias\"],\"inLanguage\":\"es\"},{\"@type\":\"WebPage\",\"@id\":\"https:\\\/\\\/www.copealcoy.es\\\/es\\\/dos-anys-despres-de-la-conversio-en-zona-de-vianants-del-centre-dalcoi-shan-ates-les-reivindicacions-dels-veins\\\/\",\"url\":\"https:\\\/\\\/www.copealcoy.es\\\/es\\\/dos-anys-despres-de-la-conversio-en-zona-de-vianants-del-centre-dalcoi-shan-ates-les-reivindicacions-dels-veins\\\/\",\"name\":\"Dos a\u00f1os despu\u00e9s de la peatonalizaci\u00f3n del Centro de Alcoy, \u00bfSe han atendido las reivindicaciones de los vecinos? - COPE Alcoy\",\"isPartOf\":{\"@id\":\"https:\\\/\\\/www.copealcoy.es\\\/es\\\/#website\"},\"primaryImageOfPage\":{\"@id\":\"https:\\\/\\\/www.copealcoy.es\\\/es\\\/dos-anys-despres-de-la-conversio-en-zona-de-vianants-del-centre-dalcoi-shan-ates-les-reivindicacions-dels-veins\\\/#primaryimage\"},\"image\":{\"@id\":\"https:\\\/\\\/www.copealcoy.es\\\/es\\\/dos-anys-despres-de-la-conversio-en-zona-de-vianants-del-centre-dalcoi-shan-ates-les-reivindicacions-dels-veins\\\/#primaryimage\"},\"thumbnailUrl\":\"https:\\\/\\\/www.copealcoy.es\\\/wp-content\\\/uploads\\\/2022\\\/03\\\/119103015_5005197429506401_7070069087167750794_n-980x588-1-e1648567007552.jpg\",\"datePublished\":\"2023-03-29T09:31:37+00:00\",\"dateModified\":\"2023-03-29T10:20:39+00:00\",\"author\":{\"@id\":\"https:\\\/\\\/www.copealcoy.es\\\/es\\\/#\\\/schema\\\/person\\\/e777c87fa024e57d40170af9df39882c\"},\"description\":\"En este 29 de marzo se cumplen dos a\u00f1os del inicio de la peatonalizaci\u00f3n del Centro de Alcoy y los vecinos hacen un balance negativo\",\"breadcrumb\":{\"@id\":\"https:\\\/\\\/www.copealcoy.es\\\/es\\\/dos-anys-despres-de-la-conversio-en-zona-de-vianants-del-centre-dalcoi-shan-ates-les-reivindicacions-dels-veins\\\/#breadcrumb\"},\"inLanguage\":\"es\",\"potentialAction\":[{\"@type\":\"ReadAction\",\"target\":[\"https:\\\/\\\/www.copealcoy.es\\\/es\\\/dos-anys-despres-de-la-conversio-en-zona-de-vianants-del-centre-dalcoi-shan-ates-les-reivindicacions-dels-veins\\\/\"]}]},{\"@type\":\"ImageObject\",\"inLanguage\":\"es\",\"@id\":\"https:\\\/\\\/www.copealcoy.es\\\/es\\\/dos-anys-despres-de-la-conversio-en-zona-de-vianants-del-centre-dalcoi-shan-ates-les-reivindicacions-dels-veins\\\/#primaryimage\",\"url\":\"https:\\\/\\\/www.copealcoy.es\\\/wp-content\\\/uploads\\\/2022\\\/03\\\/119103015_5005197429506401_7070069087167750794_n-980x588-1-e1648567007552.jpg\",\"contentUrl\":\"https:\\\/\\\/www.copealcoy.es\\\/wp-content\\\/uploads\\\/2022\\\/03\\\/119103015_5005197429506401_7070069087167750794_n-980x588-1-e1648567007552.jpg\",\"width\":640,\"height\":384},{\"@type\":\"BreadcrumbList\",\"@id\":\"https:\\\/\\\/www.copealcoy.es\\\/es\\\/dos-anys-despres-de-la-conversio-en-zona-de-vianants-del-centre-dalcoi-shan-ates-les-reivindicacions-dels-veins\\\/#breadcrumb\",\"itemListElement\":[{\"@type\":\"ListItem\",\"position\":1,\"name\":\"Portada\",\"item\":\"https:\\\/\\\/www.copealcoy.es\\\/es\\\/\"},{\"@type\":\"ListItem\",\"position\":2,\"name\":\"Dos a\u00f1os despu\u00e9s de la peatonalizaci\u00f3n del Centro de Alcoy, \u00bfSe han atendido las reivindicaciones de los vecinos?\"}]},{\"@type\":\"WebSite\",\"@id\":\"https:\\\/\\\/www.copealcoy.es\\\/es\\\/#website\",\"url\":\"https:\\\/\\\/www.copealcoy.es\\\/es\\\/\",\"name\":\"COPE Alcoy\",\"description\":\"Emisora COPE de radio local con emisi\u00f3n online. Pont de Sant Jordi 8-10 03803 Alcoy\",\"potentialAction\":[{\"@type\":\"SearchAction\",\"target\":{\"@type\":\"EntryPoint\",\"urlTemplate\":\"https:\\\/\\\/www.copealcoy.es\\\/es\\\/?s={search_term_string}\"},\"query-input\":{\"@type\":\"PropertyValueSpecification\",\"valueRequired\":true,\"valueName\":\"search_term_string\"}}],\"inLanguage\":\"es\"},{\"@type\":\"Person\",\"@id\":\"https:\\\/\\\/www.copealcoy.es\\\/es\\\/#\\\/schema\\\/person\\\/e777c87fa024e57d40170af9df39882c\",\"name\":\"Cope Alcoy\",\"image\":{\"@type\":\"ImageObject\",\"inLanguage\":\"es\",\"@id\":\"https:\\\/\\\/secure.gravatar.com\\\/avatar\\\/bb65d0283347e303893ba14f0692005417c1e0e690a325a4c5d8bb2b3943ee14?s=96&d=mm&r=g\",\"url\":\"https:\\\/\\\/secure.gravatar.com\\\/avatar\\\/bb65d0283347e303893ba14f0692005417c1e0e690a325a4c5d8bb2b3943ee14?s=96&d=mm&r=g\",\"contentUrl\":\"https:\\\/\\\/secure.gravatar.com\\\/avatar\\\/bb65d0283347e303893ba14f0692005417c1e0e690a325a4c5d8bb2b3943ee14?s=96&d=mm&r=g\",\"caption\":\"Cope Alcoy\"}}]}<\/script>\n<!-- \/ Yoast SEO plugin. -->","yoast_head_json":{"title":"Dos a\u00f1os despu\u00e9s de la peatonalizaci\u00f3n del Centro de Alcoy, \u00bfSe han atendido las reivindicaciones de los vecinos? - COPE Alcoy","description":"En este 29 de marzo se cumplen dos a\u00f1os del inicio de la peatonalizaci\u00f3n del Centro de Alcoy y los vecinos hacen un balance negativo","robots":{"index":"index","follow":"follow","max-snippet":"max-snippet:-1","max-image-preview":"max-image-preview:large","max-video-preview":"max-video-preview:-1"},"canonical":"https:\/\/www.copealcoy.es\/es\/dos-anys-despres-de-la-conversio-en-zona-de-vianants-del-centre-dalcoi-shan-ates-les-reivindicacions-dels-veins\/","og_locale":"es_ES","og_type":"article","og_title":"Dos a\u00f1os despu\u00e9s de la peatonalizaci\u00f3n del Centro de Alcoy, \u00bfSe han atendido las reivindicaciones de los vecinos? - COPE Alcoy","og_description":"En este 29 de marzo se cumplen dos a\u00f1os del inicio de la peatonalizaci\u00f3n del Centro de Alcoy y los vecinos hacen un balance negativo","og_url":"https:\/\/www.copealcoy.es\/es\/dos-anys-despres-de-la-conversio-en-zona-de-vianants-del-centre-dalcoi-shan-ates-les-reivindicacions-dels-veins\/","og_site_name":"COPE Alcoy","article_published_time":"2023-03-29T09:31:37+00:00","article_modified_time":"2023-03-29T10:20:39+00:00","og_image":[{"width":640,"height":384,"url":"https:\/\/www.copealcoy.es\/wp-content\/uploads\/2022\/03\/119103015_5005197429506401_7070069087167750794_n-980x588-1-e1648567007552.jpg","type":"image\/jpeg"}],"author":"Cope Alcoy","twitter_misc":{"Escrito por":"Cope Alcoy","Tiempo de lectura":"3 minutos"},"schema":{"@context":"https:\/\/schema.org","@graph":[{"@type":"Article","@id":"https:\/\/www.copealcoy.es\/es\/dos-anys-despres-de-la-conversio-en-zona-de-vianants-del-centre-dalcoi-shan-ates-les-reivindicacions-dels-veins\/#article","isPartOf":{"@id":"https:\/\/www.copealcoy.es\/es\/dos-anys-despres-de-la-conversio-en-zona-de-vianants-del-centre-dalcoi-shan-ates-les-reivindicacions-dels-veins\/"},"author":{"name":"Cope Alcoy","@id":"https:\/\/www.copealcoy.es\/es\/#\/schema\/person\/e777c87fa024e57d40170af9df39882c"},"headline":"Dos a\u00f1os despu\u00e9s de la peatonalizaci\u00f3n del Centro de Alcoy, \u00bfSe han atendido las reivindicaciones de los vecinos?","datePublished":"2023-03-29T09:31:37+00:00","dateModified":"2023-03-29T10:20:39+00:00","mainEntityOfPage":{"@id":"https:\/\/www.copealcoy.es\/es\/dos-anys-despres-de-la-conversio-en-zona-de-vianants-del-centre-dalcoi-shan-ates-les-reivindicacions-dels-veins\/"},"wordCount":503,"commentCount":0,"image":{"@id":"https:\/\/www.copealcoy.es\/es\/dos-anys-despres-de-la-conversio-en-zona-de-vianants-del-centre-dalcoi-shan-ates-les-reivindicacions-dels-veins\/#primaryimage"},"thumbnailUrl":"https:\/\/www.copealcoy.es\/wp-content\/uploads\/2022\/03\/119103015_5005197429506401_7070069087167750794_n-980x588-1-e1648567007552.jpg","keywords":["Alcoy","Asociaci\u00f3n de Vecinos","Centro","Peatonalizaci\u00f3n","segundo aniversario"],"articleSection":["Actualidad","Alcoy","Noticias"],"inLanguage":"es"},{"@type":"WebPage","@id":"https:\/\/www.copealcoy.es\/es\/dos-anys-despres-de-la-conversio-en-zona-de-vianants-del-centre-dalcoi-shan-ates-les-reivindicacions-dels-veins\/","url":"https:\/\/www.copealcoy.es\/es\/dos-anys-despres-de-la-conversio-en-zona-de-vianants-del-centre-dalcoi-shan-ates-les-reivindicacions-dels-veins\/","name":"Dos a\u00f1os despu\u00e9s de la peatonalizaci\u00f3n del Centro de Alcoy, \u00bfSe han atendido las reivindicaciones de los vecinos? - COPE Alcoy","isPartOf":{"@id":"https:\/\/www.copealcoy.es\/es\/#website"},"primaryImageOfPage":{"@id":"https:\/\/www.copealcoy.es\/es\/dos-anys-despres-de-la-conversio-en-zona-de-vianants-del-centre-dalcoi-shan-ates-les-reivindicacions-dels-veins\/#primaryimage"},"image":{"@id":"https:\/\/www.copealcoy.es\/es\/dos-anys-despres-de-la-conversio-en-zona-de-vianants-del-centre-dalcoi-shan-ates-les-reivindicacions-dels-veins\/#primaryimage"},"thumbnailUrl":"https:\/\/www.copealcoy.es\/wp-content\/uploads\/2022\/03\/119103015_5005197429506401_7070069087167750794_n-980x588-1-e1648567007552.jpg","datePublished":"2023-03-29T09:31:37+00:00","dateModified":"2023-03-29T10:20:39+00:00","author":{"@id":"https:\/\/www.copealcoy.es\/es\/#\/schema\/person\/e777c87fa024e57d40170af9df39882c"},"description":"En este 29 de marzo se cumplen dos a\u00f1os del inicio de la peatonalizaci\u00f3n del Centro de Alcoy y los vecinos hacen un balance negativo","breadcrumb":{"@id":"https:\/\/www.copealcoy.es\/es\/dos-anys-despres-de-la-conversio-en-zona-de-vianants-del-centre-dalcoi-shan-ates-les-reivindicacions-dels-veins\/#breadcrumb"},"inLanguage":"es","potentialAction":[{"@type":"ReadAction","target":["https:\/\/www.copealcoy.es\/es\/dos-anys-despres-de-la-conversio-en-zona-de-vianants-del-centre-dalcoi-shan-ates-les-reivindicacions-dels-veins\/"]}]},{"@type":"ImageObject","inLanguage":"es","@id":"https:\/\/www.copealcoy.es\/es\/dos-anys-despres-de-la-conversio-en-zona-de-vianants-del-centre-dalcoi-shan-ates-les-reivindicacions-dels-veins\/#primaryimage","url":"https:\/\/www.copealcoy.es\/wp-content\/uploads\/2022\/03\/119103015_5005197429506401_7070069087167750794_n-980x588-1-e1648567007552.jpg","contentUrl":"https:\/\/www.copealcoy.es\/wp-content\/uploads\/2022\/03\/119103015_5005197429506401_7070069087167750794_n-980x588-1-e1648567007552.jpg","width":640,"height":384},{"@type":"BreadcrumbList","@id":"https:\/\/www.copealcoy.es\/es\/dos-anys-despres-de-la-conversio-en-zona-de-vianants-del-centre-dalcoi-shan-ates-les-reivindicacions-dels-veins\/#breadcrumb","itemListElement":[{"@type":"ListItem","position":1,"name":"Portada","item":"https:\/\/www.copealcoy.es\/es\/"},{"@type":"ListItem","position":2,"name":"Dos a\u00f1os despu\u00e9s de la peatonalizaci\u00f3n del Centro de Alcoy, \u00bfSe han atendido las reivindicaciones de los vecinos?"}]},{"@type":"WebSite","@id":"https:\/\/www.copealcoy.es\/es\/#website","url":"https:\/\/www.copealcoy.es\/es\/","name":"COPE Alcoy","description":"Emisora COPE de radio local con emisi\u00f3n online. Pont de Sant Jordi 8-10 03803 Alcoy","potentialAction":[{"@type":"SearchAction","target":{"@type":"EntryPoint","urlTemplate":"https:\/\/www.copealcoy.es\/es\/?s={search_term_string}"},"query-input":{"@type":"PropertyValueSpecification","valueRequired":true,"valueName":"search_term_string"}}],"inLanguage":"es"},{"@type":"Person","@id":"https:\/\/www.copealcoy.es\/es\/#\/schema\/person\/e777c87fa024e57d40170af9df39882c","name":"Cope Alcoy","image":{"@type":"ImageObject","inLanguage":"es","@id":"https:\/\/secure.gravatar.com\/avatar\/bb65d0283347e303893ba14f0692005417c1e0e690a325a4c5d8bb2b3943ee14?s=96&d=mm&r=g","url":"https:\/\/secure.gravatar.com\/avatar\/bb65d0283347e303893ba14f0692005417c1e0e690a325a4c5d8bb2b3943ee14?s=96&d=mm&r=g","contentUrl":"https:\/\/secure.gravatar.com\/avatar\/bb65d0283347e303893ba14f0692005417c1e0e690a325a4c5d8bb2b3943ee14?s=96&d=mm&r=g","caption":"Cope Alcoy"}}]}},"_links":{"self":[{"href":"https:\/\/www.copealcoy.es\/es\/wp-json\/wp\/v2\/posts\/112936","targetHints":{"allow":["GET"]}}],"collection":[{"href":"https:\/\/www.copealcoy.es\/es\/wp-json\/wp\/v2\/posts"}],"about":[{"href":"https:\/\/www.copealcoy.es\/es\/wp-json\/wp\/v2\/types\/post"}],"author":[{"embeddable":true,"href":"https:\/\/www.copealcoy.es\/es\/wp-json\/wp\/v2\/users\/1"}],"replies":[{"embeddable":true,"href":"https:\/\/www.copealcoy.es\/es\/wp-json\/wp\/v2\/comments?post=112936"}],"version-history":[{"count":0,"href":"https:\/\/www.copealcoy.es\/es\/wp-json\/wp\/v2\/posts\/112936\/revisions"}],"wp:featuredmedia":[{"embeddable":true,"href":"https:\/\/www.copealcoy.es\/es\/wp-json\/wp\/v2\/media\/85525"}],"wp:attachment":[{"href":"https:\/\/www.copealcoy.es\/es\/wp-json\/wp\/v2\/media?parent=112936"}],"wp:term":[{"taxonomy":"category","embeddable":true,"href":"https:\/\/www.copealcoy.es\/es\/wp-json\/wp\/v2\/categories?post=112936"},{"taxonomy":"post_tag","embeddable":true,"href":"https:\/\/www.copealcoy.es\/es\/wp-json\/wp\/v2\/tags?post=112936"}],"curies":[{"name":"wp","href":"https:\/\/api.w.org\/{rel}","templated":true}]}}