{"id":112903,"date":"2023-03-29T08:15:15","date_gmt":"2023-03-29T07:15:15","guid":{"rendered":"https:\/\/www.copealcoy.es\/?p=112903"},"modified":"2023-03-29T10:28:26","modified_gmt":"2023-03-29T09:28:26","slug":"reservas-practicamente-al-completo-las-previsiones-de-la-hosteleria-de-alcoy-para-el-mes-de-abril","status":"publish","type":"post","link":"https:\/\/www.copealcoy.es\/es\/reservas-practicamente-al-completo-las-previsiones-de-la-hosteleria-de-alcoy-para-el-mes-de-abril\/","title":{"rendered":"Reservas pr\u00e1cticamente al completo: las previsiones de la hosteler\u00eda de Alcoy para el mes de abril"},"content":{"rendered":"<p>A menos de un mes para las <strong>Fiestas de Moros y Cristianos<\/strong> -y a punto de entrar en abril- la hosteler\u00eda alcoyana se prepara para uno de los meses de m\u00e1s movimiento en la ciudad.<\/p>\n<p>La <strong>ocupaci\u00f3n hotelera<\/strong>, como contaba <strong>Cope Alcoy<\/strong>, <span style=\"color: #000080;\"><a style=\"color: #000080;\" href=\"https:\/\/www.copealcoy.es\/sin-habitaciones-libres-en-los-hoteles-de-alcoy-para-el-dia-de-las-entradas\/\" target=\"_blank\" rel=\"noopener\">afronta las Fiestas sin pr\u00e1cticamente habitaciones libres<\/a><\/span> para los d\u00edas grandes. Sin embargo, <span style=\"color: #000080;\"><a style=\"color: #000080;\" href=\"https:\/\/www.copealcoy.es\/la-ocupacion-hotelera-en-alcoy-para-semana-santa-baja-con-respecto-a-2022\/\" target=\"_blank\" rel=\"noopener\">la situaci\u00f3n es m\u00e1s complicada de cara a Semana Santa<\/a><\/span>. No es esa la realidad que vive <strong>la hosteler\u00eda, que prev\u00e9 un mes de abril con mucho movimiento<\/strong>. &#8220;Para las dos Glorias ya tenemos gente. Imagino que igual que mis compa\u00f1eros. Y los d\u00edas m\u00e1s grandes, a partir de los M\u00fasicos, nosotros <strong>tenemos las reservas pr\u00e1cticamente al completo<\/strong>&#8220;, explica <strong>David Sand\u00edn<\/strong>, propietario y cocinero de un conocido restaurante del centro, en declaraciones a Cope Alcoy.<\/p>\n<p>Y, con una situaci\u00f3n como esta, afrontan el mes con optimismo. &#8220;Tenemos muchas ganas. Nos gusta que esta normaldiad ya est\u00e9 presente&#8221;, confiesa Sand\u00edn. En ese sentido, el propietario explica <strong>la recuperaci\u00f3n que ha vivido el sector<\/strong> -uno de los m\u00e1s afectados durante la pandemia y con mayores restricciones- en los \u00faltimos meses. &#8220;A partir de septiembre la actividad ha sido fabulosa. La gente ten\u00eda muchas ganas de salir y eso se ha notado. Tambi\u00e9n la Navidad ha sido espectacular, porque todo el mundo ten\u00eda ganas de juntarse y ha habido mucho trabajo&#8221;.<\/p>\n<p><strong>Aumento de la seguridad<\/strong><\/p>\n<p>Hace unas semanas, Cope Alcoy informaba de algunos <span style=\"color: #000080;\"><a style=\"color: #000080;\" href=\"https:\/\/www.copealcoy.es\/alarma-pels-robatoris-que-estan-patint-els-hostalers-del-centre-dalcoi\/\" target=\"_blank\" rel=\"noopener\">robos que hab\u00edan vivido diversos establecimientos del centro<\/a><\/span>. Los hosteleros se mostraban preocupados y, tras los hechos, <strong>el Ayuntamiento inform\u00f3 de que se iba a <span style=\"color: #000080;\"><a style=\"color: #000080;\" href=\"https:\/\/www.copealcoy.es\/alcoi-reforcara-la-vigilancia-en-el-centre-de-la-ciutat\/\" target=\"_blank\" rel=\"noopener\">reforzar la seguridad<\/a><\/span><\/strong>. &#8220;Sobre todo en los primeros d\u00edas notamos m\u00e1s polic\u00eda vigilando, m\u00e1s gente por la zona. Esperemos que contin\u00fae as\u00ed&#8221;, aclara Sand\u00edn.<\/p>\n<p>Por el momento, la situaci\u00f3n est\u00e1 tranquila. &#8220;<strong>No est\u00e1 habiendo problemas<\/strong>. Tambi\u00e9n depende de las medidas de seguridad que cada uno tome. Vas con m\u00e1s cuidado a la hora de abrir, a la hora de mirar. Esperemos que no vuelva a pasar y que se quede solo en esos casos aislados que pueden haber&#8221;, a\u00f1ade el hostelero.<\/p>\n","protected":false},"excerpt":{"rendered":"<p>A menos de un mes para las Fiestas de Moros y Cristianos -y a punto de entrar en abril- la&#8230;<\/p>\n","protected":false},"author":1,"featured_media":86784,"comment_status":"open","ping_status":"open","sticky":false,"template":"","format":"standard","meta":{"footnotes":""},"categories":[6909,97,75,79],"tags":[2113,1494,565,1377],"class_list":["post-112903","post","type-post","status-publish","format-standard","has-post-thumbnail","hentry","category-actualidad","category-alcoy","category-noticias","category-politicayeconomia","tag-abril","tag-alcoy","tag-fiestas","tag-hosteleria"],"yoast_head":"<!-- This site is optimized with the Yoast SEO plugin v27.3 - https:\/\/yoast.com\/product\/yoast-seo-wordpress\/ -->\n<title>Reservas pr\u00e1cticamente al completo: las previsiones de la hosteler\u00eda de Alcoy para el mes de abril - COPE Alcoy<\/title>\n<meta name=\"description\" content=\"A menos de un mes para las Fiestas de Moros y Cristianos -y a punto de entrar en abril- la hosteler\u00eda alcoyana se prepara para uno de los meses de m\u00e1s movimiento en la ciudad.\u00a0\" \/>\n<meta name=\"robots\" content=\"index, follow, max-snippet:-1, max-image-preview:large, max-video-preview:-1\" \/>\n<link rel=\"canonical\" href=\"https:\/\/www.copealcoy.es\/es\/reservas-practicamente-al-completo-las-previsiones-de-la-hosteleria-de-alcoy-para-el-mes-de-abril\/\" \/>\n<meta property=\"og:locale\" content=\"es_ES\" \/>\n<meta property=\"og:type\" content=\"article\" \/>\n<meta property=\"og:title\" content=\"Reservas pr\u00e1cticamente al completo: las previsiones de la hosteler\u00eda de Alcoy para el mes de abril - COPE Alcoy\" \/>\n<meta property=\"og:description\" content=\"A menos de un mes para las Fiestas de Moros y Cristianos -y a punto de entrar en abril- la hosteler\u00eda alcoyana se prepara para uno de los meses de m\u00e1s movimiento en la ciudad.\u00a0\" \/>\n<meta property=\"og:url\" content=\"https:\/\/www.copealcoy.es\/es\/reservas-practicamente-al-completo-las-previsiones-de-la-hosteleria-de-alcoy-para-el-mes-de-abril\/\" \/>\n<meta property=\"og:site_name\" content=\"COPE Alcoy\" \/>\n<meta property=\"article:published_time\" content=\"2023-03-29T07:15:15+00:00\" \/>\n<meta property=\"article:modified_time\" content=\"2023-03-29T09:28:26+00:00\" \/>\n<meta property=\"og:image\" content=\"https:\/\/www.copealcoy.es\/wp-content\/uploads\/2022\/04\/unnamed-58-e1651154720626.jpg\" \/>\n\t<meta property=\"og:image:width\" content=\"640\" \/>\n\t<meta property=\"og:image:height\" content=\"480\" \/>\n\t<meta property=\"og:image:type\" content=\"image\/jpeg\" \/>\n<meta name=\"author\" content=\"Cope Alcoy\" \/>\n<meta name=\"twitter:label1\" content=\"Escrito por\" \/>\n\t<meta name=\"twitter:data1\" content=\"Cope Alcoy\" \/>\n\t<meta name=\"twitter:label2\" content=\"Tiempo de lectura\" \/>\n\t<meta name=\"twitter:data2\" content=\"2 minutos\" \/>\n<script type=\"application\/ld+json\" class=\"yoast-schema-graph\">{\"@context\":\"https:\\\/\\\/schema.org\",\"@graph\":[{\"@type\":\"Article\",\"@id\":\"https:\\\/\\\/www.copealcoy.es\\\/es\\\/reservas-practicamente-al-completo-las-previsiones-de-la-hosteleria-de-alcoy-para-el-mes-de-abril\\\/#article\",\"isPartOf\":{\"@id\":\"https:\\\/\\\/www.copealcoy.es\\\/es\\\/reservas-practicamente-al-completo-las-previsiones-de-la-hosteleria-de-alcoy-para-el-mes-de-abril\\\/\"},\"author\":{\"name\":\"Cope Alcoy\",\"@id\":\"https:\\\/\\\/www.copealcoy.es\\\/es\\\/#\\\/schema\\\/person\\\/e777c87fa024e57d40170af9df39882c\"},\"headline\":\"Reservas pr\u00e1cticamente al completo: las previsiones de la hosteler\u00eda de Alcoy para el mes de abril\",\"datePublished\":\"2023-03-29T07:15:15+00:00\",\"dateModified\":\"2023-03-29T09:28:26+00:00\",\"mainEntityOfPage\":{\"@id\":\"https:\\\/\\\/www.copealcoy.es\\\/es\\\/reservas-practicamente-al-completo-las-previsiones-de-la-hosteleria-de-alcoy-para-el-mes-de-abril\\\/\"},\"wordCount\":391,\"commentCount\":0,\"image\":{\"@id\":\"https:\\\/\\\/www.copealcoy.es\\\/es\\\/reservas-practicamente-al-completo-las-previsiones-de-la-hosteleria-de-alcoy-para-el-mes-de-abril\\\/#primaryimage\"},\"thumbnailUrl\":\"https:\\\/\\\/www.copealcoy.es\\\/wp-content\\\/uploads\\\/2022\\\/04\\\/unnamed-58-e1651154720626.jpg\",\"keywords\":[\"Abril\",\"Alcoy\",\"Fiestas\",\"hosteler\u00eda\"],\"articleSection\":[\"Actualidad\",\"Alcoy\",\"Noticias\",\"Pol\u00edtica y Econom\u00eda\"],\"inLanguage\":\"es\"},{\"@type\":\"WebPage\",\"@id\":\"https:\\\/\\\/www.copealcoy.es\\\/es\\\/reservas-practicamente-al-completo-las-previsiones-de-la-hosteleria-de-alcoy-para-el-mes-de-abril\\\/\",\"url\":\"https:\\\/\\\/www.copealcoy.es\\\/es\\\/reservas-practicamente-al-completo-las-previsiones-de-la-hosteleria-de-alcoy-para-el-mes-de-abril\\\/\",\"name\":\"Reservas pr\u00e1cticamente al completo: las previsiones de la hosteler\u00eda de Alcoy para el mes de abril - COPE Alcoy\",\"isPartOf\":{\"@id\":\"https:\\\/\\\/www.copealcoy.es\\\/es\\\/#website\"},\"primaryImageOfPage\":{\"@id\":\"https:\\\/\\\/www.copealcoy.es\\\/es\\\/reservas-practicamente-al-completo-las-previsiones-de-la-hosteleria-de-alcoy-para-el-mes-de-abril\\\/#primaryimage\"},\"image\":{\"@id\":\"https:\\\/\\\/www.copealcoy.es\\\/es\\\/reservas-practicamente-al-completo-las-previsiones-de-la-hosteleria-de-alcoy-para-el-mes-de-abril\\\/#primaryimage\"},\"thumbnailUrl\":\"https:\\\/\\\/www.copealcoy.es\\\/wp-content\\\/uploads\\\/2022\\\/04\\\/unnamed-58-e1651154720626.jpg\",\"datePublished\":\"2023-03-29T07:15:15+00:00\",\"dateModified\":\"2023-03-29T09:28:26+00:00\",\"author\":{\"@id\":\"https:\\\/\\\/www.copealcoy.es\\\/es\\\/#\\\/schema\\\/person\\\/e777c87fa024e57d40170af9df39882c\"},\"description\":\"A menos de un mes para las Fiestas de Moros y Cristianos -y a punto de entrar en abril- la hosteler\u00eda alcoyana se prepara para uno de los meses de m\u00e1s movimiento en la ciudad.\u00a0\",\"breadcrumb\":{\"@id\":\"https:\\\/\\\/www.copealcoy.es\\\/es\\\/reservas-practicamente-al-completo-las-previsiones-de-la-hosteleria-de-alcoy-para-el-mes-de-abril\\\/#breadcrumb\"},\"inLanguage\":\"es\",\"potentialAction\":[{\"@type\":\"ReadAction\",\"target\":[\"https:\\\/\\\/www.copealcoy.es\\\/es\\\/reservas-practicamente-al-completo-las-previsiones-de-la-hosteleria-de-alcoy-para-el-mes-de-abril\\\/\"]}]},{\"@type\":\"ImageObject\",\"inLanguage\":\"es\",\"@id\":\"https:\\\/\\\/www.copealcoy.es\\\/es\\\/reservas-practicamente-al-completo-las-previsiones-de-la-hosteleria-de-alcoy-para-el-mes-de-abril\\\/#primaryimage\",\"url\":\"https:\\\/\\\/www.copealcoy.es\\\/wp-content\\\/uploads\\\/2022\\\/04\\\/unnamed-58-e1651154720626.jpg\",\"contentUrl\":\"https:\\\/\\\/www.copealcoy.es\\\/wp-content\\\/uploads\\\/2022\\\/04\\\/unnamed-58-e1651154720626.jpg\",\"width\":640,\"height\":480},{\"@type\":\"BreadcrumbList\",\"@id\":\"https:\\\/\\\/www.copealcoy.es\\\/es\\\/reservas-practicamente-al-completo-las-previsiones-de-la-hosteleria-de-alcoy-para-el-mes-de-abril\\\/#breadcrumb\",\"itemListElement\":[{\"@type\":\"ListItem\",\"position\":1,\"name\":\"Portada\",\"item\":\"https:\\\/\\\/www.copealcoy.es\\\/es\\\/\"},{\"@type\":\"ListItem\",\"position\":2,\"name\":\"Reservas pr\u00e1cticamente al completo: las previsiones de la hosteler\u00eda de Alcoy para el mes de abril\"}]},{\"@type\":\"WebSite\",\"@id\":\"https:\\\/\\\/www.copealcoy.es\\\/es\\\/#website\",\"url\":\"https:\\\/\\\/www.copealcoy.es\\\/es\\\/\",\"name\":\"COPE Alcoy\",\"description\":\"Emisora COPE de radio local con emisi\u00f3n online. Pont de Sant Jordi 8-10 03803 Alcoy\",\"potentialAction\":[{\"@type\":\"SearchAction\",\"target\":{\"@type\":\"EntryPoint\",\"urlTemplate\":\"https:\\\/\\\/www.copealcoy.es\\\/es\\\/?s={search_term_string}\"},\"query-input\":{\"@type\":\"PropertyValueSpecification\",\"valueRequired\":true,\"valueName\":\"search_term_string\"}}],\"inLanguage\":\"es\"},{\"@type\":\"Person\",\"@id\":\"https:\\\/\\\/www.copealcoy.es\\\/es\\\/#\\\/schema\\\/person\\\/e777c87fa024e57d40170af9df39882c\",\"name\":\"Cope Alcoy\",\"image\":{\"@type\":\"ImageObject\",\"inLanguage\":\"es\",\"@id\":\"https:\\\/\\\/secure.gravatar.com\\\/avatar\\\/bb65d0283347e303893ba14f0692005417c1e0e690a325a4c5d8bb2b3943ee14?s=96&d=mm&r=g\",\"url\":\"https:\\\/\\\/secure.gravatar.com\\\/avatar\\\/bb65d0283347e303893ba14f0692005417c1e0e690a325a4c5d8bb2b3943ee14?s=96&d=mm&r=g\",\"contentUrl\":\"https:\\\/\\\/secure.gravatar.com\\\/avatar\\\/bb65d0283347e303893ba14f0692005417c1e0e690a325a4c5d8bb2b3943ee14?s=96&d=mm&r=g\",\"caption\":\"Cope Alcoy\"}}]}<\/script>\n<!-- \/ Yoast SEO plugin. -->","yoast_head_json":{"title":"Reservas pr\u00e1cticamente al completo: las previsiones de la hosteler\u00eda de Alcoy para el mes de abril - COPE Alcoy","description":"A menos de un mes para las Fiestas de Moros y Cristianos -y a punto de entrar en abril- la hosteler\u00eda alcoyana se prepara para uno de los meses de m\u00e1s movimiento en la ciudad.\u00a0","robots":{"index":"index","follow":"follow","max-snippet":"max-snippet:-1","max-image-preview":"max-image-preview:large","max-video-preview":"max-video-preview:-1"},"canonical":"https:\/\/www.copealcoy.es\/es\/reservas-practicamente-al-completo-las-previsiones-de-la-hosteleria-de-alcoy-para-el-mes-de-abril\/","og_locale":"es_ES","og_type":"article","og_title":"Reservas pr\u00e1cticamente al completo: las previsiones de la hosteler\u00eda de Alcoy para el mes de abril - COPE Alcoy","og_description":"A menos de un mes para las Fiestas de Moros y Cristianos -y a punto de entrar en abril- la hosteler\u00eda alcoyana se prepara para uno de los meses de m\u00e1s movimiento en la ciudad.\u00a0","og_url":"https:\/\/www.copealcoy.es\/es\/reservas-practicamente-al-completo-las-previsiones-de-la-hosteleria-de-alcoy-para-el-mes-de-abril\/","og_site_name":"COPE Alcoy","article_published_time":"2023-03-29T07:15:15+00:00","article_modified_time":"2023-03-29T09:28:26+00:00","og_image":[{"width":640,"height":480,"url":"https:\/\/www.copealcoy.es\/wp-content\/uploads\/2022\/04\/unnamed-58-e1651154720626.jpg","type":"image\/jpeg"}],"author":"Cope Alcoy","twitter_misc":{"Escrito por":"Cope Alcoy","Tiempo de lectura":"2 minutos"},"schema":{"@context":"https:\/\/schema.org","@graph":[{"@type":"Article","@id":"https:\/\/www.copealcoy.es\/es\/reservas-practicamente-al-completo-las-previsiones-de-la-hosteleria-de-alcoy-para-el-mes-de-abril\/#article","isPartOf":{"@id":"https:\/\/www.copealcoy.es\/es\/reservas-practicamente-al-completo-las-previsiones-de-la-hosteleria-de-alcoy-para-el-mes-de-abril\/"},"author":{"name":"Cope Alcoy","@id":"https:\/\/www.copealcoy.es\/es\/#\/schema\/person\/e777c87fa024e57d40170af9df39882c"},"headline":"Reservas pr\u00e1cticamente al completo: las previsiones de la hosteler\u00eda de Alcoy para el mes de abril","datePublished":"2023-03-29T07:15:15+00:00","dateModified":"2023-03-29T09:28:26+00:00","mainEntityOfPage":{"@id":"https:\/\/www.copealcoy.es\/es\/reservas-practicamente-al-completo-las-previsiones-de-la-hosteleria-de-alcoy-para-el-mes-de-abril\/"},"wordCount":391,"commentCount":0,"image":{"@id":"https:\/\/www.copealcoy.es\/es\/reservas-practicamente-al-completo-las-previsiones-de-la-hosteleria-de-alcoy-para-el-mes-de-abril\/#primaryimage"},"thumbnailUrl":"https:\/\/www.copealcoy.es\/wp-content\/uploads\/2022\/04\/unnamed-58-e1651154720626.jpg","keywords":["Abril","Alcoy","Fiestas","hosteler\u00eda"],"articleSection":["Actualidad","Alcoy","Noticias","Pol\u00edtica y Econom\u00eda"],"inLanguage":"es"},{"@type":"WebPage","@id":"https:\/\/www.copealcoy.es\/es\/reservas-practicamente-al-completo-las-previsiones-de-la-hosteleria-de-alcoy-para-el-mes-de-abril\/","url":"https:\/\/www.copealcoy.es\/es\/reservas-practicamente-al-completo-las-previsiones-de-la-hosteleria-de-alcoy-para-el-mes-de-abril\/","name":"Reservas pr\u00e1cticamente al completo: las previsiones de la hosteler\u00eda de Alcoy para el mes de abril - COPE Alcoy","isPartOf":{"@id":"https:\/\/www.copealcoy.es\/es\/#website"},"primaryImageOfPage":{"@id":"https:\/\/www.copealcoy.es\/es\/reservas-practicamente-al-completo-las-previsiones-de-la-hosteleria-de-alcoy-para-el-mes-de-abril\/#primaryimage"},"image":{"@id":"https:\/\/www.copealcoy.es\/es\/reservas-practicamente-al-completo-las-previsiones-de-la-hosteleria-de-alcoy-para-el-mes-de-abril\/#primaryimage"},"thumbnailUrl":"https:\/\/www.copealcoy.es\/wp-content\/uploads\/2022\/04\/unnamed-58-e1651154720626.jpg","datePublished":"2023-03-29T07:15:15+00:00","dateModified":"2023-03-29T09:28:26+00:00","author":{"@id":"https:\/\/www.copealcoy.es\/es\/#\/schema\/person\/e777c87fa024e57d40170af9df39882c"},"description":"A menos de un mes para las Fiestas de Moros y Cristianos -y a punto de entrar en abril- la hosteler\u00eda alcoyana se prepara para uno de los meses de m\u00e1s movimiento en la ciudad.\u00a0","breadcrumb":{"@id":"https:\/\/www.copealcoy.es\/es\/reservas-practicamente-al-completo-las-previsiones-de-la-hosteleria-de-alcoy-para-el-mes-de-abril\/#breadcrumb"},"inLanguage":"es","potentialAction":[{"@type":"ReadAction","target":["https:\/\/www.copealcoy.es\/es\/reservas-practicamente-al-completo-las-previsiones-de-la-hosteleria-de-alcoy-para-el-mes-de-abril\/"]}]},{"@type":"ImageObject","inLanguage":"es","@id":"https:\/\/www.copealcoy.es\/es\/reservas-practicamente-al-completo-las-previsiones-de-la-hosteleria-de-alcoy-para-el-mes-de-abril\/#primaryimage","url":"https:\/\/www.copealcoy.es\/wp-content\/uploads\/2022\/04\/unnamed-58-e1651154720626.jpg","contentUrl":"https:\/\/www.copealcoy.es\/wp-content\/uploads\/2022\/04\/unnamed-58-e1651154720626.jpg","width":640,"height":480},{"@type":"BreadcrumbList","@id":"https:\/\/www.copealcoy.es\/es\/reservas-practicamente-al-completo-las-previsiones-de-la-hosteleria-de-alcoy-para-el-mes-de-abril\/#breadcrumb","itemListElement":[{"@type":"ListItem","position":1,"name":"Portada","item":"https:\/\/www.copealcoy.es\/es\/"},{"@type":"ListItem","position":2,"name":"Reservas pr\u00e1cticamente al completo: las previsiones de la hosteler\u00eda de Alcoy para el mes de abril"}]},{"@type":"WebSite","@id":"https:\/\/www.copealcoy.es\/es\/#website","url":"https:\/\/www.copealcoy.es\/es\/","name":"COPE Alcoy","description":"Emisora COPE de radio local con emisi\u00f3n online. Pont de Sant Jordi 8-10 03803 Alcoy","potentialAction":[{"@type":"SearchAction","target":{"@type":"EntryPoint","urlTemplate":"https:\/\/www.copealcoy.es\/es\/?s={search_term_string}"},"query-input":{"@type":"PropertyValueSpecification","valueRequired":true,"valueName":"search_term_string"}}],"inLanguage":"es"},{"@type":"Person","@id":"https:\/\/www.copealcoy.es\/es\/#\/schema\/person\/e777c87fa024e57d40170af9df39882c","name":"Cope Alcoy","image":{"@type":"ImageObject","inLanguage":"es","@id":"https:\/\/secure.gravatar.com\/avatar\/bb65d0283347e303893ba14f0692005417c1e0e690a325a4c5d8bb2b3943ee14?s=96&d=mm&r=g","url":"https:\/\/secure.gravatar.com\/avatar\/bb65d0283347e303893ba14f0692005417c1e0e690a325a4c5d8bb2b3943ee14?s=96&d=mm&r=g","contentUrl":"https:\/\/secure.gravatar.com\/avatar\/bb65d0283347e303893ba14f0692005417c1e0e690a325a4c5d8bb2b3943ee14?s=96&d=mm&r=g","caption":"Cope Alcoy"}}]}},"_links":{"self":[{"href":"https:\/\/www.copealcoy.es\/es\/wp-json\/wp\/v2\/posts\/112903","targetHints":{"allow":["GET"]}}],"collection":[{"href":"https:\/\/www.copealcoy.es\/es\/wp-json\/wp\/v2\/posts"}],"about":[{"href":"https:\/\/www.copealcoy.es\/es\/wp-json\/wp\/v2\/types\/post"}],"author":[{"embeddable":true,"href":"https:\/\/www.copealcoy.es\/es\/wp-json\/wp\/v2\/users\/1"}],"replies":[{"embeddable":true,"href":"https:\/\/www.copealcoy.es\/es\/wp-json\/wp\/v2\/comments?post=112903"}],"version-history":[{"count":0,"href":"https:\/\/www.copealcoy.es\/es\/wp-json\/wp\/v2\/posts\/112903\/revisions"}],"wp:featuredmedia":[{"embeddable":true,"href":"https:\/\/www.copealcoy.es\/es\/wp-json\/wp\/v2\/media\/86784"}],"wp:attachment":[{"href":"https:\/\/www.copealcoy.es\/es\/wp-json\/wp\/v2\/media?parent=112903"}],"wp:term":[{"taxonomy":"category","embeddable":true,"href":"https:\/\/www.copealcoy.es\/es\/wp-json\/wp\/v2\/categories?post=112903"},{"taxonomy":"post_tag","embeddable":true,"href":"https:\/\/www.copealcoy.es\/es\/wp-json\/wp\/v2\/tags?post=112903"}],"curies":[{"name":"wp","href":"https:\/\/api.w.org\/{rel}","templated":true}]}}