{"id":112828,"date":"2023-03-28T09:00:55","date_gmt":"2023-03-28T08:00:55","guid":{"rendered":"https:\/\/www.copealcoy.es\/?p=112828"},"modified":"2023-03-28T12:04:38","modified_gmt":"2023-03-28T11:04:38","slug":"la-actriz-alcoyana-isabel-balaguer-se-suma-a-la-lista-del-pp-para-las-elecciones-municipales","status":"publish","type":"post","link":"https:\/\/www.copealcoy.es\/es\/la-actriz-alcoyana-isabel-balaguer-se-suma-a-la-lista-del-pp-para-las-elecciones-municipales\/","title":{"rendered":"La actriz alcoyana Isabel Balaguer se suma a la lista del PP para las elecciones municipales"},"content":{"rendered":"<p>Lo hace como independiente. La <strong>actriz alcoyana Isabel Balaguer se une a la candidatura de Carlos Pastor<\/strong> para las elecciones municipales del pr\u00f3ximo 28 de mayo. El Partido Popular incorpora esta figura a sus listas con el objetivo de <strong>dar un impulso al \u00e1mbito de la cultura<\/strong>.<\/p>\n<p>Balaguer, actriz de teatro y televisi\u00f3n, destaca el potencial cultural que tiene Alcoy como ciudad. \u201cMe uno al proyecto de Carlos Pastor porque, como \u00e9l, soy consciente de la urgente necesidad de cambio y me mueve la ilusi\u00f3n de que Alcoy merece avanzar\u201d. Se trata de la misma l\u00ednea que sigue toda la candidatura popular de cara a la cita electoral.<\/p>\n<p>Para <strong>Carlos Pastor<\/strong>, el paso adelante de la actriz es una apuesta de futuro. \u201cLa incorporaci\u00f3n de Isabel Balaguer a nuestro proyecto aporta mucha experiencia sobre todo en el \u00e1mbito cultural donde se ha desarrollado profesionalmente. Adem\u00e1s de ser conocedora de las inquietudes y necesidades de este sector y de las personas que conforman esta red cultural\u201d.<\/p>\n<p>Por el momento, y tras este anuncio, <strong>se conocen ya cinco de los nombres que conformar\u00e1n la lista de los populares<\/strong> para los comicios municipales, que se celebrar\u00e1n justo en dos meses. A Carlos Pastor -cabeza de lista- se suman tres de los cuatro miembros actuales del grupo popular en el Ayuntamiento (<strong>Lirios Garc\u00eda, Kiko Cant\u00f3 y Amalia Pay\u00e1<\/strong>). Y a ellos se une ahora Isabel Balaguer.<\/p>\n<p>Para conocer el resto de la lista habr\u00e1 que esperar a\u00fan unos d\u00edas. <strong>A principios del mes de abril<\/strong> -antes de Semana Santa-, como <span style=\"color: #000080;\"><a style=\"color: #000080;\" href=\"https:\/\/www.copealcoy.es\/carlos-pastor-quiere-una-concejalia-especifica-para-atender-las-necesidades-del-centro-de-alcoy\/\" target=\"_blank\" rel=\"noopener\">aseguraba Pastor la pasada semana<\/a><\/span>, se conocer\u00e1n el resto de nombres. &#8220;Ser\u00e1 una <strong>lista totalmente renovada<\/strong> y un equipo para el gobierno. Salimos a ganar las elecciones el pr\u00f3ximo 28 de mayo para que se d\u00e9 en Alcoy el cambio que merece la ciudad tras doce a\u00f1os de ejecutivos socialistas que nos han abocado a la par\u00e1lisis&#8221;, insist\u00eda Pastor.<\/p>\n","protected":false},"excerpt":{"rendered":"<p>Lo hace como independiente. La actriz alcoyana Isabel Balaguer se une a la candidatura de Carlos Pastor para las elecciones&#8230;<\/p>\n","protected":false},"author":1,"featured_media":112838,"comment_status":"open","ping_status":"open","sticky":false,"template":"","format":"standard","meta":{"footnotes":""},"categories":[6909,97,744,75],"tags":[414,721,14374,448],"class_list":["post-112828","post","type-post","status-publish","format-standard","has-post-thumbnail","hentry","category-actualidad","category-alcoy","category-elecciones","category-noticias","tag-cultura","tag-elecciones-municipales","tag-isabel-balaguer","tag-partido-popular"],"yoast_head":"<!-- This site is optimized with the Yoast SEO plugin v27.3 - https:\/\/yoast.com\/product\/yoast-seo-wordpress\/ -->\n<title>La actriz alcoyana Isabel Balaguer se suma a la lista del PP para las elecciones municipales - COPE Alcoy<\/title>\n<meta name=\"description\" content=\"Lo hace como independiente. La actriz alcoyana Isabel Balaguer se une a la candidatura de Carlos Pastor para las elecciones municipales del pr\u00f3ximo 28 de mayo. El Partido Popular incorpora esta figura a sus listas con el objetivo de dar un impulso al \u00e1mbito de la cultura.\" \/>\n<meta name=\"robots\" content=\"index, follow, max-snippet:-1, max-image-preview:large, max-video-preview:-1\" \/>\n<link rel=\"canonical\" href=\"https:\/\/www.copealcoy.es\/es\/la-actriz-alcoyana-isabel-balaguer-se-suma-a-la-lista-del-pp-para-las-elecciones-municipales\/\" \/>\n<meta property=\"og:locale\" content=\"es_ES\" \/>\n<meta property=\"og:type\" content=\"article\" \/>\n<meta property=\"og:title\" content=\"La actriz alcoyana Isabel Balaguer se suma a la lista del PP para las elecciones municipales - COPE Alcoy\" \/>\n<meta property=\"og:description\" content=\"Lo hace como independiente. La actriz alcoyana Isabel Balaguer se une a la candidatura de Carlos Pastor para las elecciones municipales del pr\u00f3ximo 28 de mayo. El Partido Popular incorpora esta figura a sus listas con el objetivo de dar un impulso al \u00e1mbito de la cultura.\" \/>\n<meta property=\"og:url\" content=\"https:\/\/www.copealcoy.es\/es\/la-actriz-alcoyana-isabel-balaguer-se-suma-a-la-lista-del-pp-para-las-elecciones-municipales\/\" \/>\n<meta property=\"og:site_name\" content=\"COPE Alcoy\" \/>\n<meta property=\"article:published_time\" content=\"2023-03-28T08:00:55+00:00\" \/>\n<meta property=\"article:modified_time\" content=\"2023-03-28T11:04:38+00:00\" \/>\n<meta property=\"og:image\" content=\"https:\/\/www.copealcoy.es\/wp-content\/uploads\/2023\/03\/e4ea8708-6e34-4b9e-9ab3-a7fe0d0b9302.jpg\" \/>\n\t<meta property=\"og:image:width\" content=\"1155\" \/>\n\t<meta property=\"og:image:height\" content=\"1080\" \/>\n\t<meta property=\"og:image:type\" content=\"image\/jpeg\" \/>\n<meta name=\"author\" content=\"Cope Alcoy\" \/>\n<meta name=\"twitter:label1\" content=\"Escrito por\" \/>\n\t<meta name=\"twitter:data1\" content=\"Cope Alcoy\" \/>\n\t<meta name=\"twitter:label2\" content=\"Tiempo de lectura\" \/>\n\t<meta name=\"twitter:data2\" content=\"2 minutos\" \/>\n<script type=\"application\/ld+json\" class=\"yoast-schema-graph\">{\"@context\":\"https:\\\/\\\/schema.org\",\"@graph\":[{\"@type\":\"Article\",\"@id\":\"https:\\\/\\\/www.copealcoy.es\\\/es\\\/la-actriz-alcoyana-isabel-balaguer-se-suma-a-la-lista-del-pp-para-las-elecciones-municipales\\\/#article\",\"isPartOf\":{\"@id\":\"https:\\\/\\\/www.copealcoy.es\\\/es\\\/la-actriz-alcoyana-isabel-balaguer-se-suma-a-la-lista-del-pp-para-las-elecciones-municipales\\\/\"},\"author\":{\"name\":\"Cope Alcoy\",\"@id\":\"https:\\\/\\\/www.copealcoy.es\\\/es\\\/#\\\/schema\\\/person\\\/e777c87fa024e57d40170af9df39882c\"},\"headline\":\"La actriz alcoyana Isabel Balaguer se suma a la lista del PP para las elecciones municipales\",\"datePublished\":\"2023-03-28T08:00:55+00:00\",\"dateModified\":\"2023-03-28T11:04:38+00:00\",\"mainEntityOfPage\":{\"@id\":\"https:\\\/\\\/www.copealcoy.es\\\/es\\\/la-actriz-alcoyana-isabel-balaguer-se-suma-a-la-lista-del-pp-para-las-elecciones-municipales\\\/\"},\"wordCount\":345,\"commentCount\":0,\"image\":{\"@id\":\"https:\\\/\\\/www.copealcoy.es\\\/es\\\/la-actriz-alcoyana-isabel-balaguer-se-suma-a-la-lista-del-pp-para-las-elecciones-municipales\\\/#primaryimage\"},\"thumbnailUrl\":\"https:\\\/\\\/www.copealcoy.es\\\/wp-content\\\/uploads\\\/2023\\\/03\\\/e4ea8708-6e34-4b9e-9ab3-a7fe0d0b9302.jpg\",\"keywords\":[\"Cultura\",\"Elecciones Municipales\",\"Isabel Balaguer\",\"Partido Popular\"],\"articleSection\":[\"Actualidad\",\"Alcoy\",\"Elecciones\",\"Noticias\"],\"inLanguage\":\"es\"},{\"@type\":\"WebPage\",\"@id\":\"https:\\\/\\\/www.copealcoy.es\\\/es\\\/la-actriz-alcoyana-isabel-balaguer-se-suma-a-la-lista-del-pp-para-las-elecciones-municipales\\\/\",\"url\":\"https:\\\/\\\/www.copealcoy.es\\\/es\\\/la-actriz-alcoyana-isabel-balaguer-se-suma-a-la-lista-del-pp-para-las-elecciones-municipales\\\/\",\"name\":\"La actriz alcoyana Isabel Balaguer se suma a la lista del PP para las elecciones municipales - COPE Alcoy\",\"isPartOf\":{\"@id\":\"https:\\\/\\\/www.copealcoy.es\\\/es\\\/#website\"},\"primaryImageOfPage\":{\"@id\":\"https:\\\/\\\/www.copealcoy.es\\\/es\\\/la-actriz-alcoyana-isabel-balaguer-se-suma-a-la-lista-del-pp-para-las-elecciones-municipales\\\/#primaryimage\"},\"image\":{\"@id\":\"https:\\\/\\\/www.copealcoy.es\\\/es\\\/la-actriz-alcoyana-isabel-balaguer-se-suma-a-la-lista-del-pp-para-las-elecciones-municipales\\\/#primaryimage\"},\"thumbnailUrl\":\"https:\\\/\\\/www.copealcoy.es\\\/wp-content\\\/uploads\\\/2023\\\/03\\\/e4ea8708-6e34-4b9e-9ab3-a7fe0d0b9302.jpg\",\"datePublished\":\"2023-03-28T08:00:55+00:00\",\"dateModified\":\"2023-03-28T11:04:38+00:00\",\"author\":{\"@id\":\"https:\\\/\\\/www.copealcoy.es\\\/es\\\/#\\\/schema\\\/person\\\/e777c87fa024e57d40170af9df39882c\"},\"description\":\"Lo hace como independiente. La actriz alcoyana Isabel Balaguer se une a la candidatura de Carlos Pastor para las elecciones municipales del pr\u00f3ximo 28 de mayo. El Partido Popular incorpora esta figura a sus listas con el objetivo de dar un impulso al \u00e1mbito de la cultura.\",\"breadcrumb\":{\"@id\":\"https:\\\/\\\/www.copealcoy.es\\\/es\\\/la-actriz-alcoyana-isabel-balaguer-se-suma-a-la-lista-del-pp-para-las-elecciones-municipales\\\/#breadcrumb\"},\"inLanguage\":\"es\",\"potentialAction\":[{\"@type\":\"ReadAction\",\"target\":[\"https:\\\/\\\/www.copealcoy.es\\\/es\\\/la-actriz-alcoyana-isabel-balaguer-se-suma-a-la-lista-del-pp-para-las-elecciones-municipales\\\/\"]}]},{\"@type\":\"ImageObject\",\"inLanguage\":\"es\",\"@id\":\"https:\\\/\\\/www.copealcoy.es\\\/es\\\/la-actriz-alcoyana-isabel-balaguer-se-suma-a-la-lista-del-pp-para-las-elecciones-municipales\\\/#primaryimage\",\"url\":\"https:\\\/\\\/www.copealcoy.es\\\/wp-content\\\/uploads\\\/2023\\\/03\\\/e4ea8708-6e34-4b9e-9ab3-a7fe0d0b9302.jpg\",\"contentUrl\":\"https:\\\/\\\/www.copealcoy.es\\\/wp-content\\\/uploads\\\/2023\\\/03\\\/e4ea8708-6e34-4b9e-9ab3-a7fe0d0b9302.jpg\",\"width\":1155,\"height\":1080},{\"@type\":\"BreadcrumbList\",\"@id\":\"https:\\\/\\\/www.copealcoy.es\\\/es\\\/la-actriz-alcoyana-isabel-balaguer-se-suma-a-la-lista-del-pp-para-las-elecciones-municipales\\\/#breadcrumb\",\"itemListElement\":[{\"@type\":\"ListItem\",\"position\":1,\"name\":\"Portada\",\"item\":\"https:\\\/\\\/www.copealcoy.es\\\/es\\\/\"},{\"@type\":\"ListItem\",\"position\":2,\"name\":\"La actriz alcoyana Isabel Balaguer se suma a la lista del PP para las elecciones municipales\"}]},{\"@type\":\"WebSite\",\"@id\":\"https:\\\/\\\/www.copealcoy.es\\\/es\\\/#website\",\"url\":\"https:\\\/\\\/www.copealcoy.es\\\/es\\\/\",\"name\":\"COPE Alcoy\",\"description\":\"Emisora COPE de radio local con emisi\u00f3n online. Pont de Sant Jordi 8-10 03803 Alcoy\",\"potentialAction\":[{\"@type\":\"SearchAction\",\"target\":{\"@type\":\"EntryPoint\",\"urlTemplate\":\"https:\\\/\\\/www.copealcoy.es\\\/es\\\/?s={search_term_string}\"},\"query-input\":{\"@type\":\"PropertyValueSpecification\",\"valueRequired\":true,\"valueName\":\"search_term_string\"}}],\"inLanguage\":\"es\"},{\"@type\":\"Person\",\"@id\":\"https:\\\/\\\/www.copealcoy.es\\\/es\\\/#\\\/schema\\\/person\\\/e777c87fa024e57d40170af9df39882c\",\"name\":\"Cope Alcoy\",\"image\":{\"@type\":\"ImageObject\",\"inLanguage\":\"es\",\"@id\":\"https:\\\/\\\/secure.gravatar.com\\\/avatar\\\/bb65d0283347e303893ba14f0692005417c1e0e690a325a4c5d8bb2b3943ee14?s=96&d=mm&r=g\",\"url\":\"https:\\\/\\\/secure.gravatar.com\\\/avatar\\\/bb65d0283347e303893ba14f0692005417c1e0e690a325a4c5d8bb2b3943ee14?s=96&d=mm&r=g\",\"contentUrl\":\"https:\\\/\\\/secure.gravatar.com\\\/avatar\\\/bb65d0283347e303893ba14f0692005417c1e0e690a325a4c5d8bb2b3943ee14?s=96&d=mm&r=g\",\"caption\":\"Cope Alcoy\"}}]}<\/script>\n<!-- \/ Yoast SEO plugin. -->","yoast_head_json":{"title":"La actriz alcoyana Isabel Balaguer se suma a la lista del PP para las elecciones municipales - COPE Alcoy","description":"Lo hace como independiente. La actriz alcoyana Isabel Balaguer se une a la candidatura de Carlos Pastor para las elecciones municipales del pr\u00f3ximo 28 de mayo. El Partido Popular incorpora esta figura a sus listas con el objetivo de dar un impulso al \u00e1mbito de la cultura.","robots":{"index":"index","follow":"follow","max-snippet":"max-snippet:-1","max-image-preview":"max-image-preview:large","max-video-preview":"max-video-preview:-1"},"canonical":"https:\/\/www.copealcoy.es\/es\/la-actriz-alcoyana-isabel-balaguer-se-suma-a-la-lista-del-pp-para-las-elecciones-municipales\/","og_locale":"es_ES","og_type":"article","og_title":"La actriz alcoyana Isabel Balaguer se suma a la lista del PP para las elecciones municipales - COPE Alcoy","og_description":"Lo hace como independiente. La actriz alcoyana Isabel Balaguer se une a la candidatura de Carlos Pastor para las elecciones municipales del pr\u00f3ximo 28 de mayo. El Partido Popular incorpora esta figura a sus listas con el objetivo de dar un impulso al \u00e1mbito de la cultura.","og_url":"https:\/\/www.copealcoy.es\/es\/la-actriz-alcoyana-isabel-balaguer-se-suma-a-la-lista-del-pp-para-las-elecciones-municipales\/","og_site_name":"COPE Alcoy","article_published_time":"2023-03-28T08:00:55+00:00","article_modified_time":"2023-03-28T11:04:38+00:00","og_image":[{"width":1155,"height":1080,"url":"https:\/\/www.copealcoy.es\/wp-content\/uploads\/2023\/03\/e4ea8708-6e34-4b9e-9ab3-a7fe0d0b9302.jpg","type":"image\/jpeg"}],"author":"Cope Alcoy","twitter_misc":{"Escrito por":"Cope Alcoy","Tiempo de lectura":"2 minutos"},"schema":{"@context":"https:\/\/schema.org","@graph":[{"@type":"Article","@id":"https:\/\/www.copealcoy.es\/es\/la-actriz-alcoyana-isabel-balaguer-se-suma-a-la-lista-del-pp-para-las-elecciones-municipales\/#article","isPartOf":{"@id":"https:\/\/www.copealcoy.es\/es\/la-actriz-alcoyana-isabel-balaguer-se-suma-a-la-lista-del-pp-para-las-elecciones-municipales\/"},"author":{"name":"Cope Alcoy","@id":"https:\/\/www.copealcoy.es\/es\/#\/schema\/person\/e777c87fa024e57d40170af9df39882c"},"headline":"La actriz alcoyana Isabel Balaguer se suma a la lista del PP para las elecciones municipales","datePublished":"2023-03-28T08:00:55+00:00","dateModified":"2023-03-28T11:04:38+00:00","mainEntityOfPage":{"@id":"https:\/\/www.copealcoy.es\/es\/la-actriz-alcoyana-isabel-balaguer-se-suma-a-la-lista-del-pp-para-las-elecciones-municipales\/"},"wordCount":345,"commentCount":0,"image":{"@id":"https:\/\/www.copealcoy.es\/es\/la-actriz-alcoyana-isabel-balaguer-se-suma-a-la-lista-del-pp-para-las-elecciones-municipales\/#primaryimage"},"thumbnailUrl":"https:\/\/www.copealcoy.es\/wp-content\/uploads\/2023\/03\/e4ea8708-6e34-4b9e-9ab3-a7fe0d0b9302.jpg","keywords":["Cultura","Elecciones Municipales","Isabel Balaguer","Partido Popular"],"articleSection":["Actualidad","Alcoy","Elecciones","Noticias"],"inLanguage":"es"},{"@type":"WebPage","@id":"https:\/\/www.copealcoy.es\/es\/la-actriz-alcoyana-isabel-balaguer-se-suma-a-la-lista-del-pp-para-las-elecciones-municipales\/","url":"https:\/\/www.copealcoy.es\/es\/la-actriz-alcoyana-isabel-balaguer-se-suma-a-la-lista-del-pp-para-las-elecciones-municipales\/","name":"La actriz alcoyana Isabel Balaguer se suma a la lista del PP para las elecciones municipales - COPE Alcoy","isPartOf":{"@id":"https:\/\/www.copealcoy.es\/es\/#website"},"primaryImageOfPage":{"@id":"https:\/\/www.copealcoy.es\/es\/la-actriz-alcoyana-isabel-balaguer-se-suma-a-la-lista-del-pp-para-las-elecciones-municipales\/#primaryimage"},"image":{"@id":"https:\/\/www.copealcoy.es\/es\/la-actriz-alcoyana-isabel-balaguer-se-suma-a-la-lista-del-pp-para-las-elecciones-municipales\/#primaryimage"},"thumbnailUrl":"https:\/\/www.copealcoy.es\/wp-content\/uploads\/2023\/03\/e4ea8708-6e34-4b9e-9ab3-a7fe0d0b9302.jpg","datePublished":"2023-03-28T08:00:55+00:00","dateModified":"2023-03-28T11:04:38+00:00","author":{"@id":"https:\/\/www.copealcoy.es\/es\/#\/schema\/person\/e777c87fa024e57d40170af9df39882c"},"description":"Lo hace como independiente. La actriz alcoyana Isabel Balaguer se une a la candidatura de Carlos Pastor para las elecciones municipales del pr\u00f3ximo 28 de mayo. El Partido Popular incorpora esta figura a sus listas con el objetivo de dar un impulso al \u00e1mbito de la cultura.","breadcrumb":{"@id":"https:\/\/www.copealcoy.es\/es\/la-actriz-alcoyana-isabel-balaguer-se-suma-a-la-lista-del-pp-para-las-elecciones-municipales\/#breadcrumb"},"inLanguage":"es","potentialAction":[{"@type":"ReadAction","target":["https:\/\/www.copealcoy.es\/es\/la-actriz-alcoyana-isabel-balaguer-se-suma-a-la-lista-del-pp-para-las-elecciones-municipales\/"]}]},{"@type":"ImageObject","inLanguage":"es","@id":"https:\/\/www.copealcoy.es\/es\/la-actriz-alcoyana-isabel-balaguer-se-suma-a-la-lista-del-pp-para-las-elecciones-municipales\/#primaryimage","url":"https:\/\/www.copealcoy.es\/wp-content\/uploads\/2023\/03\/e4ea8708-6e34-4b9e-9ab3-a7fe0d0b9302.jpg","contentUrl":"https:\/\/www.copealcoy.es\/wp-content\/uploads\/2023\/03\/e4ea8708-6e34-4b9e-9ab3-a7fe0d0b9302.jpg","width":1155,"height":1080},{"@type":"BreadcrumbList","@id":"https:\/\/www.copealcoy.es\/es\/la-actriz-alcoyana-isabel-balaguer-se-suma-a-la-lista-del-pp-para-las-elecciones-municipales\/#breadcrumb","itemListElement":[{"@type":"ListItem","position":1,"name":"Portada","item":"https:\/\/www.copealcoy.es\/es\/"},{"@type":"ListItem","position":2,"name":"La actriz alcoyana Isabel Balaguer se suma a la lista del PP para las elecciones municipales"}]},{"@type":"WebSite","@id":"https:\/\/www.copealcoy.es\/es\/#website","url":"https:\/\/www.copealcoy.es\/es\/","name":"COPE Alcoy","description":"Emisora COPE de radio local con emisi\u00f3n online. Pont de Sant Jordi 8-10 03803 Alcoy","potentialAction":[{"@type":"SearchAction","target":{"@type":"EntryPoint","urlTemplate":"https:\/\/www.copealcoy.es\/es\/?s={search_term_string}"},"query-input":{"@type":"PropertyValueSpecification","valueRequired":true,"valueName":"search_term_string"}}],"inLanguage":"es"},{"@type":"Person","@id":"https:\/\/www.copealcoy.es\/es\/#\/schema\/person\/e777c87fa024e57d40170af9df39882c","name":"Cope Alcoy","image":{"@type":"ImageObject","inLanguage":"es","@id":"https:\/\/secure.gravatar.com\/avatar\/bb65d0283347e303893ba14f0692005417c1e0e690a325a4c5d8bb2b3943ee14?s=96&d=mm&r=g","url":"https:\/\/secure.gravatar.com\/avatar\/bb65d0283347e303893ba14f0692005417c1e0e690a325a4c5d8bb2b3943ee14?s=96&d=mm&r=g","contentUrl":"https:\/\/secure.gravatar.com\/avatar\/bb65d0283347e303893ba14f0692005417c1e0e690a325a4c5d8bb2b3943ee14?s=96&d=mm&r=g","caption":"Cope Alcoy"}}]}},"_links":{"self":[{"href":"https:\/\/www.copealcoy.es\/es\/wp-json\/wp\/v2\/posts\/112828","targetHints":{"allow":["GET"]}}],"collection":[{"href":"https:\/\/www.copealcoy.es\/es\/wp-json\/wp\/v2\/posts"}],"about":[{"href":"https:\/\/www.copealcoy.es\/es\/wp-json\/wp\/v2\/types\/post"}],"author":[{"embeddable":true,"href":"https:\/\/www.copealcoy.es\/es\/wp-json\/wp\/v2\/users\/1"}],"replies":[{"embeddable":true,"href":"https:\/\/www.copealcoy.es\/es\/wp-json\/wp\/v2\/comments?post=112828"}],"version-history":[{"count":0,"href":"https:\/\/www.copealcoy.es\/es\/wp-json\/wp\/v2\/posts\/112828\/revisions"}],"wp:featuredmedia":[{"embeddable":true,"href":"https:\/\/www.copealcoy.es\/es\/wp-json\/wp\/v2\/media\/112838"}],"wp:attachment":[{"href":"https:\/\/www.copealcoy.es\/es\/wp-json\/wp\/v2\/media?parent=112828"}],"wp:term":[{"taxonomy":"category","embeddable":true,"href":"https:\/\/www.copealcoy.es\/es\/wp-json\/wp\/v2\/categories?post=112828"},{"taxonomy":"post_tag","embeddable":true,"href":"https:\/\/www.copealcoy.es\/es\/wp-json\/wp\/v2\/tags?post=112828"}],"curies":[{"name":"wp","href":"https:\/\/api.w.org\/{rel}","templated":true}]}}