{"id":112794,"date":"2023-03-27T11:59:01","date_gmt":"2023-03-27T10:59:01","guid":{"rendered":"https:\/\/www.copealcoy.es\/?p=112794"},"modified":"2023-03-27T12:14:41","modified_gmt":"2023-03-27T11:14:41","slug":"esto-tienes-que-tener-en-cuenta-si-visitas-la-font-roja-de-alcoy-en-semana-santa","status":"publish","type":"post","link":"https:\/\/www.copealcoy.es\/es\/esto-tienes-que-tener-en-cuenta-si-visitas-la-font-roja-de-alcoy-en-semana-santa\/","title":{"rendered":"Esto tienes que tener en cuenta si visitas la Font Roja de Alcoy en Semana Santa"},"content":{"rendered":"<p style=\"text-align: justify;\">El <strong>Parque Natural de la Font Roja<\/strong> volver\u00e1 a tener <strong>acceso regulado<\/strong> durante el pr\u00f3ximo mes de abril, una \u00e9poca que <strong>coincide con los d\u00edas de Semana Santa y Pascua<\/strong> as\u00ed como con el <strong>puente festivo del Primero de Mayo<\/strong>. La medida se adopta una vez m\u00e1s para <strong>garantizar la conservaci\u00f3n del entorno natural, evitar aglomeraciones y prevenir cualquier hipot\u00e9tica incidencia<\/strong> que pudiera poner en peligro a una de las zonas verdes m\u00e1s importantes de la ciudad.<\/p>\n<p style=\"text-align: justify;\">Para regular esta entrada a la Font Roja <strong>se volver\u00e1 a habilitar la barrera con lectura de matr\u00edcula<\/strong> instalada meses atr\u00e1s en las inmediaciones del Polideportivo Municipal y junto a la carretera de Sant Antoni. La carretera <strong>estar\u00e1 abierta para el paso libre de motocicletas y bicis aunque este a\u00f1o se incorpora una novedad destacada<\/strong> &#8220;<em>y es que habr\u00e1 otra barrera en la carretera de Les Llacunes para evitar que la gente pueda intentar acceder por esta zona evitando la carretera principal<\/em>&#8220;, explica el director-conservador del parque; <strong>Salvador Palop<\/strong>. El <strong>horario de regulaci\u00f3n<\/strong> ser\u00e1 de ocho de la ma\u00f1ana a dos del mediod\u00eda para los d\u00edas 7, 8, 9, 10, 15, 16, 20 y 30 de abril as\u00ed como el 1 de mayo. Los que deseen subir al Santuario en veh\u00edculo propio <strong>podr\u00e1n optar a una de las 55 plazas en las que est\u00e1 limitado el aparcamiento de la zona previa reserva<\/strong> <em>&#8220;a trav\u00e9s de <a href=\"https:\/\/parquesnaturales.gva.es\/es\/web\/pn-font-roja\" target=\"_blank\" rel=\"noopener\"><strong><span style=\"color: #0000ff;\">la web<\/span> <\/strong><\/a>de parques naturales de la Generalitat Valenciana, en el apartado de la Font Roja, se puede hacer esta reserva a trav\u00e9s de un formulario que tambi\u00e9n se ha habilitado este a\u00f1o por primera vez para que no sea necesario enviar los datos personales o del veh\u00edculo por correo electr\u00f3nico<\/em>&#8220;, concluye Palop.<\/p>\n<p style=\"text-align: justify;\">Recordar que los clientes de las casas rurales de la zona, taxistas y empresas de servicio hosteler\u00eda o restauraci\u00f3n <strong>podr\u00e1n acceder de manera libre<\/strong> si se ponen en contacto antes con el establecimiento. Tambi\u00e9n el Ayuntamiento pone en marcha <strong>un servicio especial de autobuses<\/strong> que saldr\u00e1 desde el aparcamiento del Cementerio Municipal en horario de 09:10h, 11:40h, 13:10h y 14:10h. El retorno se ha establecido a las 09:35h, 12:05h, 13:35h y 14:35h.<\/p>\n","protected":false},"excerpt":{"rendered":"<p>El Parque Natural de la Font Roja volver\u00e1 a tener acceso regulado durante el pr\u00f3ximo mes de abril, una \u00e9poca&#8230;<\/p>\n","protected":false},"author":1,"featured_media":30472,"comment_status":"open","ping_status":"open","sticky":false,"template":"","format":"standard","meta":{"footnotes":""},"categories":[6909,97,75,79],"tags":[14367,1494,5314,437,3767,745],"class_list":["post-112794","post","type-post","status-publish","format-standard","has-post-thumbnail","hentry","category-actualidad","category-alcoy","category-noticias","category-politicayeconomia","tag-acceso-regulado","tag-alcoy","tag-barrera","tag-font-roja","tag-parque-natural","tag-semana-santa"],"yoast_head":"<!-- This site is optimized with the Yoast SEO plugin v27.3 - https:\/\/yoast.com\/product\/yoast-seo-wordpress\/ -->\n<title>Esto tienes que tener en cuenta si visitas la Font Roja de Alcoy en Semana Santa - COPE Alcoy<\/title>\n<meta name=\"description\" content=\"El Parque Natural de la Font Roja volver\u00e1 a tener acceso regulado durante el pr\u00f3ximo mes de abril para evitar grandes aglomeraciones\" \/>\n<meta name=\"robots\" content=\"index, follow, max-snippet:-1, max-image-preview:large, max-video-preview:-1\" \/>\n<link rel=\"canonical\" href=\"https:\/\/www.copealcoy.es\/es\/esto-tienes-que-tener-en-cuenta-si-visitas-la-font-roja-de-alcoy-en-semana-santa\/\" \/>\n<meta property=\"og:locale\" content=\"es_ES\" \/>\n<meta property=\"og:type\" content=\"article\" \/>\n<meta property=\"og:title\" content=\"Esto tienes que tener en cuenta si visitas la Font Roja de Alcoy en Semana Santa - COPE Alcoy\" \/>\n<meta property=\"og:description\" content=\"El Parque Natural de la Font Roja volver\u00e1 a tener acceso regulado durante el pr\u00f3ximo mes de abril para evitar grandes aglomeraciones\" \/>\n<meta property=\"og:url\" content=\"https:\/\/www.copealcoy.es\/es\/esto-tienes-que-tener-en-cuenta-si-visitas-la-font-roja-de-alcoy-en-semana-santa\/\" \/>\n<meta property=\"og:site_name\" content=\"COPE Alcoy\" \/>\n<meta property=\"article:published_time\" content=\"2023-03-27T10:59:01+00:00\" \/>\n<meta property=\"article:modified_time\" content=\"2023-03-27T11:14:41+00:00\" \/>\n<meta property=\"og:image\" content=\"https:\/\/www.copealcoy.es\/wp-content\/uploads\/2017\/04\/tur_fotos_roja_5_foto.jpg\" \/>\n\t<meta property=\"og:image:width\" content=\"747\" \/>\n\t<meta property=\"og:image:height\" content=\"505\" \/>\n\t<meta property=\"og:image:type\" content=\"image\/jpeg\" \/>\n<meta name=\"author\" content=\"Cope Alcoy\" \/>\n<meta name=\"twitter:label1\" content=\"Escrito por\" \/>\n\t<meta name=\"twitter:data1\" content=\"Cope Alcoy\" \/>\n\t<meta name=\"twitter:label2\" content=\"Tiempo de lectura\" \/>\n\t<meta name=\"twitter:data2\" content=\"2 minutos\" \/>\n<script type=\"application\/ld+json\" class=\"yoast-schema-graph\">{\"@context\":\"https:\\\/\\\/schema.org\",\"@graph\":[{\"@type\":\"Article\",\"@id\":\"https:\\\/\\\/www.copealcoy.es\\\/es\\\/esto-tienes-que-tener-en-cuenta-si-visitas-la-font-roja-de-alcoy-en-semana-santa\\\/#article\",\"isPartOf\":{\"@id\":\"https:\\\/\\\/www.copealcoy.es\\\/es\\\/esto-tienes-que-tener-en-cuenta-si-visitas-la-font-roja-de-alcoy-en-semana-santa\\\/\"},\"author\":{\"name\":\"Cope Alcoy\",\"@id\":\"https:\\\/\\\/www.copealcoy.es\\\/es\\\/#\\\/schema\\\/person\\\/e777c87fa024e57d40170af9df39882c\"},\"headline\":\"Esto tienes que tener en cuenta si visitas la Font Roja de Alcoy en Semana Santa\",\"datePublished\":\"2023-03-27T10:59:01+00:00\",\"dateModified\":\"2023-03-27T11:14:41+00:00\",\"mainEntityOfPage\":{\"@id\":\"https:\\\/\\\/www.copealcoy.es\\\/es\\\/esto-tienes-que-tener-en-cuenta-si-visitas-la-font-roja-de-alcoy-en-semana-santa\\\/\"},\"wordCount\":388,\"commentCount\":0,\"image\":{\"@id\":\"https:\\\/\\\/www.copealcoy.es\\\/es\\\/esto-tienes-que-tener-en-cuenta-si-visitas-la-font-roja-de-alcoy-en-semana-santa\\\/#primaryimage\"},\"thumbnailUrl\":\"https:\\\/\\\/www.copealcoy.es\\\/wp-content\\\/uploads\\\/2017\\\/04\\\/tur_fotos_roja_5_foto.jpg\",\"keywords\":[\"acceso regulado\",\"Alcoy\",\"Barrera\",\"Font Roja\",\"Parque Natural\",\"Semana Santa\"],\"articleSection\":[\"Actualidad\",\"Alcoy\",\"Noticias\",\"Pol\u00edtica y Econom\u00eda\"],\"inLanguage\":\"es\"},{\"@type\":\"WebPage\",\"@id\":\"https:\\\/\\\/www.copealcoy.es\\\/es\\\/esto-tienes-que-tener-en-cuenta-si-visitas-la-font-roja-de-alcoy-en-semana-santa\\\/\",\"url\":\"https:\\\/\\\/www.copealcoy.es\\\/es\\\/esto-tienes-que-tener-en-cuenta-si-visitas-la-font-roja-de-alcoy-en-semana-santa\\\/\",\"name\":\"Esto tienes que tener en cuenta si visitas la Font Roja de Alcoy en Semana Santa - COPE Alcoy\",\"isPartOf\":{\"@id\":\"https:\\\/\\\/www.copealcoy.es\\\/es\\\/#website\"},\"primaryImageOfPage\":{\"@id\":\"https:\\\/\\\/www.copealcoy.es\\\/es\\\/esto-tienes-que-tener-en-cuenta-si-visitas-la-font-roja-de-alcoy-en-semana-santa\\\/#primaryimage\"},\"image\":{\"@id\":\"https:\\\/\\\/www.copealcoy.es\\\/es\\\/esto-tienes-que-tener-en-cuenta-si-visitas-la-font-roja-de-alcoy-en-semana-santa\\\/#primaryimage\"},\"thumbnailUrl\":\"https:\\\/\\\/www.copealcoy.es\\\/wp-content\\\/uploads\\\/2017\\\/04\\\/tur_fotos_roja_5_foto.jpg\",\"datePublished\":\"2023-03-27T10:59:01+00:00\",\"dateModified\":\"2023-03-27T11:14:41+00:00\",\"author\":{\"@id\":\"https:\\\/\\\/www.copealcoy.es\\\/es\\\/#\\\/schema\\\/person\\\/e777c87fa024e57d40170af9df39882c\"},\"description\":\"El Parque Natural de la Font Roja volver\u00e1 a tener acceso regulado durante el pr\u00f3ximo mes de abril para evitar grandes aglomeraciones\",\"breadcrumb\":{\"@id\":\"https:\\\/\\\/www.copealcoy.es\\\/es\\\/esto-tienes-que-tener-en-cuenta-si-visitas-la-font-roja-de-alcoy-en-semana-santa\\\/#breadcrumb\"},\"inLanguage\":\"es\",\"potentialAction\":[{\"@type\":\"ReadAction\",\"target\":[\"https:\\\/\\\/www.copealcoy.es\\\/es\\\/esto-tienes-que-tener-en-cuenta-si-visitas-la-font-roja-de-alcoy-en-semana-santa\\\/\"]}]},{\"@type\":\"ImageObject\",\"inLanguage\":\"es\",\"@id\":\"https:\\\/\\\/www.copealcoy.es\\\/es\\\/esto-tienes-que-tener-en-cuenta-si-visitas-la-font-roja-de-alcoy-en-semana-santa\\\/#primaryimage\",\"url\":\"https:\\\/\\\/www.copealcoy.es\\\/wp-content\\\/uploads\\\/2017\\\/04\\\/tur_fotos_roja_5_foto.jpg\",\"contentUrl\":\"https:\\\/\\\/www.copealcoy.es\\\/wp-content\\\/uploads\\\/2017\\\/04\\\/tur_fotos_roja_5_foto.jpg\",\"width\":747,\"height\":505},{\"@type\":\"BreadcrumbList\",\"@id\":\"https:\\\/\\\/www.copealcoy.es\\\/es\\\/esto-tienes-que-tener-en-cuenta-si-visitas-la-font-roja-de-alcoy-en-semana-santa\\\/#breadcrumb\",\"itemListElement\":[{\"@type\":\"ListItem\",\"position\":1,\"name\":\"Portada\",\"item\":\"https:\\\/\\\/www.copealcoy.es\\\/es\\\/\"},{\"@type\":\"ListItem\",\"position\":2,\"name\":\"Esto tienes que tener en cuenta si visitas la Font Roja de Alcoy en Semana Santa\"}]},{\"@type\":\"WebSite\",\"@id\":\"https:\\\/\\\/www.copealcoy.es\\\/es\\\/#website\",\"url\":\"https:\\\/\\\/www.copealcoy.es\\\/es\\\/\",\"name\":\"COPE Alcoy\",\"description\":\"Emisora COPE de radio local con emisi\u00f3n online. Pont de Sant Jordi 8-10 03803 Alcoy\",\"potentialAction\":[{\"@type\":\"SearchAction\",\"target\":{\"@type\":\"EntryPoint\",\"urlTemplate\":\"https:\\\/\\\/www.copealcoy.es\\\/es\\\/?s={search_term_string}\"},\"query-input\":{\"@type\":\"PropertyValueSpecification\",\"valueRequired\":true,\"valueName\":\"search_term_string\"}}],\"inLanguage\":\"es\"},{\"@type\":\"Person\",\"@id\":\"https:\\\/\\\/www.copealcoy.es\\\/es\\\/#\\\/schema\\\/person\\\/e777c87fa024e57d40170af9df39882c\",\"name\":\"Cope Alcoy\",\"image\":{\"@type\":\"ImageObject\",\"inLanguage\":\"es\",\"@id\":\"https:\\\/\\\/secure.gravatar.com\\\/avatar\\\/bb65d0283347e303893ba14f0692005417c1e0e690a325a4c5d8bb2b3943ee14?s=96&d=mm&r=g\",\"url\":\"https:\\\/\\\/secure.gravatar.com\\\/avatar\\\/bb65d0283347e303893ba14f0692005417c1e0e690a325a4c5d8bb2b3943ee14?s=96&d=mm&r=g\",\"contentUrl\":\"https:\\\/\\\/secure.gravatar.com\\\/avatar\\\/bb65d0283347e303893ba14f0692005417c1e0e690a325a4c5d8bb2b3943ee14?s=96&d=mm&r=g\",\"caption\":\"Cope Alcoy\"}}]}<\/script>\n<!-- \/ Yoast SEO plugin. -->","yoast_head_json":{"title":"Esto tienes que tener en cuenta si visitas la Font Roja de Alcoy en Semana Santa - COPE Alcoy","description":"El Parque Natural de la Font Roja volver\u00e1 a tener acceso regulado durante el pr\u00f3ximo mes de abril para evitar grandes aglomeraciones","robots":{"index":"index","follow":"follow","max-snippet":"max-snippet:-1","max-image-preview":"max-image-preview:large","max-video-preview":"max-video-preview:-1"},"canonical":"https:\/\/www.copealcoy.es\/es\/esto-tienes-que-tener-en-cuenta-si-visitas-la-font-roja-de-alcoy-en-semana-santa\/","og_locale":"es_ES","og_type":"article","og_title":"Esto tienes que tener en cuenta si visitas la Font Roja de Alcoy en Semana Santa - COPE Alcoy","og_description":"El Parque Natural de la Font Roja volver\u00e1 a tener acceso regulado durante el pr\u00f3ximo mes de abril para evitar grandes aglomeraciones","og_url":"https:\/\/www.copealcoy.es\/es\/esto-tienes-que-tener-en-cuenta-si-visitas-la-font-roja-de-alcoy-en-semana-santa\/","og_site_name":"COPE Alcoy","article_published_time":"2023-03-27T10:59:01+00:00","article_modified_time":"2023-03-27T11:14:41+00:00","og_image":[{"width":747,"height":505,"url":"https:\/\/www.copealcoy.es\/wp-content\/uploads\/2017\/04\/tur_fotos_roja_5_foto.jpg","type":"image\/jpeg"}],"author":"Cope Alcoy","twitter_misc":{"Escrito por":"Cope Alcoy","Tiempo de lectura":"2 minutos"},"schema":{"@context":"https:\/\/schema.org","@graph":[{"@type":"Article","@id":"https:\/\/www.copealcoy.es\/es\/esto-tienes-que-tener-en-cuenta-si-visitas-la-font-roja-de-alcoy-en-semana-santa\/#article","isPartOf":{"@id":"https:\/\/www.copealcoy.es\/es\/esto-tienes-que-tener-en-cuenta-si-visitas-la-font-roja-de-alcoy-en-semana-santa\/"},"author":{"name":"Cope Alcoy","@id":"https:\/\/www.copealcoy.es\/es\/#\/schema\/person\/e777c87fa024e57d40170af9df39882c"},"headline":"Esto tienes que tener en cuenta si visitas la Font Roja de Alcoy en Semana Santa","datePublished":"2023-03-27T10:59:01+00:00","dateModified":"2023-03-27T11:14:41+00:00","mainEntityOfPage":{"@id":"https:\/\/www.copealcoy.es\/es\/esto-tienes-que-tener-en-cuenta-si-visitas-la-font-roja-de-alcoy-en-semana-santa\/"},"wordCount":388,"commentCount":0,"image":{"@id":"https:\/\/www.copealcoy.es\/es\/esto-tienes-que-tener-en-cuenta-si-visitas-la-font-roja-de-alcoy-en-semana-santa\/#primaryimage"},"thumbnailUrl":"https:\/\/www.copealcoy.es\/wp-content\/uploads\/2017\/04\/tur_fotos_roja_5_foto.jpg","keywords":["acceso regulado","Alcoy","Barrera","Font Roja","Parque Natural","Semana Santa"],"articleSection":["Actualidad","Alcoy","Noticias","Pol\u00edtica y Econom\u00eda"],"inLanguage":"es"},{"@type":"WebPage","@id":"https:\/\/www.copealcoy.es\/es\/esto-tienes-que-tener-en-cuenta-si-visitas-la-font-roja-de-alcoy-en-semana-santa\/","url":"https:\/\/www.copealcoy.es\/es\/esto-tienes-que-tener-en-cuenta-si-visitas-la-font-roja-de-alcoy-en-semana-santa\/","name":"Esto tienes que tener en cuenta si visitas la Font Roja de Alcoy en Semana Santa - COPE Alcoy","isPartOf":{"@id":"https:\/\/www.copealcoy.es\/es\/#website"},"primaryImageOfPage":{"@id":"https:\/\/www.copealcoy.es\/es\/esto-tienes-que-tener-en-cuenta-si-visitas-la-font-roja-de-alcoy-en-semana-santa\/#primaryimage"},"image":{"@id":"https:\/\/www.copealcoy.es\/es\/esto-tienes-que-tener-en-cuenta-si-visitas-la-font-roja-de-alcoy-en-semana-santa\/#primaryimage"},"thumbnailUrl":"https:\/\/www.copealcoy.es\/wp-content\/uploads\/2017\/04\/tur_fotos_roja_5_foto.jpg","datePublished":"2023-03-27T10:59:01+00:00","dateModified":"2023-03-27T11:14:41+00:00","author":{"@id":"https:\/\/www.copealcoy.es\/es\/#\/schema\/person\/e777c87fa024e57d40170af9df39882c"},"description":"El Parque Natural de la Font Roja volver\u00e1 a tener acceso regulado durante el pr\u00f3ximo mes de abril para evitar grandes aglomeraciones","breadcrumb":{"@id":"https:\/\/www.copealcoy.es\/es\/esto-tienes-que-tener-en-cuenta-si-visitas-la-font-roja-de-alcoy-en-semana-santa\/#breadcrumb"},"inLanguage":"es","potentialAction":[{"@type":"ReadAction","target":["https:\/\/www.copealcoy.es\/es\/esto-tienes-que-tener-en-cuenta-si-visitas-la-font-roja-de-alcoy-en-semana-santa\/"]}]},{"@type":"ImageObject","inLanguage":"es","@id":"https:\/\/www.copealcoy.es\/es\/esto-tienes-que-tener-en-cuenta-si-visitas-la-font-roja-de-alcoy-en-semana-santa\/#primaryimage","url":"https:\/\/www.copealcoy.es\/wp-content\/uploads\/2017\/04\/tur_fotos_roja_5_foto.jpg","contentUrl":"https:\/\/www.copealcoy.es\/wp-content\/uploads\/2017\/04\/tur_fotos_roja_5_foto.jpg","width":747,"height":505},{"@type":"BreadcrumbList","@id":"https:\/\/www.copealcoy.es\/es\/esto-tienes-que-tener-en-cuenta-si-visitas-la-font-roja-de-alcoy-en-semana-santa\/#breadcrumb","itemListElement":[{"@type":"ListItem","position":1,"name":"Portada","item":"https:\/\/www.copealcoy.es\/es\/"},{"@type":"ListItem","position":2,"name":"Esto tienes que tener en cuenta si visitas la Font Roja de Alcoy en Semana Santa"}]},{"@type":"WebSite","@id":"https:\/\/www.copealcoy.es\/es\/#website","url":"https:\/\/www.copealcoy.es\/es\/","name":"COPE Alcoy","description":"Emisora COPE de radio local con emisi\u00f3n online. Pont de Sant Jordi 8-10 03803 Alcoy","potentialAction":[{"@type":"SearchAction","target":{"@type":"EntryPoint","urlTemplate":"https:\/\/www.copealcoy.es\/es\/?s={search_term_string}"},"query-input":{"@type":"PropertyValueSpecification","valueRequired":true,"valueName":"search_term_string"}}],"inLanguage":"es"},{"@type":"Person","@id":"https:\/\/www.copealcoy.es\/es\/#\/schema\/person\/e777c87fa024e57d40170af9df39882c","name":"Cope Alcoy","image":{"@type":"ImageObject","inLanguage":"es","@id":"https:\/\/secure.gravatar.com\/avatar\/bb65d0283347e303893ba14f0692005417c1e0e690a325a4c5d8bb2b3943ee14?s=96&d=mm&r=g","url":"https:\/\/secure.gravatar.com\/avatar\/bb65d0283347e303893ba14f0692005417c1e0e690a325a4c5d8bb2b3943ee14?s=96&d=mm&r=g","contentUrl":"https:\/\/secure.gravatar.com\/avatar\/bb65d0283347e303893ba14f0692005417c1e0e690a325a4c5d8bb2b3943ee14?s=96&d=mm&r=g","caption":"Cope Alcoy"}}]}},"_links":{"self":[{"href":"https:\/\/www.copealcoy.es\/es\/wp-json\/wp\/v2\/posts\/112794","targetHints":{"allow":["GET"]}}],"collection":[{"href":"https:\/\/www.copealcoy.es\/es\/wp-json\/wp\/v2\/posts"}],"about":[{"href":"https:\/\/www.copealcoy.es\/es\/wp-json\/wp\/v2\/types\/post"}],"author":[{"embeddable":true,"href":"https:\/\/www.copealcoy.es\/es\/wp-json\/wp\/v2\/users\/1"}],"replies":[{"embeddable":true,"href":"https:\/\/www.copealcoy.es\/es\/wp-json\/wp\/v2\/comments?post=112794"}],"version-history":[{"count":0,"href":"https:\/\/www.copealcoy.es\/es\/wp-json\/wp\/v2\/posts\/112794\/revisions"}],"wp:featuredmedia":[{"embeddable":true,"href":"https:\/\/www.copealcoy.es\/es\/wp-json\/wp\/v2\/media\/30472"}],"wp:attachment":[{"href":"https:\/\/www.copealcoy.es\/es\/wp-json\/wp\/v2\/media?parent=112794"}],"wp:term":[{"taxonomy":"category","embeddable":true,"href":"https:\/\/www.copealcoy.es\/es\/wp-json\/wp\/v2\/categories?post=112794"},{"taxonomy":"post_tag","embeddable":true,"href":"https:\/\/www.copealcoy.es\/es\/wp-json\/wp\/v2\/tags?post=112794"}],"curies":[{"name":"wp","href":"https:\/\/api.w.org\/{rel}","templated":true}]}}