{"id":112787,"date":"2023-03-27T10:44:38","date_gmt":"2023-03-27T09:44:38","guid":{"rendered":"https:\/\/www.copealcoy.es\/?p=112787"},"modified":"2023-03-27T11:56:09","modified_gmt":"2023-03-27T10:56:09","slug":"la-ocupacion-hotelera-en-alcoy-para-semana-santa-baja-con-respecto-a-2022","status":"publish","type":"post","link":"https:\/\/www.copealcoy.es\/es\/la-ocupacion-hotelera-en-alcoy-para-semana-santa-baja-con-respecto-a-2022\/","title":{"rendered":"La ocupaci\u00f3n hotelera en Alcoy para Semana Santa baja con respecto a 2022"},"content":{"rendered":"<p style=\"text-align: justify;\">La ocupaci\u00f3n hotelera se resiente en Alcoy para <strong>los d\u00edas de Semana Santa con respecto al a\u00f1o pasado<\/strong>. As\u00ed lo aseguran desde el sector<strong> a falta de las reservas de \u00faltima hora<\/strong> que puedan darse en los pr\u00f3ximos d\u00edas o ya m\u00e1s cerca de las jornadas festivas.<\/p>\n<p style=\"text-align: justify;\">El fin de las restricciones por <strong>la crisis sanitaria de la COVID-19<\/strong> es uno de los principales motivos que a esta situaci\u00f3n atribuyen los hoteles. Aseguran desde el sector que <strong>la gente prefiere hacer largas escapadas por Espa\u00f1a<\/strong> con una mayor predilecci\u00f3n en la costa, e incluso <strong>salir a un pa\u00eds de fuera del extranjero<\/strong>, antes que escoger un destino de interior como el nuestro. Este hecho fue totalmente diferente el pasado a\u00f1o 2022 debido a que por estas fechas <strong>todav\u00eda hab\u00eda medidas en vigor para hacer frente a la pandemia<\/strong> &#8220;<em>esto hizo que muchos se decidieran a venir aqu\u00ed haciendo una peque\u00f1a escapada para disfrutar de nuestro entorno natural, nuestra gastronom\u00eda o los actos previos a las Fiestas de Moros y Cristianos como Las Glorias que coincidieron ambas en pleno puente festivo<\/em>&#8220;, explica <strong>Luc\u00eda Cap\u00f3<\/strong>; directora de un conocido hotel de nuestra ciudad. Ahora mismo, a falta de esas reservas de \u00faltima hora que coment\u00e1bamos antes, los hoteles cifran en que <strong>la ocupaci\u00f3n para la Semana Santa roza el 70%<\/strong>.<\/p>\n<p><strong><span style=\"color: #0000ff;\">Datos excelentes para Fiestas\u00a0<\/span><\/strong><\/p>\n<p style=\"text-align: justify;\">Recordar que la previsi\u00f3n hotelera para los d\u00edas de las Fiestas de Moros y Cristianos es muy \u00f3ptima en la ciudad tal y como informaba COPE ALCOY la pasada semana. A menos de un mes vista del 22 de abril, <strong>los hoteles del casco urbano de Alcoy est\u00e1n al 100% de ocupaci\u00f3n<\/strong>\u00a0tanto para\u00a0<strong>el s\u00e1bado d\u00eda de las Entradas<\/strong>\u00a0como para\u00a0<strong>el viernes 21 de abril<\/strong>, fecha en la que oficialmente arrancar\u00e1n las Fiestas con la interpretaci\u00f3n del Himno en la Plaza de Espa\u00f1a. Para\u00a0<strong>el d\u00eda de San Jorge<\/strong>, s\u00e1bado 23 de abril,\u00a0la ocupaci\u00f3n est\u00e1 al 90% a d\u00eda de hoy y ya las cifras bajan considerablemente para\u00a0<strong>el lunes 24 de abril<\/strong>, jornada que tan solo ser\u00e1 festivo local en Alcoy coincidiendo con el Alardo.<\/p>\n","protected":false},"excerpt":{"rendered":"<p>La ocupaci\u00f3n hotelera se resiente en Alcoy para los d\u00edas de Semana Santa con respecto al a\u00f1o pasado. As\u00ed lo&#8230;<\/p>\n","protected":false},"author":1,"featured_media":8700,"comment_status":"open","ping_status":"open","sticky":false,"template":"","format":"standard","meta":{"footnotes":""},"categories":[6909,97,75,79],"tags":[1494,7382,10703,728,745],"class_list":["post-112787","post","type-post","status-publish","format-standard","has-post-thumbnail","hentry","category-actualidad","category-alcoy","category-noticias","category-politicayeconomia","tag-alcoy","tag-datos","tag-hoteles","tag-ocupacion","tag-semana-santa"],"yoast_head":"<!-- This site is optimized with the Yoast SEO plugin v27.3 - https:\/\/yoast.com\/product\/yoast-seo-wordpress\/ -->\n<title>La ocupaci\u00f3n hotelera en Alcoy para Semana Santa baja con respecto a 2022 - COPE Alcoy<\/title>\n<meta name=\"description\" content=\"La ocupaci\u00f3n hotelera se resiente en Alcoy para los d\u00edas de Semana Santa. As\u00ed lo aseguran desde el sector a falta de las cifras finales\" \/>\n<meta name=\"robots\" content=\"index, follow, max-snippet:-1, max-image-preview:large, max-video-preview:-1\" \/>\n<link rel=\"canonical\" href=\"https:\/\/www.copealcoy.es\/es\/la-ocupacion-hotelera-en-alcoy-para-semana-santa-baja-con-respecto-a-2022\/\" \/>\n<meta property=\"og:locale\" content=\"es_ES\" \/>\n<meta property=\"og:type\" content=\"article\" \/>\n<meta property=\"og:title\" content=\"La ocupaci\u00f3n hotelera en Alcoy para Semana Santa baja con respecto a 2022 - COPE Alcoy\" \/>\n<meta property=\"og:description\" content=\"La ocupaci\u00f3n hotelera se resiente en Alcoy para los d\u00edas de Semana Santa. As\u00ed lo aseguran desde el sector a falta de las cifras finales\" \/>\n<meta property=\"og:url\" content=\"https:\/\/www.copealcoy.es\/es\/la-ocupacion-hotelera-en-alcoy-para-semana-santa-baja-con-respecto-a-2022\/\" \/>\n<meta property=\"og:site_name\" content=\"COPE Alcoy\" \/>\n<meta property=\"article:published_time\" content=\"2023-03-27T09:44:38+00:00\" \/>\n<meta property=\"article:modified_time\" content=\"2023-03-27T10:56:09+00:00\" \/>\n<meta property=\"og:image\" content=\"https:\/\/www.copealcoy.es\/wp-content\/uploads\/2014\/12\/image2.jpg\" \/>\n\t<meta property=\"og:image:width\" content=\"960\" \/>\n\t<meta property=\"og:image:height\" content=\"720\" \/>\n\t<meta property=\"og:image:type\" content=\"image\/jpeg\" \/>\n<meta name=\"author\" content=\"Cope Alcoy\" \/>\n<meta name=\"twitter:label1\" content=\"Escrito por\" \/>\n\t<meta name=\"twitter:data1\" content=\"Cope Alcoy\" \/>\n\t<meta name=\"twitter:label2\" content=\"Tiempo de lectura\" \/>\n\t<meta name=\"twitter:data2\" content=\"2 minutos\" \/>\n<script type=\"application\/ld+json\" class=\"yoast-schema-graph\">{\"@context\":\"https:\\\/\\\/schema.org\",\"@graph\":[{\"@type\":\"Article\",\"@id\":\"https:\\\/\\\/www.copealcoy.es\\\/es\\\/la-ocupacion-hotelera-en-alcoy-para-semana-santa-baja-con-respecto-a-2022\\\/#article\",\"isPartOf\":{\"@id\":\"https:\\\/\\\/www.copealcoy.es\\\/es\\\/la-ocupacion-hotelera-en-alcoy-para-semana-santa-baja-con-respecto-a-2022\\\/\"},\"author\":{\"name\":\"Cope Alcoy\",\"@id\":\"https:\\\/\\\/www.copealcoy.es\\\/es\\\/#\\\/schema\\\/person\\\/e777c87fa024e57d40170af9df39882c\"},\"headline\":\"La ocupaci\u00f3n hotelera en Alcoy para Semana Santa baja con respecto a 2022\",\"datePublished\":\"2023-03-27T09:44:38+00:00\",\"dateModified\":\"2023-03-27T10:56:09+00:00\",\"mainEntityOfPage\":{\"@id\":\"https:\\\/\\\/www.copealcoy.es\\\/es\\\/la-ocupacion-hotelera-en-alcoy-para-semana-santa-baja-con-respecto-a-2022\\\/\"},\"wordCount\":387,\"commentCount\":0,\"image\":{\"@id\":\"https:\\\/\\\/www.copealcoy.es\\\/es\\\/la-ocupacion-hotelera-en-alcoy-para-semana-santa-baja-con-respecto-a-2022\\\/#primaryimage\"},\"thumbnailUrl\":\"https:\\\/\\\/www.copealcoy.es\\\/wp-content\\\/uploads\\\/2014\\\/12\\\/image2.jpg\",\"keywords\":[\"Alcoy\",\"datos\",\"hoteles\",\"Ocupaci\u00f3n\",\"Semana Santa\"],\"articleSection\":[\"Actualidad\",\"Alcoy\",\"Noticias\",\"Pol\u00edtica y Econom\u00eda\"],\"inLanguage\":\"es\"},{\"@type\":\"WebPage\",\"@id\":\"https:\\\/\\\/www.copealcoy.es\\\/es\\\/la-ocupacion-hotelera-en-alcoy-para-semana-santa-baja-con-respecto-a-2022\\\/\",\"url\":\"https:\\\/\\\/www.copealcoy.es\\\/es\\\/la-ocupacion-hotelera-en-alcoy-para-semana-santa-baja-con-respecto-a-2022\\\/\",\"name\":\"La ocupaci\u00f3n hotelera en Alcoy para Semana Santa baja con respecto a 2022 - COPE Alcoy\",\"isPartOf\":{\"@id\":\"https:\\\/\\\/www.copealcoy.es\\\/es\\\/#website\"},\"primaryImageOfPage\":{\"@id\":\"https:\\\/\\\/www.copealcoy.es\\\/es\\\/la-ocupacion-hotelera-en-alcoy-para-semana-santa-baja-con-respecto-a-2022\\\/#primaryimage\"},\"image\":{\"@id\":\"https:\\\/\\\/www.copealcoy.es\\\/es\\\/la-ocupacion-hotelera-en-alcoy-para-semana-santa-baja-con-respecto-a-2022\\\/#primaryimage\"},\"thumbnailUrl\":\"https:\\\/\\\/www.copealcoy.es\\\/wp-content\\\/uploads\\\/2014\\\/12\\\/image2.jpg\",\"datePublished\":\"2023-03-27T09:44:38+00:00\",\"dateModified\":\"2023-03-27T10:56:09+00:00\",\"author\":{\"@id\":\"https:\\\/\\\/www.copealcoy.es\\\/es\\\/#\\\/schema\\\/person\\\/e777c87fa024e57d40170af9df39882c\"},\"description\":\"La ocupaci\u00f3n hotelera se resiente en Alcoy para los d\u00edas de Semana Santa. As\u00ed lo aseguran desde el sector a falta de las cifras finales\",\"breadcrumb\":{\"@id\":\"https:\\\/\\\/www.copealcoy.es\\\/es\\\/la-ocupacion-hotelera-en-alcoy-para-semana-santa-baja-con-respecto-a-2022\\\/#breadcrumb\"},\"inLanguage\":\"es\",\"potentialAction\":[{\"@type\":\"ReadAction\",\"target\":[\"https:\\\/\\\/www.copealcoy.es\\\/es\\\/la-ocupacion-hotelera-en-alcoy-para-semana-santa-baja-con-respecto-a-2022\\\/\"]}]},{\"@type\":\"ImageObject\",\"inLanguage\":\"es\",\"@id\":\"https:\\\/\\\/www.copealcoy.es\\\/es\\\/la-ocupacion-hotelera-en-alcoy-para-semana-santa-baja-con-respecto-a-2022\\\/#primaryimage\",\"url\":\"https:\\\/\\\/www.copealcoy.es\\\/wp-content\\\/uploads\\\/2014\\\/12\\\/image2.jpg\",\"contentUrl\":\"https:\\\/\\\/www.copealcoy.es\\\/wp-content\\\/uploads\\\/2014\\\/12\\\/image2.jpg\",\"width\":960,\"height\":720},{\"@type\":\"BreadcrumbList\",\"@id\":\"https:\\\/\\\/www.copealcoy.es\\\/es\\\/la-ocupacion-hotelera-en-alcoy-para-semana-santa-baja-con-respecto-a-2022\\\/#breadcrumb\",\"itemListElement\":[{\"@type\":\"ListItem\",\"position\":1,\"name\":\"Portada\",\"item\":\"https:\\\/\\\/www.copealcoy.es\\\/es\\\/\"},{\"@type\":\"ListItem\",\"position\":2,\"name\":\"La ocupaci\u00f3n hotelera en Alcoy para Semana Santa baja con respecto a 2022\"}]},{\"@type\":\"WebSite\",\"@id\":\"https:\\\/\\\/www.copealcoy.es\\\/es\\\/#website\",\"url\":\"https:\\\/\\\/www.copealcoy.es\\\/es\\\/\",\"name\":\"COPE Alcoy\",\"description\":\"Emisora COPE de radio local con emisi\u00f3n online. Pont de Sant Jordi 8-10 03803 Alcoy\",\"potentialAction\":[{\"@type\":\"SearchAction\",\"target\":{\"@type\":\"EntryPoint\",\"urlTemplate\":\"https:\\\/\\\/www.copealcoy.es\\\/es\\\/?s={search_term_string}\"},\"query-input\":{\"@type\":\"PropertyValueSpecification\",\"valueRequired\":true,\"valueName\":\"search_term_string\"}}],\"inLanguage\":\"es\"},{\"@type\":\"Person\",\"@id\":\"https:\\\/\\\/www.copealcoy.es\\\/es\\\/#\\\/schema\\\/person\\\/e777c87fa024e57d40170af9df39882c\",\"name\":\"Cope Alcoy\",\"image\":{\"@type\":\"ImageObject\",\"inLanguage\":\"es\",\"@id\":\"https:\\\/\\\/secure.gravatar.com\\\/avatar\\\/bb65d0283347e303893ba14f0692005417c1e0e690a325a4c5d8bb2b3943ee14?s=96&d=mm&r=g\",\"url\":\"https:\\\/\\\/secure.gravatar.com\\\/avatar\\\/bb65d0283347e303893ba14f0692005417c1e0e690a325a4c5d8bb2b3943ee14?s=96&d=mm&r=g\",\"contentUrl\":\"https:\\\/\\\/secure.gravatar.com\\\/avatar\\\/bb65d0283347e303893ba14f0692005417c1e0e690a325a4c5d8bb2b3943ee14?s=96&d=mm&r=g\",\"caption\":\"Cope Alcoy\"}}]}<\/script>\n<!-- \/ Yoast SEO plugin. -->","yoast_head_json":{"title":"La ocupaci\u00f3n hotelera en Alcoy para Semana Santa baja con respecto a 2022 - COPE Alcoy","description":"La ocupaci\u00f3n hotelera se resiente en Alcoy para los d\u00edas de Semana Santa. As\u00ed lo aseguran desde el sector a falta de las cifras finales","robots":{"index":"index","follow":"follow","max-snippet":"max-snippet:-1","max-image-preview":"max-image-preview:large","max-video-preview":"max-video-preview:-1"},"canonical":"https:\/\/www.copealcoy.es\/es\/la-ocupacion-hotelera-en-alcoy-para-semana-santa-baja-con-respecto-a-2022\/","og_locale":"es_ES","og_type":"article","og_title":"La ocupaci\u00f3n hotelera en Alcoy para Semana Santa baja con respecto a 2022 - COPE Alcoy","og_description":"La ocupaci\u00f3n hotelera se resiente en Alcoy para los d\u00edas de Semana Santa. As\u00ed lo aseguran desde el sector a falta de las cifras finales","og_url":"https:\/\/www.copealcoy.es\/es\/la-ocupacion-hotelera-en-alcoy-para-semana-santa-baja-con-respecto-a-2022\/","og_site_name":"COPE Alcoy","article_published_time":"2023-03-27T09:44:38+00:00","article_modified_time":"2023-03-27T10:56:09+00:00","og_image":[{"width":960,"height":720,"url":"https:\/\/www.copealcoy.es\/wp-content\/uploads\/2014\/12\/image2.jpg","type":"image\/jpeg"}],"author":"Cope Alcoy","twitter_misc":{"Escrito por":"Cope Alcoy","Tiempo de lectura":"2 minutos"},"schema":{"@context":"https:\/\/schema.org","@graph":[{"@type":"Article","@id":"https:\/\/www.copealcoy.es\/es\/la-ocupacion-hotelera-en-alcoy-para-semana-santa-baja-con-respecto-a-2022\/#article","isPartOf":{"@id":"https:\/\/www.copealcoy.es\/es\/la-ocupacion-hotelera-en-alcoy-para-semana-santa-baja-con-respecto-a-2022\/"},"author":{"name":"Cope Alcoy","@id":"https:\/\/www.copealcoy.es\/es\/#\/schema\/person\/e777c87fa024e57d40170af9df39882c"},"headline":"La ocupaci\u00f3n hotelera en Alcoy para Semana Santa baja con respecto a 2022","datePublished":"2023-03-27T09:44:38+00:00","dateModified":"2023-03-27T10:56:09+00:00","mainEntityOfPage":{"@id":"https:\/\/www.copealcoy.es\/es\/la-ocupacion-hotelera-en-alcoy-para-semana-santa-baja-con-respecto-a-2022\/"},"wordCount":387,"commentCount":0,"image":{"@id":"https:\/\/www.copealcoy.es\/es\/la-ocupacion-hotelera-en-alcoy-para-semana-santa-baja-con-respecto-a-2022\/#primaryimage"},"thumbnailUrl":"https:\/\/www.copealcoy.es\/wp-content\/uploads\/2014\/12\/image2.jpg","keywords":["Alcoy","datos","hoteles","Ocupaci\u00f3n","Semana Santa"],"articleSection":["Actualidad","Alcoy","Noticias","Pol\u00edtica y Econom\u00eda"],"inLanguage":"es"},{"@type":"WebPage","@id":"https:\/\/www.copealcoy.es\/es\/la-ocupacion-hotelera-en-alcoy-para-semana-santa-baja-con-respecto-a-2022\/","url":"https:\/\/www.copealcoy.es\/es\/la-ocupacion-hotelera-en-alcoy-para-semana-santa-baja-con-respecto-a-2022\/","name":"La ocupaci\u00f3n hotelera en Alcoy para Semana Santa baja con respecto a 2022 - COPE Alcoy","isPartOf":{"@id":"https:\/\/www.copealcoy.es\/es\/#website"},"primaryImageOfPage":{"@id":"https:\/\/www.copealcoy.es\/es\/la-ocupacion-hotelera-en-alcoy-para-semana-santa-baja-con-respecto-a-2022\/#primaryimage"},"image":{"@id":"https:\/\/www.copealcoy.es\/es\/la-ocupacion-hotelera-en-alcoy-para-semana-santa-baja-con-respecto-a-2022\/#primaryimage"},"thumbnailUrl":"https:\/\/www.copealcoy.es\/wp-content\/uploads\/2014\/12\/image2.jpg","datePublished":"2023-03-27T09:44:38+00:00","dateModified":"2023-03-27T10:56:09+00:00","author":{"@id":"https:\/\/www.copealcoy.es\/es\/#\/schema\/person\/e777c87fa024e57d40170af9df39882c"},"description":"La ocupaci\u00f3n hotelera se resiente en Alcoy para los d\u00edas de Semana Santa. As\u00ed lo aseguran desde el sector a falta de las cifras finales","breadcrumb":{"@id":"https:\/\/www.copealcoy.es\/es\/la-ocupacion-hotelera-en-alcoy-para-semana-santa-baja-con-respecto-a-2022\/#breadcrumb"},"inLanguage":"es","potentialAction":[{"@type":"ReadAction","target":["https:\/\/www.copealcoy.es\/es\/la-ocupacion-hotelera-en-alcoy-para-semana-santa-baja-con-respecto-a-2022\/"]}]},{"@type":"ImageObject","inLanguage":"es","@id":"https:\/\/www.copealcoy.es\/es\/la-ocupacion-hotelera-en-alcoy-para-semana-santa-baja-con-respecto-a-2022\/#primaryimage","url":"https:\/\/www.copealcoy.es\/wp-content\/uploads\/2014\/12\/image2.jpg","contentUrl":"https:\/\/www.copealcoy.es\/wp-content\/uploads\/2014\/12\/image2.jpg","width":960,"height":720},{"@type":"BreadcrumbList","@id":"https:\/\/www.copealcoy.es\/es\/la-ocupacion-hotelera-en-alcoy-para-semana-santa-baja-con-respecto-a-2022\/#breadcrumb","itemListElement":[{"@type":"ListItem","position":1,"name":"Portada","item":"https:\/\/www.copealcoy.es\/es\/"},{"@type":"ListItem","position":2,"name":"La ocupaci\u00f3n hotelera en Alcoy para Semana Santa baja con respecto a 2022"}]},{"@type":"WebSite","@id":"https:\/\/www.copealcoy.es\/es\/#website","url":"https:\/\/www.copealcoy.es\/es\/","name":"COPE Alcoy","description":"Emisora COPE de radio local con emisi\u00f3n online. Pont de Sant Jordi 8-10 03803 Alcoy","potentialAction":[{"@type":"SearchAction","target":{"@type":"EntryPoint","urlTemplate":"https:\/\/www.copealcoy.es\/es\/?s={search_term_string}"},"query-input":{"@type":"PropertyValueSpecification","valueRequired":true,"valueName":"search_term_string"}}],"inLanguage":"es"},{"@type":"Person","@id":"https:\/\/www.copealcoy.es\/es\/#\/schema\/person\/e777c87fa024e57d40170af9df39882c","name":"Cope Alcoy","image":{"@type":"ImageObject","inLanguage":"es","@id":"https:\/\/secure.gravatar.com\/avatar\/bb65d0283347e303893ba14f0692005417c1e0e690a325a4c5d8bb2b3943ee14?s=96&d=mm&r=g","url":"https:\/\/secure.gravatar.com\/avatar\/bb65d0283347e303893ba14f0692005417c1e0e690a325a4c5d8bb2b3943ee14?s=96&d=mm&r=g","contentUrl":"https:\/\/secure.gravatar.com\/avatar\/bb65d0283347e303893ba14f0692005417c1e0e690a325a4c5d8bb2b3943ee14?s=96&d=mm&r=g","caption":"Cope Alcoy"}}]}},"_links":{"self":[{"href":"https:\/\/www.copealcoy.es\/es\/wp-json\/wp\/v2\/posts\/112787","targetHints":{"allow":["GET"]}}],"collection":[{"href":"https:\/\/www.copealcoy.es\/es\/wp-json\/wp\/v2\/posts"}],"about":[{"href":"https:\/\/www.copealcoy.es\/es\/wp-json\/wp\/v2\/types\/post"}],"author":[{"embeddable":true,"href":"https:\/\/www.copealcoy.es\/es\/wp-json\/wp\/v2\/users\/1"}],"replies":[{"embeddable":true,"href":"https:\/\/www.copealcoy.es\/es\/wp-json\/wp\/v2\/comments?post=112787"}],"version-history":[{"count":0,"href":"https:\/\/www.copealcoy.es\/es\/wp-json\/wp\/v2\/posts\/112787\/revisions"}],"wp:featuredmedia":[{"embeddable":true,"href":"https:\/\/www.copealcoy.es\/es\/wp-json\/wp\/v2\/media\/8700"}],"wp:attachment":[{"href":"https:\/\/www.copealcoy.es\/es\/wp-json\/wp\/v2\/media?parent=112787"}],"wp:term":[{"taxonomy":"category","embeddable":true,"href":"https:\/\/www.copealcoy.es\/es\/wp-json\/wp\/v2\/categories?post=112787"},{"taxonomy":"post_tag","embeddable":true,"href":"https:\/\/www.copealcoy.es\/es\/wp-json\/wp\/v2\/tags?post=112787"}],"curies":[{"name":"wp","href":"https:\/\/api.w.org\/{rel}","templated":true}]}}