{"id":112763,"date":"2023-03-27T12:09:56","date_gmt":"2023-03-27T11:09:56","guid":{"rendered":"https:\/\/www.copealcoy.es\/?p=112763"},"modified":"2023-03-27T12:09:56","modified_gmt":"2023-03-27T11:09:56","slug":"aitex-se-suma-a-las-presiones-para-que-se-desarrolle-el-parque-empresarial-alcoy-sur","status":"publish","type":"post","link":"https:\/\/www.copealcoy.es\/es\/aitex-se-suma-a-las-presiones-para-que-se-desarrolle-el-parque-empresarial-alcoy-sur\/","title":{"rendered":"Aitex se suma a las presiones para que se desarrolle el parque empresarial Alcoy Sur"},"content":{"rendered":"<p>&#8220;Son temas de estado&#8221;. <strong>Aitex<\/strong> se posiciona sobre el desarrollo del parque empresarial Alcoy Sur, esa <span style=\"color: #000080;\"><a style=\"color: #000080;\" href=\"https:\/\/www.copealcoy.es\/alcoi-podria-tindre-una-area-industrial-nova-de-mes-dun-milio-de-metres-quadrats\/\" target=\"_blank\" rel=\"noopener\">zona situada en la Canal Sur<\/a><\/span> que puede albergar una zona industrial. Su director, <strong>Vicente Blanes<\/strong>, asegura que <strong>se trata de una necesidad impulsarlo<\/strong>.<\/p>\n<p>Se suma as\u00ed a otras entidades que tambi\u00e9n insisten en la importancia de que este parque sea una realidad para fortalecer la industria en la ciudad. &#8220;Esto es el futuro que tendremos. Si queremos ser una ciudad fuerte tendremos que ser industriales&#8221;, matizaba Blanes. Y destacaba que se trata de <strong>un asunto que cualquier gobierno ha de afrontar<\/strong> ante la necesidad de crecimiento de las empresas de Alcoy.<\/p>\n<p>Precisamente la pasada semana la <strong>C\u00e1mara de Comercio de Alcoy<\/strong> organiz\u00f3 una jornada t\u00e9cnica para hablar sobre esta posible bolsa de suelo industrial. Su presidente, <strong>Pablo de Gracia<\/strong>, hizo referencia a la fuga del talento que se genera en la ciudad, una vez terminados los estudios. Y, en concreto, a la p\u00e9rdida de industria de los \u00faltimos a\u00f1os. Como contaba <strong>Cope Alcoy<\/strong>, <span style=\"color: #000080;\"><a style=\"color: #000080;\" href=\"https:\/\/www.copealcoy.es\/la-industria-se-ahoga-pero-la-construccion-se-revitaliza-en-alcoy\/\" target=\"_blank\" rel=\"noopener\">la ciudad cuenta con trece empresas menos del sector que en 2019<\/a><\/span>.<\/p>\n<p>Desde el empresariado consideran que se trata de un <strong>proyecto que no afectar\u00e1 al Acu\u00edfero del Molinar<\/strong>. Para ello, se prev\u00e9 la instalaci\u00f3n de empresas no contaminantes y tecnol\u00f3gicas. Se basan en el estudio que la C\u00e1mara encarg\u00f3 y en el que se refleja cerca de 200 actividades empresariales que se podr\u00edan desarrollar en el espacio, sin afecciones medioambientales. &#8220;Ninguna de las dos manchas de terreno tiene afecciones al parque natural&#8221;, asegura Blanes.<\/p>\n<p>Sin embargo, no es esa la percepci\u00f3n de los <strong>colectivos ecologistas<\/strong>. Aseguran que el riesgo existe y que <strong>no se puede garantizar el vertido cero<\/strong>.<\/p>\n<p><strong>Aitex ampl\u00eda su oferta formativa<\/strong><\/p>\n<p>Blanes hizo estas declaraciones tras la rueda de prensa en la que Aitex present\u00f3 los <strong>tres nuevos m\u00e1steres de ESIC que impartir\u00e1<\/strong> el pr\u00f3ximo curso 2023-24. Y es que se trata del primer campus de la universidad en la provincia de Alicante, que se ubicar\u00e1 en las nuevas instalaciones de Aitex.<\/p>\n<p>Uno de estos postgrados es el de Direcci\u00f3n de Empresas de Moda Sostenible, el primero impartido por ESIC.<\/p>\n","protected":false},"excerpt":{"rendered":"<p>&#8220;Son temas de estado&#8221;. Aitex se posiciona sobre el desarrollo del parque empresarial Alcoy Sur, esa zona situada en la&#8230;<\/p>\n","protected":false},"author":1,"featured_media":112798,"comment_status":"open","ping_status":"open","sticky":false,"template":"","format":"standard","meta":{"footnotes":""},"categories":[6909,97,75,79],"tags":[771,12903,433,14366],"class_list":["post-112763","post","type-post","status-publish","format-standard","has-post-thumbnail","hentry","category-actualidad","category-alcoy","category-noticias","category-politicayeconomia","tag-aitex","tag-esic","tag-industria","tag-la-canal-sur"],"yoast_head":"<!-- This site is optimized with the Yoast SEO plugin v27.3 - https:\/\/yoast.com\/product\/yoast-seo-wordpress\/ -->\n<title>Aitex se suma a las presiones para que se desarrolle el parque empresarial Alcoy Sur - COPE Alcoy<\/title>\n<meta name=\"description\" content=\"&quot;Son temas de estado&quot;. Aitex se posiciona sobre el desarrollo del parque empresarial Alcoy Sur, esa zona situada en la Canal Sur que puede albergar una zona industrial. Su director, Vicente Blanes, asegura que se trata de una necesidad impulsarlo.\" \/>\n<meta name=\"robots\" content=\"index, follow, max-snippet:-1, max-image-preview:large, max-video-preview:-1\" \/>\n<link rel=\"canonical\" href=\"https:\/\/www.copealcoy.es\/es\/aitex-se-suma-a-las-presiones-para-que-se-desarrolle-el-parque-empresarial-alcoy-sur\/\" \/>\n<meta property=\"og:locale\" content=\"es_ES\" \/>\n<meta property=\"og:type\" content=\"article\" \/>\n<meta property=\"og:title\" content=\"Aitex se suma a las presiones para que se desarrolle el parque empresarial Alcoy Sur - COPE Alcoy\" \/>\n<meta property=\"og:description\" content=\"&quot;Son temas de estado&quot;. Aitex se posiciona sobre el desarrollo del parque empresarial Alcoy Sur, esa zona situada en la Canal Sur que puede albergar una zona industrial. Su director, Vicente Blanes, asegura que se trata de una necesidad impulsarlo.\" \/>\n<meta property=\"og:url\" content=\"https:\/\/www.copealcoy.es\/es\/aitex-se-suma-a-las-presiones-para-que-se-desarrolle-el-parque-empresarial-alcoy-sur\/\" \/>\n<meta property=\"og:site_name\" content=\"COPE Alcoy\" \/>\n<meta property=\"article:published_time\" content=\"2023-03-27T11:09:56+00:00\" \/>\n<meta property=\"og:image\" content=\"https:\/\/www.copealcoy.es\/wp-content\/uploads\/2023\/03\/WhatsApp-Image-2023-03-27-at-13.08.04.jpeg\" \/>\n\t<meta property=\"og:image:width\" content=\"1024\" \/>\n\t<meta property=\"og:image:height\" content=\"698\" \/>\n\t<meta property=\"og:image:type\" content=\"image\/jpeg\" \/>\n<meta name=\"author\" content=\"Cope Alcoy\" \/>\n<meta name=\"twitter:label1\" content=\"Escrito por\" \/>\n\t<meta name=\"twitter:data1\" content=\"Cope Alcoy\" \/>\n\t<meta name=\"twitter:label2\" content=\"Tiempo de lectura\" \/>\n\t<meta name=\"twitter:data2\" content=\"2 minutos\" \/>\n<script type=\"application\/ld+json\" class=\"yoast-schema-graph\">{\"@context\":\"https:\\\/\\\/schema.org\",\"@graph\":[{\"@type\":\"Article\",\"@id\":\"https:\\\/\\\/www.copealcoy.es\\\/es\\\/aitex-se-suma-a-las-presiones-para-que-se-desarrolle-el-parque-empresarial-alcoy-sur\\\/#article\",\"isPartOf\":{\"@id\":\"https:\\\/\\\/www.copealcoy.es\\\/es\\\/aitex-se-suma-a-las-presiones-para-que-se-desarrolle-el-parque-empresarial-alcoy-sur\\\/\"},\"author\":{\"name\":\"Cope Alcoy\",\"@id\":\"https:\\\/\\\/www.copealcoy.es\\\/es\\\/#\\\/schema\\\/person\\\/e777c87fa024e57d40170af9df39882c\"},\"headline\":\"Aitex se suma a las presiones para que se desarrolle el parque empresarial Alcoy Sur\",\"datePublished\":\"2023-03-27T11:09:56+00:00\",\"mainEntityOfPage\":{\"@id\":\"https:\\\/\\\/www.copealcoy.es\\\/es\\\/aitex-se-suma-a-las-presiones-para-que-se-desarrolle-el-parque-empresarial-alcoy-sur\\\/\"},\"wordCount\":382,\"commentCount\":0,\"image\":{\"@id\":\"https:\\\/\\\/www.copealcoy.es\\\/es\\\/aitex-se-suma-a-las-presiones-para-que-se-desarrolle-el-parque-empresarial-alcoy-sur\\\/#primaryimage\"},\"thumbnailUrl\":\"https:\\\/\\\/www.copealcoy.es\\\/wp-content\\\/uploads\\\/2023\\\/03\\\/WhatsApp-Image-2023-03-27-at-13.08.04.jpeg\",\"keywords\":[\"Aitex\",\"ESIC\",\"Industria\",\"La Canal Sur\"],\"articleSection\":[\"Actualidad\",\"Alcoy\",\"Noticias\",\"Pol\u00edtica y Econom\u00eda\"],\"inLanguage\":\"es\"},{\"@type\":\"WebPage\",\"@id\":\"https:\\\/\\\/www.copealcoy.es\\\/es\\\/aitex-se-suma-a-las-presiones-para-que-se-desarrolle-el-parque-empresarial-alcoy-sur\\\/\",\"url\":\"https:\\\/\\\/www.copealcoy.es\\\/es\\\/aitex-se-suma-a-las-presiones-para-que-se-desarrolle-el-parque-empresarial-alcoy-sur\\\/\",\"name\":\"Aitex se suma a las presiones para que se desarrolle el parque empresarial Alcoy Sur - COPE Alcoy\",\"isPartOf\":{\"@id\":\"https:\\\/\\\/www.copealcoy.es\\\/es\\\/#website\"},\"primaryImageOfPage\":{\"@id\":\"https:\\\/\\\/www.copealcoy.es\\\/es\\\/aitex-se-suma-a-las-presiones-para-que-se-desarrolle-el-parque-empresarial-alcoy-sur\\\/#primaryimage\"},\"image\":{\"@id\":\"https:\\\/\\\/www.copealcoy.es\\\/es\\\/aitex-se-suma-a-las-presiones-para-que-se-desarrolle-el-parque-empresarial-alcoy-sur\\\/#primaryimage\"},\"thumbnailUrl\":\"https:\\\/\\\/www.copealcoy.es\\\/wp-content\\\/uploads\\\/2023\\\/03\\\/WhatsApp-Image-2023-03-27-at-13.08.04.jpeg\",\"datePublished\":\"2023-03-27T11:09:56+00:00\",\"author\":{\"@id\":\"https:\\\/\\\/www.copealcoy.es\\\/es\\\/#\\\/schema\\\/person\\\/e777c87fa024e57d40170af9df39882c\"},\"description\":\"\\\"Son temas de estado\\\". Aitex se posiciona sobre el desarrollo del parque empresarial Alcoy Sur, esa zona situada en la Canal Sur que puede albergar una zona industrial. Su director, Vicente Blanes, asegura que se trata de una necesidad impulsarlo.\",\"breadcrumb\":{\"@id\":\"https:\\\/\\\/www.copealcoy.es\\\/es\\\/aitex-se-suma-a-las-presiones-para-que-se-desarrolle-el-parque-empresarial-alcoy-sur\\\/#breadcrumb\"},\"inLanguage\":\"es\",\"potentialAction\":[{\"@type\":\"ReadAction\",\"target\":[\"https:\\\/\\\/www.copealcoy.es\\\/es\\\/aitex-se-suma-a-las-presiones-para-que-se-desarrolle-el-parque-empresarial-alcoy-sur\\\/\"]}]},{\"@type\":\"ImageObject\",\"inLanguage\":\"es\",\"@id\":\"https:\\\/\\\/www.copealcoy.es\\\/es\\\/aitex-se-suma-a-las-presiones-para-que-se-desarrolle-el-parque-empresarial-alcoy-sur\\\/#primaryimage\",\"url\":\"https:\\\/\\\/www.copealcoy.es\\\/wp-content\\\/uploads\\\/2023\\\/03\\\/WhatsApp-Image-2023-03-27-at-13.08.04.jpeg\",\"contentUrl\":\"https:\\\/\\\/www.copealcoy.es\\\/wp-content\\\/uploads\\\/2023\\\/03\\\/WhatsApp-Image-2023-03-27-at-13.08.04.jpeg\",\"width\":1024,\"height\":698},{\"@type\":\"BreadcrumbList\",\"@id\":\"https:\\\/\\\/www.copealcoy.es\\\/es\\\/aitex-se-suma-a-las-presiones-para-que-se-desarrolle-el-parque-empresarial-alcoy-sur\\\/#breadcrumb\",\"itemListElement\":[{\"@type\":\"ListItem\",\"position\":1,\"name\":\"Portada\",\"item\":\"https:\\\/\\\/www.copealcoy.es\\\/es\\\/\"},{\"@type\":\"ListItem\",\"position\":2,\"name\":\"Aitex se suma a las presiones para que se desarrolle el parque empresarial Alcoy Sur\"}]},{\"@type\":\"WebSite\",\"@id\":\"https:\\\/\\\/www.copealcoy.es\\\/es\\\/#website\",\"url\":\"https:\\\/\\\/www.copealcoy.es\\\/es\\\/\",\"name\":\"COPE Alcoy\",\"description\":\"Emisora COPE de radio local con emisi\u00f3n online. Pont de Sant Jordi 8-10 03803 Alcoy\",\"potentialAction\":[{\"@type\":\"SearchAction\",\"target\":{\"@type\":\"EntryPoint\",\"urlTemplate\":\"https:\\\/\\\/www.copealcoy.es\\\/es\\\/?s={search_term_string}\"},\"query-input\":{\"@type\":\"PropertyValueSpecification\",\"valueRequired\":true,\"valueName\":\"search_term_string\"}}],\"inLanguage\":\"es\"},{\"@type\":\"Person\",\"@id\":\"https:\\\/\\\/www.copealcoy.es\\\/es\\\/#\\\/schema\\\/person\\\/e777c87fa024e57d40170af9df39882c\",\"name\":\"Cope Alcoy\",\"image\":{\"@type\":\"ImageObject\",\"inLanguage\":\"es\",\"@id\":\"https:\\\/\\\/secure.gravatar.com\\\/avatar\\\/bb65d0283347e303893ba14f0692005417c1e0e690a325a4c5d8bb2b3943ee14?s=96&d=mm&r=g\",\"url\":\"https:\\\/\\\/secure.gravatar.com\\\/avatar\\\/bb65d0283347e303893ba14f0692005417c1e0e690a325a4c5d8bb2b3943ee14?s=96&d=mm&r=g\",\"contentUrl\":\"https:\\\/\\\/secure.gravatar.com\\\/avatar\\\/bb65d0283347e303893ba14f0692005417c1e0e690a325a4c5d8bb2b3943ee14?s=96&d=mm&r=g\",\"caption\":\"Cope Alcoy\"}}]}<\/script>\n<!-- \/ Yoast SEO plugin. -->","yoast_head_json":{"title":"Aitex se suma a las presiones para que se desarrolle el parque empresarial Alcoy Sur - COPE Alcoy","description":"\"Son temas de estado\". Aitex se posiciona sobre el desarrollo del parque empresarial Alcoy Sur, esa zona situada en la Canal Sur que puede albergar una zona industrial. Su director, Vicente Blanes, asegura que se trata de una necesidad impulsarlo.","robots":{"index":"index","follow":"follow","max-snippet":"max-snippet:-1","max-image-preview":"max-image-preview:large","max-video-preview":"max-video-preview:-1"},"canonical":"https:\/\/www.copealcoy.es\/es\/aitex-se-suma-a-las-presiones-para-que-se-desarrolle-el-parque-empresarial-alcoy-sur\/","og_locale":"es_ES","og_type":"article","og_title":"Aitex se suma a las presiones para que se desarrolle el parque empresarial Alcoy Sur - COPE Alcoy","og_description":"\"Son temas de estado\". Aitex se posiciona sobre el desarrollo del parque empresarial Alcoy Sur, esa zona situada en la Canal Sur que puede albergar una zona industrial. Su director, Vicente Blanes, asegura que se trata de una necesidad impulsarlo.","og_url":"https:\/\/www.copealcoy.es\/es\/aitex-se-suma-a-las-presiones-para-que-se-desarrolle-el-parque-empresarial-alcoy-sur\/","og_site_name":"COPE Alcoy","article_published_time":"2023-03-27T11:09:56+00:00","og_image":[{"width":1024,"height":698,"url":"https:\/\/www.copealcoy.es\/wp-content\/uploads\/2023\/03\/WhatsApp-Image-2023-03-27-at-13.08.04.jpeg","type":"image\/jpeg"}],"author":"Cope Alcoy","twitter_misc":{"Escrito por":"Cope Alcoy","Tiempo de lectura":"2 minutos"},"schema":{"@context":"https:\/\/schema.org","@graph":[{"@type":"Article","@id":"https:\/\/www.copealcoy.es\/es\/aitex-se-suma-a-las-presiones-para-que-se-desarrolle-el-parque-empresarial-alcoy-sur\/#article","isPartOf":{"@id":"https:\/\/www.copealcoy.es\/es\/aitex-se-suma-a-las-presiones-para-que-se-desarrolle-el-parque-empresarial-alcoy-sur\/"},"author":{"name":"Cope Alcoy","@id":"https:\/\/www.copealcoy.es\/es\/#\/schema\/person\/e777c87fa024e57d40170af9df39882c"},"headline":"Aitex se suma a las presiones para que se desarrolle el parque empresarial Alcoy Sur","datePublished":"2023-03-27T11:09:56+00:00","mainEntityOfPage":{"@id":"https:\/\/www.copealcoy.es\/es\/aitex-se-suma-a-las-presiones-para-que-se-desarrolle-el-parque-empresarial-alcoy-sur\/"},"wordCount":382,"commentCount":0,"image":{"@id":"https:\/\/www.copealcoy.es\/es\/aitex-se-suma-a-las-presiones-para-que-se-desarrolle-el-parque-empresarial-alcoy-sur\/#primaryimage"},"thumbnailUrl":"https:\/\/www.copealcoy.es\/wp-content\/uploads\/2023\/03\/WhatsApp-Image-2023-03-27-at-13.08.04.jpeg","keywords":["Aitex","ESIC","Industria","La Canal Sur"],"articleSection":["Actualidad","Alcoy","Noticias","Pol\u00edtica y Econom\u00eda"],"inLanguage":"es"},{"@type":"WebPage","@id":"https:\/\/www.copealcoy.es\/es\/aitex-se-suma-a-las-presiones-para-que-se-desarrolle-el-parque-empresarial-alcoy-sur\/","url":"https:\/\/www.copealcoy.es\/es\/aitex-se-suma-a-las-presiones-para-que-se-desarrolle-el-parque-empresarial-alcoy-sur\/","name":"Aitex se suma a las presiones para que se desarrolle el parque empresarial Alcoy Sur - COPE Alcoy","isPartOf":{"@id":"https:\/\/www.copealcoy.es\/es\/#website"},"primaryImageOfPage":{"@id":"https:\/\/www.copealcoy.es\/es\/aitex-se-suma-a-las-presiones-para-que-se-desarrolle-el-parque-empresarial-alcoy-sur\/#primaryimage"},"image":{"@id":"https:\/\/www.copealcoy.es\/es\/aitex-se-suma-a-las-presiones-para-que-se-desarrolle-el-parque-empresarial-alcoy-sur\/#primaryimage"},"thumbnailUrl":"https:\/\/www.copealcoy.es\/wp-content\/uploads\/2023\/03\/WhatsApp-Image-2023-03-27-at-13.08.04.jpeg","datePublished":"2023-03-27T11:09:56+00:00","author":{"@id":"https:\/\/www.copealcoy.es\/es\/#\/schema\/person\/e777c87fa024e57d40170af9df39882c"},"description":"\"Son temas de estado\". Aitex se posiciona sobre el desarrollo del parque empresarial Alcoy Sur, esa zona situada en la Canal Sur que puede albergar una zona industrial. Su director, Vicente Blanes, asegura que se trata de una necesidad impulsarlo.","breadcrumb":{"@id":"https:\/\/www.copealcoy.es\/es\/aitex-se-suma-a-las-presiones-para-que-se-desarrolle-el-parque-empresarial-alcoy-sur\/#breadcrumb"},"inLanguage":"es","potentialAction":[{"@type":"ReadAction","target":["https:\/\/www.copealcoy.es\/es\/aitex-se-suma-a-las-presiones-para-que-se-desarrolle-el-parque-empresarial-alcoy-sur\/"]}]},{"@type":"ImageObject","inLanguage":"es","@id":"https:\/\/www.copealcoy.es\/es\/aitex-se-suma-a-las-presiones-para-que-se-desarrolle-el-parque-empresarial-alcoy-sur\/#primaryimage","url":"https:\/\/www.copealcoy.es\/wp-content\/uploads\/2023\/03\/WhatsApp-Image-2023-03-27-at-13.08.04.jpeg","contentUrl":"https:\/\/www.copealcoy.es\/wp-content\/uploads\/2023\/03\/WhatsApp-Image-2023-03-27-at-13.08.04.jpeg","width":1024,"height":698},{"@type":"BreadcrumbList","@id":"https:\/\/www.copealcoy.es\/es\/aitex-se-suma-a-las-presiones-para-que-se-desarrolle-el-parque-empresarial-alcoy-sur\/#breadcrumb","itemListElement":[{"@type":"ListItem","position":1,"name":"Portada","item":"https:\/\/www.copealcoy.es\/es\/"},{"@type":"ListItem","position":2,"name":"Aitex se suma a las presiones para que se desarrolle el parque empresarial Alcoy Sur"}]},{"@type":"WebSite","@id":"https:\/\/www.copealcoy.es\/es\/#website","url":"https:\/\/www.copealcoy.es\/es\/","name":"COPE Alcoy","description":"Emisora COPE de radio local con emisi\u00f3n online. Pont de Sant Jordi 8-10 03803 Alcoy","potentialAction":[{"@type":"SearchAction","target":{"@type":"EntryPoint","urlTemplate":"https:\/\/www.copealcoy.es\/es\/?s={search_term_string}"},"query-input":{"@type":"PropertyValueSpecification","valueRequired":true,"valueName":"search_term_string"}}],"inLanguage":"es"},{"@type":"Person","@id":"https:\/\/www.copealcoy.es\/es\/#\/schema\/person\/e777c87fa024e57d40170af9df39882c","name":"Cope Alcoy","image":{"@type":"ImageObject","inLanguage":"es","@id":"https:\/\/secure.gravatar.com\/avatar\/bb65d0283347e303893ba14f0692005417c1e0e690a325a4c5d8bb2b3943ee14?s=96&d=mm&r=g","url":"https:\/\/secure.gravatar.com\/avatar\/bb65d0283347e303893ba14f0692005417c1e0e690a325a4c5d8bb2b3943ee14?s=96&d=mm&r=g","contentUrl":"https:\/\/secure.gravatar.com\/avatar\/bb65d0283347e303893ba14f0692005417c1e0e690a325a4c5d8bb2b3943ee14?s=96&d=mm&r=g","caption":"Cope Alcoy"}}]}},"_links":{"self":[{"href":"https:\/\/www.copealcoy.es\/es\/wp-json\/wp\/v2\/posts\/112763","targetHints":{"allow":["GET"]}}],"collection":[{"href":"https:\/\/www.copealcoy.es\/es\/wp-json\/wp\/v2\/posts"}],"about":[{"href":"https:\/\/www.copealcoy.es\/es\/wp-json\/wp\/v2\/types\/post"}],"author":[{"embeddable":true,"href":"https:\/\/www.copealcoy.es\/es\/wp-json\/wp\/v2\/users\/1"}],"replies":[{"embeddable":true,"href":"https:\/\/www.copealcoy.es\/es\/wp-json\/wp\/v2\/comments?post=112763"}],"version-history":[{"count":0,"href":"https:\/\/www.copealcoy.es\/es\/wp-json\/wp\/v2\/posts\/112763\/revisions"}],"wp:featuredmedia":[{"embeddable":true,"href":"https:\/\/www.copealcoy.es\/es\/wp-json\/wp\/v2\/media\/112798"}],"wp:attachment":[{"href":"https:\/\/www.copealcoy.es\/es\/wp-json\/wp\/v2\/media?parent=112763"}],"wp:term":[{"taxonomy":"category","embeddable":true,"href":"https:\/\/www.copealcoy.es\/es\/wp-json\/wp\/v2\/categories?post=112763"},{"taxonomy":"post_tag","embeddable":true,"href":"https:\/\/www.copealcoy.es\/es\/wp-json\/wp\/v2\/tags?post=112763"}],"curies":[{"name":"wp","href":"https:\/\/api.w.org\/{rel}","templated":true}]}}