{"id":112582,"date":"2023-03-23T07:30:10","date_gmt":"2023-03-23T06:30:10","guid":{"rendered":"https:\/\/www.copealcoy.es\/?p=112582"},"modified":"2023-03-23T08:59:42","modified_gmt":"2023-03-23T07:59:42","slug":"informativo-matinal-jueves-23-de-marzo-2023-0720h","status":"publish","type":"post","link":"https:\/\/www.copealcoy.es\/es\/informativo-matinal-jueves-23-de-marzo-2023-0720h\/","title":{"rendered":"Informativo matinal jueves 23 de marzo 2023 (07:20h)"},"content":{"rendered":"<p><iframe loading=\"lazy\" title=\"Informatiu Matinal Dijous 23 De Mar\u00e7 De 2023 (07:20h)\" width=\"100%\" height=\"120\" src=\"https:\/\/www.mixcloud.com\/widget\/iframe\/?feed=https%3A%2F%2Fwww.mixcloud.com%2FCOPEAlcoy%2Finformatiu-matinal-dijous-23-de-mar%25C3%25A7-de-2023-0720h%2F&amp;hide_cover=1\" frameborder=\"0\"><\/iframe><\/p>\n<p style=\"text-align: justify;\">La <strong>situaci\u00f3n de la Atenci\u00f3n Continuada<\/strong> en el centro de salud La F\u00e1brica y los <strong>niveles de ocupaci\u00f3n hotelera<\/strong> con vistas a las Fiestas de Moros y Cristianos son algunas de las noticias destacadas de este 23 de marzo de 2023.<\/p>\n<p style=\"text-align: justify;\">\u00bfCorremos el riesgo de\u00a0<strong>seguir cargando las urgencias m\u00e9dicas<\/strong>? Hay\u00a0<strong>acuerdo de algunos sindicatos con la Conselleria de Sanidad<\/strong>\u00a0para mejorar la Atenci\u00f3n Primaria. Pero, \u00bfhay alg\u00fan punto d\u00e9bil en \u00e9l?<\/p>\n<p style=\"text-align: justify;\">Para el\u00a0<strong>sindicato m\u00e9dico de la Comunidad Valenciana (CESM CV)<\/strong>\u00a0s\u00ed. Por este motivo no han firmado el texto. Y es que, aunque se han planteado sus propuestas -como\u00a0<strong>poner un tope al n\u00famero de pacientes<\/strong>\u00a0que pueden atender al d\u00eda, que se situar\u00e1 en 35, o\u00a0<strong>la semana laboral de 35 horas<\/strong>\u2013 consideran que no se han debatido con las condiciones que ellos propusieron.<\/p>\n<p style=\"text-align: justify;\">En el caso de la limitaci\u00f3n del n\u00famero de pacientes, insisten en que\u00a0<strong>no se han articulado mecanismos, como m\u00f3dulos de tarde, para hacer frente a ese excedente<\/strong>\u00a0de pacientes que no podr\u00eda ser atendido. Y esto puede acabar saturando a\u00fan m\u00e1s las urgencias que, actualmente, ya est\u00e1n cargadas. \u00abEstuvimos\u00a0<strong>m\u00e1s de dos horas esperando<\/strong>. \u00c9ramos m\u00e1s de cuarenta personas. All\u00ed nos explicaron que\u00a0<strong>ten\u00edan que atender tambi\u00e9n a gente a domicilio<\/strong>, por lo que hab\u00eda momentos en que solo hab\u00eda un m\u00e9dico\u00bb, explica un ciudadano en declaraciones a\u00a0<strong>Cope Alcoy<\/strong>.<\/p>\n<p style=\"text-align: justify;\">Una situaci\u00f3n que no permite a los m\u00e9dicos prestar una atenci\u00f3n de calidad. \u00abEn la atenci\u00f3n continuada del centro de salud La F\u00e1brica, entre semana,\u00a0<strong>estamos atendiendo a una media de 15-20 pacientes la hora<\/strong>. Y esto solo con dos m\u00e9dicos\u00bb, ha asegurado<strong>\u00a0Alberto Acosta<\/strong>, delegado del sindicato m\u00e9dico en la ciudad, en declaraciones a esta emisora.<\/p>\n<p style=\"text-align: justify;\">Y el m\u00e9dico a\u00f1ade: \u00abNo se ha articulado de forma clara la manera de proceder con el excedente de pacientes fruto del tope de las agendas. Hay que dejarlo claro para poder atender con calidad a la poblaci\u00f3n. Nosotros estamos luchando por\u00a0<strong>dar calidad y asistencia en la Sanidad P\u00fablica<\/strong>\u00ab.<\/p>\n<p style=\"text-align: justify;\">Otra de las medidas que se han acordado es la reducci\u00f3n de la semana laboral a 35 horas, algo que tambi\u00e9n propon\u00eda el sindicato m\u00e9dico. Sin embargo, mientras ellos ped\u00edan que fuera de lunes a viernes, el acuerdo de la Conselleria con el resto de sindicatos tambi\u00e9n incluye los s\u00e1bados.<\/p>\n<p style=\"text-align: justify;\">Estos motivos han llevado a los m\u00e9dicos a\u00a0<a href=\"https:\/\/www.copealcoy.es\/huelga-de-medicos-llevamos-dos-meses-de-negociaciones-con-la-conselleria-y-nos-han-ido-dando-largas\/\" target=\"_blank\" rel=\"noopener\"><strong>mantener la convocatoria de huelga<\/strong><\/a>\u00a0para el pr\u00f3ximo 3 de abril y 8 de mayo.<\/p>\n<p style=\"text-align: justify;\">Desde el sindicato insisten en que son propuestas que\u00a0<strong>ya se est\u00e1n aplicando en otras comunidades<\/strong>. \u00abNo se est\u00e1 pidiendo la luna ni algo que no se est\u00e9 haciendo ya. La semana de 35 horas en Andaluc\u00eda est\u00e1 instaurada desde hace mucho tiempo.<\/p>\n","protected":false},"excerpt":{"rendered":"<p>La situaci\u00f3n de la Atenci\u00f3n Continuada en el centro de salud La F\u00e1brica y los niveles de ocupaci\u00f3n hotelera con&#8230;<\/p>\n","protected":false},"author":1,"featured_media":110612,"comment_status":"open","ping_status":"open","sticky":false,"template":"","format":"standard","meta":{"footnotes":""},"categories":[6909,89,91],"tags":[],"class_list":["post-112582","post","type-post","status-publish","format-standard","has-post-thumbnail","hentry","category-actualidad","category-audiosdelosprogramas","category-informativos"],"yoast_head":"<!-- This site is optimized with the Yoast SEO plugin v27.3 - https:\/\/yoast.com\/product\/yoast-seo-wordpress\/ -->\n<title>Informativo matinal jueves 23 de marzo 2023 (07:20h) - COPE Alcoy<\/title>\n<meta name=\"description\" content=\"La situaci\u00f3n de la Atenci\u00f3n Continuada en el centro de salud La F\u00e1brica y los niveles de ocupaci\u00f3n hotelera con vistas a las Fiestas de Moros y Cristianos son algunas de las noticias destacadas de este 23 de marzo de 2023.\" \/>\n<meta name=\"robots\" content=\"index, follow, max-snippet:-1, max-image-preview:large, max-video-preview:-1\" \/>\n<link rel=\"canonical\" href=\"https:\/\/www.copealcoy.es\/es\/informativo-matinal-jueves-23-de-marzo-2023-0720h\/\" \/>\n<meta property=\"og:locale\" content=\"es_ES\" \/>\n<meta property=\"og:type\" content=\"article\" \/>\n<meta property=\"og:title\" content=\"Informativo matinal jueves 23 de marzo 2023 (07:20h) - COPE Alcoy\" \/>\n<meta property=\"og:description\" content=\"La situaci\u00f3n de la Atenci\u00f3n Continuada en el centro de salud La F\u00e1brica y los niveles de ocupaci\u00f3n hotelera con vistas a las Fiestas de Moros y Cristianos son algunas de las noticias destacadas de este 23 de marzo de 2023.\" \/>\n<meta property=\"og:url\" content=\"https:\/\/www.copealcoy.es\/es\/informativo-matinal-jueves-23-de-marzo-2023-0720h\/\" \/>\n<meta property=\"og:site_name\" content=\"COPE Alcoy\" \/>\n<meta property=\"article:published_time\" content=\"2023-03-23T06:30:10+00:00\" \/>\n<meta property=\"article:modified_time\" content=\"2023-03-23T07:59:42+00:00\" \/>\n<meta property=\"og:image\" content=\"https:\/\/www.copealcoy.es\/wp-content\/uploads\/2023\/02\/Herrera-en-COPE-Alcoy-4.png\" \/>\n\t<meta property=\"og:image:width\" content=\"357\" \/>\n\t<meta property=\"og:image:height\" content=\"290\" \/>\n\t<meta property=\"og:image:type\" content=\"image\/png\" \/>\n<meta name=\"author\" content=\"Cope Alcoy\" \/>\n<meta name=\"twitter:label1\" content=\"Escrito por\" \/>\n\t<meta name=\"twitter:data1\" content=\"Cope Alcoy\" \/>\n\t<meta name=\"twitter:label2\" content=\"Tiempo de lectura\" \/>\n\t<meta name=\"twitter:data2\" content=\"3 minutos\" \/>\n<script type=\"application\/ld+json\" class=\"yoast-schema-graph\">{\"@context\":\"https:\\\/\\\/schema.org\",\"@graph\":[{\"@type\":\"Article\",\"@id\":\"https:\\\/\\\/www.copealcoy.es\\\/es\\\/informativo-matinal-jueves-23-de-marzo-2023-0720h\\\/#article\",\"isPartOf\":{\"@id\":\"https:\\\/\\\/www.copealcoy.es\\\/es\\\/informativo-matinal-jueves-23-de-marzo-2023-0720h\\\/\"},\"author\":{\"name\":\"Cope Alcoy\",\"@id\":\"https:\\\/\\\/www.copealcoy.es\\\/es\\\/#\\\/schema\\\/person\\\/e777c87fa024e57d40170af9df39882c\"},\"headline\":\"Informativo matinal jueves 23 de marzo 2023 (07:20h)\",\"datePublished\":\"2023-03-23T06:30:10+00:00\",\"dateModified\":\"2023-03-23T07:59:42+00:00\",\"mainEntityOfPage\":{\"@id\":\"https:\\\/\\\/www.copealcoy.es\\\/es\\\/informativo-matinal-jueves-23-de-marzo-2023-0720h\\\/\"},\"wordCount\":508,\"commentCount\":0,\"image\":{\"@id\":\"https:\\\/\\\/www.copealcoy.es\\\/es\\\/informativo-matinal-jueves-23-de-marzo-2023-0720h\\\/#primaryimage\"},\"thumbnailUrl\":\"https:\\\/\\\/www.copealcoy.es\\\/wp-content\\\/uploads\\\/2023\\\/02\\\/Herrera-en-COPE-Alcoy-4.png\",\"articleSection\":[\"Actualidad\",\"Audios de los programas\",\"Informativos\"],\"inLanguage\":\"es\"},{\"@type\":\"WebPage\",\"@id\":\"https:\\\/\\\/www.copealcoy.es\\\/es\\\/informativo-matinal-jueves-23-de-marzo-2023-0720h\\\/\",\"url\":\"https:\\\/\\\/www.copealcoy.es\\\/es\\\/informativo-matinal-jueves-23-de-marzo-2023-0720h\\\/\",\"name\":\"Informativo matinal jueves 23 de marzo 2023 (07:20h) - COPE Alcoy\",\"isPartOf\":{\"@id\":\"https:\\\/\\\/www.copealcoy.es\\\/es\\\/#website\"},\"primaryImageOfPage\":{\"@id\":\"https:\\\/\\\/www.copealcoy.es\\\/es\\\/informativo-matinal-jueves-23-de-marzo-2023-0720h\\\/#primaryimage\"},\"image\":{\"@id\":\"https:\\\/\\\/www.copealcoy.es\\\/es\\\/informativo-matinal-jueves-23-de-marzo-2023-0720h\\\/#primaryimage\"},\"thumbnailUrl\":\"https:\\\/\\\/www.copealcoy.es\\\/wp-content\\\/uploads\\\/2023\\\/02\\\/Herrera-en-COPE-Alcoy-4.png\",\"datePublished\":\"2023-03-23T06:30:10+00:00\",\"dateModified\":\"2023-03-23T07:59:42+00:00\",\"author\":{\"@id\":\"https:\\\/\\\/www.copealcoy.es\\\/es\\\/#\\\/schema\\\/person\\\/e777c87fa024e57d40170af9df39882c\"},\"description\":\"La situaci\u00f3n de la Atenci\u00f3n Continuada en el centro de salud La F\u00e1brica y los niveles de ocupaci\u00f3n hotelera con vistas a las Fiestas de Moros y Cristianos son algunas de las noticias destacadas de este 23 de marzo de 2023.\",\"breadcrumb\":{\"@id\":\"https:\\\/\\\/www.copealcoy.es\\\/es\\\/informativo-matinal-jueves-23-de-marzo-2023-0720h\\\/#breadcrumb\"},\"inLanguage\":\"es\",\"potentialAction\":[{\"@type\":\"ReadAction\",\"target\":[\"https:\\\/\\\/www.copealcoy.es\\\/es\\\/informativo-matinal-jueves-23-de-marzo-2023-0720h\\\/\"]}]},{\"@type\":\"ImageObject\",\"inLanguage\":\"es\",\"@id\":\"https:\\\/\\\/www.copealcoy.es\\\/es\\\/informativo-matinal-jueves-23-de-marzo-2023-0720h\\\/#primaryimage\",\"url\":\"https:\\\/\\\/www.copealcoy.es\\\/wp-content\\\/uploads\\\/2023\\\/02\\\/Herrera-en-COPE-Alcoy-4.png\",\"contentUrl\":\"https:\\\/\\\/www.copealcoy.es\\\/wp-content\\\/uploads\\\/2023\\\/02\\\/Herrera-en-COPE-Alcoy-4.png\",\"width\":357,\"height\":290},{\"@type\":\"BreadcrumbList\",\"@id\":\"https:\\\/\\\/www.copealcoy.es\\\/es\\\/informativo-matinal-jueves-23-de-marzo-2023-0720h\\\/#breadcrumb\",\"itemListElement\":[{\"@type\":\"ListItem\",\"position\":1,\"name\":\"Portada\",\"item\":\"https:\\\/\\\/www.copealcoy.es\\\/es\\\/\"},{\"@type\":\"ListItem\",\"position\":2,\"name\":\"Informativo matinal jueves 23 de marzo 2023 (07:20h)\"}]},{\"@type\":\"WebSite\",\"@id\":\"https:\\\/\\\/www.copealcoy.es\\\/es\\\/#website\",\"url\":\"https:\\\/\\\/www.copealcoy.es\\\/es\\\/\",\"name\":\"COPE Alcoy\",\"description\":\"Emisora COPE de radio local con emisi\u00f3n online. Pont de Sant Jordi 8-10 03803 Alcoy\",\"potentialAction\":[{\"@type\":\"SearchAction\",\"target\":{\"@type\":\"EntryPoint\",\"urlTemplate\":\"https:\\\/\\\/www.copealcoy.es\\\/es\\\/?s={search_term_string}\"},\"query-input\":{\"@type\":\"PropertyValueSpecification\",\"valueRequired\":true,\"valueName\":\"search_term_string\"}}],\"inLanguage\":\"es\"},{\"@type\":\"Person\",\"@id\":\"https:\\\/\\\/www.copealcoy.es\\\/es\\\/#\\\/schema\\\/person\\\/e777c87fa024e57d40170af9df39882c\",\"name\":\"Cope Alcoy\",\"image\":{\"@type\":\"ImageObject\",\"inLanguage\":\"es\",\"@id\":\"https:\\\/\\\/secure.gravatar.com\\\/avatar\\\/bb65d0283347e303893ba14f0692005417c1e0e690a325a4c5d8bb2b3943ee14?s=96&d=mm&r=g\",\"url\":\"https:\\\/\\\/secure.gravatar.com\\\/avatar\\\/bb65d0283347e303893ba14f0692005417c1e0e690a325a4c5d8bb2b3943ee14?s=96&d=mm&r=g\",\"contentUrl\":\"https:\\\/\\\/secure.gravatar.com\\\/avatar\\\/bb65d0283347e303893ba14f0692005417c1e0e690a325a4c5d8bb2b3943ee14?s=96&d=mm&r=g\",\"caption\":\"Cope Alcoy\"}}]}<\/script>\n<!-- \/ Yoast SEO plugin. -->","yoast_head_json":{"title":"Informativo matinal jueves 23 de marzo 2023 (07:20h) - COPE Alcoy","description":"La situaci\u00f3n de la Atenci\u00f3n Continuada en el centro de salud La F\u00e1brica y los niveles de ocupaci\u00f3n hotelera con vistas a las Fiestas de Moros y Cristianos son algunas de las noticias destacadas de este 23 de marzo de 2023.","robots":{"index":"index","follow":"follow","max-snippet":"max-snippet:-1","max-image-preview":"max-image-preview:large","max-video-preview":"max-video-preview:-1"},"canonical":"https:\/\/www.copealcoy.es\/es\/informativo-matinal-jueves-23-de-marzo-2023-0720h\/","og_locale":"es_ES","og_type":"article","og_title":"Informativo matinal jueves 23 de marzo 2023 (07:20h) - COPE Alcoy","og_description":"La situaci\u00f3n de la Atenci\u00f3n Continuada en el centro de salud La F\u00e1brica y los niveles de ocupaci\u00f3n hotelera con vistas a las Fiestas de Moros y Cristianos son algunas de las noticias destacadas de este 23 de marzo de 2023.","og_url":"https:\/\/www.copealcoy.es\/es\/informativo-matinal-jueves-23-de-marzo-2023-0720h\/","og_site_name":"COPE Alcoy","article_published_time":"2023-03-23T06:30:10+00:00","article_modified_time":"2023-03-23T07:59:42+00:00","og_image":[{"width":357,"height":290,"url":"https:\/\/www.copealcoy.es\/wp-content\/uploads\/2023\/02\/Herrera-en-COPE-Alcoy-4.png","type":"image\/png"}],"author":"Cope Alcoy","twitter_misc":{"Escrito por":"Cope Alcoy","Tiempo de lectura":"3 minutos"},"schema":{"@context":"https:\/\/schema.org","@graph":[{"@type":"Article","@id":"https:\/\/www.copealcoy.es\/es\/informativo-matinal-jueves-23-de-marzo-2023-0720h\/#article","isPartOf":{"@id":"https:\/\/www.copealcoy.es\/es\/informativo-matinal-jueves-23-de-marzo-2023-0720h\/"},"author":{"name":"Cope Alcoy","@id":"https:\/\/www.copealcoy.es\/es\/#\/schema\/person\/e777c87fa024e57d40170af9df39882c"},"headline":"Informativo matinal jueves 23 de marzo 2023 (07:20h)","datePublished":"2023-03-23T06:30:10+00:00","dateModified":"2023-03-23T07:59:42+00:00","mainEntityOfPage":{"@id":"https:\/\/www.copealcoy.es\/es\/informativo-matinal-jueves-23-de-marzo-2023-0720h\/"},"wordCount":508,"commentCount":0,"image":{"@id":"https:\/\/www.copealcoy.es\/es\/informativo-matinal-jueves-23-de-marzo-2023-0720h\/#primaryimage"},"thumbnailUrl":"https:\/\/www.copealcoy.es\/wp-content\/uploads\/2023\/02\/Herrera-en-COPE-Alcoy-4.png","articleSection":["Actualidad","Audios de los programas","Informativos"],"inLanguage":"es"},{"@type":"WebPage","@id":"https:\/\/www.copealcoy.es\/es\/informativo-matinal-jueves-23-de-marzo-2023-0720h\/","url":"https:\/\/www.copealcoy.es\/es\/informativo-matinal-jueves-23-de-marzo-2023-0720h\/","name":"Informativo matinal jueves 23 de marzo 2023 (07:20h) - COPE Alcoy","isPartOf":{"@id":"https:\/\/www.copealcoy.es\/es\/#website"},"primaryImageOfPage":{"@id":"https:\/\/www.copealcoy.es\/es\/informativo-matinal-jueves-23-de-marzo-2023-0720h\/#primaryimage"},"image":{"@id":"https:\/\/www.copealcoy.es\/es\/informativo-matinal-jueves-23-de-marzo-2023-0720h\/#primaryimage"},"thumbnailUrl":"https:\/\/www.copealcoy.es\/wp-content\/uploads\/2023\/02\/Herrera-en-COPE-Alcoy-4.png","datePublished":"2023-03-23T06:30:10+00:00","dateModified":"2023-03-23T07:59:42+00:00","author":{"@id":"https:\/\/www.copealcoy.es\/es\/#\/schema\/person\/e777c87fa024e57d40170af9df39882c"},"description":"La situaci\u00f3n de la Atenci\u00f3n Continuada en el centro de salud La F\u00e1brica y los niveles de ocupaci\u00f3n hotelera con vistas a las Fiestas de Moros y Cristianos son algunas de las noticias destacadas de este 23 de marzo de 2023.","breadcrumb":{"@id":"https:\/\/www.copealcoy.es\/es\/informativo-matinal-jueves-23-de-marzo-2023-0720h\/#breadcrumb"},"inLanguage":"es","potentialAction":[{"@type":"ReadAction","target":["https:\/\/www.copealcoy.es\/es\/informativo-matinal-jueves-23-de-marzo-2023-0720h\/"]}]},{"@type":"ImageObject","inLanguage":"es","@id":"https:\/\/www.copealcoy.es\/es\/informativo-matinal-jueves-23-de-marzo-2023-0720h\/#primaryimage","url":"https:\/\/www.copealcoy.es\/wp-content\/uploads\/2023\/02\/Herrera-en-COPE-Alcoy-4.png","contentUrl":"https:\/\/www.copealcoy.es\/wp-content\/uploads\/2023\/02\/Herrera-en-COPE-Alcoy-4.png","width":357,"height":290},{"@type":"BreadcrumbList","@id":"https:\/\/www.copealcoy.es\/es\/informativo-matinal-jueves-23-de-marzo-2023-0720h\/#breadcrumb","itemListElement":[{"@type":"ListItem","position":1,"name":"Portada","item":"https:\/\/www.copealcoy.es\/es\/"},{"@type":"ListItem","position":2,"name":"Informativo matinal jueves 23 de marzo 2023 (07:20h)"}]},{"@type":"WebSite","@id":"https:\/\/www.copealcoy.es\/es\/#website","url":"https:\/\/www.copealcoy.es\/es\/","name":"COPE Alcoy","description":"Emisora COPE de radio local con emisi\u00f3n online. Pont de Sant Jordi 8-10 03803 Alcoy","potentialAction":[{"@type":"SearchAction","target":{"@type":"EntryPoint","urlTemplate":"https:\/\/www.copealcoy.es\/es\/?s={search_term_string}"},"query-input":{"@type":"PropertyValueSpecification","valueRequired":true,"valueName":"search_term_string"}}],"inLanguage":"es"},{"@type":"Person","@id":"https:\/\/www.copealcoy.es\/es\/#\/schema\/person\/e777c87fa024e57d40170af9df39882c","name":"Cope Alcoy","image":{"@type":"ImageObject","inLanguage":"es","@id":"https:\/\/secure.gravatar.com\/avatar\/bb65d0283347e303893ba14f0692005417c1e0e690a325a4c5d8bb2b3943ee14?s=96&d=mm&r=g","url":"https:\/\/secure.gravatar.com\/avatar\/bb65d0283347e303893ba14f0692005417c1e0e690a325a4c5d8bb2b3943ee14?s=96&d=mm&r=g","contentUrl":"https:\/\/secure.gravatar.com\/avatar\/bb65d0283347e303893ba14f0692005417c1e0e690a325a4c5d8bb2b3943ee14?s=96&d=mm&r=g","caption":"Cope Alcoy"}}]}},"_links":{"self":[{"href":"https:\/\/www.copealcoy.es\/es\/wp-json\/wp\/v2\/posts\/112582","targetHints":{"allow":["GET"]}}],"collection":[{"href":"https:\/\/www.copealcoy.es\/es\/wp-json\/wp\/v2\/posts"}],"about":[{"href":"https:\/\/www.copealcoy.es\/es\/wp-json\/wp\/v2\/types\/post"}],"author":[{"embeddable":true,"href":"https:\/\/www.copealcoy.es\/es\/wp-json\/wp\/v2\/users\/1"}],"replies":[{"embeddable":true,"href":"https:\/\/www.copealcoy.es\/es\/wp-json\/wp\/v2\/comments?post=112582"}],"version-history":[{"count":0,"href":"https:\/\/www.copealcoy.es\/es\/wp-json\/wp\/v2\/posts\/112582\/revisions"}],"wp:featuredmedia":[{"embeddable":true,"href":"https:\/\/www.copealcoy.es\/es\/wp-json\/wp\/v2\/media\/110612"}],"wp:attachment":[{"href":"https:\/\/www.copealcoy.es\/es\/wp-json\/wp\/v2\/media?parent=112582"}],"wp:term":[{"taxonomy":"category","embeddable":true,"href":"https:\/\/www.copealcoy.es\/es\/wp-json\/wp\/v2\/categories?post=112582"},{"taxonomy":"post_tag","embeddable":true,"href":"https:\/\/www.copealcoy.es\/es\/wp-json\/wp\/v2\/tags?post=112582"}],"curies":[{"name":"wp","href":"https:\/\/api.w.org\/{rel}","templated":true}]}}