{"id":112541,"date":"2023-03-22T07:44:52","date_gmt":"2023-03-22T06:44:52","guid":{"rendered":"https:\/\/www.copealcoy.es\/?p=112541"},"modified":"2023-07-13T08:35:03","modified_gmt":"2023-07-13T07:35:03","slug":"la-diputacion-lanza-una-nueva-campana-del-bono-consumo","status":"publish","type":"post","link":"https:\/\/www.copealcoy.es\/es\/la-diputacion-lanza-una-nueva-campana-del-bono-consumo\/","title":{"rendered":"La Diputaci\u00f3n lanza una nueva campa\u00f1a del &#8216;Bono Consumo&#8217;"},"content":{"rendered":"<p style=\"text-align: justify;\">La <a href=\"https:\/\/www.diputacionalicante.es\/\" target=\"_blank\" rel=\"noopener\"><strong><span style=\"color: #0000ff;\">Diputaci\u00f3n de Alicante<\/span><\/strong><\/a> ha lanzado <strong>una nueva campa\u00f1a del &#8216;Bono Consumo&#8217;<\/strong> para incentivar las compras as\u00ed como ayudar al peque\u00f1o comercio. En esta ocasi\u00f3n <strong>la iniciativa est\u00e1 dotada con 20 millones de euros<\/strong> y ha contado con <strong>el respaldo mayoritario de los grupos pol\u00edticos<\/strong> representados en la corporaci\u00f3n provincial.<\/p>\n<p style=\"text-align: justify;\">Esta nueva edici\u00f3n de la campa\u00f1a del &#8216;Bono Consumo&#8217; <strong>llegar\u00e1 a todos los municipios de la provincia<\/strong> y se sumar\u00e1 a <strong>las dos ediciones desarrolladas en 2022<\/strong>, con 9 millones de euros en cada una de ellas. La cantidad concedida <strong>alcanzar\u00e1 finalmente los 38 millones de euros entre todas las convocatorias<\/strong> &#8220;<em>quiero agradecer a todos los grupos pol\u00edticos de la Diputaci\u00f3n de Alicante su total apoyo para poner en marcha estos 20 millones de euros para el bono consumo, una iniciativa que va a contribuir, una vez m\u00e1s, a ayudar a las familias a hacer frente a la cesta de la compra en su d\u00eda a d\u00eda. Se trata de una cifra r\u00e9cord que ponemos a disposici\u00f3n de toda la provincia y estamos muy satisfechos porque hemos podido trabajar con di\u00e1logo en la b\u00fasqueda de acuerdos y en la unanimidad<\/em>\u201d, destacaba\u00a0 el presidente de la instituci\u00f3n, <strong>Carlos Maz\u00f3n<\/strong>.<\/p>\n<p style=\"text-align: justify;\">Por su parte,\u00a0\u00a0el diputado de Desarrollo Econ\u00f3mico, <strong>Sebasti\u00e1n Ca\u00f1adas<\/strong>, explicaba que en esta edici\u00f3n del &#8216;Bono Consumo&#8217; <strong>se subvencionar\u00e1n las actuaciones que se realicen a lo largo del a\u00f1o 2023<\/strong>. Como novedad, seg\u00fan la informaci\u00f3n facilitada, la Diputaci\u00f3n de Alicante <strong>abonar\u00e1 el importe de la ayuda a los consistorios con la resoluci\u00f3n de la convocatoria<\/strong>, salvo que expresamente renuncien a este anticipo. El importe de la subvenci\u00f3n, que viene determinado por la poblaci\u00f3n de cada localidad, <strong>podr\u00eda llegar a las arcas municipales a principios del mes de abril<\/strong> &#8220;<em>una vez se publiquen en el BOP las bases aprobadas, los Ayuntamientos dispondr\u00e1n de 20 d\u00edas h\u00e1biles para presentar sus solicitudes<\/em>&#8220;, detall\u00f3.<\/p>\n<p style=\"text-align: justify;\">Indicar que cada Ayuntamiento podr\u00e1 utilizar los fondos recibidos <strong>para desarrollar una o varias campa\u00f1as de &#8216;Bono Consumo&#8217;<\/strong> a lo largo de 2023. El <strong>plazo de justificaci\u00f3n<\/strong> se prolongar\u00e1 hasta el 31 de enero de 2024.<\/p>\n","protected":false},"excerpt":{"rendered":"<p>La Diputaci\u00f3n de Alicante ha lanzado una nueva campa\u00f1a del &#8216;Bono Consumo&#8217; para incentivar las compras as\u00ed como ayudar al&#8230;<\/p>\n","protected":false},"author":1,"featured_media":85336,"comment_status":"open","ping_status":"open","sticky":false,"template":"","format":"standard","meta":{"footnotes":""},"categories":[6909,97,98,75],"tags":[12813,467,947,5880],"class_list":["post-112541","post","type-post","status-publish","format-standard","has-post-thumbnail","hentry","category-actualidad","category-alcoy","category-comarcas","category-noticias","tag-bonos-consumo","tag-comercio","tag-diputacion-de-alicante","tag-nueva-campana"],"yoast_head":"<!-- This site is optimized with the Yoast SEO plugin v27.3 - https:\/\/yoast.com\/product\/yoast-seo-wordpress\/ -->\n<title>La Diputaci\u00f3n lanza una nueva campa\u00f1a del &#039;Bono Consumo&#039; - COPE Alcoy<\/title>\n<meta name=\"description\" content=\"La Diputaci\u00f3n de Alicante ha lanzado una nueva campa\u00f1a del &#039;Bono Consumo&#039; para incentivar las compras as\u00ed como ayudar al peque\u00f1o comercio\" \/>\n<meta name=\"robots\" content=\"index, follow, max-snippet:-1, max-image-preview:large, max-video-preview:-1\" \/>\n<link rel=\"canonical\" href=\"https:\/\/www.copealcoy.es\/es\/la-diputacion-lanza-una-nueva-campana-del-bono-consumo\/\" \/>\n<meta property=\"og:locale\" content=\"es_ES\" \/>\n<meta property=\"og:type\" content=\"article\" \/>\n<meta property=\"og:title\" content=\"La Diputaci\u00f3n lanza una nueva campa\u00f1a del &#039;Bono Consumo&#039; - COPE Alcoy\" \/>\n<meta property=\"og:description\" content=\"La Diputaci\u00f3n de Alicante ha lanzado una nueva campa\u00f1a del &#039;Bono Consumo&#039; para incentivar las compras as\u00ed como ayudar al peque\u00f1o comercio\" \/>\n<meta property=\"og:url\" content=\"https:\/\/www.copealcoy.es\/es\/la-diputacion-lanza-una-nueva-campana-del-bono-consumo\/\" \/>\n<meta property=\"og:site_name\" content=\"COPE Alcoy\" \/>\n<meta property=\"article:published_time\" content=\"2023-03-22T06:44:52+00:00\" \/>\n<meta property=\"article:modified_time\" content=\"2023-07-13T07:35:03+00:00\" \/>\n<meta property=\"og:image\" content=\"https:\/\/www.copealcoy.es\/wp-content\/uploads\/2022\/03\/277165088_2806270313016044_7818522061073982831_n.jpg\" \/>\n\t<meta property=\"og:image:width\" content=\"1534\" \/>\n\t<meta property=\"og:image:height\" content=\"746\" \/>\n\t<meta property=\"og:image:type\" content=\"image\/jpeg\" \/>\n<meta name=\"author\" content=\"Cope Alcoy\" \/>\n<meta name=\"twitter:label1\" content=\"Escrito por\" \/>\n\t<meta name=\"twitter:data1\" content=\"Cope Alcoy\" \/>\n\t<meta name=\"twitter:label2\" content=\"Tiempo de lectura\" \/>\n\t<meta name=\"twitter:data2\" content=\"2 minutos\" \/>\n<script type=\"application\/ld+json\" class=\"yoast-schema-graph\">{\"@context\":\"https:\\\/\\\/schema.org\",\"@graph\":[{\"@type\":\"Article\",\"@id\":\"https:\\\/\\\/www.copealcoy.es\\\/es\\\/la-diputacion-lanza-una-nueva-campana-del-bono-consumo\\\/#article\",\"isPartOf\":{\"@id\":\"https:\\\/\\\/www.copealcoy.es\\\/es\\\/la-diputacion-lanza-una-nueva-campana-del-bono-consumo\\\/\"},\"author\":{\"name\":\"Cope Alcoy\",\"@id\":\"https:\\\/\\\/www.copealcoy.es\\\/es\\\/#\\\/schema\\\/person\\\/e777c87fa024e57d40170af9df39882c\"},\"headline\":\"La Diputaci\u00f3n lanza una nueva campa\u00f1a del &#8216;Bono Consumo&#8217;\",\"datePublished\":\"2023-03-22T06:44:52+00:00\",\"dateModified\":\"2023-07-13T07:35:03+00:00\",\"mainEntityOfPage\":{\"@id\":\"https:\\\/\\\/www.copealcoy.es\\\/es\\\/la-diputacion-lanza-una-nueva-campana-del-bono-consumo\\\/\"},\"wordCount\":383,\"commentCount\":0,\"image\":{\"@id\":\"https:\\\/\\\/www.copealcoy.es\\\/es\\\/la-diputacion-lanza-una-nueva-campana-del-bono-consumo\\\/#primaryimage\"},\"thumbnailUrl\":\"https:\\\/\\\/www.copealcoy.es\\\/wp-content\\\/uploads\\\/2022\\\/03\\\/277165088_2806270313016044_7818522061073982831_n.jpg\",\"keywords\":[\"bonos consumo\",\"Comercio\",\"Diputaci\u00f3n de Alicante\",\"nueva campa\u00f1a\"],\"articleSection\":[\"Actualidad\",\"Alcoy\",\"Comarcas\",\"Noticias\"],\"inLanguage\":\"es\"},{\"@type\":\"WebPage\",\"@id\":\"https:\\\/\\\/www.copealcoy.es\\\/es\\\/la-diputacion-lanza-una-nueva-campana-del-bono-consumo\\\/\",\"url\":\"https:\\\/\\\/www.copealcoy.es\\\/es\\\/la-diputacion-lanza-una-nueva-campana-del-bono-consumo\\\/\",\"name\":\"La Diputaci\u00f3n lanza una nueva campa\u00f1a del 'Bono Consumo' - COPE Alcoy\",\"isPartOf\":{\"@id\":\"https:\\\/\\\/www.copealcoy.es\\\/es\\\/#website\"},\"primaryImageOfPage\":{\"@id\":\"https:\\\/\\\/www.copealcoy.es\\\/es\\\/la-diputacion-lanza-una-nueva-campana-del-bono-consumo\\\/#primaryimage\"},\"image\":{\"@id\":\"https:\\\/\\\/www.copealcoy.es\\\/es\\\/la-diputacion-lanza-una-nueva-campana-del-bono-consumo\\\/#primaryimage\"},\"thumbnailUrl\":\"https:\\\/\\\/www.copealcoy.es\\\/wp-content\\\/uploads\\\/2022\\\/03\\\/277165088_2806270313016044_7818522061073982831_n.jpg\",\"datePublished\":\"2023-03-22T06:44:52+00:00\",\"dateModified\":\"2023-07-13T07:35:03+00:00\",\"author\":{\"@id\":\"https:\\\/\\\/www.copealcoy.es\\\/es\\\/#\\\/schema\\\/person\\\/e777c87fa024e57d40170af9df39882c\"},\"description\":\"La Diputaci\u00f3n de Alicante ha lanzado una nueva campa\u00f1a del 'Bono Consumo' para incentivar las compras as\u00ed como ayudar al peque\u00f1o comercio\",\"breadcrumb\":{\"@id\":\"https:\\\/\\\/www.copealcoy.es\\\/es\\\/la-diputacion-lanza-una-nueva-campana-del-bono-consumo\\\/#breadcrumb\"},\"inLanguage\":\"es\",\"potentialAction\":[{\"@type\":\"ReadAction\",\"target\":[\"https:\\\/\\\/www.copealcoy.es\\\/es\\\/la-diputacion-lanza-una-nueva-campana-del-bono-consumo\\\/\"]}]},{\"@type\":\"ImageObject\",\"inLanguage\":\"es\",\"@id\":\"https:\\\/\\\/www.copealcoy.es\\\/es\\\/la-diputacion-lanza-una-nueva-campana-del-bono-consumo\\\/#primaryimage\",\"url\":\"https:\\\/\\\/www.copealcoy.es\\\/wp-content\\\/uploads\\\/2022\\\/03\\\/277165088_2806270313016044_7818522061073982831_n.jpg\",\"contentUrl\":\"https:\\\/\\\/www.copealcoy.es\\\/wp-content\\\/uploads\\\/2022\\\/03\\\/277165088_2806270313016044_7818522061073982831_n.jpg\",\"width\":1534,\"height\":746},{\"@type\":\"BreadcrumbList\",\"@id\":\"https:\\\/\\\/www.copealcoy.es\\\/es\\\/la-diputacion-lanza-una-nueva-campana-del-bono-consumo\\\/#breadcrumb\",\"itemListElement\":[{\"@type\":\"ListItem\",\"position\":1,\"name\":\"Portada\",\"item\":\"https:\\\/\\\/www.copealcoy.es\\\/es\\\/\"},{\"@type\":\"ListItem\",\"position\":2,\"name\":\"La Diputaci\u00f3n lanza una nueva campa\u00f1a del &#8216;Bono Consumo&#8217;\"}]},{\"@type\":\"WebSite\",\"@id\":\"https:\\\/\\\/www.copealcoy.es\\\/es\\\/#website\",\"url\":\"https:\\\/\\\/www.copealcoy.es\\\/es\\\/\",\"name\":\"COPE Alcoy\",\"description\":\"Emisora COPE de radio local con emisi\u00f3n online. Pont de Sant Jordi 8-10 03803 Alcoy\",\"potentialAction\":[{\"@type\":\"SearchAction\",\"target\":{\"@type\":\"EntryPoint\",\"urlTemplate\":\"https:\\\/\\\/www.copealcoy.es\\\/es\\\/?s={search_term_string}\"},\"query-input\":{\"@type\":\"PropertyValueSpecification\",\"valueRequired\":true,\"valueName\":\"search_term_string\"}}],\"inLanguage\":\"es\"},{\"@type\":\"Person\",\"@id\":\"https:\\\/\\\/www.copealcoy.es\\\/es\\\/#\\\/schema\\\/person\\\/e777c87fa024e57d40170af9df39882c\",\"name\":\"Cope Alcoy\",\"image\":{\"@type\":\"ImageObject\",\"inLanguage\":\"es\",\"@id\":\"https:\\\/\\\/secure.gravatar.com\\\/avatar\\\/bb65d0283347e303893ba14f0692005417c1e0e690a325a4c5d8bb2b3943ee14?s=96&d=mm&r=g\",\"url\":\"https:\\\/\\\/secure.gravatar.com\\\/avatar\\\/bb65d0283347e303893ba14f0692005417c1e0e690a325a4c5d8bb2b3943ee14?s=96&d=mm&r=g\",\"contentUrl\":\"https:\\\/\\\/secure.gravatar.com\\\/avatar\\\/bb65d0283347e303893ba14f0692005417c1e0e690a325a4c5d8bb2b3943ee14?s=96&d=mm&r=g\",\"caption\":\"Cope Alcoy\"}}]}<\/script>\n<!-- \/ Yoast SEO plugin. -->","yoast_head_json":{"title":"La Diputaci\u00f3n lanza una nueva campa\u00f1a del 'Bono Consumo' - COPE Alcoy","description":"La Diputaci\u00f3n de Alicante ha lanzado una nueva campa\u00f1a del 'Bono Consumo' para incentivar las compras as\u00ed como ayudar al peque\u00f1o comercio","robots":{"index":"index","follow":"follow","max-snippet":"max-snippet:-1","max-image-preview":"max-image-preview:large","max-video-preview":"max-video-preview:-1"},"canonical":"https:\/\/www.copealcoy.es\/es\/la-diputacion-lanza-una-nueva-campana-del-bono-consumo\/","og_locale":"es_ES","og_type":"article","og_title":"La Diputaci\u00f3n lanza una nueva campa\u00f1a del 'Bono Consumo' - COPE Alcoy","og_description":"La Diputaci\u00f3n de Alicante ha lanzado una nueva campa\u00f1a del 'Bono Consumo' para incentivar las compras as\u00ed como ayudar al peque\u00f1o comercio","og_url":"https:\/\/www.copealcoy.es\/es\/la-diputacion-lanza-una-nueva-campana-del-bono-consumo\/","og_site_name":"COPE Alcoy","article_published_time":"2023-03-22T06:44:52+00:00","article_modified_time":"2023-07-13T07:35:03+00:00","og_image":[{"width":1534,"height":746,"url":"https:\/\/www.copealcoy.es\/wp-content\/uploads\/2022\/03\/277165088_2806270313016044_7818522061073982831_n.jpg","type":"image\/jpeg"}],"author":"Cope Alcoy","twitter_misc":{"Escrito por":"Cope Alcoy","Tiempo de lectura":"2 minutos"},"schema":{"@context":"https:\/\/schema.org","@graph":[{"@type":"Article","@id":"https:\/\/www.copealcoy.es\/es\/la-diputacion-lanza-una-nueva-campana-del-bono-consumo\/#article","isPartOf":{"@id":"https:\/\/www.copealcoy.es\/es\/la-diputacion-lanza-una-nueva-campana-del-bono-consumo\/"},"author":{"name":"Cope Alcoy","@id":"https:\/\/www.copealcoy.es\/es\/#\/schema\/person\/e777c87fa024e57d40170af9df39882c"},"headline":"La Diputaci\u00f3n lanza una nueva campa\u00f1a del &#8216;Bono Consumo&#8217;","datePublished":"2023-03-22T06:44:52+00:00","dateModified":"2023-07-13T07:35:03+00:00","mainEntityOfPage":{"@id":"https:\/\/www.copealcoy.es\/es\/la-diputacion-lanza-una-nueva-campana-del-bono-consumo\/"},"wordCount":383,"commentCount":0,"image":{"@id":"https:\/\/www.copealcoy.es\/es\/la-diputacion-lanza-una-nueva-campana-del-bono-consumo\/#primaryimage"},"thumbnailUrl":"https:\/\/www.copealcoy.es\/wp-content\/uploads\/2022\/03\/277165088_2806270313016044_7818522061073982831_n.jpg","keywords":["bonos consumo","Comercio","Diputaci\u00f3n de Alicante","nueva campa\u00f1a"],"articleSection":["Actualidad","Alcoy","Comarcas","Noticias"],"inLanguage":"es"},{"@type":"WebPage","@id":"https:\/\/www.copealcoy.es\/es\/la-diputacion-lanza-una-nueva-campana-del-bono-consumo\/","url":"https:\/\/www.copealcoy.es\/es\/la-diputacion-lanza-una-nueva-campana-del-bono-consumo\/","name":"La Diputaci\u00f3n lanza una nueva campa\u00f1a del 'Bono Consumo' - COPE Alcoy","isPartOf":{"@id":"https:\/\/www.copealcoy.es\/es\/#website"},"primaryImageOfPage":{"@id":"https:\/\/www.copealcoy.es\/es\/la-diputacion-lanza-una-nueva-campana-del-bono-consumo\/#primaryimage"},"image":{"@id":"https:\/\/www.copealcoy.es\/es\/la-diputacion-lanza-una-nueva-campana-del-bono-consumo\/#primaryimage"},"thumbnailUrl":"https:\/\/www.copealcoy.es\/wp-content\/uploads\/2022\/03\/277165088_2806270313016044_7818522061073982831_n.jpg","datePublished":"2023-03-22T06:44:52+00:00","dateModified":"2023-07-13T07:35:03+00:00","author":{"@id":"https:\/\/www.copealcoy.es\/es\/#\/schema\/person\/e777c87fa024e57d40170af9df39882c"},"description":"La Diputaci\u00f3n de Alicante ha lanzado una nueva campa\u00f1a del 'Bono Consumo' para incentivar las compras as\u00ed como ayudar al peque\u00f1o comercio","breadcrumb":{"@id":"https:\/\/www.copealcoy.es\/es\/la-diputacion-lanza-una-nueva-campana-del-bono-consumo\/#breadcrumb"},"inLanguage":"es","potentialAction":[{"@type":"ReadAction","target":["https:\/\/www.copealcoy.es\/es\/la-diputacion-lanza-una-nueva-campana-del-bono-consumo\/"]}]},{"@type":"ImageObject","inLanguage":"es","@id":"https:\/\/www.copealcoy.es\/es\/la-diputacion-lanza-una-nueva-campana-del-bono-consumo\/#primaryimage","url":"https:\/\/www.copealcoy.es\/wp-content\/uploads\/2022\/03\/277165088_2806270313016044_7818522061073982831_n.jpg","contentUrl":"https:\/\/www.copealcoy.es\/wp-content\/uploads\/2022\/03\/277165088_2806270313016044_7818522061073982831_n.jpg","width":1534,"height":746},{"@type":"BreadcrumbList","@id":"https:\/\/www.copealcoy.es\/es\/la-diputacion-lanza-una-nueva-campana-del-bono-consumo\/#breadcrumb","itemListElement":[{"@type":"ListItem","position":1,"name":"Portada","item":"https:\/\/www.copealcoy.es\/es\/"},{"@type":"ListItem","position":2,"name":"La Diputaci\u00f3n lanza una nueva campa\u00f1a del &#8216;Bono Consumo&#8217;"}]},{"@type":"WebSite","@id":"https:\/\/www.copealcoy.es\/es\/#website","url":"https:\/\/www.copealcoy.es\/es\/","name":"COPE Alcoy","description":"Emisora COPE de radio local con emisi\u00f3n online. Pont de Sant Jordi 8-10 03803 Alcoy","potentialAction":[{"@type":"SearchAction","target":{"@type":"EntryPoint","urlTemplate":"https:\/\/www.copealcoy.es\/es\/?s={search_term_string}"},"query-input":{"@type":"PropertyValueSpecification","valueRequired":true,"valueName":"search_term_string"}}],"inLanguage":"es"},{"@type":"Person","@id":"https:\/\/www.copealcoy.es\/es\/#\/schema\/person\/e777c87fa024e57d40170af9df39882c","name":"Cope Alcoy","image":{"@type":"ImageObject","inLanguage":"es","@id":"https:\/\/secure.gravatar.com\/avatar\/bb65d0283347e303893ba14f0692005417c1e0e690a325a4c5d8bb2b3943ee14?s=96&d=mm&r=g","url":"https:\/\/secure.gravatar.com\/avatar\/bb65d0283347e303893ba14f0692005417c1e0e690a325a4c5d8bb2b3943ee14?s=96&d=mm&r=g","contentUrl":"https:\/\/secure.gravatar.com\/avatar\/bb65d0283347e303893ba14f0692005417c1e0e690a325a4c5d8bb2b3943ee14?s=96&d=mm&r=g","caption":"Cope Alcoy"}}]}},"_links":{"self":[{"href":"https:\/\/www.copealcoy.es\/es\/wp-json\/wp\/v2\/posts\/112541","targetHints":{"allow":["GET"]}}],"collection":[{"href":"https:\/\/www.copealcoy.es\/es\/wp-json\/wp\/v2\/posts"}],"about":[{"href":"https:\/\/www.copealcoy.es\/es\/wp-json\/wp\/v2\/types\/post"}],"author":[{"embeddable":true,"href":"https:\/\/www.copealcoy.es\/es\/wp-json\/wp\/v2\/users\/1"}],"replies":[{"embeddable":true,"href":"https:\/\/www.copealcoy.es\/es\/wp-json\/wp\/v2\/comments?post=112541"}],"version-history":[{"count":0,"href":"https:\/\/www.copealcoy.es\/es\/wp-json\/wp\/v2\/posts\/112541\/revisions"}],"wp:featuredmedia":[{"embeddable":true,"href":"https:\/\/www.copealcoy.es\/es\/wp-json\/wp\/v2\/media\/85336"}],"wp:attachment":[{"href":"https:\/\/www.copealcoy.es\/es\/wp-json\/wp\/v2\/media?parent=112541"}],"wp:term":[{"taxonomy":"category","embeddable":true,"href":"https:\/\/www.copealcoy.es\/es\/wp-json\/wp\/v2\/categories?post=112541"},{"taxonomy":"post_tag","embeddable":true,"href":"https:\/\/www.copealcoy.es\/es\/wp-json\/wp\/v2\/tags?post=112541"}],"curies":[{"name":"wp","href":"https:\/\/api.w.org\/{rel}","templated":true}]}}