{"id":112481,"date":"2023-03-22T08:15:52","date_gmt":"2023-03-22T07:15:52","guid":{"rendered":"https:\/\/www.copealcoy.es\/?p=112481"},"modified":"2023-03-22T09:54:42","modified_gmt":"2023-03-22T08:54:42","slug":"los-vecinos-del-centro-plantean-que-alcoy-recupere-la-policia-de-barrio","status":"publish","type":"post","link":"https:\/\/www.copealcoy.es\/es\/los-vecinos-del-centro-plantean-que-alcoy-recupere-la-policia-de-barrio\/","title":{"rendered":"Los vecinos del Centro plantean que Alcoy recupere la polic\u00eda de barrio"},"content":{"rendered":"<p style=\"text-align: justify;\">Los vecinos del Centro de Alcoy consideran que <strong>es necesario un refuerzo de la seguridad en la barriada<\/strong> y para ello proponen <strong>una serie de medidas<\/strong>. Defienden m\u00e1s vigilancia policial y que incluso <strong>se patrulle a pie<\/strong>, lo cual creen que podr\u00eda hacerse <strong>recuperando la polic\u00eda de barrio<\/strong> que ya lleg\u00f3 a tener la ciudad a\u00f1os atr\u00e1s.<\/p>\n<p style=\"text-align: justify;\">Desde el colectivo han explicado en COPE ALCOY que en el Centro se producen situaciones como <strong>ocupaci\u00f3n ilegal de viviendas<\/strong> en algunas zonas, <strong>tr\u00e1fico de drogas<\/strong>, <strong>destrozos en el mobiliario urbano<\/strong> o <strong>problemas de ruidos<\/strong> que se dan en las calles donde hay establecimientos de ocio nocturno. Adem\u00e1s sobre esta cuesti\u00f3n <strong>son especialmente cr\u00edticos<\/strong> ya que aseguran que esta \u00faltima situaci\u00f3n <strong>no solo queda en gritos o m\u00fasica en la calle hasta altas horas de la noche<\/strong> &#8220;<em>mucha gente cuando sale de estos lugares se dedica a alterar la convivencia del barrio e incluso hacen las necesidades en plena calle donde les viene en gana. Creemos que con m\u00e1s patrullas a pie de calle se podr\u00eda atajar este problema<\/em>&#8220;, indica <strong>Ricardo Calabuig<\/strong>; vecino de la zona. Tambi\u00e9n <strong>Elena Villar<\/strong>, otra de las vecinas que reside en el barrio, <strong>denuncia algunas actitudes que se dan en la calle y que hacen que la gente mayor tenga miedo de salir a ciertas horas<\/strong> &#8220;<em>te encuentras con chavales de mediana edad que van corriendo e igual te empujan. Insistimos en que con una mayor presencia policial se podr\u00eda ir corrigiendo todo esto<\/em>&#8220;, comentaba en el #TiempoDeAn\u00e1lisis de COPE ALCOY. Por \u00faltimo la presidenta de la Asociaci\u00f3n de Vecinos reiteraba que <strong>mucha gente se piensa dos veces el tener que ir a vivir al Centro<\/strong> &#8220;<em>hay muchos pisos vac\u00edos, que solo se usan para fiestas, porque en el Centro nos encontramos con muchos impedimentos, m\u00e1s los problemas que ha generado la peatonalizaci\u00f3n o los problemas de ruidos que se producen en la calle. Si esto no se soluciona la gente seguir\u00e1 viendo el Centro como un barrio que no es para nada atractivo<\/em>&#8220;, afirma <strong>Circe Amorrortu<\/strong>.<\/p>\n<p style=\"text-align: justify;\">Los vecinos del Centro se\u00f1alan que <strong>han trasladado sus reivindicaciones al<\/strong> <a href=\"https:\/\/www.alcoi.org\/ca\/portal\/index.html\" target=\"_blank\" rel=\"noopener\"><span style=\"color: #0000ff;\"><strong>Ayuntamiento<\/strong><\/span><\/a> a la espera de que puedan ser atendidas. Por el momento, aclaran, <strong>no han recibido una respuesta clara<\/strong> al respecto.<\/p>\n","protected":false},"excerpt":{"rendered":"<p>Los vecinos del Centro de Alcoy consideran que es necesario un refuerzo de la seguridad en la barriada y para&#8230;<\/p>\n","protected":false},"author":1,"featured_media":72474,"comment_status":"open","ping_status":"open","sticky":false,"template":"","format":"standard","meta":{"footnotes":""},"categories":[6909,97,75,79],"tags":[1494,295,4185,367,548],"class_list":["post-112481","post","type-post","status-publish","format-standard","has-post-thumbnail","hentry","category-actualidad","category-alcoy","category-noticias","category-politicayeconomia","tag-alcoy","tag-centro","tag-policia-de-barrio","tag-seguridad","tag-vecinos"],"yoast_head":"<!-- This site is optimized with the Yoast SEO plugin v27.3 - https:\/\/yoast.com\/product\/yoast-seo-wordpress\/ -->\n<title>Los vecinos del Centro plantean que Alcoy recupere la polic\u00eda de barrio - COPE Alcoy<\/title>\n<meta name=\"description\" content=\"Los vecinos del Centro de Alcoy consideran que es necesario un refuerzo de la seguridad en la barriada y que vuelva la polic\u00eda de barrio\" \/>\n<meta name=\"robots\" content=\"index, follow, max-snippet:-1, max-image-preview:large, max-video-preview:-1\" \/>\n<link rel=\"canonical\" href=\"https:\/\/www.copealcoy.es\/es\/los-vecinos-del-centro-plantean-que-alcoy-recupere-la-policia-de-barrio\/\" \/>\n<meta property=\"og:locale\" content=\"es_ES\" \/>\n<meta property=\"og:type\" content=\"article\" \/>\n<meta property=\"og:title\" content=\"Los vecinos del Centro plantean que Alcoy recupere la polic\u00eda de barrio - COPE Alcoy\" \/>\n<meta property=\"og:description\" content=\"Los vecinos del Centro de Alcoy consideran que es necesario un refuerzo de la seguridad en la barriada y que vuelva la polic\u00eda de barrio\" \/>\n<meta property=\"og:url\" content=\"https:\/\/www.copealcoy.es\/es\/los-vecinos-del-centro-plantean-que-alcoy-recupere-la-policia-de-barrio\/\" \/>\n<meta property=\"og:site_name\" content=\"COPE Alcoy\" \/>\n<meta property=\"article:published_time\" content=\"2023-03-22T07:15:52+00:00\" \/>\n<meta property=\"article:modified_time\" content=\"2023-03-22T08:54:42+00:00\" \/>\n<meta property=\"og:image\" content=\"https:\/\/www.copealcoy.es\/wp-content\/uploads\/2021\/03\/image80-1024x768-1.jpg\" \/>\n\t<meta property=\"og:image:width\" content=\"875\" \/>\n\t<meta property=\"og:image:height\" content=\"614\" \/>\n\t<meta property=\"og:image:type\" content=\"image\/jpeg\" \/>\n<meta name=\"author\" content=\"Cope Alcoy\" \/>\n<meta name=\"twitter:label1\" content=\"Escrito por\" \/>\n\t<meta name=\"twitter:data1\" content=\"Cope Alcoy\" \/>\n\t<meta name=\"twitter:label2\" content=\"Tiempo de lectura\" \/>\n\t<meta name=\"twitter:data2\" content=\"2 minutos\" \/>\n<script type=\"application\/ld+json\" class=\"yoast-schema-graph\">{\"@context\":\"https:\\\/\\\/schema.org\",\"@graph\":[{\"@type\":\"Article\",\"@id\":\"https:\\\/\\\/www.copealcoy.es\\\/es\\\/los-vecinos-del-centro-plantean-que-alcoy-recupere-la-policia-de-barrio\\\/#article\",\"isPartOf\":{\"@id\":\"https:\\\/\\\/www.copealcoy.es\\\/es\\\/los-vecinos-del-centro-plantean-que-alcoy-recupere-la-policia-de-barrio\\\/\"},\"author\":{\"name\":\"Cope Alcoy\",\"@id\":\"https:\\\/\\\/www.copealcoy.es\\\/es\\\/#\\\/schema\\\/person\\\/e777c87fa024e57d40170af9df39882c\"},\"headline\":\"Los vecinos del Centro plantean que Alcoy recupere la polic\u00eda de barrio\",\"datePublished\":\"2023-03-22T07:15:52+00:00\",\"dateModified\":\"2023-03-22T08:54:42+00:00\",\"mainEntityOfPage\":{\"@id\":\"https:\\\/\\\/www.copealcoy.es\\\/es\\\/los-vecinos-del-centro-plantean-que-alcoy-recupere-la-policia-de-barrio\\\/\"},\"wordCount\":406,\"commentCount\":0,\"image\":{\"@id\":\"https:\\\/\\\/www.copealcoy.es\\\/es\\\/los-vecinos-del-centro-plantean-que-alcoy-recupere-la-policia-de-barrio\\\/#primaryimage\"},\"thumbnailUrl\":\"https:\\\/\\\/www.copealcoy.es\\\/wp-content\\\/uploads\\\/2021\\\/03\\\/image80-1024x768-1.jpg\",\"keywords\":[\"Alcoy\",\"Centro\",\"Polic\u00eda de Barrio\",\"Seguridad\",\"Vecinos\"],\"articleSection\":[\"Actualidad\",\"Alcoy\",\"Noticias\",\"Pol\u00edtica y Econom\u00eda\"],\"inLanguage\":\"es\"},{\"@type\":\"WebPage\",\"@id\":\"https:\\\/\\\/www.copealcoy.es\\\/es\\\/los-vecinos-del-centro-plantean-que-alcoy-recupere-la-policia-de-barrio\\\/\",\"url\":\"https:\\\/\\\/www.copealcoy.es\\\/es\\\/los-vecinos-del-centro-plantean-que-alcoy-recupere-la-policia-de-barrio\\\/\",\"name\":\"Los vecinos del Centro plantean que Alcoy recupere la polic\u00eda de barrio - COPE Alcoy\",\"isPartOf\":{\"@id\":\"https:\\\/\\\/www.copealcoy.es\\\/es\\\/#website\"},\"primaryImageOfPage\":{\"@id\":\"https:\\\/\\\/www.copealcoy.es\\\/es\\\/los-vecinos-del-centro-plantean-que-alcoy-recupere-la-policia-de-barrio\\\/#primaryimage\"},\"image\":{\"@id\":\"https:\\\/\\\/www.copealcoy.es\\\/es\\\/los-vecinos-del-centro-plantean-que-alcoy-recupere-la-policia-de-barrio\\\/#primaryimage\"},\"thumbnailUrl\":\"https:\\\/\\\/www.copealcoy.es\\\/wp-content\\\/uploads\\\/2021\\\/03\\\/image80-1024x768-1.jpg\",\"datePublished\":\"2023-03-22T07:15:52+00:00\",\"dateModified\":\"2023-03-22T08:54:42+00:00\",\"author\":{\"@id\":\"https:\\\/\\\/www.copealcoy.es\\\/es\\\/#\\\/schema\\\/person\\\/e777c87fa024e57d40170af9df39882c\"},\"description\":\"Los vecinos del Centro de Alcoy consideran que es necesario un refuerzo de la seguridad en la barriada y que vuelva la polic\u00eda de barrio\",\"breadcrumb\":{\"@id\":\"https:\\\/\\\/www.copealcoy.es\\\/es\\\/los-vecinos-del-centro-plantean-que-alcoy-recupere-la-policia-de-barrio\\\/#breadcrumb\"},\"inLanguage\":\"es\",\"potentialAction\":[{\"@type\":\"ReadAction\",\"target\":[\"https:\\\/\\\/www.copealcoy.es\\\/es\\\/los-vecinos-del-centro-plantean-que-alcoy-recupere-la-policia-de-barrio\\\/\"]}]},{\"@type\":\"ImageObject\",\"inLanguage\":\"es\",\"@id\":\"https:\\\/\\\/www.copealcoy.es\\\/es\\\/los-vecinos-del-centro-plantean-que-alcoy-recupere-la-policia-de-barrio\\\/#primaryimage\",\"url\":\"https:\\\/\\\/www.copealcoy.es\\\/wp-content\\\/uploads\\\/2021\\\/03\\\/image80-1024x768-1.jpg\",\"contentUrl\":\"https:\\\/\\\/www.copealcoy.es\\\/wp-content\\\/uploads\\\/2021\\\/03\\\/image80-1024x768-1.jpg\",\"width\":875,\"height\":614},{\"@type\":\"BreadcrumbList\",\"@id\":\"https:\\\/\\\/www.copealcoy.es\\\/es\\\/los-vecinos-del-centro-plantean-que-alcoy-recupere-la-policia-de-barrio\\\/#breadcrumb\",\"itemListElement\":[{\"@type\":\"ListItem\",\"position\":1,\"name\":\"Portada\",\"item\":\"https:\\\/\\\/www.copealcoy.es\\\/es\\\/\"},{\"@type\":\"ListItem\",\"position\":2,\"name\":\"Los vecinos del Centro plantean que Alcoy recupere la polic\u00eda de barrio\"}]},{\"@type\":\"WebSite\",\"@id\":\"https:\\\/\\\/www.copealcoy.es\\\/es\\\/#website\",\"url\":\"https:\\\/\\\/www.copealcoy.es\\\/es\\\/\",\"name\":\"COPE Alcoy\",\"description\":\"Emisora COPE de radio local con emisi\u00f3n online. Pont de Sant Jordi 8-10 03803 Alcoy\",\"potentialAction\":[{\"@type\":\"SearchAction\",\"target\":{\"@type\":\"EntryPoint\",\"urlTemplate\":\"https:\\\/\\\/www.copealcoy.es\\\/es\\\/?s={search_term_string}\"},\"query-input\":{\"@type\":\"PropertyValueSpecification\",\"valueRequired\":true,\"valueName\":\"search_term_string\"}}],\"inLanguage\":\"es\"},{\"@type\":\"Person\",\"@id\":\"https:\\\/\\\/www.copealcoy.es\\\/es\\\/#\\\/schema\\\/person\\\/e777c87fa024e57d40170af9df39882c\",\"name\":\"Cope Alcoy\",\"image\":{\"@type\":\"ImageObject\",\"inLanguage\":\"es\",\"@id\":\"https:\\\/\\\/secure.gravatar.com\\\/avatar\\\/bb65d0283347e303893ba14f0692005417c1e0e690a325a4c5d8bb2b3943ee14?s=96&d=mm&r=g\",\"url\":\"https:\\\/\\\/secure.gravatar.com\\\/avatar\\\/bb65d0283347e303893ba14f0692005417c1e0e690a325a4c5d8bb2b3943ee14?s=96&d=mm&r=g\",\"contentUrl\":\"https:\\\/\\\/secure.gravatar.com\\\/avatar\\\/bb65d0283347e303893ba14f0692005417c1e0e690a325a4c5d8bb2b3943ee14?s=96&d=mm&r=g\",\"caption\":\"Cope Alcoy\"}}]}<\/script>\n<!-- \/ Yoast SEO plugin. -->","yoast_head_json":{"title":"Los vecinos del Centro plantean que Alcoy recupere la polic\u00eda de barrio - COPE Alcoy","description":"Los vecinos del Centro de Alcoy consideran que es necesario un refuerzo de la seguridad en la barriada y que vuelva la polic\u00eda de barrio","robots":{"index":"index","follow":"follow","max-snippet":"max-snippet:-1","max-image-preview":"max-image-preview:large","max-video-preview":"max-video-preview:-1"},"canonical":"https:\/\/www.copealcoy.es\/es\/los-vecinos-del-centro-plantean-que-alcoy-recupere-la-policia-de-barrio\/","og_locale":"es_ES","og_type":"article","og_title":"Los vecinos del Centro plantean que Alcoy recupere la polic\u00eda de barrio - COPE Alcoy","og_description":"Los vecinos del Centro de Alcoy consideran que es necesario un refuerzo de la seguridad en la barriada y que vuelva la polic\u00eda de barrio","og_url":"https:\/\/www.copealcoy.es\/es\/los-vecinos-del-centro-plantean-que-alcoy-recupere-la-policia-de-barrio\/","og_site_name":"COPE Alcoy","article_published_time":"2023-03-22T07:15:52+00:00","article_modified_time":"2023-03-22T08:54:42+00:00","og_image":[{"width":875,"height":614,"url":"https:\/\/www.copealcoy.es\/wp-content\/uploads\/2021\/03\/image80-1024x768-1.jpg","type":"image\/jpeg"}],"author":"Cope Alcoy","twitter_misc":{"Escrito por":"Cope Alcoy","Tiempo de lectura":"2 minutos"},"schema":{"@context":"https:\/\/schema.org","@graph":[{"@type":"Article","@id":"https:\/\/www.copealcoy.es\/es\/los-vecinos-del-centro-plantean-que-alcoy-recupere-la-policia-de-barrio\/#article","isPartOf":{"@id":"https:\/\/www.copealcoy.es\/es\/los-vecinos-del-centro-plantean-que-alcoy-recupere-la-policia-de-barrio\/"},"author":{"name":"Cope Alcoy","@id":"https:\/\/www.copealcoy.es\/es\/#\/schema\/person\/e777c87fa024e57d40170af9df39882c"},"headline":"Los vecinos del Centro plantean que Alcoy recupere la polic\u00eda de barrio","datePublished":"2023-03-22T07:15:52+00:00","dateModified":"2023-03-22T08:54:42+00:00","mainEntityOfPage":{"@id":"https:\/\/www.copealcoy.es\/es\/los-vecinos-del-centro-plantean-que-alcoy-recupere-la-policia-de-barrio\/"},"wordCount":406,"commentCount":0,"image":{"@id":"https:\/\/www.copealcoy.es\/es\/los-vecinos-del-centro-plantean-que-alcoy-recupere-la-policia-de-barrio\/#primaryimage"},"thumbnailUrl":"https:\/\/www.copealcoy.es\/wp-content\/uploads\/2021\/03\/image80-1024x768-1.jpg","keywords":["Alcoy","Centro","Polic\u00eda de Barrio","Seguridad","Vecinos"],"articleSection":["Actualidad","Alcoy","Noticias","Pol\u00edtica y Econom\u00eda"],"inLanguage":"es"},{"@type":"WebPage","@id":"https:\/\/www.copealcoy.es\/es\/los-vecinos-del-centro-plantean-que-alcoy-recupere-la-policia-de-barrio\/","url":"https:\/\/www.copealcoy.es\/es\/los-vecinos-del-centro-plantean-que-alcoy-recupere-la-policia-de-barrio\/","name":"Los vecinos del Centro plantean que Alcoy recupere la polic\u00eda de barrio - COPE Alcoy","isPartOf":{"@id":"https:\/\/www.copealcoy.es\/es\/#website"},"primaryImageOfPage":{"@id":"https:\/\/www.copealcoy.es\/es\/los-vecinos-del-centro-plantean-que-alcoy-recupere-la-policia-de-barrio\/#primaryimage"},"image":{"@id":"https:\/\/www.copealcoy.es\/es\/los-vecinos-del-centro-plantean-que-alcoy-recupere-la-policia-de-barrio\/#primaryimage"},"thumbnailUrl":"https:\/\/www.copealcoy.es\/wp-content\/uploads\/2021\/03\/image80-1024x768-1.jpg","datePublished":"2023-03-22T07:15:52+00:00","dateModified":"2023-03-22T08:54:42+00:00","author":{"@id":"https:\/\/www.copealcoy.es\/es\/#\/schema\/person\/e777c87fa024e57d40170af9df39882c"},"description":"Los vecinos del Centro de Alcoy consideran que es necesario un refuerzo de la seguridad en la barriada y que vuelva la polic\u00eda de barrio","breadcrumb":{"@id":"https:\/\/www.copealcoy.es\/es\/los-vecinos-del-centro-plantean-que-alcoy-recupere-la-policia-de-barrio\/#breadcrumb"},"inLanguage":"es","potentialAction":[{"@type":"ReadAction","target":["https:\/\/www.copealcoy.es\/es\/los-vecinos-del-centro-plantean-que-alcoy-recupere-la-policia-de-barrio\/"]}]},{"@type":"ImageObject","inLanguage":"es","@id":"https:\/\/www.copealcoy.es\/es\/los-vecinos-del-centro-plantean-que-alcoy-recupere-la-policia-de-barrio\/#primaryimage","url":"https:\/\/www.copealcoy.es\/wp-content\/uploads\/2021\/03\/image80-1024x768-1.jpg","contentUrl":"https:\/\/www.copealcoy.es\/wp-content\/uploads\/2021\/03\/image80-1024x768-1.jpg","width":875,"height":614},{"@type":"BreadcrumbList","@id":"https:\/\/www.copealcoy.es\/es\/los-vecinos-del-centro-plantean-que-alcoy-recupere-la-policia-de-barrio\/#breadcrumb","itemListElement":[{"@type":"ListItem","position":1,"name":"Portada","item":"https:\/\/www.copealcoy.es\/es\/"},{"@type":"ListItem","position":2,"name":"Los vecinos del Centro plantean que Alcoy recupere la polic\u00eda de barrio"}]},{"@type":"WebSite","@id":"https:\/\/www.copealcoy.es\/es\/#website","url":"https:\/\/www.copealcoy.es\/es\/","name":"COPE Alcoy","description":"Emisora COPE de radio local con emisi\u00f3n online. Pont de Sant Jordi 8-10 03803 Alcoy","potentialAction":[{"@type":"SearchAction","target":{"@type":"EntryPoint","urlTemplate":"https:\/\/www.copealcoy.es\/es\/?s={search_term_string}"},"query-input":{"@type":"PropertyValueSpecification","valueRequired":true,"valueName":"search_term_string"}}],"inLanguage":"es"},{"@type":"Person","@id":"https:\/\/www.copealcoy.es\/es\/#\/schema\/person\/e777c87fa024e57d40170af9df39882c","name":"Cope Alcoy","image":{"@type":"ImageObject","inLanguage":"es","@id":"https:\/\/secure.gravatar.com\/avatar\/bb65d0283347e303893ba14f0692005417c1e0e690a325a4c5d8bb2b3943ee14?s=96&d=mm&r=g","url":"https:\/\/secure.gravatar.com\/avatar\/bb65d0283347e303893ba14f0692005417c1e0e690a325a4c5d8bb2b3943ee14?s=96&d=mm&r=g","contentUrl":"https:\/\/secure.gravatar.com\/avatar\/bb65d0283347e303893ba14f0692005417c1e0e690a325a4c5d8bb2b3943ee14?s=96&d=mm&r=g","caption":"Cope Alcoy"}}]}},"_links":{"self":[{"href":"https:\/\/www.copealcoy.es\/es\/wp-json\/wp\/v2\/posts\/112481","targetHints":{"allow":["GET"]}}],"collection":[{"href":"https:\/\/www.copealcoy.es\/es\/wp-json\/wp\/v2\/posts"}],"about":[{"href":"https:\/\/www.copealcoy.es\/es\/wp-json\/wp\/v2\/types\/post"}],"author":[{"embeddable":true,"href":"https:\/\/www.copealcoy.es\/es\/wp-json\/wp\/v2\/users\/1"}],"replies":[{"embeddable":true,"href":"https:\/\/www.copealcoy.es\/es\/wp-json\/wp\/v2\/comments?post=112481"}],"version-history":[{"count":0,"href":"https:\/\/www.copealcoy.es\/es\/wp-json\/wp\/v2\/posts\/112481\/revisions"}],"wp:featuredmedia":[{"embeddable":true,"href":"https:\/\/www.copealcoy.es\/es\/wp-json\/wp\/v2\/media\/72474"}],"wp:attachment":[{"href":"https:\/\/www.copealcoy.es\/es\/wp-json\/wp\/v2\/media?parent=112481"}],"wp:term":[{"taxonomy":"category","embeddable":true,"href":"https:\/\/www.copealcoy.es\/es\/wp-json\/wp\/v2\/categories?post=112481"},{"taxonomy":"post_tag","embeddable":true,"href":"https:\/\/www.copealcoy.es\/es\/wp-json\/wp\/v2\/tags?post=112481"}],"curies":[{"name":"wp","href":"https:\/\/api.w.org\/{rel}","templated":true}]}}