{"id":112445,"date":"2023-03-21T10:54:41","date_gmt":"2023-03-21T09:54:41","guid":{"rendered":"https:\/\/www.copealcoy.es\/?p=112445"},"modified":"2023-03-21T11:29:18","modified_gmt":"2023-03-21T10:29:18","slug":"cuantas-plazas-de-aparcamiento-contempla-la-primera-fase-del-parking-de-la-riba","status":"publish","type":"post","link":"https:\/\/www.copealcoy.es\/es\/cuantas-plazas-de-aparcamiento-contempla-la-primera-fase-del-parking-de-la-riba\/","title":{"rendered":"\u00bfCu\u00e1ntas plazas de aparcamiento contempla la primera fase del parking de La Riba?"},"content":{"rendered":"<p style=\"text-align: justify;\">El aparcamiento de La Riba parece que comienza a ser una realidad, <strong>una infraestructura que los vecinos del Centro de Alcoy ven necesaria<\/strong> para suplir la falta de estacionamiento que sufre actualmente esta zona de la ciudad. La Junta de Gobierno Local del <a href=\"https:\/\/www.alcoi.org\/ca\/portal\/index.html\" target=\"_blank\" rel=\"noopener\"><strong><span style=\"color: #0000ff;\">Ayuntamiento de Alcoy<\/span> <\/strong><\/a>aprobada ayer <strong>la licitaci\u00f3n de los trabajos y la intervenci\u00f3n tendr\u00e1 un plazo de ejecuci\u00f3n de unos cuatro meses<\/strong>\u00a0a partir de la firma del acta de replanteo.<\/p>\n<p style=\"text-align: justify;\">La adjudicaci\u00f3n definitiva, seg\u00fan informan desde el Consistorio, ha sido para la empresa Telmex Tecnolog\u00eda General 21 S.L <strong>por un importe total que roza los 445.000 euros<\/strong>. En el proyecto inicial se contempla <strong>adecuar el solar<\/strong> para habilitar posteriormente las plazas de estacionamiento junto a <strong>la instalaci\u00f3n de alumbrado, la recuperaci\u00f3n de la zona verde o la creaci\u00f3n de un nuevo alcantarillado<\/strong>. Al margen de esto la adjudicataria ha presentado <strong>tres mejoras<\/strong> que complementan la oferta propuesta inicialmente y que consisten en la construcci\u00f3n de un muro de mamposter\u00eda, el encintado de bordillos y una red de drenaje superficial mediante la construcci\u00f3n de un nuevo sumidero con su posterior conexi\u00f3n con la red de saneamiento. En esta primera fase del proyecto <strong>se prev\u00e9 habilitar entre 100 y 100 plazas de aparcamiento<\/strong> tal y como remarcan desde fuentes municipales &#8220;<em>esta actuaci\u00f3n es muy necesaria y demandada y la vamos a llevar a cabo gracias a los fondos europeos para las zonas de bajas emisiones con los que solo en ayudas hemos conseguido m\u00e1s de 2,5 millones de euros para siete grandes proyectos. Esta obra mejorar\u00e1 la movilidad y nos permitir\u00e1 complementar y potenciar la zona de bajas emisiones en el Centro<\/em>&#8220;, asegura el edil de Movilidad; <strong>Jordi Mart\u00ednez<\/strong>.<\/p>\n<p style=\"text-align: justify;\"><strong><span style=\"color: #0000ff;\">Los vecinos del Centro lo ven insuficiente\u00a0<\/span><\/strong><\/p>\n<p style=\"text-align: justify;\">Para los vecinos del Centro es positivo que se creen plazas de aparcamiento, ante la gran demanda de estacionamiento que sufre la barriada, pero <strong>consideran que la medida no es suficiente<\/strong>. Insisten en que <strong>hay que seguir trabajando para conseguir nuevas plazas<\/strong> &#8220;<em>existen muchos solares vac\u00edos que, si se negociara con sus propietarios para la limpieza o adecuaci\u00f3n, se podr\u00eda conseguir dotar al barrio de un servicio que necesitamos casi de manera urgente<\/em>&#8220;; sentenciaba en COPE ALCOY <strong>Circe Amorrortu<\/strong>, la presidenta de la Asociaci\u00f3n de Vecinos.<\/p>\n<p style=\"text-align: justify;\">El aparcamiento de La Riba <strong>est\u00e1 financiado al 90%<\/strong> por\u00a0el programa de Ayudas a Municipios para la implantaci\u00f3n de zonas de bajas emisiones y la transformaci\u00f3n digital y sostenible del transporte urbano. Estas subvenciones forman parte del programa de Fondos Europeos Next Generation.<\/p>\n","protected":false},"excerpt":{"rendered":"<p>El aparcamiento de La Riba parece que comienza a ser una realidad, una infraestructura que los vecinos del Centro de&#8230;<\/p>\n","protected":false},"author":1,"featured_media":95781,"comment_status":"open","ping_status":"open","sticky":false,"template":"","format":"standard","meta":{"footnotes":""},"categories":[6909,97,75,79],"tags":[1494,295,927,8125,14312,548],"class_list":["post-112445","post","type-post","status-publish","format-standard","has-post-thumbnail","hentry","category-actualidad","category-alcoy","category-noticias","category-politicayeconomia","tag-alcoy","tag-centro","tag-jordi-martinez","tag-la-riba","tag-plazas-de-aparcamiento","tag-vecinos"],"yoast_head":"<!-- This site is optimized with the Yoast SEO plugin v27.3 - https:\/\/yoast.com\/product\/yoast-seo-wordpress\/ -->\n<title>\u00bfCu\u00e1ntas plazas de aparcamiento contempla la primera fase del parking de La Riba? - COPE Alcoy<\/title>\n<meta name=\"description\" content=\"El aparcamiento de La Riba va camino de ser una realidad, un proyecto que demandan con urgencia los vecinos del Centro\" \/>\n<meta name=\"robots\" content=\"index, follow, max-snippet:-1, max-image-preview:large, max-video-preview:-1\" \/>\n<link rel=\"canonical\" href=\"https:\/\/www.copealcoy.es\/es\/cuantas-plazas-de-aparcamiento-contempla-la-primera-fase-del-parking-de-la-riba\/\" \/>\n<meta property=\"og:locale\" content=\"es_ES\" \/>\n<meta property=\"og:type\" content=\"article\" \/>\n<meta property=\"og:title\" content=\"\u00bfCu\u00e1ntas plazas de aparcamiento contempla la primera fase del parking de La Riba? - COPE Alcoy\" \/>\n<meta property=\"og:description\" content=\"El aparcamiento de La Riba va camino de ser una realidad, un proyecto que demandan con urgencia los vecinos del Centro\" \/>\n<meta property=\"og:url\" content=\"https:\/\/www.copealcoy.es\/es\/cuantas-plazas-de-aparcamiento-contempla-la-primera-fase-del-parking-de-la-riba\/\" \/>\n<meta property=\"og:site_name\" content=\"COPE Alcoy\" \/>\n<meta property=\"article:published_time\" content=\"2023-03-21T09:54:41+00:00\" \/>\n<meta property=\"article:modified_time\" content=\"2023-03-21T10:29:18+00:00\" \/>\n<meta property=\"og:image\" content=\"https:\/\/www.copealcoy.es\/wp-content\/uploads\/2022\/12\/Aparcamiento-de-La-Riba.jpg\" \/>\n\t<meta property=\"og:image:width\" content=\"1013\" \/>\n\t<meta property=\"og:image:height\" content=\"562\" \/>\n\t<meta property=\"og:image:type\" content=\"image\/jpeg\" \/>\n<meta name=\"author\" content=\"Cope Alcoy\" \/>\n<meta name=\"twitter:label1\" content=\"Escrito por\" \/>\n\t<meta name=\"twitter:data1\" content=\"Cope Alcoy\" \/>\n\t<meta name=\"twitter:label2\" content=\"Tiempo de lectura\" \/>\n\t<meta name=\"twitter:data2\" content=\"2 minutos\" \/>\n<script type=\"application\/ld+json\" class=\"yoast-schema-graph\">{\"@context\":\"https:\\\/\\\/schema.org\",\"@graph\":[{\"@type\":\"Article\",\"@id\":\"https:\\\/\\\/www.copealcoy.es\\\/es\\\/cuantas-plazas-de-aparcamiento-contempla-la-primera-fase-del-parking-de-la-riba\\\/#article\",\"isPartOf\":{\"@id\":\"https:\\\/\\\/www.copealcoy.es\\\/es\\\/cuantas-plazas-de-aparcamiento-contempla-la-primera-fase-del-parking-de-la-riba\\\/\"},\"author\":{\"name\":\"Cope Alcoy\",\"@id\":\"https:\\\/\\\/www.copealcoy.es\\\/es\\\/#\\\/schema\\\/person\\\/e777c87fa024e57d40170af9df39882c\"},\"headline\":\"\u00bfCu\u00e1ntas plazas de aparcamiento contempla la primera fase del parking de La Riba?\",\"datePublished\":\"2023-03-21T09:54:41+00:00\",\"dateModified\":\"2023-03-21T10:29:18+00:00\",\"mainEntityOfPage\":{\"@id\":\"https:\\\/\\\/www.copealcoy.es\\\/es\\\/cuantas-plazas-de-aparcamiento-contempla-la-primera-fase-del-parking-de-la-riba\\\/\"},\"wordCount\":449,\"commentCount\":0,\"image\":{\"@id\":\"https:\\\/\\\/www.copealcoy.es\\\/es\\\/cuantas-plazas-de-aparcamiento-contempla-la-primera-fase-del-parking-de-la-riba\\\/#primaryimage\"},\"thumbnailUrl\":\"https:\\\/\\\/www.copealcoy.es\\\/wp-content\\\/uploads\\\/2022\\\/12\\\/Aparcamiento-de-La-Riba.jpg\",\"keywords\":[\"Alcoy\",\"Centro\",\"Jordi Mart\u00ednez\",\"La Riba\",\"plazas de aparcamiento\",\"Vecinos\"],\"articleSection\":[\"Actualidad\",\"Alcoy\",\"Noticias\",\"Pol\u00edtica y Econom\u00eda\"],\"inLanguage\":\"es\"},{\"@type\":\"WebPage\",\"@id\":\"https:\\\/\\\/www.copealcoy.es\\\/es\\\/cuantas-plazas-de-aparcamiento-contempla-la-primera-fase-del-parking-de-la-riba\\\/\",\"url\":\"https:\\\/\\\/www.copealcoy.es\\\/es\\\/cuantas-plazas-de-aparcamiento-contempla-la-primera-fase-del-parking-de-la-riba\\\/\",\"name\":\"\u00bfCu\u00e1ntas plazas de aparcamiento contempla la primera fase del parking de La Riba? - COPE Alcoy\",\"isPartOf\":{\"@id\":\"https:\\\/\\\/www.copealcoy.es\\\/es\\\/#website\"},\"primaryImageOfPage\":{\"@id\":\"https:\\\/\\\/www.copealcoy.es\\\/es\\\/cuantas-plazas-de-aparcamiento-contempla-la-primera-fase-del-parking-de-la-riba\\\/#primaryimage\"},\"image\":{\"@id\":\"https:\\\/\\\/www.copealcoy.es\\\/es\\\/cuantas-plazas-de-aparcamiento-contempla-la-primera-fase-del-parking-de-la-riba\\\/#primaryimage\"},\"thumbnailUrl\":\"https:\\\/\\\/www.copealcoy.es\\\/wp-content\\\/uploads\\\/2022\\\/12\\\/Aparcamiento-de-La-Riba.jpg\",\"datePublished\":\"2023-03-21T09:54:41+00:00\",\"dateModified\":\"2023-03-21T10:29:18+00:00\",\"author\":{\"@id\":\"https:\\\/\\\/www.copealcoy.es\\\/es\\\/#\\\/schema\\\/person\\\/e777c87fa024e57d40170af9df39882c\"},\"description\":\"El aparcamiento de La Riba va camino de ser una realidad, un proyecto que demandan con urgencia los vecinos del Centro\",\"breadcrumb\":{\"@id\":\"https:\\\/\\\/www.copealcoy.es\\\/es\\\/cuantas-plazas-de-aparcamiento-contempla-la-primera-fase-del-parking-de-la-riba\\\/#breadcrumb\"},\"inLanguage\":\"es\",\"potentialAction\":[{\"@type\":\"ReadAction\",\"target\":[\"https:\\\/\\\/www.copealcoy.es\\\/es\\\/cuantas-plazas-de-aparcamiento-contempla-la-primera-fase-del-parking-de-la-riba\\\/\"]}]},{\"@type\":\"ImageObject\",\"inLanguage\":\"es\",\"@id\":\"https:\\\/\\\/www.copealcoy.es\\\/es\\\/cuantas-plazas-de-aparcamiento-contempla-la-primera-fase-del-parking-de-la-riba\\\/#primaryimage\",\"url\":\"https:\\\/\\\/www.copealcoy.es\\\/wp-content\\\/uploads\\\/2022\\\/12\\\/Aparcamiento-de-La-Riba.jpg\",\"contentUrl\":\"https:\\\/\\\/www.copealcoy.es\\\/wp-content\\\/uploads\\\/2022\\\/12\\\/Aparcamiento-de-La-Riba.jpg\",\"width\":1013,\"height\":562},{\"@type\":\"BreadcrumbList\",\"@id\":\"https:\\\/\\\/www.copealcoy.es\\\/es\\\/cuantas-plazas-de-aparcamiento-contempla-la-primera-fase-del-parking-de-la-riba\\\/#breadcrumb\",\"itemListElement\":[{\"@type\":\"ListItem\",\"position\":1,\"name\":\"Portada\",\"item\":\"https:\\\/\\\/www.copealcoy.es\\\/es\\\/\"},{\"@type\":\"ListItem\",\"position\":2,\"name\":\"\u00bfCu\u00e1ntas plazas de aparcamiento contempla la primera fase del parking de La Riba?\"}]},{\"@type\":\"WebSite\",\"@id\":\"https:\\\/\\\/www.copealcoy.es\\\/es\\\/#website\",\"url\":\"https:\\\/\\\/www.copealcoy.es\\\/es\\\/\",\"name\":\"COPE Alcoy\",\"description\":\"Emisora COPE de radio local con emisi\u00f3n online. Pont de Sant Jordi 8-10 03803 Alcoy\",\"potentialAction\":[{\"@type\":\"SearchAction\",\"target\":{\"@type\":\"EntryPoint\",\"urlTemplate\":\"https:\\\/\\\/www.copealcoy.es\\\/es\\\/?s={search_term_string}\"},\"query-input\":{\"@type\":\"PropertyValueSpecification\",\"valueRequired\":true,\"valueName\":\"search_term_string\"}}],\"inLanguage\":\"es\"},{\"@type\":\"Person\",\"@id\":\"https:\\\/\\\/www.copealcoy.es\\\/es\\\/#\\\/schema\\\/person\\\/e777c87fa024e57d40170af9df39882c\",\"name\":\"Cope Alcoy\",\"image\":{\"@type\":\"ImageObject\",\"inLanguage\":\"es\",\"@id\":\"https:\\\/\\\/secure.gravatar.com\\\/avatar\\\/bb65d0283347e303893ba14f0692005417c1e0e690a325a4c5d8bb2b3943ee14?s=96&d=mm&r=g\",\"url\":\"https:\\\/\\\/secure.gravatar.com\\\/avatar\\\/bb65d0283347e303893ba14f0692005417c1e0e690a325a4c5d8bb2b3943ee14?s=96&d=mm&r=g\",\"contentUrl\":\"https:\\\/\\\/secure.gravatar.com\\\/avatar\\\/bb65d0283347e303893ba14f0692005417c1e0e690a325a4c5d8bb2b3943ee14?s=96&d=mm&r=g\",\"caption\":\"Cope Alcoy\"}}]}<\/script>\n<!-- \/ Yoast SEO plugin. -->","yoast_head_json":{"title":"\u00bfCu\u00e1ntas plazas de aparcamiento contempla la primera fase del parking de La Riba? - COPE Alcoy","description":"El aparcamiento de La Riba va camino de ser una realidad, un proyecto que demandan con urgencia los vecinos del Centro","robots":{"index":"index","follow":"follow","max-snippet":"max-snippet:-1","max-image-preview":"max-image-preview:large","max-video-preview":"max-video-preview:-1"},"canonical":"https:\/\/www.copealcoy.es\/es\/cuantas-plazas-de-aparcamiento-contempla-la-primera-fase-del-parking-de-la-riba\/","og_locale":"es_ES","og_type":"article","og_title":"\u00bfCu\u00e1ntas plazas de aparcamiento contempla la primera fase del parking de La Riba? - COPE Alcoy","og_description":"El aparcamiento de La Riba va camino de ser una realidad, un proyecto que demandan con urgencia los vecinos del Centro","og_url":"https:\/\/www.copealcoy.es\/es\/cuantas-plazas-de-aparcamiento-contempla-la-primera-fase-del-parking-de-la-riba\/","og_site_name":"COPE Alcoy","article_published_time":"2023-03-21T09:54:41+00:00","article_modified_time":"2023-03-21T10:29:18+00:00","og_image":[{"width":1013,"height":562,"url":"https:\/\/www.copealcoy.es\/wp-content\/uploads\/2022\/12\/Aparcamiento-de-La-Riba.jpg","type":"image\/jpeg"}],"author":"Cope Alcoy","twitter_misc":{"Escrito por":"Cope Alcoy","Tiempo de lectura":"2 minutos"},"schema":{"@context":"https:\/\/schema.org","@graph":[{"@type":"Article","@id":"https:\/\/www.copealcoy.es\/es\/cuantas-plazas-de-aparcamiento-contempla-la-primera-fase-del-parking-de-la-riba\/#article","isPartOf":{"@id":"https:\/\/www.copealcoy.es\/es\/cuantas-plazas-de-aparcamiento-contempla-la-primera-fase-del-parking-de-la-riba\/"},"author":{"name":"Cope Alcoy","@id":"https:\/\/www.copealcoy.es\/es\/#\/schema\/person\/e777c87fa024e57d40170af9df39882c"},"headline":"\u00bfCu\u00e1ntas plazas de aparcamiento contempla la primera fase del parking de La Riba?","datePublished":"2023-03-21T09:54:41+00:00","dateModified":"2023-03-21T10:29:18+00:00","mainEntityOfPage":{"@id":"https:\/\/www.copealcoy.es\/es\/cuantas-plazas-de-aparcamiento-contempla-la-primera-fase-del-parking-de-la-riba\/"},"wordCount":449,"commentCount":0,"image":{"@id":"https:\/\/www.copealcoy.es\/es\/cuantas-plazas-de-aparcamiento-contempla-la-primera-fase-del-parking-de-la-riba\/#primaryimage"},"thumbnailUrl":"https:\/\/www.copealcoy.es\/wp-content\/uploads\/2022\/12\/Aparcamiento-de-La-Riba.jpg","keywords":["Alcoy","Centro","Jordi Mart\u00ednez","La Riba","plazas de aparcamiento","Vecinos"],"articleSection":["Actualidad","Alcoy","Noticias","Pol\u00edtica y Econom\u00eda"],"inLanguage":"es"},{"@type":"WebPage","@id":"https:\/\/www.copealcoy.es\/es\/cuantas-plazas-de-aparcamiento-contempla-la-primera-fase-del-parking-de-la-riba\/","url":"https:\/\/www.copealcoy.es\/es\/cuantas-plazas-de-aparcamiento-contempla-la-primera-fase-del-parking-de-la-riba\/","name":"\u00bfCu\u00e1ntas plazas de aparcamiento contempla la primera fase del parking de La Riba? - COPE Alcoy","isPartOf":{"@id":"https:\/\/www.copealcoy.es\/es\/#website"},"primaryImageOfPage":{"@id":"https:\/\/www.copealcoy.es\/es\/cuantas-plazas-de-aparcamiento-contempla-la-primera-fase-del-parking-de-la-riba\/#primaryimage"},"image":{"@id":"https:\/\/www.copealcoy.es\/es\/cuantas-plazas-de-aparcamiento-contempla-la-primera-fase-del-parking-de-la-riba\/#primaryimage"},"thumbnailUrl":"https:\/\/www.copealcoy.es\/wp-content\/uploads\/2022\/12\/Aparcamiento-de-La-Riba.jpg","datePublished":"2023-03-21T09:54:41+00:00","dateModified":"2023-03-21T10:29:18+00:00","author":{"@id":"https:\/\/www.copealcoy.es\/es\/#\/schema\/person\/e777c87fa024e57d40170af9df39882c"},"description":"El aparcamiento de La Riba va camino de ser una realidad, un proyecto que demandan con urgencia los vecinos del Centro","breadcrumb":{"@id":"https:\/\/www.copealcoy.es\/es\/cuantas-plazas-de-aparcamiento-contempla-la-primera-fase-del-parking-de-la-riba\/#breadcrumb"},"inLanguage":"es","potentialAction":[{"@type":"ReadAction","target":["https:\/\/www.copealcoy.es\/es\/cuantas-plazas-de-aparcamiento-contempla-la-primera-fase-del-parking-de-la-riba\/"]}]},{"@type":"ImageObject","inLanguage":"es","@id":"https:\/\/www.copealcoy.es\/es\/cuantas-plazas-de-aparcamiento-contempla-la-primera-fase-del-parking-de-la-riba\/#primaryimage","url":"https:\/\/www.copealcoy.es\/wp-content\/uploads\/2022\/12\/Aparcamiento-de-La-Riba.jpg","contentUrl":"https:\/\/www.copealcoy.es\/wp-content\/uploads\/2022\/12\/Aparcamiento-de-La-Riba.jpg","width":1013,"height":562},{"@type":"BreadcrumbList","@id":"https:\/\/www.copealcoy.es\/es\/cuantas-plazas-de-aparcamiento-contempla-la-primera-fase-del-parking-de-la-riba\/#breadcrumb","itemListElement":[{"@type":"ListItem","position":1,"name":"Portada","item":"https:\/\/www.copealcoy.es\/es\/"},{"@type":"ListItem","position":2,"name":"\u00bfCu\u00e1ntas plazas de aparcamiento contempla la primera fase del parking de La Riba?"}]},{"@type":"WebSite","@id":"https:\/\/www.copealcoy.es\/es\/#website","url":"https:\/\/www.copealcoy.es\/es\/","name":"COPE Alcoy","description":"Emisora COPE de radio local con emisi\u00f3n online. Pont de Sant Jordi 8-10 03803 Alcoy","potentialAction":[{"@type":"SearchAction","target":{"@type":"EntryPoint","urlTemplate":"https:\/\/www.copealcoy.es\/es\/?s={search_term_string}"},"query-input":{"@type":"PropertyValueSpecification","valueRequired":true,"valueName":"search_term_string"}}],"inLanguage":"es"},{"@type":"Person","@id":"https:\/\/www.copealcoy.es\/es\/#\/schema\/person\/e777c87fa024e57d40170af9df39882c","name":"Cope Alcoy","image":{"@type":"ImageObject","inLanguage":"es","@id":"https:\/\/secure.gravatar.com\/avatar\/bb65d0283347e303893ba14f0692005417c1e0e690a325a4c5d8bb2b3943ee14?s=96&d=mm&r=g","url":"https:\/\/secure.gravatar.com\/avatar\/bb65d0283347e303893ba14f0692005417c1e0e690a325a4c5d8bb2b3943ee14?s=96&d=mm&r=g","contentUrl":"https:\/\/secure.gravatar.com\/avatar\/bb65d0283347e303893ba14f0692005417c1e0e690a325a4c5d8bb2b3943ee14?s=96&d=mm&r=g","caption":"Cope Alcoy"}}]}},"_links":{"self":[{"href":"https:\/\/www.copealcoy.es\/es\/wp-json\/wp\/v2\/posts\/112445","targetHints":{"allow":["GET"]}}],"collection":[{"href":"https:\/\/www.copealcoy.es\/es\/wp-json\/wp\/v2\/posts"}],"about":[{"href":"https:\/\/www.copealcoy.es\/es\/wp-json\/wp\/v2\/types\/post"}],"author":[{"embeddable":true,"href":"https:\/\/www.copealcoy.es\/es\/wp-json\/wp\/v2\/users\/1"}],"replies":[{"embeddable":true,"href":"https:\/\/www.copealcoy.es\/es\/wp-json\/wp\/v2\/comments?post=112445"}],"version-history":[{"count":0,"href":"https:\/\/www.copealcoy.es\/es\/wp-json\/wp\/v2\/posts\/112445\/revisions"}],"wp:featuredmedia":[{"embeddable":true,"href":"https:\/\/www.copealcoy.es\/es\/wp-json\/wp\/v2\/media\/95781"}],"wp:attachment":[{"href":"https:\/\/www.copealcoy.es\/es\/wp-json\/wp\/v2\/media?parent=112445"}],"wp:term":[{"taxonomy":"category","embeddable":true,"href":"https:\/\/www.copealcoy.es\/es\/wp-json\/wp\/v2\/categories?post=112445"},{"taxonomy":"post_tag","embeddable":true,"href":"https:\/\/www.copealcoy.es\/es\/wp-json\/wp\/v2\/tags?post=112445"}],"curies":[{"name":"wp","href":"https:\/\/api.w.org\/{rel}","templated":true}]}}