{"id":112431,"date":"2023-03-22T08:00:29","date_gmt":"2023-03-22T07:00:29","guid":{"rendered":"https:\/\/www.copealcoy.es\/?p=112431"},"modified":"2023-03-22T09:32:15","modified_gmt":"2023-03-22T08:32:15","slug":"el-rotary-club-reconcoe-la-labor-humanitaria-de-asociaciones-de-alcoy-y-comarca","status":"publish","type":"post","link":"https:\/\/www.copealcoy.es\/es\/el-rotary-club-reconcoe-la-labor-humanitaria-de-asociaciones-de-alcoy-y-comarca\/","title":{"rendered":"El Rotary Club reconoce la labor humanitaria de asociaciones de Alcoy y comarca"},"content":{"rendered":"<p style=\"text-align: justify;\">La labor humanitaria de varias de las asociaciones de la ciudad y de la comarca ha sido puesta en valor en los <strong>IV Premios Valora<\/strong>, que organiza el <strong>Rotary Club Alcoy Font Roja<\/strong>.<\/p>\n<p style=\"text-align: justify;\">En esta edici\u00f3n,<strong> los galardonados han sido la Asociaci\u00f3n de familiares y amigos de enfermos de Alzheimer de Alcoy y Comarca (AFA Alcoy) y Novaterra Jove<\/strong> -que han ganado los premios Valora y Valora J\u00fanior, respectivamente-. Los galardones fueron entregados por <strong>Aranza de Gracia<\/strong>, edil de Pol\u00edticas Inclusivas, Igualdad e Infancia y Adolescencia, y por <strong>Rafa Dom\u00e9nech<\/strong>, presidente del club rotario, en un acto celebrado el pasado 11 de marzo.<\/p>\n<p style=\"text-align: justify;\">Pero no solo estas dos asociaciones fueron reconocidas en esta ceremonia, en la que estuvieron presentes autoridades del Ayuntamiento de Alcoy, partidos pol\u00edticos y representantes de distintas entidades ben\u00e9ficas. El Rotary Club quiso destacar tambi\u00e9n la labor que, con fines solidarios, realizan <strong>el Ayuntamiento de Alcoy, la Asociaci\u00f3n Cultural Samarita, Cruz Roja, el Colegio La Salle, el Mercat Sant Roc, el Centro C. Alzamora, el PAE D. Bosco, Javier Molt\u00f3 -del Grupo Molcan-, Javi Matarredona, Miquel Peidro, la Fundaci\u00f3n Crecer Jugando, la EPSA y la Fundaci\u00f3n Medicus Mundi Meditarr\u00e1neo<\/strong>.<\/p>\n<p style=\"text-align: justify;\"><span style=\"color: #0000ff;\"><strong>El compromiso del Rotary Club<\/strong><\/span><\/p>\n<p style=\"text-align: justify;\">Tambi\u00e9n el club rotario record\u00f3 algunas de las actividades solidarias que llevan a cabo. Entre ellas, el reparto de juegos para ni\u00f1os de la beneficencia y otras entidades, facilitar Alimento Fresco a familias que luchan por salir de su dif\u00edcil situaci\u00f3n -con la colaboraci\u00f3n de Cruz Roja, el Mercat de Sant Roc y el apoyo de muchos de los colaboradores de club con su Carnet Solidario-, ampliar el centro PAE D. Bosco de formaci\u00f3n y protecci\u00f3n de menores en riesgo de exclusi\u00f3n social&#8230;<\/p>\n<p style=\"text-align: justify;\"><span style=\"color: #0000ff;\"><strong>Los galardonados<\/strong><\/span><\/p>\n<p style=\"text-align: justify;\">AFA Alcoy lleva varios a\u00f1os ayudando y facilitando <strong>herramientas y servicios a los enfermos de Alzheimer y a sus familias<\/strong>. Y no solo una ayuda econ\u00f3mica, tambi\u00e9n prestan apoyo para los familiares y afectados por este trastorno.<\/p>\n<p style=\"text-align: justify;\">NovaTerra Jove es un proyecto que busca <strong>potenciar el empleo de los j\u00f3venes con dificultades de integraci\u00f3n social<\/strong> que, por determinadas circunstancias, no estudian ni trabajan.<\/p>\n","protected":false},"excerpt":{"rendered":"<p>La labor humanitaria de varias de las asociaciones de la ciudad y de la comarca ha sido puesta en valor&#8230;<\/p>\n","protected":false},"author":1,"featured_media":112450,"comment_status":"open","ping_status":"open","sticky":false,"template":"","format":"standard","meta":{"footnotes":""},"categories":[6909,97,75],"tags":[14305,14311,11425,11560],"class_list":["post-112431","post","type-post","status-publish","format-standard","has-post-thumbnail","hentry","category-actualidad","category-alcoy","category-noticias","tag-afa-alcoy","tag-novaterra-jove-2","tag-premios-valora","tag-rotary-club-alcoy"],"yoast_head":"<!-- This site is optimized with the Yoast SEO plugin v27.3 - https:\/\/yoast.com\/product\/yoast-seo-wordpress\/ -->\n<title>El Rotary Club reconoce la labor humanitaria de asociaciones de Alcoy y comarca - COPE Alcoy<\/title>\n<meta name=\"description\" content=\"La labor humanitaria de varias de las asociaciones de la ciudad y de la comarca ha sido puesta en valor en los IV Premios Valora, que organiza el Rotary Club Alcoy Font Roja.\" \/>\n<meta name=\"robots\" content=\"index, follow, max-snippet:-1, max-image-preview:large, max-video-preview:-1\" \/>\n<link rel=\"canonical\" href=\"https:\/\/www.copealcoy.es\/es\/el-rotary-club-reconcoe-la-labor-humanitaria-de-asociaciones-de-alcoy-y-comarca\/\" \/>\n<meta property=\"og:locale\" content=\"es_ES\" \/>\n<meta property=\"og:type\" content=\"article\" \/>\n<meta property=\"og:title\" content=\"El Rotary Club reconoce la labor humanitaria de asociaciones de Alcoy y comarca - COPE Alcoy\" \/>\n<meta property=\"og:description\" content=\"La labor humanitaria de varias de las asociaciones de la ciudad y de la comarca ha sido puesta en valor en los IV Premios Valora, que organiza el Rotary Club Alcoy Font Roja.\" \/>\n<meta property=\"og:url\" content=\"https:\/\/www.copealcoy.es\/es\/el-rotary-club-reconcoe-la-labor-humanitaria-de-asociaciones-de-alcoy-y-comarca\/\" \/>\n<meta property=\"og:site_name\" content=\"COPE Alcoy\" \/>\n<meta property=\"article:published_time\" content=\"2023-03-22T07:00:29+00:00\" \/>\n<meta property=\"article:modified_time\" content=\"2023-03-22T08:32:15+00:00\" \/>\n<meta property=\"og:image\" content=\"https:\/\/www.copealcoy.es\/wp-content\/uploads\/2023\/03\/WhatsApp-Image-2023-03-21-at-11.08.37-scaled.jpeg\" \/>\n\t<meta property=\"og:image:width\" content=\"1440\" \/>\n\t<meta property=\"og:image:height\" content=\"1080\" \/>\n\t<meta property=\"og:image:type\" content=\"image\/jpeg\" \/>\n<meta name=\"author\" content=\"Cope Alcoy\" \/>\n<meta name=\"twitter:label1\" content=\"Escrito por\" \/>\n\t<meta name=\"twitter:data1\" content=\"Cope Alcoy\" \/>\n\t<meta name=\"twitter:label2\" content=\"Tiempo de lectura\" \/>\n\t<meta name=\"twitter:data2\" content=\"2 minutos\" \/>\n<script type=\"application\/ld+json\" class=\"yoast-schema-graph\">{\"@context\":\"https:\\\/\\\/schema.org\",\"@graph\":[{\"@type\":\"Article\",\"@id\":\"https:\\\/\\\/www.copealcoy.es\\\/es\\\/el-rotary-club-reconcoe-la-labor-humanitaria-de-asociaciones-de-alcoy-y-comarca\\\/#article\",\"isPartOf\":{\"@id\":\"https:\\\/\\\/www.copealcoy.es\\\/es\\\/el-rotary-club-reconcoe-la-labor-humanitaria-de-asociaciones-de-alcoy-y-comarca\\\/\"},\"author\":{\"name\":\"Cope Alcoy\",\"@id\":\"https:\\\/\\\/www.copealcoy.es\\\/es\\\/#\\\/schema\\\/person\\\/e777c87fa024e57d40170af9df39882c\"},\"headline\":\"El Rotary Club reconoce la labor humanitaria de asociaciones de Alcoy y comarca\",\"datePublished\":\"2023-03-22T07:00:29+00:00\",\"dateModified\":\"2023-03-22T08:32:15+00:00\",\"mainEntityOfPage\":{\"@id\":\"https:\\\/\\\/www.copealcoy.es\\\/es\\\/el-rotary-club-reconcoe-la-labor-humanitaria-de-asociaciones-de-alcoy-y-comarca\\\/\"},\"wordCount\":382,\"commentCount\":0,\"image\":{\"@id\":\"https:\\\/\\\/www.copealcoy.es\\\/es\\\/el-rotary-club-reconcoe-la-labor-humanitaria-de-asociaciones-de-alcoy-y-comarca\\\/#primaryimage\"},\"thumbnailUrl\":\"https:\\\/\\\/www.copealcoy.es\\\/wp-content\\\/uploads\\\/2023\\\/03\\\/WhatsApp-Image-2023-03-21-at-11.08.37-scaled.jpeg\",\"keywords\":[\"AFA Alcoy\",\"Novaterra Jove\",\"Premios Valora\",\"Rotary Club Alcoy\"],\"articleSection\":[\"Actualidad\",\"Alcoy\",\"Noticias\"],\"inLanguage\":\"es\"},{\"@type\":\"WebPage\",\"@id\":\"https:\\\/\\\/www.copealcoy.es\\\/es\\\/el-rotary-club-reconcoe-la-labor-humanitaria-de-asociaciones-de-alcoy-y-comarca\\\/\",\"url\":\"https:\\\/\\\/www.copealcoy.es\\\/es\\\/el-rotary-club-reconcoe-la-labor-humanitaria-de-asociaciones-de-alcoy-y-comarca\\\/\",\"name\":\"El Rotary Club reconoce la labor humanitaria de asociaciones de Alcoy y comarca - COPE Alcoy\",\"isPartOf\":{\"@id\":\"https:\\\/\\\/www.copealcoy.es\\\/es\\\/#website\"},\"primaryImageOfPage\":{\"@id\":\"https:\\\/\\\/www.copealcoy.es\\\/es\\\/el-rotary-club-reconcoe-la-labor-humanitaria-de-asociaciones-de-alcoy-y-comarca\\\/#primaryimage\"},\"image\":{\"@id\":\"https:\\\/\\\/www.copealcoy.es\\\/es\\\/el-rotary-club-reconcoe-la-labor-humanitaria-de-asociaciones-de-alcoy-y-comarca\\\/#primaryimage\"},\"thumbnailUrl\":\"https:\\\/\\\/www.copealcoy.es\\\/wp-content\\\/uploads\\\/2023\\\/03\\\/WhatsApp-Image-2023-03-21-at-11.08.37-scaled.jpeg\",\"datePublished\":\"2023-03-22T07:00:29+00:00\",\"dateModified\":\"2023-03-22T08:32:15+00:00\",\"author\":{\"@id\":\"https:\\\/\\\/www.copealcoy.es\\\/es\\\/#\\\/schema\\\/person\\\/e777c87fa024e57d40170af9df39882c\"},\"description\":\"La labor humanitaria de varias de las asociaciones de la ciudad y de la comarca ha sido puesta en valor en los IV Premios Valora, que organiza el Rotary Club Alcoy Font Roja.\",\"breadcrumb\":{\"@id\":\"https:\\\/\\\/www.copealcoy.es\\\/es\\\/el-rotary-club-reconcoe-la-labor-humanitaria-de-asociaciones-de-alcoy-y-comarca\\\/#breadcrumb\"},\"inLanguage\":\"es\",\"potentialAction\":[{\"@type\":\"ReadAction\",\"target\":[\"https:\\\/\\\/www.copealcoy.es\\\/es\\\/el-rotary-club-reconcoe-la-labor-humanitaria-de-asociaciones-de-alcoy-y-comarca\\\/\"]}]},{\"@type\":\"ImageObject\",\"inLanguage\":\"es\",\"@id\":\"https:\\\/\\\/www.copealcoy.es\\\/es\\\/el-rotary-club-reconcoe-la-labor-humanitaria-de-asociaciones-de-alcoy-y-comarca\\\/#primaryimage\",\"url\":\"https:\\\/\\\/www.copealcoy.es\\\/wp-content\\\/uploads\\\/2023\\\/03\\\/WhatsApp-Image-2023-03-21-at-11.08.37-scaled.jpeg\",\"contentUrl\":\"https:\\\/\\\/www.copealcoy.es\\\/wp-content\\\/uploads\\\/2023\\\/03\\\/WhatsApp-Image-2023-03-21-at-11.08.37-scaled.jpeg\",\"width\":1440,\"height\":1080},{\"@type\":\"BreadcrumbList\",\"@id\":\"https:\\\/\\\/www.copealcoy.es\\\/es\\\/el-rotary-club-reconcoe-la-labor-humanitaria-de-asociaciones-de-alcoy-y-comarca\\\/#breadcrumb\",\"itemListElement\":[{\"@type\":\"ListItem\",\"position\":1,\"name\":\"Portada\",\"item\":\"https:\\\/\\\/www.copealcoy.es\\\/es\\\/\"},{\"@type\":\"ListItem\",\"position\":2,\"name\":\"El Rotary Club reconoce la labor humanitaria de asociaciones de Alcoy y comarca\"}]},{\"@type\":\"WebSite\",\"@id\":\"https:\\\/\\\/www.copealcoy.es\\\/es\\\/#website\",\"url\":\"https:\\\/\\\/www.copealcoy.es\\\/es\\\/\",\"name\":\"COPE Alcoy\",\"description\":\"Emisora COPE de radio local con emisi\u00f3n online. Pont de Sant Jordi 8-10 03803 Alcoy\",\"potentialAction\":[{\"@type\":\"SearchAction\",\"target\":{\"@type\":\"EntryPoint\",\"urlTemplate\":\"https:\\\/\\\/www.copealcoy.es\\\/es\\\/?s={search_term_string}\"},\"query-input\":{\"@type\":\"PropertyValueSpecification\",\"valueRequired\":true,\"valueName\":\"search_term_string\"}}],\"inLanguage\":\"es\"},{\"@type\":\"Person\",\"@id\":\"https:\\\/\\\/www.copealcoy.es\\\/es\\\/#\\\/schema\\\/person\\\/e777c87fa024e57d40170af9df39882c\",\"name\":\"Cope Alcoy\",\"image\":{\"@type\":\"ImageObject\",\"inLanguage\":\"es\",\"@id\":\"https:\\\/\\\/secure.gravatar.com\\\/avatar\\\/bb65d0283347e303893ba14f0692005417c1e0e690a325a4c5d8bb2b3943ee14?s=96&d=mm&r=g\",\"url\":\"https:\\\/\\\/secure.gravatar.com\\\/avatar\\\/bb65d0283347e303893ba14f0692005417c1e0e690a325a4c5d8bb2b3943ee14?s=96&d=mm&r=g\",\"contentUrl\":\"https:\\\/\\\/secure.gravatar.com\\\/avatar\\\/bb65d0283347e303893ba14f0692005417c1e0e690a325a4c5d8bb2b3943ee14?s=96&d=mm&r=g\",\"caption\":\"Cope Alcoy\"}}]}<\/script>\n<!-- \/ Yoast SEO plugin. -->","yoast_head_json":{"title":"El Rotary Club reconoce la labor humanitaria de asociaciones de Alcoy y comarca - COPE Alcoy","description":"La labor humanitaria de varias de las asociaciones de la ciudad y de la comarca ha sido puesta en valor en los IV Premios Valora, que organiza el Rotary Club Alcoy Font Roja.","robots":{"index":"index","follow":"follow","max-snippet":"max-snippet:-1","max-image-preview":"max-image-preview:large","max-video-preview":"max-video-preview:-1"},"canonical":"https:\/\/www.copealcoy.es\/es\/el-rotary-club-reconcoe-la-labor-humanitaria-de-asociaciones-de-alcoy-y-comarca\/","og_locale":"es_ES","og_type":"article","og_title":"El Rotary Club reconoce la labor humanitaria de asociaciones de Alcoy y comarca - COPE Alcoy","og_description":"La labor humanitaria de varias de las asociaciones de la ciudad y de la comarca ha sido puesta en valor en los IV Premios Valora, que organiza el Rotary Club Alcoy Font Roja.","og_url":"https:\/\/www.copealcoy.es\/es\/el-rotary-club-reconcoe-la-labor-humanitaria-de-asociaciones-de-alcoy-y-comarca\/","og_site_name":"COPE Alcoy","article_published_time":"2023-03-22T07:00:29+00:00","article_modified_time":"2023-03-22T08:32:15+00:00","og_image":[{"width":1440,"height":1080,"url":"https:\/\/www.copealcoy.es\/wp-content\/uploads\/2023\/03\/WhatsApp-Image-2023-03-21-at-11.08.37-scaled.jpeg","type":"image\/jpeg"}],"author":"Cope Alcoy","twitter_misc":{"Escrito por":"Cope Alcoy","Tiempo de lectura":"2 minutos"},"schema":{"@context":"https:\/\/schema.org","@graph":[{"@type":"Article","@id":"https:\/\/www.copealcoy.es\/es\/el-rotary-club-reconcoe-la-labor-humanitaria-de-asociaciones-de-alcoy-y-comarca\/#article","isPartOf":{"@id":"https:\/\/www.copealcoy.es\/es\/el-rotary-club-reconcoe-la-labor-humanitaria-de-asociaciones-de-alcoy-y-comarca\/"},"author":{"name":"Cope Alcoy","@id":"https:\/\/www.copealcoy.es\/es\/#\/schema\/person\/e777c87fa024e57d40170af9df39882c"},"headline":"El Rotary Club reconoce la labor humanitaria de asociaciones de Alcoy y comarca","datePublished":"2023-03-22T07:00:29+00:00","dateModified":"2023-03-22T08:32:15+00:00","mainEntityOfPage":{"@id":"https:\/\/www.copealcoy.es\/es\/el-rotary-club-reconcoe-la-labor-humanitaria-de-asociaciones-de-alcoy-y-comarca\/"},"wordCount":382,"commentCount":0,"image":{"@id":"https:\/\/www.copealcoy.es\/es\/el-rotary-club-reconcoe-la-labor-humanitaria-de-asociaciones-de-alcoy-y-comarca\/#primaryimage"},"thumbnailUrl":"https:\/\/www.copealcoy.es\/wp-content\/uploads\/2023\/03\/WhatsApp-Image-2023-03-21-at-11.08.37-scaled.jpeg","keywords":["AFA Alcoy","Novaterra Jove","Premios Valora","Rotary Club Alcoy"],"articleSection":["Actualidad","Alcoy","Noticias"],"inLanguage":"es"},{"@type":"WebPage","@id":"https:\/\/www.copealcoy.es\/es\/el-rotary-club-reconcoe-la-labor-humanitaria-de-asociaciones-de-alcoy-y-comarca\/","url":"https:\/\/www.copealcoy.es\/es\/el-rotary-club-reconcoe-la-labor-humanitaria-de-asociaciones-de-alcoy-y-comarca\/","name":"El Rotary Club reconoce la labor humanitaria de asociaciones de Alcoy y comarca - COPE Alcoy","isPartOf":{"@id":"https:\/\/www.copealcoy.es\/es\/#website"},"primaryImageOfPage":{"@id":"https:\/\/www.copealcoy.es\/es\/el-rotary-club-reconcoe-la-labor-humanitaria-de-asociaciones-de-alcoy-y-comarca\/#primaryimage"},"image":{"@id":"https:\/\/www.copealcoy.es\/es\/el-rotary-club-reconcoe-la-labor-humanitaria-de-asociaciones-de-alcoy-y-comarca\/#primaryimage"},"thumbnailUrl":"https:\/\/www.copealcoy.es\/wp-content\/uploads\/2023\/03\/WhatsApp-Image-2023-03-21-at-11.08.37-scaled.jpeg","datePublished":"2023-03-22T07:00:29+00:00","dateModified":"2023-03-22T08:32:15+00:00","author":{"@id":"https:\/\/www.copealcoy.es\/es\/#\/schema\/person\/e777c87fa024e57d40170af9df39882c"},"description":"La labor humanitaria de varias de las asociaciones de la ciudad y de la comarca ha sido puesta en valor en los IV Premios Valora, que organiza el Rotary Club Alcoy Font Roja.","breadcrumb":{"@id":"https:\/\/www.copealcoy.es\/es\/el-rotary-club-reconcoe-la-labor-humanitaria-de-asociaciones-de-alcoy-y-comarca\/#breadcrumb"},"inLanguage":"es","potentialAction":[{"@type":"ReadAction","target":["https:\/\/www.copealcoy.es\/es\/el-rotary-club-reconcoe-la-labor-humanitaria-de-asociaciones-de-alcoy-y-comarca\/"]}]},{"@type":"ImageObject","inLanguage":"es","@id":"https:\/\/www.copealcoy.es\/es\/el-rotary-club-reconcoe-la-labor-humanitaria-de-asociaciones-de-alcoy-y-comarca\/#primaryimage","url":"https:\/\/www.copealcoy.es\/wp-content\/uploads\/2023\/03\/WhatsApp-Image-2023-03-21-at-11.08.37-scaled.jpeg","contentUrl":"https:\/\/www.copealcoy.es\/wp-content\/uploads\/2023\/03\/WhatsApp-Image-2023-03-21-at-11.08.37-scaled.jpeg","width":1440,"height":1080},{"@type":"BreadcrumbList","@id":"https:\/\/www.copealcoy.es\/es\/el-rotary-club-reconcoe-la-labor-humanitaria-de-asociaciones-de-alcoy-y-comarca\/#breadcrumb","itemListElement":[{"@type":"ListItem","position":1,"name":"Portada","item":"https:\/\/www.copealcoy.es\/es\/"},{"@type":"ListItem","position":2,"name":"El Rotary Club reconoce la labor humanitaria de asociaciones de Alcoy y comarca"}]},{"@type":"WebSite","@id":"https:\/\/www.copealcoy.es\/es\/#website","url":"https:\/\/www.copealcoy.es\/es\/","name":"COPE Alcoy","description":"Emisora COPE de radio local con emisi\u00f3n online. Pont de Sant Jordi 8-10 03803 Alcoy","potentialAction":[{"@type":"SearchAction","target":{"@type":"EntryPoint","urlTemplate":"https:\/\/www.copealcoy.es\/es\/?s={search_term_string}"},"query-input":{"@type":"PropertyValueSpecification","valueRequired":true,"valueName":"search_term_string"}}],"inLanguage":"es"},{"@type":"Person","@id":"https:\/\/www.copealcoy.es\/es\/#\/schema\/person\/e777c87fa024e57d40170af9df39882c","name":"Cope Alcoy","image":{"@type":"ImageObject","inLanguage":"es","@id":"https:\/\/secure.gravatar.com\/avatar\/bb65d0283347e303893ba14f0692005417c1e0e690a325a4c5d8bb2b3943ee14?s=96&d=mm&r=g","url":"https:\/\/secure.gravatar.com\/avatar\/bb65d0283347e303893ba14f0692005417c1e0e690a325a4c5d8bb2b3943ee14?s=96&d=mm&r=g","contentUrl":"https:\/\/secure.gravatar.com\/avatar\/bb65d0283347e303893ba14f0692005417c1e0e690a325a4c5d8bb2b3943ee14?s=96&d=mm&r=g","caption":"Cope Alcoy"}}]}},"_links":{"self":[{"href":"https:\/\/www.copealcoy.es\/es\/wp-json\/wp\/v2\/posts\/112431","targetHints":{"allow":["GET"]}}],"collection":[{"href":"https:\/\/www.copealcoy.es\/es\/wp-json\/wp\/v2\/posts"}],"about":[{"href":"https:\/\/www.copealcoy.es\/es\/wp-json\/wp\/v2\/types\/post"}],"author":[{"embeddable":true,"href":"https:\/\/www.copealcoy.es\/es\/wp-json\/wp\/v2\/users\/1"}],"replies":[{"embeddable":true,"href":"https:\/\/www.copealcoy.es\/es\/wp-json\/wp\/v2\/comments?post=112431"}],"version-history":[{"count":0,"href":"https:\/\/www.copealcoy.es\/es\/wp-json\/wp\/v2\/posts\/112431\/revisions"}],"wp:featuredmedia":[{"embeddable":true,"href":"https:\/\/www.copealcoy.es\/es\/wp-json\/wp\/v2\/media\/112450"}],"wp:attachment":[{"href":"https:\/\/www.copealcoy.es\/es\/wp-json\/wp\/v2\/media?parent=112431"}],"wp:term":[{"taxonomy":"category","embeddable":true,"href":"https:\/\/www.copealcoy.es\/es\/wp-json\/wp\/v2\/categories?post=112431"},{"taxonomy":"post_tag","embeddable":true,"href":"https:\/\/www.copealcoy.es\/es\/wp-json\/wp\/v2\/tags?post=112431"}],"curies":[{"name":"wp","href":"https:\/\/api.w.org\/{rel}","templated":true}]}}