{"id":112405,"date":"2023-03-21T08:00:20","date_gmt":"2023-03-21T07:00:20","guid":{"rendered":"https:\/\/www.copealcoy.es\/?p=112405"},"modified":"2023-03-21T10:42:03","modified_gmt":"2023-03-21T09:42:03","slug":"condenado-un-agente-de-la-policia-nacional-por-robar-droga-confiscada-en-alcoy","status":"publish","type":"post","link":"https:\/\/www.copealcoy.es\/es\/condenado-un-agente-de-la-policia-nacional-por-robar-droga-confiscada-en-alcoy\/","title":{"rendered":"Condenado un agente de la Polic\u00eda Nacional por robar droga confiscada en Alcoy"},"content":{"rendered":"<p style=\"text-align: justify;\">Un <strong>agente de la Polic\u00eda Nacional<\/strong> de la Comisar\u00eda de Alcoy ha sido declarado culpable por <strong>sustraer droga que se encontraba confiscada<\/strong> en la Comisar\u00eda de la calle Per\u00fa.<\/p>\n<p style=\"text-align: justify;\">Los hechos tuvieron lugar hace m\u00e1s de dos a\u00f1os y ha sido un jurado popular el que ha emitido el veredicto . El juicio, que se ha celebrado en la <strong>Audiencia Provincial de Alicante<\/strong>, <strong>ha quedado visto para sentencia<\/strong>.<\/p>\n<p style=\"text-align: justify;\">Tras la deliberaci\u00f3n, el jurado ha concluido que \u00fanicamente pod\u00eda considerarse demostrado el robo en dos d\u00edas, 24 y 25 de septiembre de 2020. Estos hechos fueron reconocidos por el propio agente en su declaraci\u00f3n ante el Juzgado de Instrucci\u00f3n tras ser detenido. Sin embargo, <strong>no se ha dado credibilidad al testimonio del acusado durante el juicio<\/strong>. El polic\u00eda asegur\u00f3 que se hab\u00eda arrepentido de coger las papelinas y que las hab\u00eda devuelto.<\/p>\n<p style=\"text-align: justify;\">El jurado tambi\u00e9n ha concluido que una prueba fundamental es que <strong>el robo qued\u00f3 registrado en las c\u00e1maras de vigilancia<\/strong> instaladas en las dependencias donde se custodiaba la droga.<\/p>\n<p style=\"text-align: justify;\"><strong>La Fiscal\u00eda pide cuatro a\u00f1os de prisi\u00f3n<\/strong><\/p>\n<p style=\"text-align: justify;\">Tras la lectura del veredicto, <strong>la Fiscal\u00eda\u00a0<\/strong>sigue considerando que se trata de un delito continuado -al registrarse en dos d\u00edas distintos- y ha ratificado<strong> su solicitud de cuatro a\u00f1os de prisi\u00f3n (el m\u00e1ximo previsto) y seis de inhabilitaci\u00f3n <\/strong>en el desempe\u00f1o de su profesi\u00f3n para el agente. <strong>El jurado<\/strong>, en cambio, se ha mostrado favorable -con cinco de los nueve votos- a la <strong>concesi\u00f3n del indulto<\/strong> para el condenado y la suspensi\u00f3n de la pena.<\/p>\n<p style=\"text-align: justify;\">Por su parte, <strong>el abogado defensor aleg\u00f3 que no se hab\u00eda cometido realmente un delito<\/strong>, ya que las papelinas sustra\u00eddas no conten\u00edan droga, sino una sustancia sustitutiva colocada por los investigadores como se\u00f1uelo -al conocerse el robo de dosis anteriores-. Y en caso de no admitirse esta consideraci\u00f3n, el letrado incidi\u00f3 en que la sentencia que se dictara deb\u00eda declarar al acusado culpable pero en grado de tentativa al no haberse sustra\u00eddo la droga que deb\u00eda custodiarse.<\/p>\n","protected":false},"excerpt":{"rendered":"<p>Un agente de la Polic\u00eda Nacional de la Comisar\u00eda de Alcoy ha sido declarado culpable por sustraer droga que se&#8230;<\/p>\n","protected":false},"author":1,"featured_media":90182,"comment_status":"open","ping_status":"open","sticky":false,"template":"","format":"standard","meta":{"footnotes":""},"categories":[6909,97,75,125,80],"tags":[1494,10918,14302,4297],"class_list":["post-112405","post","type-post","status-publish","format-standard","has-post-thumbnail","hentry","category-actualidad","category-alcoy","category-noticias","category-portada","category-sucesos","tag-alcoy","tag-droga","tag-juicio","tag-robo"],"yoast_head":"<!-- This site is optimized with the Yoast SEO plugin v27.3 - https:\/\/yoast.com\/product\/yoast-seo-wordpress\/ -->\n<title>Condenado un agente de la Polic\u00eda Nacional por robar droga confiscada en Alcoy - COPE Alcoy<\/title>\n<meta name=\"description\" content=\"Un agente de la Polic\u00eda Nacional de la Comisar\u00eda de Alcoy ha sido declarado culpable por sustraer droga que se encontraba confiscada en la Comisar\u00eda de la calle Per\u00fa.\" \/>\n<meta name=\"robots\" content=\"index, follow, max-snippet:-1, max-image-preview:large, max-video-preview:-1\" \/>\n<link rel=\"canonical\" href=\"https:\/\/www.copealcoy.es\/es\/condenado-un-agente-de-la-policia-nacional-por-robar-droga-confiscada-en-alcoy\/\" \/>\n<meta property=\"og:locale\" content=\"es_ES\" \/>\n<meta property=\"og:type\" content=\"article\" \/>\n<meta property=\"og:title\" content=\"Condenado un agente de la Polic\u00eda Nacional por robar droga confiscada en Alcoy - COPE Alcoy\" \/>\n<meta property=\"og:description\" content=\"Un agente de la Polic\u00eda Nacional de la Comisar\u00eda de Alcoy ha sido declarado culpable por sustraer droga que se encontraba confiscada en la Comisar\u00eda de la calle Per\u00fa.\" \/>\n<meta property=\"og:url\" content=\"https:\/\/www.copealcoy.es\/es\/condenado-un-agente-de-la-policia-nacional-por-robar-droga-confiscada-en-alcoy\/\" \/>\n<meta property=\"og:site_name\" content=\"COPE Alcoy\" \/>\n<meta property=\"article:published_time\" content=\"2023-03-21T07:00:20+00:00\" \/>\n<meta property=\"article:modified_time\" content=\"2023-03-21T09:42:03+00:00\" \/>\n<meta property=\"og:image\" content=\"https:\/\/www.copealcoy.es\/wp-content\/uploads\/2022\/07\/Foto-Archivo-Alcoy-scaled-e1662441708882.jpg\" \/>\n\t<meta property=\"og:image:width\" content=\"640\" \/>\n\t<meta property=\"og:image:height\" content=\"603\" \/>\n\t<meta property=\"og:image:type\" content=\"image\/jpeg\" \/>\n<meta name=\"author\" content=\"Cope Alcoy\" \/>\n<meta name=\"twitter:label1\" content=\"Escrito por\" \/>\n\t<meta name=\"twitter:data1\" content=\"Cope Alcoy\" \/>\n\t<meta name=\"twitter:label2\" content=\"Tiempo de lectura\" \/>\n\t<meta name=\"twitter:data2\" content=\"2 minutos\" \/>\n<script type=\"application\/ld+json\" class=\"yoast-schema-graph\">{\"@context\":\"https:\\\/\\\/schema.org\",\"@graph\":[{\"@type\":\"Article\",\"@id\":\"https:\\\/\\\/www.copealcoy.es\\\/es\\\/condenado-un-agente-de-la-policia-nacional-por-robar-droga-confiscada-en-alcoy\\\/#article\",\"isPartOf\":{\"@id\":\"https:\\\/\\\/www.copealcoy.es\\\/es\\\/condenado-un-agente-de-la-policia-nacional-por-robar-droga-confiscada-en-alcoy\\\/\"},\"author\":{\"name\":\"Cope Alcoy\",\"@id\":\"https:\\\/\\\/www.copealcoy.es\\\/es\\\/#\\\/schema\\\/person\\\/e777c87fa024e57d40170af9df39882c\"},\"headline\":\"Condenado un agente de la Polic\u00eda Nacional por robar droga confiscada en Alcoy\",\"datePublished\":\"2023-03-21T07:00:20+00:00\",\"dateModified\":\"2023-03-21T09:42:03+00:00\",\"mainEntityOfPage\":{\"@id\":\"https:\\\/\\\/www.copealcoy.es\\\/es\\\/condenado-un-agente-de-la-policia-nacional-por-robar-droga-confiscada-en-alcoy\\\/\"},\"wordCount\":376,\"commentCount\":0,\"image\":{\"@id\":\"https:\\\/\\\/www.copealcoy.es\\\/es\\\/condenado-un-agente-de-la-policia-nacional-por-robar-droga-confiscada-en-alcoy\\\/#primaryimage\"},\"thumbnailUrl\":\"https:\\\/\\\/www.copealcoy.es\\\/wp-content\\\/uploads\\\/2022\\\/07\\\/Foto-Archivo-Alcoy-scaled-e1662441708882.jpg\",\"keywords\":[\"Alcoy\",\"droga\",\"juicio\",\"Robo\"],\"articleSection\":[\"Actualidad\",\"Alcoy\",\"Noticias\",\"Portada\",\"Sucesos\"],\"inLanguage\":\"es\"},{\"@type\":\"WebPage\",\"@id\":\"https:\\\/\\\/www.copealcoy.es\\\/es\\\/condenado-un-agente-de-la-policia-nacional-por-robar-droga-confiscada-en-alcoy\\\/\",\"url\":\"https:\\\/\\\/www.copealcoy.es\\\/es\\\/condenado-un-agente-de-la-policia-nacional-por-robar-droga-confiscada-en-alcoy\\\/\",\"name\":\"Condenado un agente de la Polic\u00eda Nacional por robar droga confiscada en Alcoy - COPE Alcoy\",\"isPartOf\":{\"@id\":\"https:\\\/\\\/www.copealcoy.es\\\/es\\\/#website\"},\"primaryImageOfPage\":{\"@id\":\"https:\\\/\\\/www.copealcoy.es\\\/es\\\/condenado-un-agente-de-la-policia-nacional-por-robar-droga-confiscada-en-alcoy\\\/#primaryimage\"},\"image\":{\"@id\":\"https:\\\/\\\/www.copealcoy.es\\\/es\\\/condenado-un-agente-de-la-policia-nacional-por-robar-droga-confiscada-en-alcoy\\\/#primaryimage\"},\"thumbnailUrl\":\"https:\\\/\\\/www.copealcoy.es\\\/wp-content\\\/uploads\\\/2022\\\/07\\\/Foto-Archivo-Alcoy-scaled-e1662441708882.jpg\",\"datePublished\":\"2023-03-21T07:00:20+00:00\",\"dateModified\":\"2023-03-21T09:42:03+00:00\",\"author\":{\"@id\":\"https:\\\/\\\/www.copealcoy.es\\\/es\\\/#\\\/schema\\\/person\\\/e777c87fa024e57d40170af9df39882c\"},\"description\":\"Un agente de la Polic\u00eda Nacional de la Comisar\u00eda de Alcoy ha sido declarado culpable por sustraer droga que se encontraba confiscada en la Comisar\u00eda de la calle Per\u00fa.\",\"breadcrumb\":{\"@id\":\"https:\\\/\\\/www.copealcoy.es\\\/es\\\/condenado-un-agente-de-la-policia-nacional-por-robar-droga-confiscada-en-alcoy\\\/#breadcrumb\"},\"inLanguage\":\"es\",\"potentialAction\":[{\"@type\":\"ReadAction\",\"target\":[\"https:\\\/\\\/www.copealcoy.es\\\/es\\\/condenado-un-agente-de-la-policia-nacional-por-robar-droga-confiscada-en-alcoy\\\/\"]}]},{\"@type\":\"ImageObject\",\"inLanguage\":\"es\",\"@id\":\"https:\\\/\\\/www.copealcoy.es\\\/es\\\/condenado-un-agente-de-la-policia-nacional-por-robar-droga-confiscada-en-alcoy\\\/#primaryimage\",\"url\":\"https:\\\/\\\/www.copealcoy.es\\\/wp-content\\\/uploads\\\/2022\\\/07\\\/Foto-Archivo-Alcoy-scaled-e1662441708882.jpg\",\"contentUrl\":\"https:\\\/\\\/www.copealcoy.es\\\/wp-content\\\/uploads\\\/2022\\\/07\\\/Foto-Archivo-Alcoy-scaled-e1662441708882.jpg\",\"width\":640,\"height\":603},{\"@type\":\"BreadcrumbList\",\"@id\":\"https:\\\/\\\/www.copealcoy.es\\\/es\\\/condenado-un-agente-de-la-policia-nacional-por-robar-droga-confiscada-en-alcoy\\\/#breadcrumb\",\"itemListElement\":[{\"@type\":\"ListItem\",\"position\":1,\"name\":\"Portada\",\"item\":\"https:\\\/\\\/www.copealcoy.es\\\/es\\\/\"},{\"@type\":\"ListItem\",\"position\":2,\"name\":\"Condenado un agente de la Polic\u00eda Nacional por robar droga confiscada en Alcoy\"}]},{\"@type\":\"WebSite\",\"@id\":\"https:\\\/\\\/www.copealcoy.es\\\/es\\\/#website\",\"url\":\"https:\\\/\\\/www.copealcoy.es\\\/es\\\/\",\"name\":\"COPE Alcoy\",\"description\":\"Emisora COPE de radio local con emisi\u00f3n online. Pont de Sant Jordi 8-10 03803 Alcoy\",\"potentialAction\":[{\"@type\":\"SearchAction\",\"target\":{\"@type\":\"EntryPoint\",\"urlTemplate\":\"https:\\\/\\\/www.copealcoy.es\\\/es\\\/?s={search_term_string}\"},\"query-input\":{\"@type\":\"PropertyValueSpecification\",\"valueRequired\":true,\"valueName\":\"search_term_string\"}}],\"inLanguage\":\"es\"},{\"@type\":\"Person\",\"@id\":\"https:\\\/\\\/www.copealcoy.es\\\/es\\\/#\\\/schema\\\/person\\\/e777c87fa024e57d40170af9df39882c\",\"name\":\"Cope Alcoy\",\"image\":{\"@type\":\"ImageObject\",\"inLanguage\":\"es\",\"@id\":\"https:\\\/\\\/secure.gravatar.com\\\/avatar\\\/bb65d0283347e303893ba14f0692005417c1e0e690a325a4c5d8bb2b3943ee14?s=96&d=mm&r=g\",\"url\":\"https:\\\/\\\/secure.gravatar.com\\\/avatar\\\/bb65d0283347e303893ba14f0692005417c1e0e690a325a4c5d8bb2b3943ee14?s=96&d=mm&r=g\",\"contentUrl\":\"https:\\\/\\\/secure.gravatar.com\\\/avatar\\\/bb65d0283347e303893ba14f0692005417c1e0e690a325a4c5d8bb2b3943ee14?s=96&d=mm&r=g\",\"caption\":\"Cope Alcoy\"}}]}<\/script>\n<!-- \/ Yoast SEO plugin. -->","yoast_head_json":{"title":"Condenado un agente de la Polic\u00eda Nacional por robar droga confiscada en Alcoy - COPE Alcoy","description":"Un agente de la Polic\u00eda Nacional de la Comisar\u00eda de Alcoy ha sido declarado culpable por sustraer droga que se encontraba confiscada en la Comisar\u00eda de la calle Per\u00fa.","robots":{"index":"index","follow":"follow","max-snippet":"max-snippet:-1","max-image-preview":"max-image-preview:large","max-video-preview":"max-video-preview:-1"},"canonical":"https:\/\/www.copealcoy.es\/es\/condenado-un-agente-de-la-policia-nacional-por-robar-droga-confiscada-en-alcoy\/","og_locale":"es_ES","og_type":"article","og_title":"Condenado un agente de la Polic\u00eda Nacional por robar droga confiscada en Alcoy - COPE Alcoy","og_description":"Un agente de la Polic\u00eda Nacional de la Comisar\u00eda de Alcoy ha sido declarado culpable por sustraer droga que se encontraba confiscada en la Comisar\u00eda de la calle Per\u00fa.","og_url":"https:\/\/www.copealcoy.es\/es\/condenado-un-agente-de-la-policia-nacional-por-robar-droga-confiscada-en-alcoy\/","og_site_name":"COPE Alcoy","article_published_time":"2023-03-21T07:00:20+00:00","article_modified_time":"2023-03-21T09:42:03+00:00","og_image":[{"width":640,"height":603,"url":"https:\/\/www.copealcoy.es\/wp-content\/uploads\/2022\/07\/Foto-Archivo-Alcoy-scaled-e1662441708882.jpg","type":"image\/jpeg"}],"author":"Cope Alcoy","twitter_misc":{"Escrito por":"Cope Alcoy","Tiempo de lectura":"2 minutos"},"schema":{"@context":"https:\/\/schema.org","@graph":[{"@type":"Article","@id":"https:\/\/www.copealcoy.es\/es\/condenado-un-agente-de-la-policia-nacional-por-robar-droga-confiscada-en-alcoy\/#article","isPartOf":{"@id":"https:\/\/www.copealcoy.es\/es\/condenado-un-agente-de-la-policia-nacional-por-robar-droga-confiscada-en-alcoy\/"},"author":{"name":"Cope Alcoy","@id":"https:\/\/www.copealcoy.es\/es\/#\/schema\/person\/e777c87fa024e57d40170af9df39882c"},"headline":"Condenado un agente de la Polic\u00eda Nacional por robar droga confiscada en Alcoy","datePublished":"2023-03-21T07:00:20+00:00","dateModified":"2023-03-21T09:42:03+00:00","mainEntityOfPage":{"@id":"https:\/\/www.copealcoy.es\/es\/condenado-un-agente-de-la-policia-nacional-por-robar-droga-confiscada-en-alcoy\/"},"wordCount":376,"commentCount":0,"image":{"@id":"https:\/\/www.copealcoy.es\/es\/condenado-un-agente-de-la-policia-nacional-por-robar-droga-confiscada-en-alcoy\/#primaryimage"},"thumbnailUrl":"https:\/\/www.copealcoy.es\/wp-content\/uploads\/2022\/07\/Foto-Archivo-Alcoy-scaled-e1662441708882.jpg","keywords":["Alcoy","droga","juicio","Robo"],"articleSection":["Actualidad","Alcoy","Noticias","Portada","Sucesos"],"inLanguage":"es"},{"@type":"WebPage","@id":"https:\/\/www.copealcoy.es\/es\/condenado-un-agente-de-la-policia-nacional-por-robar-droga-confiscada-en-alcoy\/","url":"https:\/\/www.copealcoy.es\/es\/condenado-un-agente-de-la-policia-nacional-por-robar-droga-confiscada-en-alcoy\/","name":"Condenado un agente de la Polic\u00eda Nacional por robar droga confiscada en Alcoy - COPE Alcoy","isPartOf":{"@id":"https:\/\/www.copealcoy.es\/es\/#website"},"primaryImageOfPage":{"@id":"https:\/\/www.copealcoy.es\/es\/condenado-un-agente-de-la-policia-nacional-por-robar-droga-confiscada-en-alcoy\/#primaryimage"},"image":{"@id":"https:\/\/www.copealcoy.es\/es\/condenado-un-agente-de-la-policia-nacional-por-robar-droga-confiscada-en-alcoy\/#primaryimage"},"thumbnailUrl":"https:\/\/www.copealcoy.es\/wp-content\/uploads\/2022\/07\/Foto-Archivo-Alcoy-scaled-e1662441708882.jpg","datePublished":"2023-03-21T07:00:20+00:00","dateModified":"2023-03-21T09:42:03+00:00","author":{"@id":"https:\/\/www.copealcoy.es\/es\/#\/schema\/person\/e777c87fa024e57d40170af9df39882c"},"description":"Un agente de la Polic\u00eda Nacional de la Comisar\u00eda de Alcoy ha sido declarado culpable por sustraer droga que se encontraba confiscada en la Comisar\u00eda de la calle Per\u00fa.","breadcrumb":{"@id":"https:\/\/www.copealcoy.es\/es\/condenado-un-agente-de-la-policia-nacional-por-robar-droga-confiscada-en-alcoy\/#breadcrumb"},"inLanguage":"es","potentialAction":[{"@type":"ReadAction","target":["https:\/\/www.copealcoy.es\/es\/condenado-un-agente-de-la-policia-nacional-por-robar-droga-confiscada-en-alcoy\/"]}]},{"@type":"ImageObject","inLanguage":"es","@id":"https:\/\/www.copealcoy.es\/es\/condenado-un-agente-de-la-policia-nacional-por-robar-droga-confiscada-en-alcoy\/#primaryimage","url":"https:\/\/www.copealcoy.es\/wp-content\/uploads\/2022\/07\/Foto-Archivo-Alcoy-scaled-e1662441708882.jpg","contentUrl":"https:\/\/www.copealcoy.es\/wp-content\/uploads\/2022\/07\/Foto-Archivo-Alcoy-scaled-e1662441708882.jpg","width":640,"height":603},{"@type":"BreadcrumbList","@id":"https:\/\/www.copealcoy.es\/es\/condenado-un-agente-de-la-policia-nacional-por-robar-droga-confiscada-en-alcoy\/#breadcrumb","itemListElement":[{"@type":"ListItem","position":1,"name":"Portada","item":"https:\/\/www.copealcoy.es\/es\/"},{"@type":"ListItem","position":2,"name":"Condenado un agente de la Polic\u00eda Nacional por robar droga confiscada en Alcoy"}]},{"@type":"WebSite","@id":"https:\/\/www.copealcoy.es\/es\/#website","url":"https:\/\/www.copealcoy.es\/es\/","name":"COPE Alcoy","description":"Emisora COPE de radio local con emisi\u00f3n online. Pont de Sant Jordi 8-10 03803 Alcoy","potentialAction":[{"@type":"SearchAction","target":{"@type":"EntryPoint","urlTemplate":"https:\/\/www.copealcoy.es\/es\/?s={search_term_string}"},"query-input":{"@type":"PropertyValueSpecification","valueRequired":true,"valueName":"search_term_string"}}],"inLanguage":"es"},{"@type":"Person","@id":"https:\/\/www.copealcoy.es\/es\/#\/schema\/person\/e777c87fa024e57d40170af9df39882c","name":"Cope Alcoy","image":{"@type":"ImageObject","inLanguage":"es","@id":"https:\/\/secure.gravatar.com\/avatar\/bb65d0283347e303893ba14f0692005417c1e0e690a325a4c5d8bb2b3943ee14?s=96&d=mm&r=g","url":"https:\/\/secure.gravatar.com\/avatar\/bb65d0283347e303893ba14f0692005417c1e0e690a325a4c5d8bb2b3943ee14?s=96&d=mm&r=g","contentUrl":"https:\/\/secure.gravatar.com\/avatar\/bb65d0283347e303893ba14f0692005417c1e0e690a325a4c5d8bb2b3943ee14?s=96&d=mm&r=g","caption":"Cope Alcoy"}}]}},"_links":{"self":[{"href":"https:\/\/www.copealcoy.es\/es\/wp-json\/wp\/v2\/posts\/112405","targetHints":{"allow":["GET"]}}],"collection":[{"href":"https:\/\/www.copealcoy.es\/es\/wp-json\/wp\/v2\/posts"}],"about":[{"href":"https:\/\/www.copealcoy.es\/es\/wp-json\/wp\/v2\/types\/post"}],"author":[{"embeddable":true,"href":"https:\/\/www.copealcoy.es\/es\/wp-json\/wp\/v2\/users\/1"}],"replies":[{"embeddable":true,"href":"https:\/\/www.copealcoy.es\/es\/wp-json\/wp\/v2\/comments?post=112405"}],"version-history":[{"count":0,"href":"https:\/\/www.copealcoy.es\/es\/wp-json\/wp\/v2\/posts\/112405\/revisions"}],"wp:featuredmedia":[{"embeddable":true,"href":"https:\/\/www.copealcoy.es\/es\/wp-json\/wp\/v2\/media\/90182"}],"wp:attachment":[{"href":"https:\/\/www.copealcoy.es\/es\/wp-json\/wp\/v2\/media?parent=112405"}],"wp:term":[{"taxonomy":"category","embeddable":true,"href":"https:\/\/www.copealcoy.es\/es\/wp-json\/wp\/v2\/categories?post=112405"},{"taxonomy":"post_tag","embeddable":true,"href":"https:\/\/www.copealcoy.es\/es\/wp-json\/wp\/v2\/tags?post=112405"}],"curies":[{"name":"wp","href":"https:\/\/api.w.org\/{rel}","templated":true}]}}