{"id":112364,"date":"2023-03-21T07:37:17","date_gmt":"2023-03-21T06:37:17","guid":{"rendered":"https:\/\/www.copealcoy.es\/?p=112364"},"modified":"2023-03-21T16:15:47","modified_gmt":"2023-03-21T15:15:47","slug":"no-mas-de-tres-trenes-al-dia-la-linea-alcoy-xativa-sigue-sin-aumentar-las-frecuencias","status":"publish","type":"post","link":"https:\/\/www.copealcoy.es\/es\/no-mas-de-tres-trenes-al-dia-la-linea-alcoy-xativa-sigue-sin-aumentar-las-frecuencias\/","title":{"rendered":"No m\u00e1s de tres trenes al d\u00eda, la l\u00ednea Alcoy-X\u00e1tiva sigue sin aumentar las frecuencias"},"content":{"rendered":"<p style=\"text-align: justify;\">Utilizar el transporte p\u00fablico para trabajar no siempre es una opci\u00f3n. Si vives en Alcoy pero te tienes que desplazar hasta Valencia, tu \u00fanico recurso, pr\u00e1cticamente, es utilizar el coche. Y es que <strong>el tren sigue con los horarios que se impusieron por la pandemia<\/strong>, es decir, no m\u00e1s tres trenes al d\u00eda.<\/p>\n<p style=\"text-align: justify;\">Para un d\u00eda laborable de esta semana, por ejemplo, solo hay programados dos trenes hacia la capital. Uno a las 8:50h y otro a las 15:18h. El resto de la semana son tres, a excepci\u00f3n del s\u00e1bado -tambi\u00e9n con dos trenes- y del viernes -con cuatro-. Con estas frecuencias, <strong>el transporte p\u00fablico no se presenta como una alternativa<\/strong>.<\/p>\n<p style=\"text-align: justify;\">&#8220;Es un tren completamente in\u00fatil porque no es compatible con los horarios de trabajo de la gente. Si alguien trabaja en Valencia, por ejemplo, tiene muy complicado desplazarse hasta all\u00ed porque no hay pr\u00e1cticamente frecuencias&#8221;, ha lamentado <strong>Edurne Vaello<\/strong>, de la <strong>Plataforma Salvem el Tren<\/strong>, en declaraciones a <strong>Cope Alcoy<\/strong>.<\/p>\n<p style=\"text-align: justify;\">La soluci\u00f3n, sin embargo, no est\u00e1 cerca. El <strong>Ministerio de Transportes, Movilidad y Agenda Urbana<\/strong> ha dejado fuera del plan para incrementar la oferta de viajes a las l\u00edneas de la Comunitat Valenciana. <strong>Y, entre ellas, est\u00e1 la de Alcoy-X\u00e1tiva<\/strong>.<\/p>\n<p style=\"text-align: justify;\">Por parte del Ayuntamiento de Alcoy tampoco hay presi\u00f3n. <strong>Toni Franc\u00e9s<\/strong>, alcalde de la ciudad, explicaba en el Pleno Municipal de marzo que <strong>no se aumentar\u00e1 el nivel de exigencia hasta que la renovaci\u00f3n de la l\u00ednea Alcoy-X\u00e1tiva est\u00e9 terminada<\/strong>. Habr\u00e1 que esperar, por tanto, hasta 2025 -aproximadamente- para que el Ayuntamiento haga presi\u00f3n en el aumento de las frecuencias. Y es que <strong>Pilar Bernab\u00e9<\/strong>, delegada del Gobierno en la Comunitat Valenciana, aseguraba que <span style=\"color: #000080;\"><a style=\"color: #000080;\" href=\"https:\/\/www.copealcoy.es\/la-primera-mitad-del-ano-clave-para-la-renovacion-del-tren-alcoi-xativa\/\" target=\"_blank\" rel=\"noopener\">el Ministerio de Transportes no tiene previsto comenzar las obras hasta 2024<\/a><\/span> y estas tienen un plazo de ejecuci\u00f3n de doce meses.<\/p>\n<p style=\"text-align: justify;\">Mientras duren las obras, el servicio de tren estar\u00e1 temporalmente cerrado. Eso s\u00ed, durante este tiempo se ofrecer\u00e1 un transporte alternativo.<\/p>\n","protected":false},"excerpt":{"rendered":"<p>Utilizar el transporte p\u00fablico para trabajar no siempre es una opci\u00f3n. Si vives en Alcoy pero te tienes que desplazar&#8230;<\/p>\n","protected":false},"author":1,"featured_media":44448,"comment_status":"open","ping_status":"open","sticky":false,"template":"","format":"standard","meta":{"footnotes":""},"categories":[6909,97,75],"tags":[14296,14295,13546,577],"class_list":["post-112364","post","type-post","status-publish","format-standard","has-post-thumbnail","hentry","category-actualidad","category-alcoy","category-noticias","tag-frecuencias","tag-linea-alcoy-xativa","tag-salvem-el-tren","tag-tren"],"yoast_head":"<!-- This site is optimized with the Yoast SEO plugin v27.3 - https:\/\/yoast.com\/product\/yoast-seo-wordpress\/ -->\n<title>No m\u00e1s de tres trenes al d\u00eda, la l\u00ednea Alcoy-X\u00e1tiva sigue sin aumentar las frecuencias - COPE Alcoy<\/title>\n<meta name=\"description\" content=\"Utilizar el transporte p\u00fablico para trabajar no siempre es una opci\u00f3n. Si vives en Alcoy pero te tienes que desplazar hasta Valencia, tu \u00fanico recurso, pr\u00e1cticamente, es utilizar el coche. Y es que el tren sigue con los horarios que se impusieron por la pandemia, es decir, no m\u00e1s tres trenes al d\u00eda.\" \/>\n<meta name=\"robots\" content=\"index, follow, max-snippet:-1, max-image-preview:large, max-video-preview:-1\" \/>\n<link rel=\"canonical\" href=\"https:\/\/www.copealcoy.es\/es\/no-mas-de-tres-trenes-al-dia-la-linea-alcoy-xativa-sigue-sin-aumentar-las-frecuencias\/\" \/>\n<meta property=\"og:locale\" content=\"es_ES\" \/>\n<meta property=\"og:type\" content=\"article\" \/>\n<meta property=\"og:title\" content=\"No m\u00e1s de tres trenes al d\u00eda, la l\u00ednea Alcoy-X\u00e1tiva sigue sin aumentar las frecuencias - COPE Alcoy\" \/>\n<meta property=\"og:description\" content=\"Utilizar el transporte p\u00fablico para trabajar no siempre es una opci\u00f3n. Si vives en Alcoy pero te tienes que desplazar hasta Valencia, tu \u00fanico recurso, pr\u00e1cticamente, es utilizar el coche. Y es que el tren sigue con los horarios que se impusieron por la pandemia, es decir, no m\u00e1s tres trenes al d\u00eda.\" \/>\n<meta property=\"og:url\" content=\"https:\/\/www.copealcoy.es\/es\/no-mas-de-tres-trenes-al-dia-la-linea-alcoy-xativa-sigue-sin-aumentar-las-frecuencias\/\" \/>\n<meta property=\"og:site_name\" content=\"COPE Alcoy\" \/>\n<meta property=\"article:published_time\" content=\"2023-03-21T06:37:17+00:00\" \/>\n<meta property=\"article:modified_time\" content=\"2023-03-21T15:15:47+00:00\" \/>\n<meta property=\"og:image\" content=\"https:\/\/www.copealcoy.es\/wp-content\/uploads\/2018\/07\/DSC_0119.jpg\" \/>\n\t<meta property=\"og:image:width\" content=\"800\" \/>\n\t<meta property=\"og:image:height\" content=\"531\" \/>\n\t<meta property=\"og:image:type\" content=\"image\/jpeg\" \/>\n<meta name=\"author\" content=\"Cope Alcoy\" \/>\n<meta name=\"twitter:label1\" content=\"Escrito por\" \/>\n\t<meta name=\"twitter:data1\" content=\"Cope Alcoy\" \/>\n\t<meta name=\"twitter:label2\" content=\"Tiempo de lectura\" \/>\n\t<meta name=\"twitter:data2\" content=\"2 minutos\" \/>\n<script type=\"application\/ld+json\" class=\"yoast-schema-graph\">{\"@context\":\"https:\\\/\\\/schema.org\",\"@graph\":[{\"@type\":\"Article\",\"@id\":\"https:\\\/\\\/www.copealcoy.es\\\/es\\\/no-mas-de-tres-trenes-al-dia-la-linea-alcoy-xativa-sigue-sin-aumentar-las-frecuencias\\\/#article\",\"isPartOf\":{\"@id\":\"https:\\\/\\\/www.copealcoy.es\\\/es\\\/no-mas-de-tres-trenes-al-dia-la-linea-alcoy-xativa-sigue-sin-aumentar-las-frecuencias\\\/\"},\"author\":{\"name\":\"Cope Alcoy\",\"@id\":\"https:\\\/\\\/www.copealcoy.es\\\/es\\\/#\\\/schema\\\/person\\\/e777c87fa024e57d40170af9df39882c\"},\"headline\":\"No m\u00e1s de tres trenes al d\u00eda, la l\u00ednea Alcoy-X\u00e1tiva sigue sin aumentar las frecuencias\",\"datePublished\":\"2023-03-21T06:37:17+00:00\",\"dateModified\":\"2023-03-21T15:15:47+00:00\",\"mainEntityOfPage\":{\"@id\":\"https:\\\/\\\/www.copealcoy.es\\\/es\\\/no-mas-de-tres-trenes-al-dia-la-linea-alcoy-xativa-sigue-sin-aumentar-las-frecuencias\\\/\"},\"wordCount\":357,\"commentCount\":0,\"image\":{\"@id\":\"https:\\\/\\\/www.copealcoy.es\\\/es\\\/no-mas-de-tres-trenes-al-dia-la-linea-alcoy-xativa-sigue-sin-aumentar-las-frecuencias\\\/#primaryimage\"},\"thumbnailUrl\":\"https:\\\/\\\/www.copealcoy.es\\\/wp-content\\\/uploads\\\/2018\\\/07\\\/DSC_0119.jpg\",\"keywords\":[\"frecuencias\",\"l\u00ednea Alcoy-X\u00e1tiva\",\"Salvem el Tren\",\"Tren\"],\"articleSection\":[\"Actualidad\",\"Alcoy\",\"Noticias\"],\"inLanguage\":\"es\"},{\"@type\":\"WebPage\",\"@id\":\"https:\\\/\\\/www.copealcoy.es\\\/es\\\/no-mas-de-tres-trenes-al-dia-la-linea-alcoy-xativa-sigue-sin-aumentar-las-frecuencias\\\/\",\"url\":\"https:\\\/\\\/www.copealcoy.es\\\/es\\\/no-mas-de-tres-trenes-al-dia-la-linea-alcoy-xativa-sigue-sin-aumentar-las-frecuencias\\\/\",\"name\":\"No m\u00e1s de tres trenes al d\u00eda, la l\u00ednea Alcoy-X\u00e1tiva sigue sin aumentar las frecuencias - COPE Alcoy\",\"isPartOf\":{\"@id\":\"https:\\\/\\\/www.copealcoy.es\\\/es\\\/#website\"},\"primaryImageOfPage\":{\"@id\":\"https:\\\/\\\/www.copealcoy.es\\\/es\\\/no-mas-de-tres-trenes-al-dia-la-linea-alcoy-xativa-sigue-sin-aumentar-las-frecuencias\\\/#primaryimage\"},\"image\":{\"@id\":\"https:\\\/\\\/www.copealcoy.es\\\/es\\\/no-mas-de-tres-trenes-al-dia-la-linea-alcoy-xativa-sigue-sin-aumentar-las-frecuencias\\\/#primaryimage\"},\"thumbnailUrl\":\"https:\\\/\\\/www.copealcoy.es\\\/wp-content\\\/uploads\\\/2018\\\/07\\\/DSC_0119.jpg\",\"datePublished\":\"2023-03-21T06:37:17+00:00\",\"dateModified\":\"2023-03-21T15:15:47+00:00\",\"author\":{\"@id\":\"https:\\\/\\\/www.copealcoy.es\\\/es\\\/#\\\/schema\\\/person\\\/e777c87fa024e57d40170af9df39882c\"},\"description\":\"Utilizar el transporte p\u00fablico para trabajar no siempre es una opci\u00f3n. Si vives en Alcoy pero te tienes que desplazar hasta Valencia, tu \u00fanico recurso, pr\u00e1cticamente, es utilizar el coche. Y es que el tren sigue con los horarios que se impusieron por la pandemia, es decir, no m\u00e1s tres trenes al d\u00eda.\",\"breadcrumb\":{\"@id\":\"https:\\\/\\\/www.copealcoy.es\\\/es\\\/no-mas-de-tres-trenes-al-dia-la-linea-alcoy-xativa-sigue-sin-aumentar-las-frecuencias\\\/#breadcrumb\"},\"inLanguage\":\"es\",\"potentialAction\":[{\"@type\":\"ReadAction\",\"target\":[\"https:\\\/\\\/www.copealcoy.es\\\/es\\\/no-mas-de-tres-trenes-al-dia-la-linea-alcoy-xativa-sigue-sin-aumentar-las-frecuencias\\\/\"]}]},{\"@type\":\"ImageObject\",\"inLanguage\":\"es\",\"@id\":\"https:\\\/\\\/www.copealcoy.es\\\/es\\\/no-mas-de-tres-trenes-al-dia-la-linea-alcoy-xativa-sigue-sin-aumentar-las-frecuencias\\\/#primaryimage\",\"url\":\"https:\\\/\\\/www.copealcoy.es\\\/wp-content\\\/uploads\\\/2018\\\/07\\\/DSC_0119.jpg\",\"contentUrl\":\"https:\\\/\\\/www.copealcoy.es\\\/wp-content\\\/uploads\\\/2018\\\/07\\\/DSC_0119.jpg\",\"width\":800,\"height\":531},{\"@type\":\"BreadcrumbList\",\"@id\":\"https:\\\/\\\/www.copealcoy.es\\\/es\\\/no-mas-de-tres-trenes-al-dia-la-linea-alcoy-xativa-sigue-sin-aumentar-las-frecuencias\\\/#breadcrumb\",\"itemListElement\":[{\"@type\":\"ListItem\",\"position\":1,\"name\":\"Portada\",\"item\":\"https:\\\/\\\/www.copealcoy.es\\\/es\\\/\"},{\"@type\":\"ListItem\",\"position\":2,\"name\":\"No m\u00e1s de tres trenes al d\u00eda, la l\u00ednea Alcoy-X\u00e1tiva sigue sin aumentar las frecuencias\"}]},{\"@type\":\"WebSite\",\"@id\":\"https:\\\/\\\/www.copealcoy.es\\\/es\\\/#website\",\"url\":\"https:\\\/\\\/www.copealcoy.es\\\/es\\\/\",\"name\":\"COPE Alcoy\",\"description\":\"Emisora COPE de radio local con emisi\u00f3n online. Pont de Sant Jordi 8-10 03803 Alcoy\",\"potentialAction\":[{\"@type\":\"SearchAction\",\"target\":{\"@type\":\"EntryPoint\",\"urlTemplate\":\"https:\\\/\\\/www.copealcoy.es\\\/es\\\/?s={search_term_string}\"},\"query-input\":{\"@type\":\"PropertyValueSpecification\",\"valueRequired\":true,\"valueName\":\"search_term_string\"}}],\"inLanguage\":\"es\"},{\"@type\":\"Person\",\"@id\":\"https:\\\/\\\/www.copealcoy.es\\\/es\\\/#\\\/schema\\\/person\\\/e777c87fa024e57d40170af9df39882c\",\"name\":\"Cope Alcoy\",\"image\":{\"@type\":\"ImageObject\",\"inLanguage\":\"es\",\"@id\":\"https:\\\/\\\/secure.gravatar.com\\\/avatar\\\/bb65d0283347e303893ba14f0692005417c1e0e690a325a4c5d8bb2b3943ee14?s=96&d=mm&r=g\",\"url\":\"https:\\\/\\\/secure.gravatar.com\\\/avatar\\\/bb65d0283347e303893ba14f0692005417c1e0e690a325a4c5d8bb2b3943ee14?s=96&d=mm&r=g\",\"contentUrl\":\"https:\\\/\\\/secure.gravatar.com\\\/avatar\\\/bb65d0283347e303893ba14f0692005417c1e0e690a325a4c5d8bb2b3943ee14?s=96&d=mm&r=g\",\"caption\":\"Cope Alcoy\"}}]}<\/script>\n<!-- \/ Yoast SEO plugin. -->","yoast_head_json":{"title":"No m\u00e1s de tres trenes al d\u00eda, la l\u00ednea Alcoy-X\u00e1tiva sigue sin aumentar las frecuencias - COPE Alcoy","description":"Utilizar el transporte p\u00fablico para trabajar no siempre es una opci\u00f3n. Si vives en Alcoy pero te tienes que desplazar hasta Valencia, tu \u00fanico recurso, pr\u00e1cticamente, es utilizar el coche. Y es que el tren sigue con los horarios que se impusieron por la pandemia, es decir, no m\u00e1s tres trenes al d\u00eda.","robots":{"index":"index","follow":"follow","max-snippet":"max-snippet:-1","max-image-preview":"max-image-preview:large","max-video-preview":"max-video-preview:-1"},"canonical":"https:\/\/www.copealcoy.es\/es\/no-mas-de-tres-trenes-al-dia-la-linea-alcoy-xativa-sigue-sin-aumentar-las-frecuencias\/","og_locale":"es_ES","og_type":"article","og_title":"No m\u00e1s de tres trenes al d\u00eda, la l\u00ednea Alcoy-X\u00e1tiva sigue sin aumentar las frecuencias - COPE Alcoy","og_description":"Utilizar el transporte p\u00fablico para trabajar no siempre es una opci\u00f3n. Si vives en Alcoy pero te tienes que desplazar hasta Valencia, tu \u00fanico recurso, pr\u00e1cticamente, es utilizar el coche. Y es que el tren sigue con los horarios que se impusieron por la pandemia, es decir, no m\u00e1s tres trenes al d\u00eda.","og_url":"https:\/\/www.copealcoy.es\/es\/no-mas-de-tres-trenes-al-dia-la-linea-alcoy-xativa-sigue-sin-aumentar-las-frecuencias\/","og_site_name":"COPE Alcoy","article_published_time":"2023-03-21T06:37:17+00:00","article_modified_time":"2023-03-21T15:15:47+00:00","og_image":[{"width":800,"height":531,"url":"https:\/\/www.copealcoy.es\/wp-content\/uploads\/2018\/07\/DSC_0119.jpg","type":"image\/jpeg"}],"author":"Cope Alcoy","twitter_misc":{"Escrito por":"Cope Alcoy","Tiempo de lectura":"2 minutos"},"schema":{"@context":"https:\/\/schema.org","@graph":[{"@type":"Article","@id":"https:\/\/www.copealcoy.es\/es\/no-mas-de-tres-trenes-al-dia-la-linea-alcoy-xativa-sigue-sin-aumentar-las-frecuencias\/#article","isPartOf":{"@id":"https:\/\/www.copealcoy.es\/es\/no-mas-de-tres-trenes-al-dia-la-linea-alcoy-xativa-sigue-sin-aumentar-las-frecuencias\/"},"author":{"name":"Cope Alcoy","@id":"https:\/\/www.copealcoy.es\/es\/#\/schema\/person\/e777c87fa024e57d40170af9df39882c"},"headline":"No m\u00e1s de tres trenes al d\u00eda, la l\u00ednea Alcoy-X\u00e1tiva sigue sin aumentar las frecuencias","datePublished":"2023-03-21T06:37:17+00:00","dateModified":"2023-03-21T15:15:47+00:00","mainEntityOfPage":{"@id":"https:\/\/www.copealcoy.es\/es\/no-mas-de-tres-trenes-al-dia-la-linea-alcoy-xativa-sigue-sin-aumentar-las-frecuencias\/"},"wordCount":357,"commentCount":0,"image":{"@id":"https:\/\/www.copealcoy.es\/es\/no-mas-de-tres-trenes-al-dia-la-linea-alcoy-xativa-sigue-sin-aumentar-las-frecuencias\/#primaryimage"},"thumbnailUrl":"https:\/\/www.copealcoy.es\/wp-content\/uploads\/2018\/07\/DSC_0119.jpg","keywords":["frecuencias","l\u00ednea Alcoy-X\u00e1tiva","Salvem el Tren","Tren"],"articleSection":["Actualidad","Alcoy","Noticias"],"inLanguage":"es"},{"@type":"WebPage","@id":"https:\/\/www.copealcoy.es\/es\/no-mas-de-tres-trenes-al-dia-la-linea-alcoy-xativa-sigue-sin-aumentar-las-frecuencias\/","url":"https:\/\/www.copealcoy.es\/es\/no-mas-de-tres-trenes-al-dia-la-linea-alcoy-xativa-sigue-sin-aumentar-las-frecuencias\/","name":"No m\u00e1s de tres trenes al d\u00eda, la l\u00ednea Alcoy-X\u00e1tiva sigue sin aumentar las frecuencias - COPE Alcoy","isPartOf":{"@id":"https:\/\/www.copealcoy.es\/es\/#website"},"primaryImageOfPage":{"@id":"https:\/\/www.copealcoy.es\/es\/no-mas-de-tres-trenes-al-dia-la-linea-alcoy-xativa-sigue-sin-aumentar-las-frecuencias\/#primaryimage"},"image":{"@id":"https:\/\/www.copealcoy.es\/es\/no-mas-de-tres-trenes-al-dia-la-linea-alcoy-xativa-sigue-sin-aumentar-las-frecuencias\/#primaryimage"},"thumbnailUrl":"https:\/\/www.copealcoy.es\/wp-content\/uploads\/2018\/07\/DSC_0119.jpg","datePublished":"2023-03-21T06:37:17+00:00","dateModified":"2023-03-21T15:15:47+00:00","author":{"@id":"https:\/\/www.copealcoy.es\/es\/#\/schema\/person\/e777c87fa024e57d40170af9df39882c"},"description":"Utilizar el transporte p\u00fablico para trabajar no siempre es una opci\u00f3n. Si vives en Alcoy pero te tienes que desplazar hasta Valencia, tu \u00fanico recurso, pr\u00e1cticamente, es utilizar el coche. Y es que el tren sigue con los horarios que se impusieron por la pandemia, es decir, no m\u00e1s tres trenes al d\u00eda.","breadcrumb":{"@id":"https:\/\/www.copealcoy.es\/es\/no-mas-de-tres-trenes-al-dia-la-linea-alcoy-xativa-sigue-sin-aumentar-las-frecuencias\/#breadcrumb"},"inLanguage":"es","potentialAction":[{"@type":"ReadAction","target":["https:\/\/www.copealcoy.es\/es\/no-mas-de-tres-trenes-al-dia-la-linea-alcoy-xativa-sigue-sin-aumentar-las-frecuencias\/"]}]},{"@type":"ImageObject","inLanguage":"es","@id":"https:\/\/www.copealcoy.es\/es\/no-mas-de-tres-trenes-al-dia-la-linea-alcoy-xativa-sigue-sin-aumentar-las-frecuencias\/#primaryimage","url":"https:\/\/www.copealcoy.es\/wp-content\/uploads\/2018\/07\/DSC_0119.jpg","contentUrl":"https:\/\/www.copealcoy.es\/wp-content\/uploads\/2018\/07\/DSC_0119.jpg","width":800,"height":531},{"@type":"BreadcrumbList","@id":"https:\/\/www.copealcoy.es\/es\/no-mas-de-tres-trenes-al-dia-la-linea-alcoy-xativa-sigue-sin-aumentar-las-frecuencias\/#breadcrumb","itemListElement":[{"@type":"ListItem","position":1,"name":"Portada","item":"https:\/\/www.copealcoy.es\/es\/"},{"@type":"ListItem","position":2,"name":"No m\u00e1s de tres trenes al d\u00eda, la l\u00ednea Alcoy-X\u00e1tiva sigue sin aumentar las frecuencias"}]},{"@type":"WebSite","@id":"https:\/\/www.copealcoy.es\/es\/#website","url":"https:\/\/www.copealcoy.es\/es\/","name":"COPE Alcoy","description":"Emisora COPE de radio local con emisi\u00f3n online. Pont de Sant Jordi 8-10 03803 Alcoy","potentialAction":[{"@type":"SearchAction","target":{"@type":"EntryPoint","urlTemplate":"https:\/\/www.copealcoy.es\/es\/?s={search_term_string}"},"query-input":{"@type":"PropertyValueSpecification","valueRequired":true,"valueName":"search_term_string"}}],"inLanguage":"es"},{"@type":"Person","@id":"https:\/\/www.copealcoy.es\/es\/#\/schema\/person\/e777c87fa024e57d40170af9df39882c","name":"Cope Alcoy","image":{"@type":"ImageObject","inLanguage":"es","@id":"https:\/\/secure.gravatar.com\/avatar\/bb65d0283347e303893ba14f0692005417c1e0e690a325a4c5d8bb2b3943ee14?s=96&d=mm&r=g","url":"https:\/\/secure.gravatar.com\/avatar\/bb65d0283347e303893ba14f0692005417c1e0e690a325a4c5d8bb2b3943ee14?s=96&d=mm&r=g","contentUrl":"https:\/\/secure.gravatar.com\/avatar\/bb65d0283347e303893ba14f0692005417c1e0e690a325a4c5d8bb2b3943ee14?s=96&d=mm&r=g","caption":"Cope Alcoy"}}]}},"_links":{"self":[{"href":"https:\/\/www.copealcoy.es\/es\/wp-json\/wp\/v2\/posts\/112364","targetHints":{"allow":["GET"]}}],"collection":[{"href":"https:\/\/www.copealcoy.es\/es\/wp-json\/wp\/v2\/posts"}],"about":[{"href":"https:\/\/www.copealcoy.es\/es\/wp-json\/wp\/v2\/types\/post"}],"author":[{"embeddable":true,"href":"https:\/\/www.copealcoy.es\/es\/wp-json\/wp\/v2\/users\/1"}],"replies":[{"embeddable":true,"href":"https:\/\/www.copealcoy.es\/es\/wp-json\/wp\/v2\/comments?post=112364"}],"version-history":[{"count":0,"href":"https:\/\/www.copealcoy.es\/es\/wp-json\/wp\/v2\/posts\/112364\/revisions"}],"wp:featuredmedia":[{"embeddable":true,"href":"https:\/\/www.copealcoy.es\/es\/wp-json\/wp\/v2\/media\/44448"}],"wp:attachment":[{"href":"https:\/\/www.copealcoy.es\/es\/wp-json\/wp\/v2\/media?parent=112364"}],"wp:term":[{"taxonomy":"category","embeddable":true,"href":"https:\/\/www.copealcoy.es\/es\/wp-json\/wp\/v2\/categories?post=112364"},{"taxonomy":"post_tag","embeddable":true,"href":"https:\/\/www.copealcoy.es\/es\/wp-json\/wp\/v2\/tags?post=112364"}],"curies":[{"name":"wp","href":"https:\/\/api.w.org\/{rel}","templated":true}]}}