{"id":112323,"date":"2023-03-17T08:18:24","date_gmt":"2023-03-17T07:18:24","guid":{"rendered":"https:\/\/www.copealcoy.es\/?p=112323"},"modified":"2023-03-17T08:18:24","modified_gmt":"2023-03-17T07:18:24","slug":"sin-cobrar-desde-noviembre-la-situacion-de-27-trabajadores-de-una-textil-en-alcoy","status":"publish","type":"post","link":"https:\/\/www.copealcoy.es\/es\/sin-cobrar-desde-noviembre-la-situacion-de-27-trabajadores-de-una-textil-en-alcoy\/","title":{"rendered":"Sin cobrar desde noviembre: la situaci\u00f3n de 27 trabajadores de una textil en Alcoy"},"content":{"rendered":"<p>Sin cobrar desde el pasado mes de noviembre. Esa es la situaci\u00f3n que viven <strong>27 trabajadores de una empresa textil que opera en Alcoy<\/strong>, absorbida en 2021 por la firma <strong>R. Belda Llorens<\/strong>.<\/p>\n<p>El sindicato <strong>Comisiones Obreras (CCOO)<\/strong> ha denunciado la situaci\u00f3n. Trataron de iniciar una negociaci\u00f3n y varios intentos de di\u00e1logo, sin respuesta y comunicaciones por escrito. Finalmente, la empresa inform\u00f3 a los trabajadores de que les conced\u00eda un <strong>permiso retribuido mientras se buscaban soluciones<\/strong>. Pero esto no se ha cumplido y la plantilla tampoco puede acogerse a una prestaci\u00f3n por desempleo.<\/p>\n<p>&#8220;La situaci\u00f3n ya es desesperante. Desde los servicios jur\u00eddicos del sindicato est\u00e1n continuamente poni\u00e9ndose en contacto con los abogados de la empresa. Tienen muy buenas palabras y son muy amables, pero no dan ninguna soluci\u00f3n&#8221;, ha criticado <strong>Andrea M\u00e9ndez<\/strong>, de la Permanente Sindical de la Federaci\u00f3n Industria de CCOO en la Comunitat Valenciana.<\/p>\n<p>Desde el sindicato, explica la representante en declaraciones a <strong>Cope Alcoy<\/strong>, han optado por <strong>presionar y presentar una denuncia a Inspecci\u00f3n de Trabajo<\/strong>. Si la situaci\u00f3n no se soluciona y no hay avances se plantean otras reivindicaciones como &#8220;una pitada&#8221;.<\/p>\n<p>En Cope Alcoy hemos intentado ponernos en contacto con la empresa para contar con su punto de vista, pero <strong>han declinado hacer declaraciones<\/strong>.<\/p>\n<p><strong>Problemas econ\u00f3micos de la empresa<\/strong><\/p>\n<p>Los trabajadores afectados formaban parte de la plantilla de <strong>F\u00e9nix El\u00e1stic<\/strong>, la empresa que en 2021 fue absorbida por R. Belda Llorens. Los problemas econ\u00f3micos llevaron a la textil, que se dedica al doblado de hilo, a solicitar un <strong>ERTE en agosto de 2022<\/strong>.<\/p>\n<p>Fue en noviembre, tras algunos cambios en la direcci\u00f3n de la empresa, cuando comenzaron los problemas de impagos a la plantilla. Desde el sindicato aseguran que d\u00edas antes de que los trabajadores llegaran al cupo m\u00e1ximo de los 60 d\u00edas de ERTE consumido, recibieron noticias de que la empresa hab\u00eda sufrido un corte de luz por impago.<\/p>\n","protected":false},"excerpt":{"rendered":"<p>Sin cobrar desde el pasado mes de noviembre. Esa es la situaci\u00f3n que viven 27 trabajadores de una empresa textil&#8230;<\/p>\n","protected":false},"author":1,"featured_media":70679,"comment_status":"open","ping_status":"open","sticky":false,"template":"","format":"standard","meta":{"footnotes":""},"categories":[6909,97,75,79,125],"tags":[1494,980,14285,481],"class_list":["post-112323","post","type-post","status-publish","format-standard","has-post-thumbnail","hentry","category-actualidad","category-alcoy","category-noticias","category-politicayeconomia","category-portada","tag-alcoy","tag-ccoo","tag-impago","tag-trabajadores"],"yoast_head":"<!-- This site is optimized with the Yoast SEO plugin v27.3 - https:\/\/yoast.com\/product\/yoast-seo-wordpress\/ -->\n<title>Sin cobrar desde noviembre: la situaci\u00f3n de 27 trabajadores de una textil en Alcoy - COPE Alcoy<\/title>\n<meta name=\"description\" content=\"Sin cobrar desde el pasado mes de noviembre. Esa es la situaci\u00f3n que viven 27 trabajadores de una empresa textil que opera en Alcoy, absorbida en 2021 por la firma R. Belda Llorens.\" \/>\n<meta name=\"robots\" content=\"index, follow, max-snippet:-1, max-image-preview:large, max-video-preview:-1\" \/>\n<link rel=\"canonical\" href=\"https:\/\/www.copealcoy.es\/es\/sin-cobrar-desde-noviembre-la-situacion-de-27-trabajadores-de-una-textil-en-alcoy\/\" \/>\n<meta property=\"og:locale\" content=\"es_ES\" \/>\n<meta property=\"og:type\" content=\"article\" \/>\n<meta property=\"og:title\" content=\"Sin cobrar desde noviembre: la situaci\u00f3n de 27 trabajadores de una textil en Alcoy - COPE Alcoy\" \/>\n<meta property=\"og:description\" content=\"Sin cobrar desde el pasado mes de noviembre. Esa es la situaci\u00f3n que viven 27 trabajadores de una empresa textil que opera en Alcoy, absorbida en 2021 por la firma R. Belda Llorens.\" \/>\n<meta property=\"og:url\" content=\"https:\/\/www.copealcoy.es\/es\/sin-cobrar-desde-noviembre-la-situacion-de-27-trabajadores-de-una-textil-en-alcoy\/\" \/>\n<meta property=\"og:site_name\" content=\"COPE Alcoy\" \/>\n<meta property=\"article:published_time\" content=\"2023-03-17T07:18:24+00:00\" \/>\n<meta property=\"og:image\" content=\"https:\/\/www.copealcoy.es\/wp-content\/uploads\/2021\/02\/Economi\u0301a-Circular-en-el-Sector-Textil-e1662374363659.jpg\" \/>\n\t<meta property=\"og:image:width\" content=\"640\" \/>\n\t<meta property=\"og:image:height\" content=\"428\" \/>\n\t<meta property=\"og:image:type\" content=\"image\/jpeg\" \/>\n<meta name=\"author\" content=\"Cope Alcoy\" \/>\n<meta name=\"twitter:label1\" content=\"Escrito por\" \/>\n\t<meta name=\"twitter:data1\" content=\"Cope Alcoy\" \/>\n\t<meta name=\"twitter:label2\" content=\"Tiempo de lectura\" \/>\n\t<meta name=\"twitter:data2\" content=\"2 minutos\" \/>\n<script type=\"application\/ld+json\" class=\"yoast-schema-graph\">{\"@context\":\"https:\\\/\\\/schema.org\",\"@graph\":[{\"@type\":\"Article\",\"@id\":\"https:\\\/\\\/www.copealcoy.es\\\/es\\\/sin-cobrar-desde-noviembre-la-situacion-de-27-trabajadores-de-una-textil-en-alcoy\\\/#article\",\"isPartOf\":{\"@id\":\"https:\\\/\\\/www.copealcoy.es\\\/es\\\/sin-cobrar-desde-noviembre-la-situacion-de-27-trabajadores-de-una-textil-en-alcoy\\\/\"},\"author\":{\"name\":\"Cope Alcoy\",\"@id\":\"https:\\\/\\\/www.copealcoy.es\\\/es\\\/#\\\/schema\\\/person\\\/e777c87fa024e57d40170af9df39882c\"},\"headline\":\"Sin cobrar desde noviembre: la situaci\u00f3n de 27 trabajadores de una textil en Alcoy\",\"datePublished\":\"2023-03-17T07:18:24+00:00\",\"mainEntityOfPage\":{\"@id\":\"https:\\\/\\\/www.copealcoy.es\\\/es\\\/sin-cobrar-desde-noviembre-la-situacion-de-27-trabajadores-de-una-textil-en-alcoy\\\/\"},\"wordCount\":348,\"commentCount\":0,\"image\":{\"@id\":\"https:\\\/\\\/www.copealcoy.es\\\/es\\\/sin-cobrar-desde-noviembre-la-situacion-de-27-trabajadores-de-una-textil-en-alcoy\\\/#primaryimage\"},\"thumbnailUrl\":\"https:\\\/\\\/www.copealcoy.es\\\/wp-content\\\/uploads\\\/2021\\\/02\\\/Economi\u0301a-Circular-en-el-Sector-Textil-e1662374363659.jpg\",\"keywords\":[\"Alcoy\",\"CCOO\",\"impago\",\"Trabajadores\"],\"articleSection\":[\"Actualidad\",\"Alcoy\",\"Noticias\",\"Pol\u00edtica y Econom\u00eda\",\"Portada\"],\"inLanguage\":\"es\"},{\"@type\":\"WebPage\",\"@id\":\"https:\\\/\\\/www.copealcoy.es\\\/es\\\/sin-cobrar-desde-noviembre-la-situacion-de-27-trabajadores-de-una-textil-en-alcoy\\\/\",\"url\":\"https:\\\/\\\/www.copealcoy.es\\\/es\\\/sin-cobrar-desde-noviembre-la-situacion-de-27-trabajadores-de-una-textil-en-alcoy\\\/\",\"name\":\"Sin cobrar desde noviembre: la situaci\u00f3n de 27 trabajadores de una textil en Alcoy - COPE Alcoy\",\"isPartOf\":{\"@id\":\"https:\\\/\\\/www.copealcoy.es\\\/es\\\/#website\"},\"primaryImageOfPage\":{\"@id\":\"https:\\\/\\\/www.copealcoy.es\\\/es\\\/sin-cobrar-desde-noviembre-la-situacion-de-27-trabajadores-de-una-textil-en-alcoy\\\/#primaryimage\"},\"image\":{\"@id\":\"https:\\\/\\\/www.copealcoy.es\\\/es\\\/sin-cobrar-desde-noviembre-la-situacion-de-27-trabajadores-de-una-textil-en-alcoy\\\/#primaryimage\"},\"thumbnailUrl\":\"https:\\\/\\\/www.copealcoy.es\\\/wp-content\\\/uploads\\\/2021\\\/02\\\/Economi\u0301a-Circular-en-el-Sector-Textil-e1662374363659.jpg\",\"datePublished\":\"2023-03-17T07:18:24+00:00\",\"author\":{\"@id\":\"https:\\\/\\\/www.copealcoy.es\\\/es\\\/#\\\/schema\\\/person\\\/e777c87fa024e57d40170af9df39882c\"},\"description\":\"Sin cobrar desde el pasado mes de noviembre. Esa es la situaci\u00f3n que viven 27 trabajadores de una empresa textil que opera en Alcoy, absorbida en 2021 por la firma R. Belda Llorens.\",\"breadcrumb\":{\"@id\":\"https:\\\/\\\/www.copealcoy.es\\\/es\\\/sin-cobrar-desde-noviembre-la-situacion-de-27-trabajadores-de-una-textil-en-alcoy\\\/#breadcrumb\"},\"inLanguage\":\"es\",\"potentialAction\":[{\"@type\":\"ReadAction\",\"target\":[\"https:\\\/\\\/www.copealcoy.es\\\/es\\\/sin-cobrar-desde-noviembre-la-situacion-de-27-trabajadores-de-una-textil-en-alcoy\\\/\"]}]},{\"@type\":\"ImageObject\",\"inLanguage\":\"es\",\"@id\":\"https:\\\/\\\/www.copealcoy.es\\\/es\\\/sin-cobrar-desde-noviembre-la-situacion-de-27-trabajadores-de-una-textil-en-alcoy\\\/#primaryimage\",\"url\":\"https:\\\/\\\/www.copealcoy.es\\\/wp-content\\\/uploads\\\/2021\\\/02\\\/Economi\u0301a-Circular-en-el-Sector-Textil-e1662374363659.jpg\",\"contentUrl\":\"https:\\\/\\\/www.copealcoy.es\\\/wp-content\\\/uploads\\\/2021\\\/02\\\/Economi\u0301a-Circular-en-el-Sector-Textil-e1662374363659.jpg\",\"width\":640,\"height\":428},{\"@type\":\"BreadcrumbList\",\"@id\":\"https:\\\/\\\/www.copealcoy.es\\\/es\\\/sin-cobrar-desde-noviembre-la-situacion-de-27-trabajadores-de-una-textil-en-alcoy\\\/#breadcrumb\",\"itemListElement\":[{\"@type\":\"ListItem\",\"position\":1,\"name\":\"Portada\",\"item\":\"https:\\\/\\\/www.copealcoy.es\\\/es\\\/\"},{\"@type\":\"ListItem\",\"position\":2,\"name\":\"Sin cobrar desde noviembre: la situaci\u00f3n de 27 trabajadores de una textil en Alcoy\"}]},{\"@type\":\"WebSite\",\"@id\":\"https:\\\/\\\/www.copealcoy.es\\\/es\\\/#website\",\"url\":\"https:\\\/\\\/www.copealcoy.es\\\/es\\\/\",\"name\":\"COPE Alcoy\",\"description\":\"Emisora COPE de radio local con emisi\u00f3n online. Pont de Sant Jordi 8-10 03803 Alcoy\",\"potentialAction\":[{\"@type\":\"SearchAction\",\"target\":{\"@type\":\"EntryPoint\",\"urlTemplate\":\"https:\\\/\\\/www.copealcoy.es\\\/es\\\/?s={search_term_string}\"},\"query-input\":{\"@type\":\"PropertyValueSpecification\",\"valueRequired\":true,\"valueName\":\"search_term_string\"}}],\"inLanguage\":\"es\"},{\"@type\":\"Person\",\"@id\":\"https:\\\/\\\/www.copealcoy.es\\\/es\\\/#\\\/schema\\\/person\\\/e777c87fa024e57d40170af9df39882c\",\"name\":\"Cope Alcoy\",\"image\":{\"@type\":\"ImageObject\",\"inLanguage\":\"es\",\"@id\":\"https:\\\/\\\/secure.gravatar.com\\\/avatar\\\/bb65d0283347e303893ba14f0692005417c1e0e690a325a4c5d8bb2b3943ee14?s=96&d=mm&r=g\",\"url\":\"https:\\\/\\\/secure.gravatar.com\\\/avatar\\\/bb65d0283347e303893ba14f0692005417c1e0e690a325a4c5d8bb2b3943ee14?s=96&d=mm&r=g\",\"contentUrl\":\"https:\\\/\\\/secure.gravatar.com\\\/avatar\\\/bb65d0283347e303893ba14f0692005417c1e0e690a325a4c5d8bb2b3943ee14?s=96&d=mm&r=g\",\"caption\":\"Cope Alcoy\"}}]}<\/script>\n<!-- \/ Yoast SEO plugin. -->","yoast_head_json":{"title":"Sin cobrar desde noviembre: la situaci\u00f3n de 27 trabajadores de una textil en Alcoy - COPE Alcoy","description":"Sin cobrar desde el pasado mes de noviembre. Esa es la situaci\u00f3n que viven 27 trabajadores de una empresa textil que opera en Alcoy, absorbida en 2021 por la firma R. Belda Llorens.","robots":{"index":"index","follow":"follow","max-snippet":"max-snippet:-1","max-image-preview":"max-image-preview:large","max-video-preview":"max-video-preview:-1"},"canonical":"https:\/\/www.copealcoy.es\/es\/sin-cobrar-desde-noviembre-la-situacion-de-27-trabajadores-de-una-textil-en-alcoy\/","og_locale":"es_ES","og_type":"article","og_title":"Sin cobrar desde noviembre: la situaci\u00f3n de 27 trabajadores de una textil en Alcoy - COPE Alcoy","og_description":"Sin cobrar desde el pasado mes de noviembre. Esa es la situaci\u00f3n que viven 27 trabajadores de una empresa textil que opera en Alcoy, absorbida en 2021 por la firma R. Belda Llorens.","og_url":"https:\/\/www.copealcoy.es\/es\/sin-cobrar-desde-noviembre-la-situacion-de-27-trabajadores-de-una-textil-en-alcoy\/","og_site_name":"COPE Alcoy","article_published_time":"2023-03-17T07:18:24+00:00","og_image":[{"width":640,"height":428,"url":"https:\/\/www.copealcoy.es\/wp-content\/uploads\/2021\/02\/Economi\u0301a-Circular-en-el-Sector-Textil-e1662374363659.jpg","type":"image\/jpeg"}],"author":"Cope Alcoy","twitter_misc":{"Escrito por":"Cope Alcoy","Tiempo de lectura":"2 minutos"},"schema":{"@context":"https:\/\/schema.org","@graph":[{"@type":"Article","@id":"https:\/\/www.copealcoy.es\/es\/sin-cobrar-desde-noviembre-la-situacion-de-27-trabajadores-de-una-textil-en-alcoy\/#article","isPartOf":{"@id":"https:\/\/www.copealcoy.es\/es\/sin-cobrar-desde-noviembre-la-situacion-de-27-trabajadores-de-una-textil-en-alcoy\/"},"author":{"name":"Cope Alcoy","@id":"https:\/\/www.copealcoy.es\/es\/#\/schema\/person\/e777c87fa024e57d40170af9df39882c"},"headline":"Sin cobrar desde noviembre: la situaci\u00f3n de 27 trabajadores de una textil en Alcoy","datePublished":"2023-03-17T07:18:24+00:00","mainEntityOfPage":{"@id":"https:\/\/www.copealcoy.es\/es\/sin-cobrar-desde-noviembre-la-situacion-de-27-trabajadores-de-una-textil-en-alcoy\/"},"wordCount":348,"commentCount":0,"image":{"@id":"https:\/\/www.copealcoy.es\/es\/sin-cobrar-desde-noviembre-la-situacion-de-27-trabajadores-de-una-textil-en-alcoy\/#primaryimage"},"thumbnailUrl":"https:\/\/www.copealcoy.es\/wp-content\/uploads\/2021\/02\/Economi\u0301a-Circular-en-el-Sector-Textil-e1662374363659.jpg","keywords":["Alcoy","CCOO","impago","Trabajadores"],"articleSection":["Actualidad","Alcoy","Noticias","Pol\u00edtica y Econom\u00eda","Portada"],"inLanguage":"es"},{"@type":"WebPage","@id":"https:\/\/www.copealcoy.es\/es\/sin-cobrar-desde-noviembre-la-situacion-de-27-trabajadores-de-una-textil-en-alcoy\/","url":"https:\/\/www.copealcoy.es\/es\/sin-cobrar-desde-noviembre-la-situacion-de-27-trabajadores-de-una-textil-en-alcoy\/","name":"Sin cobrar desde noviembre: la situaci\u00f3n de 27 trabajadores de una textil en Alcoy - COPE Alcoy","isPartOf":{"@id":"https:\/\/www.copealcoy.es\/es\/#website"},"primaryImageOfPage":{"@id":"https:\/\/www.copealcoy.es\/es\/sin-cobrar-desde-noviembre-la-situacion-de-27-trabajadores-de-una-textil-en-alcoy\/#primaryimage"},"image":{"@id":"https:\/\/www.copealcoy.es\/es\/sin-cobrar-desde-noviembre-la-situacion-de-27-trabajadores-de-una-textil-en-alcoy\/#primaryimage"},"thumbnailUrl":"https:\/\/www.copealcoy.es\/wp-content\/uploads\/2021\/02\/Economi\u0301a-Circular-en-el-Sector-Textil-e1662374363659.jpg","datePublished":"2023-03-17T07:18:24+00:00","author":{"@id":"https:\/\/www.copealcoy.es\/es\/#\/schema\/person\/e777c87fa024e57d40170af9df39882c"},"description":"Sin cobrar desde el pasado mes de noviembre. Esa es la situaci\u00f3n que viven 27 trabajadores de una empresa textil que opera en Alcoy, absorbida en 2021 por la firma R. Belda Llorens.","breadcrumb":{"@id":"https:\/\/www.copealcoy.es\/es\/sin-cobrar-desde-noviembre-la-situacion-de-27-trabajadores-de-una-textil-en-alcoy\/#breadcrumb"},"inLanguage":"es","potentialAction":[{"@type":"ReadAction","target":["https:\/\/www.copealcoy.es\/es\/sin-cobrar-desde-noviembre-la-situacion-de-27-trabajadores-de-una-textil-en-alcoy\/"]}]},{"@type":"ImageObject","inLanguage":"es","@id":"https:\/\/www.copealcoy.es\/es\/sin-cobrar-desde-noviembre-la-situacion-de-27-trabajadores-de-una-textil-en-alcoy\/#primaryimage","url":"https:\/\/www.copealcoy.es\/wp-content\/uploads\/2021\/02\/Economi\u0301a-Circular-en-el-Sector-Textil-e1662374363659.jpg","contentUrl":"https:\/\/www.copealcoy.es\/wp-content\/uploads\/2021\/02\/Economi\u0301a-Circular-en-el-Sector-Textil-e1662374363659.jpg","width":640,"height":428},{"@type":"BreadcrumbList","@id":"https:\/\/www.copealcoy.es\/es\/sin-cobrar-desde-noviembre-la-situacion-de-27-trabajadores-de-una-textil-en-alcoy\/#breadcrumb","itemListElement":[{"@type":"ListItem","position":1,"name":"Portada","item":"https:\/\/www.copealcoy.es\/es\/"},{"@type":"ListItem","position":2,"name":"Sin cobrar desde noviembre: la situaci\u00f3n de 27 trabajadores de una textil en Alcoy"}]},{"@type":"WebSite","@id":"https:\/\/www.copealcoy.es\/es\/#website","url":"https:\/\/www.copealcoy.es\/es\/","name":"COPE Alcoy","description":"Emisora COPE de radio local con emisi\u00f3n online. Pont de Sant Jordi 8-10 03803 Alcoy","potentialAction":[{"@type":"SearchAction","target":{"@type":"EntryPoint","urlTemplate":"https:\/\/www.copealcoy.es\/es\/?s={search_term_string}"},"query-input":{"@type":"PropertyValueSpecification","valueRequired":true,"valueName":"search_term_string"}}],"inLanguage":"es"},{"@type":"Person","@id":"https:\/\/www.copealcoy.es\/es\/#\/schema\/person\/e777c87fa024e57d40170af9df39882c","name":"Cope Alcoy","image":{"@type":"ImageObject","inLanguage":"es","@id":"https:\/\/secure.gravatar.com\/avatar\/bb65d0283347e303893ba14f0692005417c1e0e690a325a4c5d8bb2b3943ee14?s=96&d=mm&r=g","url":"https:\/\/secure.gravatar.com\/avatar\/bb65d0283347e303893ba14f0692005417c1e0e690a325a4c5d8bb2b3943ee14?s=96&d=mm&r=g","contentUrl":"https:\/\/secure.gravatar.com\/avatar\/bb65d0283347e303893ba14f0692005417c1e0e690a325a4c5d8bb2b3943ee14?s=96&d=mm&r=g","caption":"Cope Alcoy"}}]}},"_links":{"self":[{"href":"https:\/\/www.copealcoy.es\/es\/wp-json\/wp\/v2\/posts\/112323","targetHints":{"allow":["GET"]}}],"collection":[{"href":"https:\/\/www.copealcoy.es\/es\/wp-json\/wp\/v2\/posts"}],"about":[{"href":"https:\/\/www.copealcoy.es\/es\/wp-json\/wp\/v2\/types\/post"}],"author":[{"embeddable":true,"href":"https:\/\/www.copealcoy.es\/es\/wp-json\/wp\/v2\/users\/1"}],"replies":[{"embeddable":true,"href":"https:\/\/www.copealcoy.es\/es\/wp-json\/wp\/v2\/comments?post=112323"}],"version-history":[{"count":0,"href":"https:\/\/www.copealcoy.es\/es\/wp-json\/wp\/v2\/posts\/112323\/revisions"}],"wp:featuredmedia":[{"embeddable":true,"href":"https:\/\/www.copealcoy.es\/es\/wp-json\/wp\/v2\/media\/70679"}],"wp:attachment":[{"href":"https:\/\/www.copealcoy.es\/es\/wp-json\/wp\/v2\/media?parent=112323"}],"wp:term":[{"taxonomy":"category","embeddable":true,"href":"https:\/\/www.copealcoy.es\/es\/wp-json\/wp\/v2\/categories?post=112323"},{"taxonomy":"post_tag","embeddable":true,"href":"https:\/\/www.copealcoy.es\/es\/wp-json\/wp\/v2\/tags?post=112323"}],"curies":[{"name":"wp","href":"https:\/\/api.w.org\/{rel}","templated":true}]}}