{"id":112146,"date":"2023-03-15T08:00:31","date_gmt":"2023-03-15T07:00:31","guid":{"rendered":"https:\/\/www.copealcoy.es\/?p=112146"},"modified":"2023-03-15T13:16:01","modified_gmt":"2023-03-15T12:16:01","slug":"la-policia-de-alcoy-recupera-tres-sacos-de-cobre-robado","status":"publish","type":"post","link":"https:\/\/www.copealcoy.es\/es\/la-policia-de-alcoy-recupera-tres-sacos-de-cobre-robado\/","title":{"rendered":"La Polic\u00eda de Alcoy recupera tres sacos de cobre robado"},"content":{"rendered":"<p style=\"text-align: justify;\">La <a href=\"https:\/\/www.facebook.com\/policialocalalcoi\" target=\"_blank\" rel=\"noopener\"><strong><span style=\"color: #0000ff;\">Polic\u00eda Local de Alcoy<\/span> <\/strong><\/a>ha recuperado en las \u00faltimas horas <strong>tres sacos de cobre<\/strong> seg\u00fan han comunicado los agentes a trav\u00e9s de su perfil oficial de Facebook. El material <strong>hab\u00eda sido sustra\u00eddo para su venta il\u00edcita<\/strong> y se ha podido identificar al supuesto autor de los hechos gracias a la colaboraci\u00f3n ciudadana. Ahora <strong>se ha abierto una investigaci\u00f3n judicial<\/strong> y desde la Polic\u00eda Local de nuestra ciudad <strong>recuerdan que la adquisici\u00f3n as\u00ed como la compra de objetos y\/o elementos sustra\u00eddos constituye un delito de receptaci\u00f3n<\/strong> castigado con pena de prisi\u00f3n.<\/p>\n<p><span style=\"color: #0000ff;\"><strong>En enero ya se detuvo a una persona por el robo de cobre\u00a0<\/strong><\/span><\/p>\n<p style=\"text-align: justify;\">Hay que recordar tambi\u00e9n que <strong>la Polic\u00eda Local de Alcoy detuvo a principios del pasado mes de enero al presunto responsable de las sustracciones de cableado el\u00e9ctrico p\u00fablico<\/strong> en distintos puntos de la ciudad. En aquella ocasi\u00f3n, <strong>seg\u00fan informaron los agentes<\/strong>, se trataba de un hombre de 24 a\u00f1os, vecino de Muro de Alcoy, con antecedentes por hechos similares tal y como relataron las fuentes policiales.<\/p>\n<p style=\"text-align: justify;\">La detenci\u00f3n se produjo sobre las siete de la ma\u00f1ana, mientras el presunto autor <strong>se encontraba quemando la cobertura de pl\u00e1stico del cableado<\/strong> para poder extraer el cobre. Al arrestado <strong>se le atribuy\u00f3 la sustracci\u00f3n de 500 metros de cable de cobre y 50 metros de fibra \u00f3ptica<\/strong> en distintas zonas de la ciudad. En concreto, el robo de cableado <strong>se produjo en la Avenida de Elche y en la calle Cavaller Merita<\/strong>, que dej\u00f3 sin luz a diferentes zonas del barrio de la Zona Alta. \u00c9stos se suman otros intentos, a partir de los cuales se instal\u00f3 un dispositivo de vigilancia especial.<\/p>\n<p style=\"text-align: justify;\"><strong><span style=\"color: #0000ff;\">Robo en una joyer\u00eda\u00a0<\/span><\/strong><\/p>\n<p style=\"text-align: justify;\">Recordar que la <strong>Polic\u00eda Local de Alcoy<\/strong> detuvo a principios de semana a una persona en la ciudad <strong>por sustraer joyas de gran valor<\/strong>.\u00a0Los hechos\u00a0<strong>ocurrieron durante la tarde del lunes en una conocida joyer\u00eda.<\/strong>\u00a0Cabe destacar que <strong>fueron los mismos dependientes del establecimiento<\/strong> los que han alertaron a la Polic\u00eda Local <strong>al ver que una mujer hab\u00eda podido coger al descuido unas joyas de oro<\/strong>\u00a0expuestas para su venta y que pose\u00edan un considerable valor. Tras las comprobaciones oportunas, l<strong>a sospechosa fue detenida por un presunto delito de hurto<\/strong>. Las joyas fueron finalmente recuperadas y despu\u00e9s devueltas a su propietario.<\/p>\n","protected":false},"excerpt":{"rendered":"<p>La Polic\u00eda Local de Alcoy ha recuperado en las \u00faltimas horas tres sacos de cobre seg\u00fan han comunicado los agentes&#8230;<\/p>\n","protected":false},"author":1,"featured_media":112147,"comment_status":"open","ping_status":"open","sticky":false,"template":"","format":"standard","meta":{"footnotes":""},"categories":[6909,97,75],"tags":[1494,14256,14257,846,4297],"class_list":["post-112146","post","type-post","status-publish","format-standard","has-post-thumbnail","hentry","category-actualidad","category-alcoy","category-noticias","tag-alcoy","tag-cableado","tag-cobre","tag-policia-local","tag-robo"],"yoast_head":"<!-- This site is optimized with the Yoast SEO plugin v27.3 - https:\/\/yoast.com\/product\/yoast-seo-wordpress\/ -->\n<title>La Polic\u00eda de Alcoy recupera tres sacos de cobre robado - COPE Alcoy<\/title>\n<meta name=\"description\" content=\"La Polic\u00eda Local de Alcoy ha recuperado en las \u00faltimas horas tres sacos de cobre seg\u00fan han comunicado los agentes en Facebook\" \/>\n<meta name=\"robots\" content=\"index, follow, max-snippet:-1, max-image-preview:large, max-video-preview:-1\" \/>\n<link rel=\"canonical\" href=\"https:\/\/www.copealcoy.es\/es\/la-policia-de-alcoy-recupera-tres-sacos-de-cobre-robado\/\" \/>\n<meta property=\"og:locale\" content=\"es_ES\" \/>\n<meta property=\"og:type\" content=\"article\" \/>\n<meta property=\"og:title\" content=\"La Polic\u00eda de Alcoy recupera tres sacos de cobre robado - COPE Alcoy\" \/>\n<meta property=\"og:description\" content=\"La Polic\u00eda Local de Alcoy ha recuperado en las \u00faltimas horas tres sacos de cobre seg\u00fan han comunicado los agentes en Facebook\" \/>\n<meta property=\"og:url\" content=\"https:\/\/www.copealcoy.es\/es\/la-policia-de-alcoy-recupera-tres-sacos-de-cobre-robado\/\" \/>\n<meta property=\"og:site_name\" content=\"COPE Alcoy\" \/>\n<meta property=\"article:published_time\" content=\"2023-03-15T07:00:31+00:00\" \/>\n<meta property=\"article:modified_time\" content=\"2023-03-15T12:16:01+00:00\" \/>\n<meta property=\"og:image\" content=\"https:\/\/www.copealcoy.es\/wp-content\/uploads\/2023\/03\/335633873_2126039860928351_4325456648405783851_n.jpg\" \/>\n\t<meta property=\"og:image:width\" content=\"960\" \/>\n\t<meta property=\"og:image:height\" content=\"540\" \/>\n\t<meta property=\"og:image:type\" content=\"image\/jpeg\" \/>\n<meta name=\"author\" content=\"Cope Alcoy\" \/>\n<meta name=\"twitter:label1\" content=\"Escrito por\" \/>\n\t<meta name=\"twitter:data1\" content=\"Cope Alcoy\" \/>\n\t<meta name=\"twitter:label2\" content=\"Tiempo de lectura\" \/>\n\t<meta name=\"twitter:data2\" content=\"2 minutos\" \/>\n<script type=\"application\/ld+json\" class=\"yoast-schema-graph\">{\"@context\":\"https:\\\/\\\/schema.org\",\"@graph\":[{\"@type\":\"Article\",\"@id\":\"https:\\\/\\\/www.copealcoy.es\\\/es\\\/la-policia-de-alcoy-recupera-tres-sacos-de-cobre-robado\\\/#article\",\"isPartOf\":{\"@id\":\"https:\\\/\\\/www.copealcoy.es\\\/es\\\/la-policia-de-alcoy-recupera-tres-sacos-de-cobre-robado\\\/\"},\"author\":{\"name\":\"Cope Alcoy\",\"@id\":\"https:\\\/\\\/www.copealcoy.es\\\/es\\\/#\\\/schema\\\/person\\\/e777c87fa024e57d40170af9df39882c\"},\"headline\":\"La Polic\u00eda de Alcoy recupera tres sacos de cobre robado\",\"datePublished\":\"2023-03-15T07:00:31+00:00\",\"dateModified\":\"2023-03-15T12:16:01+00:00\",\"mainEntityOfPage\":{\"@id\":\"https:\\\/\\\/www.copealcoy.es\\\/es\\\/la-policia-de-alcoy-recupera-tres-sacos-de-cobre-robado\\\/\"},\"wordCount\":419,\"commentCount\":0,\"image\":{\"@id\":\"https:\\\/\\\/www.copealcoy.es\\\/es\\\/la-policia-de-alcoy-recupera-tres-sacos-de-cobre-robado\\\/#primaryimage\"},\"thumbnailUrl\":\"https:\\\/\\\/www.copealcoy.es\\\/wp-content\\\/uploads\\\/2023\\\/03\\\/335633873_2126039860928351_4325456648405783851_n.jpg\",\"keywords\":[\"Alcoy\",\"cableado\",\"cobre\",\"Polic\u00eda Local\",\"Robo\"],\"articleSection\":[\"Actualidad\",\"Alcoy\",\"Noticias\"],\"inLanguage\":\"es\"},{\"@type\":\"WebPage\",\"@id\":\"https:\\\/\\\/www.copealcoy.es\\\/es\\\/la-policia-de-alcoy-recupera-tres-sacos-de-cobre-robado\\\/\",\"url\":\"https:\\\/\\\/www.copealcoy.es\\\/es\\\/la-policia-de-alcoy-recupera-tres-sacos-de-cobre-robado\\\/\",\"name\":\"La Polic\u00eda de Alcoy recupera tres sacos de cobre robado - COPE Alcoy\",\"isPartOf\":{\"@id\":\"https:\\\/\\\/www.copealcoy.es\\\/es\\\/#website\"},\"primaryImageOfPage\":{\"@id\":\"https:\\\/\\\/www.copealcoy.es\\\/es\\\/la-policia-de-alcoy-recupera-tres-sacos-de-cobre-robado\\\/#primaryimage\"},\"image\":{\"@id\":\"https:\\\/\\\/www.copealcoy.es\\\/es\\\/la-policia-de-alcoy-recupera-tres-sacos-de-cobre-robado\\\/#primaryimage\"},\"thumbnailUrl\":\"https:\\\/\\\/www.copealcoy.es\\\/wp-content\\\/uploads\\\/2023\\\/03\\\/335633873_2126039860928351_4325456648405783851_n.jpg\",\"datePublished\":\"2023-03-15T07:00:31+00:00\",\"dateModified\":\"2023-03-15T12:16:01+00:00\",\"author\":{\"@id\":\"https:\\\/\\\/www.copealcoy.es\\\/es\\\/#\\\/schema\\\/person\\\/e777c87fa024e57d40170af9df39882c\"},\"description\":\"La Polic\u00eda Local de Alcoy ha recuperado en las \u00faltimas horas tres sacos de cobre seg\u00fan han comunicado los agentes en Facebook\",\"breadcrumb\":{\"@id\":\"https:\\\/\\\/www.copealcoy.es\\\/es\\\/la-policia-de-alcoy-recupera-tres-sacos-de-cobre-robado\\\/#breadcrumb\"},\"inLanguage\":\"es\",\"potentialAction\":[{\"@type\":\"ReadAction\",\"target\":[\"https:\\\/\\\/www.copealcoy.es\\\/es\\\/la-policia-de-alcoy-recupera-tres-sacos-de-cobre-robado\\\/\"]}]},{\"@type\":\"ImageObject\",\"inLanguage\":\"es\",\"@id\":\"https:\\\/\\\/www.copealcoy.es\\\/es\\\/la-policia-de-alcoy-recupera-tres-sacos-de-cobre-robado\\\/#primaryimage\",\"url\":\"https:\\\/\\\/www.copealcoy.es\\\/wp-content\\\/uploads\\\/2023\\\/03\\\/335633873_2126039860928351_4325456648405783851_n.jpg\",\"contentUrl\":\"https:\\\/\\\/www.copealcoy.es\\\/wp-content\\\/uploads\\\/2023\\\/03\\\/335633873_2126039860928351_4325456648405783851_n.jpg\",\"width\":960,\"height\":540},{\"@type\":\"BreadcrumbList\",\"@id\":\"https:\\\/\\\/www.copealcoy.es\\\/es\\\/la-policia-de-alcoy-recupera-tres-sacos-de-cobre-robado\\\/#breadcrumb\",\"itemListElement\":[{\"@type\":\"ListItem\",\"position\":1,\"name\":\"Portada\",\"item\":\"https:\\\/\\\/www.copealcoy.es\\\/es\\\/\"},{\"@type\":\"ListItem\",\"position\":2,\"name\":\"La Polic\u00eda de Alcoy recupera tres sacos de cobre robado\"}]},{\"@type\":\"WebSite\",\"@id\":\"https:\\\/\\\/www.copealcoy.es\\\/es\\\/#website\",\"url\":\"https:\\\/\\\/www.copealcoy.es\\\/es\\\/\",\"name\":\"COPE Alcoy\",\"description\":\"Emisora COPE de radio local con emisi\u00f3n online. Pont de Sant Jordi 8-10 03803 Alcoy\",\"potentialAction\":[{\"@type\":\"SearchAction\",\"target\":{\"@type\":\"EntryPoint\",\"urlTemplate\":\"https:\\\/\\\/www.copealcoy.es\\\/es\\\/?s={search_term_string}\"},\"query-input\":{\"@type\":\"PropertyValueSpecification\",\"valueRequired\":true,\"valueName\":\"search_term_string\"}}],\"inLanguage\":\"es\"},{\"@type\":\"Person\",\"@id\":\"https:\\\/\\\/www.copealcoy.es\\\/es\\\/#\\\/schema\\\/person\\\/e777c87fa024e57d40170af9df39882c\",\"name\":\"Cope Alcoy\",\"image\":{\"@type\":\"ImageObject\",\"inLanguage\":\"es\",\"@id\":\"https:\\\/\\\/secure.gravatar.com\\\/avatar\\\/bb65d0283347e303893ba14f0692005417c1e0e690a325a4c5d8bb2b3943ee14?s=96&d=mm&r=g\",\"url\":\"https:\\\/\\\/secure.gravatar.com\\\/avatar\\\/bb65d0283347e303893ba14f0692005417c1e0e690a325a4c5d8bb2b3943ee14?s=96&d=mm&r=g\",\"contentUrl\":\"https:\\\/\\\/secure.gravatar.com\\\/avatar\\\/bb65d0283347e303893ba14f0692005417c1e0e690a325a4c5d8bb2b3943ee14?s=96&d=mm&r=g\",\"caption\":\"Cope Alcoy\"}}]}<\/script>\n<!-- \/ Yoast SEO plugin. -->","yoast_head_json":{"title":"La Polic\u00eda de Alcoy recupera tres sacos de cobre robado - COPE Alcoy","description":"La Polic\u00eda Local de Alcoy ha recuperado en las \u00faltimas horas tres sacos de cobre seg\u00fan han comunicado los agentes en Facebook","robots":{"index":"index","follow":"follow","max-snippet":"max-snippet:-1","max-image-preview":"max-image-preview:large","max-video-preview":"max-video-preview:-1"},"canonical":"https:\/\/www.copealcoy.es\/es\/la-policia-de-alcoy-recupera-tres-sacos-de-cobre-robado\/","og_locale":"es_ES","og_type":"article","og_title":"La Polic\u00eda de Alcoy recupera tres sacos de cobre robado - COPE Alcoy","og_description":"La Polic\u00eda Local de Alcoy ha recuperado en las \u00faltimas horas tres sacos de cobre seg\u00fan han comunicado los agentes en Facebook","og_url":"https:\/\/www.copealcoy.es\/es\/la-policia-de-alcoy-recupera-tres-sacos-de-cobre-robado\/","og_site_name":"COPE Alcoy","article_published_time":"2023-03-15T07:00:31+00:00","article_modified_time":"2023-03-15T12:16:01+00:00","og_image":[{"width":960,"height":540,"url":"https:\/\/www.copealcoy.es\/wp-content\/uploads\/2023\/03\/335633873_2126039860928351_4325456648405783851_n.jpg","type":"image\/jpeg"}],"author":"Cope Alcoy","twitter_misc":{"Escrito por":"Cope Alcoy","Tiempo de lectura":"2 minutos"},"schema":{"@context":"https:\/\/schema.org","@graph":[{"@type":"Article","@id":"https:\/\/www.copealcoy.es\/es\/la-policia-de-alcoy-recupera-tres-sacos-de-cobre-robado\/#article","isPartOf":{"@id":"https:\/\/www.copealcoy.es\/es\/la-policia-de-alcoy-recupera-tres-sacos-de-cobre-robado\/"},"author":{"name":"Cope Alcoy","@id":"https:\/\/www.copealcoy.es\/es\/#\/schema\/person\/e777c87fa024e57d40170af9df39882c"},"headline":"La Polic\u00eda de Alcoy recupera tres sacos de cobre robado","datePublished":"2023-03-15T07:00:31+00:00","dateModified":"2023-03-15T12:16:01+00:00","mainEntityOfPage":{"@id":"https:\/\/www.copealcoy.es\/es\/la-policia-de-alcoy-recupera-tres-sacos-de-cobre-robado\/"},"wordCount":419,"commentCount":0,"image":{"@id":"https:\/\/www.copealcoy.es\/es\/la-policia-de-alcoy-recupera-tres-sacos-de-cobre-robado\/#primaryimage"},"thumbnailUrl":"https:\/\/www.copealcoy.es\/wp-content\/uploads\/2023\/03\/335633873_2126039860928351_4325456648405783851_n.jpg","keywords":["Alcoy","cableado","cobre","Polic\u00eda Local","Robo"],"articleSection":["Actualidad","Alcoy","Noticias"],"inLanguage":"es"},{"@type":"WebPage","@id":"https:\/\/www.copealcoy.es\/es\/la-policia-de-alcoy-recupera-tres-sacos-de-cobre-robado\/","url":"https:\/\/www.copealcoy.es\/es\/la-policia-de-alcoy-recupera-tres-sacos-de-cobre-robado\/","name":"La Polic\u00eda de Alcoy recupera tres sacos de cobre robado - COPE Alcoy","isPartOf":{"@id":"https:\/\/www.copealcoy.es\/es\/#website"},"primaryImageOfPage":{"@id":"https:\/\/www.copealcoy.es\/es\/la-policia-de-alcoy-recupera-tres-sacos-de-cobre-robado\/#primaryimage"},"image":{"@id":"https:\/\/www.copealcoy.es\/es\/la-policia-de-alcoy-recupera-tres-sacos-de-cobre-robado\/#primaryimage"},"thumbnailUrl":"https:\/\/www.copealcoy.es\/wp-content\/uploads\/2023\/03\/335633873_2126039860928351_4325456648405783851_n.jpg","datePublished":"2023-03-15T07:00:31+00:00","dateModified":"2023-03-15T12:16:01+00:00","author":{"@id":"https:\/\/www.copealcoy.es\/es\/#\/schema\/person\/e777c87fa024e57d40170af9df39882c"},"description":"La Polic\u00eda Local de Alcoy ha recuperado en las \u00faltimas horas tres sacos de cobre seg\u00fan han comunicado los agentes en Facebook","breadcrumb":{"@id":"https:\/\/www.copealcoy.es\/es\/la-policia-de-alcoy-recupera-tres-sacos-de-cobre-robado\/#breadcrumb"},"inLanguage":"es","potentialAction":[{"@type":"ReadAction","target":["https:\/\/www.copealcoy.es\/es\/la-policia-de-alcoy-recupera-tres-sacos-de-cobre-robado\/"]}]},{"@type":"ImageObject","inLanguage":"es","@id":"https:\/\/www.copealcoy.es\/es\/la-policia-de-alcoy-recupera-tres-sacos-de-cobre-robado\/#primaryimage","url":"https:\/\/www.copealcoy.es\/wp-content\/uploads\/2023\/03\/335633873_2126039860928351_4325456648405783851_n.jpg","contentUrl":"https:\/\/www.copealcoy.es\/wp-content\/uploads\/2023\/03\/335633873_2126039860928351_4325456648405783851_n.jpg","width":960,"height":540},{"@type":"BreadcrumbList","@id":"https:\/\/www.copealcoy.es\/es\/la-policia-de-alcoy-recupera-tres-sacos-de-cobre-robado\/#breadcrumb","itemListElement":[{"@type":"ListItem","position":1,"name":"Portada","item":"https:\/\/www.copealcoy.es\/es\/"},{"@type":"ListItem","position":2,"name":"La Polic\u00eda de Alcoy recupera tres sacos de cobre robado"}]},{"@type":"WebSite","@id":"https:\/\/www.copealcoy.es\/es\/#website","url":"https:\/\/www.copealcoy.es\/es\/","name":"COPE Alcoy","description":"Emisora COPE de radio local con emisi\u00f3n online. Pont de Sant Jordi 8-10 03803 Alcoy","potentialAction":[{"@type":"SearchAction","target":{"@type":"EntryPoint","urlTemplate":"https:\/\/www.copealcoy.es\/es\/?s={search_term_string}"},"query-input":{"@type":"PropertyValueSpecification","valueRequired":true,"valueName":"search_term_string"}}],"inLanguage":"es"},{"@type":"Person","@id":"https:\/\/www.copealcoy.es\/es\/#\/schema\/person\/e777c87fa024e57d40170af9df39882c","name":"Cope Alcoy","image":{"@type":"ImageObject","inLanguage":"es","@id":"https:\/\/secure.gravatar.com\/avatar\/bb65d0283347e303893ba14f0692005417c1e0e690a325a4c5d8bb2b3943ee14?s=96&d=mm&r=g","url":"https:\/\/secure.gravatar.com\/avatar\/bb65d0283347e303893ba14f0692005417c1e0e690a325a4c5d8bb2b3943ee14?s=96&d=mm&r=g","contentUrl":"https:\/\/secure.gravatar.com\/avatar\/bb65d0283347e303893ba14f0692005417c1e0e690a325a4c5d8bb2b3943ee14?s=96&d=mm&r=g","caption":"Cope Alcoy"}}]}},"_links":{"self":[{"href":"https:\/\/www.copealcoy.es\/es\/wp-json\/wp\/v2\/posts\/112146","targetHints":{"allow":["GET"]}}],"collection":[{"href":"https:\/\/www.copealcoy.es\/es\/wp-json\/wp\/v2\/posts"}],"about":[{"href":"https:\/\/www.copealcoy.es\/es\/wp-json\/wp\/v2\/types\/post"}],"author":[{"embeddable":true,"href":"https:\/\/www.copealcoy.es\/es\/wp-json\/wp\/v2\/users\/1"}],"replies":[{"embeddable":true,"href":"https:\/\/www.copealcoy.es\/es\/wp-json\/wp\/v2\/comments?post=112146"}],"version-history":[{"count":0,"href":"https:\/\/www.copealcoy.es\/es\/wp-json\/wp\/v2\/posts\/112146\/revisions"}],"wp:featuredmedia":[{"embeddable":true,"href":"https:\/\/www.copealcoy.es\/es\/wp-json\/wp\/v2\/media\/112147"}],"wp:attachment":[{"href":"https:\/\/www.copealcoy.es\/es\/wp-json\/wp\/v2\/media?parent=112146"}],"wp:term":[{"taxonomy":"category","embeddable":true,"href":"https:\/\/www.copealcoy.es\/es\/wp-json\/wp\/v2\/categories?post=112146"},{"taxonomy":"post_tag","embeddable":true,"href":"https:\/\/www.copealcoy.es\/es\/wp-json\/wp\/v2\/tags?post=112146"}],"curies":[{"name":"wp","href":"https:\/\/api.w.org\/{rel}","templated":true}]}}