{"id":112110,"date":"2023-03-14T12:49:55","date_gmt":"2023-03-14T11:49:55","guid":{"rendered":"https:\/\/www.copealcoy.es\/?p=112110"},"modified":"2023-03-14T16:11:32","modified_gmt":"2023-03-14T15:11:32","slug":"los-familiares-de-los-fallecidos-por-coronavirus-en-domus-vi-alcoy-sin-respuesta-tres-anos-despues","status":"publish","type":"post","link":"https:\/\/www.copealcoy.es\/es\/los-familiares-de-los-fallecidos-por-coronavirus-en-domus-vi-alcoy-sin-respuesta-tres-anos-despues\/","title":{"rendered":"Los familiares de los fallecidos por Coronavirus en Domus Vi Alcoy, sin respuesta tres a\u00f1os despu\u00e9s"},"content":{"rendered":"<p style=\"text-align: justify;\">Hoy martes se cumplen <strong>tres a\u00f1os del estallido de la crisis sanitaria del Coronavirus<\/strong> en Espa\u00f1a y de <strong>la aprobaci\u00f3n del decreto de Estado de Alarma<\/strong> por parte del Gobierno Central, medida que entraba en vigor al d\u00eda siguiente. Qued\u00e1bamos confinados en casa <strong>durante las semanas siguientes<\/strong> para frenar la oleada de contagios y a partir del mes de mayo <strong>comenz\u00f3 una desescalada progresiva<\/strong> que nos llev\u00f3 al verano con cierta normalidad pese a que la pandemia no hab\u00eda hecho m\u00e1s que empezar.<\/p>\n<p style=\"text-align: justify;\">En aquellos d\u00edas grises de marzo, marcados por las lluvias, <strong>tambi\u00e9n estuvimos pendientes de lo que acontec\u00eda en la residencia geri\u00e1trica Domus Vi de nuestra ciudad<\/strong> donde un brote de Coronavirus <strong>acab\u00f3 sesgando la vida de hasta 74 ancianos<\/strong>. A partir de ah\u00ed <strong>los familiares de las v\u00edctimas iniciaron una lucha para esclarecer lo ocurrido<\/strong> y el\u00a0 Ayuntamiento de Alcoy <strong>inst\u00f3 posteriormente a Les Corts Valencianes a abrir una comisi\u00f3n de investigaci\u00f3n<\/strong> para aclarar por qu\u00e9 m\u00e1s de la mitad de las personas usuarias de la residencia geri\u00e1trica murieron por la covid-19. Un a\u00f1o despu\u00e9s, todav\u00eda no han obtenido respuesta.<\/p>\n<p style=\"text-align: justify;\">Jos\u00e9 Luis Garcia, presidente de la Asociaci\u00f3n de Familias de Afectados Domus Vi, destacaba este martes en el #TiempoDeAn\u00e1lisis de COPE ALCOY que <strong>Les Corts han considerado oportuno no abrir esa Comisi\u00f3n de Investigaci\u00f3n<\/strong> puesto que todav\u00eda <strong>existe una demanda sobre el caso en el juzgado<\/strong>. Lamenta esta situaci\u00f3n y afirma que despu\u00e9s de tres a\u00f1os de espera &#8220;<em>da la sensaci\u00f3n de que quieren tapar el asunto para que cuanto antes caiga en el olvido mejor<\/em>&#8220;, matizaba al respecto. Tambi\u00e9n <strong>se refer\u00eda a la situaci\u00f3n en la que ahora mismo se encuentra la citada demanda civil apuntando que la empresa que gestiona el geri\u00e1trico ha presentado varias periciales<\/strong> &#8220;<em>el da\u00f1o que se nos ha hecho no se puede reparar pero queremos que se depuren responsabilidades y que esto sirva para hacer las cosas mejor en la gesti\u00f3n de servicios como este. Merecemos unas residencias de ancianos en condiciones puesto que, tarde o temprano, todos nos vamos a ver obligados a estar en un centro como estos<\/em>&#8220;; aseveraba.<\/p>\n<p style=\"text-align: justify;\">La platafora de afectados <strong>prepara un gran acto de homenaje a los fallecidos el pr\u00f3ximo 25 de marzo<\/strong>, a partir de las 17:30h en La Glorieta. Habr\u00e1 varios parlamentos y despu\u00e9s <strong>se depositar\u00e1n rosas blancas<\/strong> en el monolito a las v\u00edctimas de la covid-19 que se erigi\u00f3 en oto\u00f1o de 2020 para dejar constancia de lo ocurrido en una primavera de 2020 que jam\u00e1s olvidar\u00e1 la ciudad de Alcoy.<\/p>\n<p><iframe loading=\"lazy\" title=\"\u2018Tiempo De An\u00e1lisis\u2019 Dimarts 14 De Mar\u00e7 2023\" width=\"100%\" height=\"120\" src=\"https:\/\/www.mixcloud.com\/widget\/iframe\/?feed=https%3A%2F%2Fwww.mixcloud.com%2FCOPEAlcoy%2Ftiempo-de-an%25C3%25A1lisis-dimarts-14-de-mar%25C3%25A7-2023%2F&amp;hide_cover=1\" frameborder=\"0\"><\/iframe><\/p>\n","protected":false},"excerpt":{"rendered":"<p>Hoy martes se cumplen tres a\u00f1os del estallido de la crisis sanitaria del Coronavirus en Espa\u00f1a y de la aprobaci\u00f3n&#8230;<\/p>\n","protected":false},"author":1,"featured_media":61071,"comment_status":"open","ping_status":"open","sticky":false,"template":"","format":"standard","meta":{"footnotes":""},"categories":[6909,97,75,125],"tags":[1494,7281,7397,7328,7477],"class_list":["post-112110","post","type-post","status-publish","format-standard","has-post-thumbnail","hentry","category-actualidad","category-alcoy","category-noticias","category-portada","tag-alcoy","tag-coronavirus","tag-covid-19","tag-domus-vi","tag-pandemia"],"yoast_head":"<!-- This site is optimized with the Yoast SEO plugin v27.3 - https:\/\/yoast.com\/product\/yoast-seo-wordpress\/ -->\n<title>Los familiares de los fallecidos por Coronavirus en Domus Vi Alcoy, sin respuesta tres a\u00f1os despu\u00e9s - COPE Alcoy<\/title>\n<meta name=\"description\" content=\"Los familiares de las v\u00edctimas de la residencia Domus Vi de Alcoy lamentan que tres a\u00f1os despu\u00e9s no tengan respuesta a lo ocurrido\" \/>\n<meta name=\"robots\" content=\"index, follow, max-snippet:-1, max-image-preview:large, max-video-preview:-1\" \/>\n<link rel=\"canonical\" href=\"https:\/\/www.copealcoy.es\/es\/los-familiares-de-los-fallecidos-por-coronavirus-en-domus-vi-alcoy-sin-respuesta-tres-anos-despues\/\" \/>\n<meta property=\"og:locale\" content=\"es_ES\" \/>\n<meta property=\"og:type\" content=\"article\" \/>\n<meta property=\"og:title\" content=\"Los familiares de los fallecidos por Coronavirus en Domus Vi Alcoy, sin respuesta tres a\u00f1os despu\u00e9s - COPE Alcoy\" \/>\n<meta property=\"og:description\" content=\"Los familiares de las v\u00edctimas de la residencia Domus Vi de Alcoy lamentan que tres a\u00f1os despu\u00e9s no tengan respuesta a lo ocurrido\" \/>\n<meta property=\"og:url\" content=\"https:\/\/www.copealcoy.es\/es\/los-familiares-de-los-fallecidos-por-coronavirus-en-domus-vi-alcoy-sin-respuesta-tres-anos-despues\/\" \/>\n<meta property=\"og:site_name\" content=\"COPE Alcoy\" \/>\n<meta property=\"article:published_time\" content=\"2023-03-14T11:49:55+00:00\" \/>\n<meta property=\"article:modified_time\" content=\"2023-03-14T15:11:32+00:00\" \/>\n<meta property=\"og:image\" content=\"https:\/\/www.copealcoy.es\/wp-content\/uploads\/2020\/03\/Novaire-1.jpg\" \/>\n\t<meta property=\"og:image:width\" content=\"980\" \/>\n\t<meta property=\"og:image:height\" content=\"734\" \/>\n\t<meta property=\"og:image:type\" content=\"image\/jpeg\" \/>\n<meta name=\"author\" content=\"Cope Alcoy\" \/>\n<meta name=\"twitter:label1\" content=\"Escrito por\" \/>\n\t<meta name=\"twitter:data1\" content=\"Cope Alcoy\" \/>\n\t<meta name=\"twitter:label2\" content=\"Tiempo de lectura\" \/>\n\t<meta name=\"twitter:data2\" content=\"2 minutos\" \/>\n<script type=\"application\/ld+json\" class=\"yoast-schema-graph\">{\"@context\":\"https:\\\/\\\/schema.org\",\"@graph\":[{\"@type\":\"Article\",\"@id\":\"https:\\\/\\\/www.copealcoy.es\\\/es\\\/los-familiares-de-los-fallecidos-por-coronavirus-en-domus-vi-alcoy-sin-respuesta-tres-anos-despues\\\/#article\",\"isPartOf\":{\"@id\":\"https:\\\/\\\/www.copealcoy.es\\\/es\\\/los-familiares-de-los-fallecidos-por-coronavirus-en-domus-vi-alcoy-sin-respuesta-tres-anos-despues\\\/\"},\"author\":{\"name\":\"Cope Alcoy\",\"@id\":\"https:\\\/\\\/www.copealcoy.es\\\/es\\\/#\\\/schema\\\/person\\\/e777c87fa024e57d40170af9df39882c\"},\"headline\":\"Los familiares de los fallecidos por Coronavirus en Domus Vi Alcoy, sin respuesta tres a\u00f1os despu\u00e9s\",\"datePublished\":\"2023-03-14T11:49:55+00:00\",\"dateModified\":\"2023-03-14T15:11:32+00:00\",\"mainEntityOfPage\":{\"@id\":\"https:\\\/\\\/www.copealcoy.es\\\/es\\\/los-familiares-de-los-fallecidos-por-coronavirus-en-domus-vi-alcoy-sin-respuesta-tres-anos-despues\\\/\"},\"wordCount\":482,\"commentCount\":0,\"image\":{\"@id\":\"https:\\\/\\\/www.copealcoy.es\\\/es\\\/los-familiares-de-los-fallecidos-por-coronavirus-en-domus-vi-alcoy-sin-respuesta-tres-anos-despues\\\/#primaryimage\"},\"thumbnailUrl\":\"https:\\\/\\\/www.copealcoy.es\\\/wp-content\\\/uploads\\\/2020\\\/03\\\/Novaire-1.jpg\",\"keywords\":[\"Alcoy\",\"Coronavirus\",\"Covid-19\",\"Domus Vi\",\"pandemia\"],\"articleSection\":[\"Actualidad\",\"Alcoy\",\"Noticias\",\"Portada\"],\"inLanguage\":\"es\"},{\"@type\":\"WebPage\",\"@id\":\"https:\\\/\\\/www.copealcoy.es\\\/es\\\/los-familiares-de-los-fallecidos-por-coronavirus-en-domus-vi-alcoy-sin-respuesta-tres-anos-despues\\\/\",\"url\":\"https:\\\/\\\/www.copealcoy.es\\\/es\\\/los-familiares-de-los-fallecidos-por-coronavirus-en-domus-vi-alcoy-sin-respuesta-tres-anos-despues\\\/\",\"name\":\"Los familiares de los fallecidos por Coronavirus en Domus Vi Alcoy, sin respuesta tres a\u00f1os despu\u00e9s - COPE Alcoy\",\"isPartOf\":{\"@id\":\"https:\\\/\\\/www.copealcoy.es\\\/es\\\/#website\"},\"primaryImageOfPage\":{\"@id\":\"https:\\\/\\\/www.copealcoy.es\\\/es\\\/los-familiares-de-los-fallecidos-por-coronavirus-en-domus-vi-alcoy-sin-respuesta-tres-anos-despues\\\/#primaryimage\"},\"image\":{\"@id\":\"https:\\\/\\\/www.copealcoy.es\\\/es\\\/los-familiares-de-los-fallecidos-por-coronavirus-en-domus-vi-alcoy-sin-respuesta-tres-anos-despues\\\/#primaryimage\"},\"thumbnailUrl\":\"https:\\\/\\\/www.copealcoy.es\\\/wp-content\\\/uploads\\\/2020\\\/03\\\/Novaire-1.jpg\",\"datePublished\":\"2023-03-14T11:49:55+00:00\",\"dateModified\":\"2023-03-14T15:11:32+00:00\",\"author\":{\"@id\":\"https:\\\/\\\/www.copealcoy.es\\\/es\\\/#\\\/schema\\\/person\\\/e777c87fa024e57d40170af9df39882c\"},\"description\":\"Los familiares de las v\u00edctimas de la residencia Domus Vi de Alcoy lamentan que tres a\u00f1os despu\u00e9s no tengan respuesta a lo ocurrido\",\"breadcrumb\":{\"@id\":\"https:\\\/\\\/www.copealcoy.es\\\/es\\\/los-familiares-de-los-fallecidos-por-coronavirus-en-domus-vi-alcoy-sin-respuesta-tres-anos-despues\\\/#breadcrumb\"},\"inLanguage\":\"es\",\"potentialAction\":[{\"@type\":\"ReadAction\",\"target\":[\"https:\\\/\\\/www.copealcoy.es\\\/es\\\/los-familiares-de-los-fallecidos-por-coronavirus-en-domus-vi-alcoy-sin-respuesta-tres-anos-despues\\\/\"]}]},{\"@type\":\"ImageObject\",\"inLanguage\":\"es\",\"@id\":\"https:\\\/\\\/www.copealcoy.es\\\/es\\\/los-familiares-de-los-fallecidos-por-coronavirus-en-domus-vi-alcoy-sin-respuesta-tres-anos-despues\\\/#primaryimage\",\"url\":\"https:\\\/\\\/www.copealcoy.es\\\/wp-content\\\/uploads\\\/2020\\\/03\\\/Novaire-1.jpg\",\"contentUrl\":\"https:\\\/\\\/www.copealcoy.es\\\/wp-content\\\/uploads\\\/2020\\\/03\\\/Novaire-1.jpg\",\"width\":980,\"height\":734},{\"@type\":\"BreadcrumbList\",\"@id\":\"https:\\\/\\\/www.copealcoy.es\\\/es\\\/los-familiares-de-los-fallecidos-por-coronavirus-en-domus-vi-alcoy-sin-respuesta-tres-anos-despues\\\/#breadcrumb\",\"itemListElement\":[{\"@type\":\"ListItem\",\"position\":1,\"name\":\"Portada\",\"item\":\"https:\\\/\\\/www.copealcoy.es\\\/es\\\/\"},{\"@type\":\"ListItem\",\"position\":2,\"name\":\"Los familiares de los fallecidos por Coronavirus en Domus Vi Alcoy, sin respuesta tres a\u00f1os despu\u00e9s\"}]},{\"@type\":\"WebSite\",\"@id\":\"https:\\\/\\\/www.copealcoy.es\\\/es\\\/#website\",\"url\":\"https:\\\/\\\/www.copealcoy.es\\\/es\\\/\",\"name\":\"COPE Alcoy\",\"description\":\"Emisora COPE de radio local con emisi\u00f3n online. Pont de Sant Jordi 8-10 03803 Alcoy\",\"potentialAction\":[{\"@type\":\"SearchAction\",\"target\":{\"@type\":\"EntryPoint\",\"urlTemplate\":\"https:\\\/\\\/www.copealcoy.es\\\/es\\\/?s={search_term_string}\"},\"query-input\":{\"@type\":\"PropertyValueSpecification\",\"valueRequired\":true,\"valueName\":\"search_term_string\"}}],\"inLanguage\":\"es\"},{\"@type\":\"Person\",\"@id\":\"https:\\\/\\\/www.copealcoy.es\\\/es\\\/#\\\/schema\\\/person\\\/e777c87fa024e57d40170af9df39882c\",\"name\":\"Cope Alcoy\",\"image\":{\"@type\":\"ImageObject\",\"inLanguage\":\"es\",\"@id\":\"https:\\\/\\\/secure.gravatar.com\\\/avatar\\\/bb65d0283347e303893ba14f0692005417c1e0e690a325a4c5d8bb2b3943ee14?s=96&d=mm&r=g\",\"url\":\"https:\\\/\\\/secure.gravatar.com\\\/avatar\\\/bb65d0283347e303893ba14f0692005417c1e0e690a325a4c5d8bb2b3943ee14?s=96&d=mm&r=g\",\"contentUrl\":\"https:\\\/\\\/secure.gravatar.com\\\/avatar\\\/bb65d0283347e303893ba14f0692005417c1e0e690a325a4c5d8bb2b3943ee14?s=96&d=mm&r=g\",\"caption\":\"Cope Alcoy\"}}]}<\/script>\n<!-- \/ Yoast SEO plugin. -->","yoast_head_json":{"title":"Los familiares de los fallecidos por Coronavirus en Domus Vi Alcoy, sin respuesta tres a\u00f1os despu\u00e9s - COPE Alcoy","description":"Los familiares de las v\u00edctimas de la residencia Domus Vi de Alcoy lamentan que tres a\u00f1os despu\u00e9s no tengan respuesta a lo ocurrido","robots":{"index":"index","follow":"follow","max-snippet":"max-snippet:-1","max-image-preview":"max-image-preview:large","max-video-preview":"max-video-preview:-1"},"canonical":"https:\/\/www.copealcoy.es\/es\/los-familiares-de-los-fallecidos-por-coronavirus-en-domus-vi-alcoy-sin-respuesta-tres-anos-despues\/","og_locale":"es_ES","og_type":"article","og_title":"Los familiares de los fallecidos por Coronavirus en Domus Vi Alcoy, sin respuesta tres a\u00f1os despu\u00e9s - COPE Alcoy","og_description":"Los familiares de las v\u00edctimas de la residencia Domus Vi de Alcoy lamentan que tres a\u00f1os despu\u00e9s no tengan respuesta a lo ocurrido","og_url":"https:\/\/www.copealcoy.es\/es\/los-familiares-de-los-fallecidos-por-coronavirus-en-domus-vi-alcoy-sin-respuesta-tres-anos-despues\/","og_site_name":"COPE Alcoy","article_published_time":"2023-03-14T11:49:55+00:00","article_modified_time":"2023-03-14T15:11:32+00:00","og_image":[{"width":980,"height":734,"url":"https:\/\/www.copealcoy.es\/wp-content\/uploads\/2020\/03\/Novaire-1.jpg","type":"image\/jpeg"}],"author":"Cope Alcoy","twitter_misc":{"Escrito por":"Cope Alcoy","Tiempo de lectura":"2 minutos"},"schema":{"@context":"https:\/\/schema.org","@graph":[{"@type":"Article","@id":"https:\/\/www.copealcoy.es\/es\/los-familiares-de-los-fallecidos-por-coronavirus-en-domus-vi-alcoy-sin-respuesta-tres-anos-despues\/#article","isPartOf":{"@id":"https:\/\/www.copealcoy.es\/es\/los-familiares-de-los-fallecidos-por-coronavirus-en-domus-vi-alcoy-sin-respuesta-tres-anos-despues\/"},"author":{"name":"Cope Alcoy","@id":"https:\/\/www.copealcoy.es\/es\/#\/schema\/person\/e777c87fa024e57d40170af9df39882c"},"headline":"Los familiares de los fallecidos por Coronavirus en Domus Vi Alcoy, sin respuesta tres a\u00f1os despu\u00e9s","datePublished":"2023-03-14T11:49:55+00:00","dateModified":"2023-03-14T15:11:32+00:00","mainEntityOfPage":{"@id":"https:\/\/www.copealcoy.es\/es\/los-familiares-de-los-fallecidos-por-coronavirus-en-domus-vi-alcoy-sin-respuesta-tres-anos-despues\/"},"wordCount":482,"commentCount":0,"image":{"@id":"https:\/\/www.copealcoy.es\/es\/los-familiares-de-los-fallecidos-por-coronavirus-en-domus-vi-alcoy-sin-respuesta-tres-anos-despues\/#primaryimage"},"thumbnailUrl":"https:\/\/www.copealcoy.es\/wp-content\/uploads\/2020\/03\/Novaire-1.jpg","keywords":["Alcoy","Coronavirus","Covid-19","Domus Vi","pandemia"],"articleSection":["Actualidad","Alcoy","Noticias","Portada"],"inLanguage":"es"},{"@type":"WebPage","@id":"https:\/\/www.copealcoy.es\/es\/los-familiares-de-los-fallecidos-por-coronavirus-en-domus-vi-alcoy-sin-respuesta-tres-anos-despues\/","url":"https:\/\/www.copealcoy.es\/es\/los-familiares-de-los-fallecidos-por-coronavirus-en-domus-vi-alcoy-sin-respuesta-tres-anos-despues\/","name":"Los familiares de los fallecidos por Coronavirus en Domus Vi Alcoy, sin respuesta tres a\u00f1os despu\u00e9s - COPE Alcoy","isPartOf":{"@id":"https:\/\/www.copealcoy.es\/es\/#website"},"primaryImageOfPage":{"@id":"https:\/\/www.copealcoy.es\/es\/los-familiares-de-los-fallecidos-por-coronavirus-en-domus-vi-alcoy-sin-respuesta-tres-anos-despues\/#primaryimage"},"image":{"@id":"https:\/\/www.copealcoy.es\/es\/los-familiares-de-los-fallecidos-por-coronavirus-en-domus-vi-alcoy-sin-respuesta-tres-anos-despues\/#primaryimage"},"thumbnailUrl":"https:\/\/www.copealcoy.es\/wp-content\/uploads\/2020\/03\/Novaire-1.jpg","datePublished":"2023-03-14T11:49:55+00:00","dateModified":"2023-03-14T15:11:32+00:00","author":{"@id":"https:\/\/www.copealcoy.es\/es\/#\/schema\/person\/e777c87fa024e57d40170af9df39882c"},"description":"Los familiares de las v\u00edctimas de la residencia Domus Vi de Alcoy lamentan que tres a\u00f1os despu\u00e9s no tengan respuesta a lo ocurrido","breadcrumb":{"@id":"https:\/\/www.copealcoy.es\/es\/los-familiares-de-los-fallecidos-por-coronavirus-en-domus-vi-alcoy-sin-respuesta-tres-anos-despues\/#breadcrumb"},"inLanguage":"es","potentialAction":[{"@type":"ReadAction","target":["https:\/\/www.copealcoy.es\/es\/los-familiares-de-los-fallecidos-por-coronavirus-en-domus-vi-alcoy-sin-respuesta-tres-anos-despues\/"]}]},{"@type":"ImageObject","inLanguage":"es","@id":"https:\/\/www.copealcoy.es\/es\/los-familiares-de-los-fallecidos-por-coronavirus-en-domus-vi-alcoy-sin-respuesta-tres-anos-despues\/#primaryimage","url":"https:\/\/www.copealcoy.es\/wp-content\/uploads\/2020\/03\/Novaire-1.jpg","contentUrl":"https:\/\/www.copealcoy.es\/wp-content\/uploads\/2020\/03\/Novaire-1.jpg","width":980,"height":734},{"@type":"BreadcrumbList","@id":"https:\/\/www.copealcoy.es\/es\/los-familiares-de-los-fallecidos-por-coronavirus-en-domus-vi-alcoy-sin-respuesta-tres-anos-despues\/#breadcrumb","itemListElement":[{"@type":"ListItem","position":1,"name":"Portada","item":"https:\/\/www.copealcoy.es\/es\/"},{"@type":"ListItem","position":2,"name":"Los familiares de los fallecidos por Coronavirus en Domus Vi Alcoy, sin respuesta tres a\u00f1os despu\u00e9s"}]},{"@type":"WebSite","@id":"https:\/\/www.copealcoy.es\/es\/#website","url":"https:\/\/www.copealcoy.es\/es\/","name":"COPE Alcoy","description":"Emisora COPE de radio local con emisi\u00f3n online. Pont de Sant Jordi 8-10 03803 Alcoy","potentialAction":[{"@type":"SearchAction","target":{"@type":"EntryPoint","urlTemplate":"https:\/\/www.copealcoy.es\/es\/?s={search_term_string}"},"query-input":{"@type":"PropertyValueSpecification","valueRequired":true,"valueName":"search_term_string"}}],"inLanguage":"es"},{"@type":"Person","@id":"https:\/\/www.copealcoy.es\/es\/#\/schema\/person\/e777c87fa024e57d40170af9df39882c","name":"Cope Alcoy","image":{"@type":"ImageObject","inLanguage":"es","@id":"https:\/\/secure.gravatar.com\/avatar\/bb65d0283347e303893ba14f0692005417c1e0e690a325a4c5d8bb2b3943ee14?s=96&d=mm&r=g","url":"https:\/\/secure.gravatar.com\/avatar\/bb65d0283347e303893ba14f0692005417c1e0e690a325a4c5d8bb2b3943ee14?s=96&d=mm&r=g","contentUrl":"https:\/\/secure.gravatar.com\/avatar\/bb65d0283347e303893ba14f0692005417c1e0e690a325a4c5d8bb2b3943ee14?s=96&d=mm&r=g","caption":"Cope Alcoy"}}]}},"_links":{"self":[{"href":"https:\/\/www.copealcoy.es\/es\/wp-json\/wp\/v2\/posts\/112110","targetHints":{"allow":["GET"]}}],"collection":[{"href":"https:\/\/www.copealcoy.es\/es\/wp-json\/wp\/v2\/posts"}],"about":[{"href":"https:\/\/www.copealcoy.es\/es\/wp-json\/wp\/v2\/types\/post"}],"author":[{"embeddable":true,"href":"https:\/\/www.copealcoy.es\/es\/wp-json\/wp\/v2\/users\/1"}],"replies":[{"embeddable":true,"href":"https:\/\/www.copealcoy.es\/es\/wp-json\/wp\/v2\/comments?post=112110"}],"version-history":[{"count":0,"href":"https:\/\/www.copealcoy.es\/es\/wp-json\/wp\/v2\/posts\/112110\/revisions"}],"wp:featuredmedia":[{"embeddable":true,"href":"https:\/\/www.copealcoy.es\/es\/wp-json\/wp\/v2\/media\/61071"}],"wp:attachment":[{"href":"https:\/\/www.copealcoy.es\/es\/wp-json\/wp\/v2\/media?parent=112110"}],"wp:term":[{"taxonomy":"category","embeddable":true,"href":"https:\/\/www.copealcoy.es\/es\/wp-json\/wp\/v2\/categories?post=112110"},{"taxonomy":"post_tag","embeddable":true,"href":"https:\/\/www.copealcoy.es\/es\/wp-json\/wp\/v2\/tags?post=112110"}],"curies":[{"name":"wp","href":"https:\/\/api.w.org\/{rel}","templated":true}]}}