{"id":111928,"date":"2023-03-13T14:52:49","date_gmt":"2023-03-13T13:52:49","guid":{"rendered":"https:\/\/www.copealcoy.es\/?p=111928"},"modified":"2023-03-13T22:25:37","modified_gmt":"2023-03-13T21:25:37","slug":"rescate-con-helicoptero-a-una-mujer-en-el-montcabrer","status":"publish","type":"post","link":"https:\/\/www.copealcoy.es\/es\/rescate-con-helicoptero-a-una-mujer-en-el-montcabrer\/","title":{"rendered":"Rescate con helic\u00f3ptero a una mujer en el Montcabrer"},"content":{"rendered":"<p style=\"text-align: justify;\">Nueva intervenci\u00f3n del<strong> Consorcio Provincial de Bomberos de Alicante<\/strong> en nuestras monta\u00f1as. <strong>Una mujer de 53 a\u00f1os ha sido rescatada este domingo en el<\/strong> <strong>Montcabrer<\/strong> tras sufrir un esguince en el pie derecho.<\/p>\n<p style=\"text-align: justify;\">El aviso se dio cerca de la una del mediod\u00eda y, a partir de ah\u00ed, el grupo de rescate de monta\u00f1a del cuerpo de bomberos se desplaz\u00f3 hasta la zona, en t\u00e9rmino municipal de Cocentaina. <strong>Fue movilizado un helic\u00f3ptero<\/strong> que, tras localizar a la mujer, la recogi\u00f3 y traslad\u00f3 hasta Alcoy. All\u00ed la esperaba una ambulancia medicalizada.<\/p>\n<div style=\"width: 848px;\" class=\"wp-video\"><video class=\"wp-video-shortcode\" id=\"video-111928-1\" width=\"848\" height=\"480\" preload=\"metadata\" controls=\"controls\"><source type=\"video\/mp4\" src=\"https:\/\/www.copealcoy.es\/wp-content\/uploads\/2023\/03\/WhatsApp-Video-2023-03-12-at-17.46.53.mp4?_=1\" \/><a href=\"https:\/\/www.copealcoy.es\/wp-content\/uploads\/2023\/03\/WhatsApp-Video-2023-03-12-at-17.46.53.mp4\">https:\/\/www.copealcoy.es\/wp-content\/uploads\/2023\/03\/WhatsApp-Video-2023-03-12-at-17.46.53.mp4<\/a><\/video><\/div>\n<p style=\"text-align: justify;\">\n<p style=\"text-align: justify;\">Como contaba <strong>Cope Alcoy<\/strong>, <span style=\"color: #000080;\"><a style=\"color: #000080;\" href=\"https:\/\/www.copealcoy.es\/seguridad-en-la-montana-como-la-moda-del-trail-running-pone-en-peligro-a-senderistas\/\" target=\"_blank\" rel=\"noopener\">los rescates en monta\u00f1a son intervenciones que los bomberos realizan pr\u00e1cticamente todas las semanas<\/a><\/span>. Ca\u00eddas, torceduras de tobillo o desorientaciones son situaciones ante las que, en caso de sufrirlas, hay que <strong>avisar al 112 de manera inmediata<\/strong>. &#8220;Cuando una persona ve que la cosa se est\u00e1 poniendo fea o no puede salir por sus propios medios tendr\u00e1 que avisar para que le ayuden&#8221;, explicaba <strong>\u00c1lex Mora<\/strong>, bombero, en declaraciones a Cope Alcoy.<\/p>\n<p style=\"text-align: justify;\">Hay ocasiones en las que el problema se soluciona siguiendo las indicaciones de los profesionales encargados. En el caso de nuestras monta\u00f1as, las competencias las tiene el Consorcio Provincial de Bomberos de Alicante. No obstante, muchas veces se requiere de la intervenci\u00f3n en la zona. &#8220;<strong>Avisar y no esperarse porque la situaci\u00f3n se puede complicar<\/strong>. Si llega a hacerse de noche el helic\u00f3ptero no puede volar, cuesta m\u00e1s encontrar a las personas, es m\u00e1s probable que la bater\u00eda se vaya acabando\u2026&#8221;, insiste el bombero.<\/p>\n<p style=\"text-align: justify;\"><strong>Evitar incidentes<\/strong><\/p>\n<p style=\"text-align: justify;\">Sin embargo, recuerda Mora, <strong>la mayor\u00eda de incidentes se pueden evitar<\/strong>. Para ello hay que <strong>tomar precauciones<\/strong> y seguir una serie de recomendaciones. <strong>Utilizar el equipamiento apropiado<\/strong> es fundamental. Tambi\u00e9n hay que <strong>estar pendiente a la previsi\u00f3n meteorol\u00f3gica, conocer la dificultad de la ruta y nuestro nivel y no fiarse \u00fanicamente de una rese\u00f1a que veamos en Internet<\/strong>. Otras recomendaciones son descargar los mapas por si no hay cobertura, asegurarnos de tener bater\u00eda en el tel\u00e9fono, salir acompa\u00f1ado o avisar a alg\u00fan familiar o amigo si salimos solos&#8230;<\/p>\n","protected":false},"excerpt":{"rendered":"<p>Nueva intervenci\u00f3n del Consorcio Provincial de Bomberos de Alicante en nuestras monta\u00f1as. Una mujer de 53 a\u00f1os ha sido rescatada&#8230;<\/p>\n","protected":false},"author":1,"featured_media":111936,"comment_status":"open","ping_status":"open","sticky":false,"template":"","format":"standard","meta":{"footnotes":""},"categories":[6909,97,75,125],"tags":[13077,3453,373,10640],"class_list":["post-111928","post","type-post","status-publish","format-standard","has-post-thumbnail","hentry","category-actualidad","category-alcoy","category-noticias","category-portada","tag-consorcio-provincial-bomberos","tag-intervencion","tag-montcabrer","tag-rescate"],"yoast_head":"<!-- This site is optimized with the Yoast SEO plugin v27.3 - https:\/\/yoast.com\/product\/yoast-seo-wordpress\/ -->\n<title>Rescate con helic\u00f3ptero a una mujer en el Montcabrer - COPE Alcoy<\/title>\n<meta name=\"description\" content=\"Nueva intervenci\u00f3n del Consorcio Provincial de Bomberos de Alicante en nuestras monta\u00f1as. Una mujer de 53 a\u00f1os ha sido rescatada este domingo en el Montcabrer tras sufrir un esguince en el pie derecho.\" \/>\n<meta name=\"robots\" content=\"index, follow, max-snippet:-1, max-image-preview:large, max-video-preview:-1\" \/>\n<link rel=\"canonical\" href=\"https:\/\/www.copealcoy.es\/es\/rescate-con-helicoptero-a-una-mujer-en-el-montcabrer\/\" \/>\n<meta property=\"og:locale\" content=\"es_ES\" \/>\n<meta property=\"og:type\" content=\"article\" \/>\n<meta property=\"og:title\" content=\"Rescate con helic\u00f3ptero a una mujer en el Montcabrer - COPE Alcoy\" \/>\n<meta property=\"og:description\" content=\"Nueva intervenci\u00f3n del Consorcio Provincial de Bomberos de Alicante en nuestras monta\u00f1as. Una mujer de 53 a\u00f1os ha sido rescatada este domingo en el Montcabrer tras sufrir un esguince en el pie derecho.\" \/>\n<meta property=\"og:url\" content=\"https:\/\/www.copealcoy.es\/es\/rescate-con-helicoptero-a-una-mujer-en-el-montcabrer\/\" \/>\n<meta property=\"og:site_name\" content=\"COPE Alcoy\" \/>\n<meta property=\"article:published_time\" content=\"2023-03-13T13:52:49+00:00\" \/>\n<meta property=\"article:modified_time\" content=\"2023-03-13T21:25:37+00:00\" \/>\n<meta property=\"og:image\" content=\"https:\/\/www.copealcoy.es\/wp-content\/uploads\/2023\/03\/IMG_5876.jpg\" \/>\n\t<meta property=\"og:image:width\" content=\"822\" \/>\n\t<meta property=\"og:image:height\" content=\"465\" \/>\n\t<meta property=\"og:image:type\" content=\"image\/jpeg\" \/>\n<meta name=\"author\" content=\"Cope Alcoy\" \/>\n<meta name=\"twitter:label1\" content=\"Escrito por\" \/>\n\t<meta name=\"twitter:data1\" content=\"Cope Alcoy\" \/>\n\t<meta name=\"twitter:label2\" content=\"Tiempo de lectura\" \/>\n\t<meta name=\"twitter:data2\" content=\"2 minutos\" \/>\n<script type=\"application\/ld+json\" class=\"yoast-schema-graph\">{\"@context\":\"https:\\\/\\\/schema.org\",\"@graph\":[{\"@type\":\"Article\",\"@id\":\"https:\\\/\\\/www.copealcoy.es\\\/es\\\/rescate-con-helicoptero-a-una-mujer-en-el-montcabrer\\\/#article\",\"isPartOf\":{\"@id\":\"https:\\\/\\\/www.copealcoy.es\\\/es\\\/rescate-con-helicoptero-a-una-mujer-en-el-montcabrer\\\/\"},\"author\":{\"name\":\"Cope Alcoy\",\"@id\":\"https:\\\/\\\/www.copealcoy.es\\\/es\\\/#\\\/schema\\\/person\\\/e777c87fa024e57d40170af9df39882c\"},\"headline\":\"Rescate con helic\u00f3ptero a una mujer en el Montcabrer\",\"datePublished\":\"2023-03-13T13:52:49+00:00\",\"dateModified\":\"2023-03-13T21:25:37+00:00\",\"mainEntityOfPage\":{\"@id\":\"https:\\\/\\\/www.copealcoy.es\\\/es\\\/rescate-con-helicoptero-a-una-mujer-en-el-montcabrer\\\/\"},\"wordCount\":390,\"commentCount\":0,\"image\":{\"@id\":\"https:\\\/\\\/www.copealcoy.es\\\/es\\\/rescate-con-helicoptero-a-una-mujer-en-el-montcabrer\\\/#primaryimage\"},\"thumbnailUrl\":\"https:\\\/\\\/www.copealcoy.es\\\/wp-content\\\/uploads\\\/2023\\\/03\\\/IMG_5876.jpg\",\"keywords\":[\"Consorcio Provincial Bomberos\",\"intervenci\u00f3n\",\"Montcabrer\",\"Rescate\"],\"articleSection\":[\"Actualidad\",\"Alcoy\",\"Noticias\",\"Portada\"],\"inLanguage\":\"es\"},{\"@type\":\"WebPage\",\"@id\":\"https:\\\/\\\/www.copealcoy.es\\\/es\\\/rescate-con-helicoptero-a-una-mujer-en-el-montcabrer\\\/\",\"url\":\"https:\\\/\\\/www.copealcoy.es\\\/es\\\/rescate-con-helicoptero-a-una-mujer-en-el-montcabrer\\\/\",\"name\":\"Rescate con helic\u00f3ptero a una mujer en el Montcabrer - COPE Alcoy\",\"isPartOf\":{\"@id\":\"https:\\\/\\\/www.copealcoy.es\\\/es\\\/#website\"},\"primaryImageOfPage\":{\"@id\":\"https:\\\/\\\/www.copealcoy.es\\\/es\\\/rescate-con-helicoptero-a-una-mujer-en-el-montcabrer\\\/#primaryimage\"},\"image\":{\"@id\":\"https:\\\/\\\/www.copealcoy.es\\\/es\\\/rescate-con-helicoptero-a-una-mujer-en-el-montcabrer\\\/#primaryimage\"},\"thumbnailUrl\":\"https:\\\/\\\/www.copealcoy.es\\\/wp-content\\\/uploads\\\/2023\\\/03\\\/IMG_5876.jpg\",\"datePublished\":\"2023-03-13T13:52:49+00:00\",\"dateModified\":\"2023-03-13T21:25:37+00:00\",\"author\":{\"@id\":\"https:\\\/\\\/www.copealcoy.es\\\/es\\\/#\\\/schema\\\/person\\\/e777c87fa024e57d40170af9df39882c\"},\"description\":\"Nueva intervenci\u00f3n del Consorcio Provincial de Bomberos de Alicante en nuestras monta\u00f1as. Una mujer de 53 a\u00f1os ha sido rescatada este domingo en el Montcabrer tras sufrir un esguince en el pie derecho.\",\"breadcrumb\":{\"@id\":\"https:\\\/\\\/www.copealcoy.es\\\/es\\\/rescate-con-helicoptero-a-una-mujer-en-el-montcabrer\\\/#breadcrumb\"},\"inLanguage\":\"es\",\"potentialAction\":[{\"@type\":\"ReadAction\",\"target\":[\"https:\\\/\\\/www.copealcoy.es\\\/es\\\/rescate-con-helicoptero-a-una-mujer-en-el-montcabrer\\\/\"]}]},{\"@type\":\"ImageObject\",\"inLanguage\":\"es\",\"@id\":\"https:\\\/\\\/www.copealcoy.es\\\/es\\\/rescate-con-helicoptero-a-una-mujer-en-el-montcabrer\\\/#primaryimage\",\"url\":\"https:\\\/\\\/www.copealcoy.es\\\/wp-content\\\/uploads\\\/2023\\\/03\\\/IMG_5876.jpg\",\"contentUrl\":\"https:\\\/\\\/www.copealcoy.es\\\/wp-content\\\/uploads\\\/2023\\\/03\\\/IMG_5876.jpg\",\"width\":822,\"height\":465},{\"@type\":\"BreadcrumbList\",\"@id\":\"https:\\\/\\\/www.copealcoy.es\\\/es\\\/rescate-con-helicoptero-a-una-mujer-en-el-montcabrer\\\/#breadcrumb\",\"itemListElement\":[{\"@type\":\"ListItem\",\"position\":1,\"name\":\"Portada\",\"item\":\"https:\\\/\\\/www.copealcoy.es\\\/es\\\/\"},{\"@type\":\"ListItem\",\"position\":2,\"name\":\"Rescate con helic\u00f3ptero a una mujer en el Montcabrer\"}]},{\"@type\":\"WebSite\",\"@id\":\"https:\\\/\\\/www.copealcoy.es\\\/es\\\/#website\",\"url\":\"https:\\\/\\\/www.copealcoy.es\\\/es\\\/\",\"name\":\"COPE Alcoy\",\"description\":\"Emisora COPE de radio local con emisi\u00f3n online. Pont de Sant Jordi 8-10 03803 Alcoy\",\"potentialAction\":[{\"@type\":\"SearchAction\",\"target\":{\"@type\":\"EntryPoint\",\"urlTemplate\":\"https:\\\/\\\/www.copealcoy.es\\\/es\\\/?s={search_term_string}\"},\"query-input\":{\"@type\":\"PropertyValueSpecification\",\"valueRequired\":true,\"valueName\":\"search_term_string\"}}],\"inLanguage\":\"es\"},{\"@type\":\"Person\",\"@id\":\"https:\\\/\\\/www.copealcoy.es\\\/es\\\/#\\\/schema\\\/person\\\/e777c87fa024e57d40170af9df39882c\",\"name\":\"Cope Alcoy\",\"image\":{\"@type\":\"ImageObject\",\"inLanguage\":\"es\",\"@id\":\"https:\\\/\\\/secure.gravatar.com\\\/avatar\\\/bb65d0283347e303893ba14f0692005417c1e0e690a325a4c5d8bb2b3943ee14?s=96&d=mm&r=g\",\"url\":\"https:\\\/\\\/secure.gravatar.com\\\/avatar\\\/bb65d0283347e303893ba14f0692005417c1e0e690a325a4c5d8bb2b3943ee14?s=96&d=mm&r=g\",\"contentUrl\":\"https:\\\/\\\/secure.gravatar.com\\\/avatar\\\/bb65d0283347e303893ba14f0692005417c1e0e690a325a4c5d8bb2b3943ee14?s=96&d=mm&r=g\",\"caption\":\"Cope Alcoy\"}}]}<\/script>\n<!-- \/ Yoast SEO plugin. -->","yoast_head_json":{"title":"Rescate con helic\u00f3ptero a una mujer en el Montcabrer - COPE Alcoy","description":"Nueva intervenci\u00f3n del Consorcio Provincial de Bomberos de Alicante en nuestras monta\u00f1as. Una mujer de 53 a\u00f1os ha sido rescatada este domingo en el Montcabrer tras sufrir un esguince en el pie derecho.","robots":{"index":"index","follow":"follow","max-snippet":"max-snippet:-1","max-image-preview":"max-image-preview:large","max-video-preview":"max-video-preview:-1"},"canonical":"https:\/\/www.copealcoy.es\/es\/rescate-con-helicoptero-a-una-mujer-en-el-montcabrer\/","og_locale":"es_ES","og_type":"article","og_title":"Rescate con helic\u00f3ptero a una mujer en el Montcabrer - COPE Alcoy","og_description":"Nueva intervenci\u00f3n del Consorcio Provincial de Bomberos de Alicante en nuestras monta\u00f1as. Una mujer de 53 a\u00f1os ha sido rescatada este domingo en el Montcabrer tras sufrir un esguince en el pie derecho.","og_url":"https:\/\/www.copealcoy.es\/es\/rescate-con-helicoptero-a-una-mujer-en-el-montcabrer\/","og_site_name":"COPE Alcoy","article_published_time":"2023-03-13T13:52:49+00:00","article_modified_time":"2023-03-13T21:25:37+00:00","og_image":[{"width":822,"height":465,"url":"https:\/\/www.copealcoy.es\/wp-content\/uploads\/2023\/03\/IMG_5876.jpg","type":"image\/jpeg"}],"author":"Cope Alcoy","twitter_misc":{"Escrito por":"Cope Alcoy","Tiempo de lectura":"2 minutos"},"schema":{"@context":"https:\/\/schema.org","@graph":[{"@type":"Article","@id":"https:\/\/www.copealcoy.es\/es\/rescate-con-helicoptero-a-una-mujer-en-el-montcabrer\/#article","isPartOf":{"@id":"https:\/\/www.copealcoy.es\/es\/rescate-con-helicoptero-a-una-mujer-en-el-montcabrer\/"},"author":{"name":"Cope Alcoy","@id":"https:\/\/www.copealcoy.es\/es\/#\/schema\/person\/e777c87fa024e57d40170af9df39882c"},"headline":"Rescate con helic\u00f3ptero a una mujer en el Montcabrer","datePublished":"2023-03-13T13:52:49+00:00","dateModified":"2023-03-13T21:25:37+00:00","mainEntityOfPage":{"@id":"https:\/\/www.copealcoy.es\/es\/rescate-con-helicoptero-a-una-mujer-en-el-montcabrer\/"},"wordCount":390,"commentCount":0,"image":{"@id":"https:\/\/www.copealcoy.es\/es\/rescate-con-helicoptero-a-una-mujer-en-el-montcabrer\/#primaryimage"},"thumbnailUrl":"https:\/\/www.copealcoy.es\/wp-content\/uploads\/2023\/03\/IMG_5876.jpg","keywords":["Consorcio Provincial Bomberos","intervenci\u00f3n","Montcabrer","Rescate"],"articleSection":["Actualidad","Alcoy","Noticias","Portada"],"inLanguage":"es"},{"@type":"WebPage","@id":"https:\/\/www.copealcoy.es\/es\/rescate-con-helicoptero-a-una-mujer-en-el-montcabrer\/","url":"https:\/\/www.copealcoy.es\/es\/rescate-con-helicoptero-a-una-mujer-en-el-montcabrer\/","name":"Rescate con helic\u00f3ptero a una mujer en el Montcabrer - COPE Alcoy","isPartOf":{"@id":"https:\/\/www.copealcoy.es\/es\/#website"},"primaryImageOfPage":{"@id":"https:\/\/www.copealcoy.es\/es\/rescate-con-helicoptero-a-una-mujer-en-el-montcabrer\/#primaryimage"},"image":{"@id":"https:\/\/www.copealcoy.es\/es\/rescate-con-helicoptero-a-una-mujer-en-el-montcabrer\/#primaryimage"},"thumbnailUrl":"https:\/\/www.copealcoy.es\/wp-content\/uploads\/2023\/03\/IMG_5876.jpg","datePublished":"2023-03-13T13:52:49+00:00","dateModified":"2023-03-13T21:25:37+00:00","author":{"@id":"https:\/\/www.copealcoy.es\/es\/#\/schema\/person\/e777c87fa024e57d40170af9df39882c"},"description":"Nueva intervenci\u00f3n del Consorcio Provincial de Bomberos de Alicante en nuestras monta\u00f1as. Una mujer de 53 a\u00f1os ha sido rescatada este domingo en el Montcabrer tras sufrir un esguince en el pie derecho.","breadcrumb":{"@id":"https:\/\/www.copealcoy.es\/es\/rescate-con-helicoptero-a-una-mujer-en-el-montcabrer\/#breadcrumb"},"inLanguage":"es","potentialAction":[{"@type":"ReadAction","target":["https:\/\/www.copealcoy.es\/es\/rescate-con-helicoptero-a-una-mujer-en-el-montcabrer\/"]}]},{"@type":"ImageObject","inLanguage":"es","@id":"https:\/\/www.copealcoy.es\/es\/rescate-con-helicoptero-a-una-mujer-en-el-montcabrer\/#primaryimage","url":"https:\/\/www.copealcoy.es\/wp-content\/uploads\/2023\/03\/IMG_5876.jpg","contentUrl":"https:\/\/www.copealcoy.es\/wp-content\/uploads\/2023\/03\/IMG_5876.jpg","width":822,"height":465},{"@type":"BreadcrumbList","@id":"https:\/\/www.copealcoy.es\/es\/rescate-con-helicoptero-a-una-mujer-en-el-montcabrer\/#breadcrumb","itemListElement":[{"@type":"ListItem","position":1,"name":"Portada","item":"https:\/\/www.copealcoy.es\/es\/"},{"@type":"ListItem","position":2,"name":"Rescate con helic\u00f3ptero a una mujer en el Montcabrer"}]},{"@type":"WebSite","@id":"https:\/\/www.copealcoy.es\/es\/#website","url":"https:\/\/www.copealcoy.es\/es\/","name":"COPE Alcoy","description":"Emisora COPE de radio local con emisi\u00f3n online. Pont de Sant Jordi 8-10 03803 Alcoy","potentialAction":[{"@type":"SearchAction","target":{"@type":"EntryPoint","urlTemplate":"https:\/\/www.copealcoy.es\/es\/?s={search_term_string}"},"query-input":{"@type":"PropertyValueSpecification","valueRequired":true,"valueName":"search_term_string"}}],"inLanguage":"es"},{"@type":"Person","@id":"https:\/\/www.copealcoy.es\/es\/#\/schema\/person\/e777c87fa024e57d40170af9df39882c","name":"Cope Alcoy","image":{"@type":"ImageObject","inLanguage":"es","@id":"https:\/\/secure.gravatar.com\/avatar\/bb65d0283347e303893ba14f0692005417c1e0e690a325a4c5d8bb2b3943ee14?s=96&d=mm&r=g","url":"https:\/\/secure.gravatar.com\/avatar\/bb65d0283347e303893ba14f0692005417c1e0e690a325a4c5d8bb2b3943ee14?s=96&d=mm&r=g","contentUrl":"https:\/\/secure.gravatar.com\/avatar\/bb65d0283347e303893ba14f0692005417c1e0e690a325a4c5d8bb2b3943ee14?s=96&d=mm&r=g","caption":"Cope Alcoy"}}]}},"_links":{"self":[{"href":"https:\/\/www.copealcoy.es\/es\/wp-json\/wp\/v2\/posts\/111928","targetHints":{"allow":["GET"]}}],"collection":[{"href":"https:\/\/www.copealcoy.es\/es\/wp-json\/wp\/v2\/posts"}],"about":[{"href":"https:\/\/www.copealcoy.es\/es\/wp-json\/wp\/v2\/types\/post"}],"author":[{"embeddable":true,"href":"https:\/\/www.copealcoy.es\/es\/wp-json\/wp\/v2\/users\/1"}],"replies":[{"embeddable":true,"href":"https:\/\/www.copealcoy.es\/es\/wp-json\/wp\/v2\/comments?post=111928"}],"version-history":[{"count":0,"href":"https:\/\/www.copealcoy.es\/es\/wp-json\/wp\/v2\/posts\/111928\/revisions"}],"wp:featuredmedia":[{"embeddable":true,"href":"https:\/\/www.copealcoy.es\/es\/wp-json\/wp\/v2\/media\/111936"}],"wp:attachment":[{"href":"https:\/\/www.copealcoy.es\/es\/wp-json\/wp\/v2\/media?parent=111928"}],"wp:term":[{"taxonomy":"category","embeddable":true,"href":"https:\/\/www.copealcoy.es\/es\/wp-json\/wp\/v2\/categories?post=111928"},{"taxonomy":"post_tag","embeddable":true,"href":"https:\/\/www.copealcoy.es\/es\/wp-json\/wp\/v2\/tags?post=111928"}],"curies":[{"name":"wp","href":"https:\/\/api.w.org\/{rel}","templated":true}]}}