{"id":11184,"date":"2015-03-09T20:52:00","date_gmt":"2015-03-09T20:52:00","guid":{"rendered":"http:\/\/copealcoi.es\/new\/?p=11184"},"modified":"2015-03-09T20:52:00","modified_gmt":"2015-03-09T20:52:00","slug":"fedac-y-la-camara-de-comercio-contra-la-postura-del-gobierno-ante-alcoinnova","status":"publish","type":"post","link":"https:\/\/www.copealcoy.es\/es\/fedac-y-la-camara-de-comercio-contra-la-postura-del-gobierno-ante-alcoinnova\/","title":{"rendered":"FEDAC y la C\u00e1mara de Comercio contra la postura del Gobierno ante Alcoinnova"},"content":{"rendered":"<p style=\"text-align: justify;\">La C\u00e1mara de Comercio de Alcoy y la Federaci\u00f3n de Empresarios de L\u2019Alcoia y El Comtat (FEDAC) se han mostrado contrarios al contencioso que el Ayuntamiento de Alcoy ha planteado contra la ubicaci\u00f3n de Alcoinnova. Desde ambos organismos han expresado que esta postura\u00a0\u201cconstituye una renuncia al proceso de reindustrializaci\u00f3n de la ciudad\u201d. Adem\u00e1s se\u00f1ala \u00a0su \u201cdisconformidad con todas aquellas actuaciones cuyo objetivo sea dilatar la ejecuci\u00f3n del proyecto de parque empresarial Alcoinnova\u201d.<\/p>\n<p style=\"text-align: justify;\">Desde FEDAC y la C\u00e1mara de Comercio destacan que \u201cAlcoinnova es un proyecto de regeneraci\u00f3n y creaci\u00f3n de tejido industrial, que ha cumplido con la legalidad a lo largo de toda su tramitaci\u00f3n\u201d y dejan claro que recurriendo de nuevo a la justicia se llega a una\u00a0\u00a0\u201cdemora innecesaria en la ejecuci\u00f3n del proyecto\u201d.<\/p>\n<p style=\"text-align: justify;\">Por \u00faltimo recuerdan que \u201cel proyecto cuenta ya con informes favorables, y ha pasado todos los filtros administrativos\u201d y reiteran que Alcoinnova \u201ces un proyecto imprescindible de reindustrializaci\u00f3n para la ciudad que aportar\u00e1 empleo y crecimiento econ\u00f3mico. Alcoy necesita nuevas infraestructuras que favorezcan al desarrollo de la industria e inversi\u00f3n en I+D, que propicien el mantenimiento y la creaci\u00f3n de empleos de calidad. Alcoinnova aporta todo esto. La presentaci\u00f3n del recurso constituye una renuncia al proceso de reindustrializaci\u00f3n de la ciudad\u201d, concluyen.<\/p>\n","protected":false},"excerpt":{"rendered":"<p>La C\u00e1mara de Comercio de Alcoy y la Federaci\u00f3n de Empresarios de L\u2019Alcoia y El Comtat (FEDAC) se han mostrado&#8230;<\/p>\n","protected":false},"author":1,"featured_media":9340,"comment_status":"open","ping_status":"open","sticky":false,"template":"","format":"standard","meta":{"footnotes":""},"categories":[97,75,125],"tags":[478,1494,390,394,433],"class_list":["post-11184","post","type-post","status-publish","format-standard","has-post-thumbnail","hentry","category-alcoy","category-noticias","category-portada","tag-alcoinnova","tag-alcoy","tag-economia","tag-empleo","tag-industria"],"yoast_head":"<!-- This site is optimized with the Yoast SEO plugin v27.3 - https:\/\/yoast.com\/product\/yoast-seo-wordpress\/ -->\n<title>FEDAC y la C\u00e1mara de Comercio contra la postura del Gobierno ante Alcoinnova - COPE Alcoy<\/title>\n<meta name=\"robots\" content=\"index, follow, max-snippet:-1, max-image-preview:large, max-video-preview:-1\" \/>\n<link rel=\"canonical\" href=\"https:\/\/www.copealcoy.es\/es\/fedac-y-la-camara-de-comercio-contra-la-postura-del-gobierno-ante-alcoinnova\/\" \/>\n<meta property=\"og:locale\" content=\"es_ES\" \/>\n<meta property=\"og:type\" content=\"article\" \/>\n<meta property=\"og:title\" content=\"FEDAC y la C\u00e1mara de Comercio contra la postura del Gobierno ante Alcoinnova - COPE Alcoy\" \/>\n<meta property=\"og:description\" content=\"La C\u00e1mara de Comercio de Alcoy y la Federaci\u00f3n de Empresarios de L\u2019Alcoia y El Comtat (FEDAC) se han mostrado...\" \/>\n<meta property=\"og:url\" content=\"https:\/\/www.copealcoy.es\/es\/fedac-y-la-camara-de-comercio-contra-la-postura-del-gobierno-ante-alcoinnova\/\" \/>\n<meta property=\"og:site_name\" content=\"COPE Alcoy\" \/>\n<meta property=\"article:published_time\" content=\"2015-03-09T20:52:00+00:00\" \/>\n<meta property=\"og:image\" content=\"https:\/\/www.copealcoy.es\/wp-content\/uploads\/2014\/12\/image142.jpg\" \/>\n\t<meta property=\"og:image:width\" content=\"3960\" \/>\n\t<meta property=\"og:image:height\" content=\"2465\" \/>\n\t<meta property=\"og:image:type\" content=\"image\/jpeg\" \/>\n<meta name=\"author\" content=\"Cope Alcoy\" \/>\n<meta name=\"twitter:label1\" content=\"Escrito por\" \/>\n\t<meta name=\"twitter:data1\" content=\"Cope Alcoy\" \/>\n\t<meta name=\"twitter:label2\" content=\"Tiempo de lectura\" \/>\n\t<meta name=\"twitter:data2\" content=\"1 minuto\" \/>\n<script type=\"application\/ld+json\" class=\"yoast-schema-graph\">{\"@context\":\"https:\\\/\\\/schema.org\",\"@graph\":[{\"@type\":\"Article\",\"@id\":\"https:\\\/\\\/www.copealcoy.es\\\/es\\\/fedac-y-la-camara-de-comercio-contra-la-postura-del-gobierno-ante-alcoinnova\\\/#article\",\"isPartOf\":{\"@id\":\"https:\\\/\\\/www.copealcoy.es\\\/es\\\/fedac-y-la-camara-de-comercio-contra-la-postura-del-gobierno-ante-alcoinnova\\\/\"},\"author\":{\"name\":\"Cope Alcoy\",\"@id\":\"https:\\\/\\\/www.copealcoy.es\\\/es\\\/#\\\/schema\\\/person\\\/e777c87fa024e57d40170af9df39882c\"},\"headline\":\"FEDAC y la C\u00e1mara de Comercio contra la postura del Gobierno ante Alcoinnova\",\"datePublished\":\"2015-03-09T20:52:00+00:00\",\"mainEntityOfPage\":{\"@id\":\"https:\\\/\\\/www.copealcoy.es\\\/es\\\/fedac-y-la-camara-de-comercio-contra-la-postura-del-gobierno-ante-alcoinnova\\\/\"},\"wordCount\":243,\"commentCount\":0,\"image\":{\"@id\":\"https:\\\/\\\/www.copealcoy.es\\\/es\\\/fedac-y-la-camara-de-comercio-contra-la-postura-del-gobierno-ante-alcoinnova\\\/#primaryimage\"},\"thumbnailUrl\":\"https:\\\/\\\/www.copealcoy.es\\\/wp-content\\\/uploads\\\/2014\\\/12\\\/image142.jpg\",\"keywords\":[\"Alcoinnova\",\"Alcoy\",\"Econom\u00eda\",\"Empleo\",\"Industria\"],\"articleSection\":[\"Alcoy\",\"Noticias\",\"Portada\"],\"inLanguage\":\"es\"},{\"@type\":\"WebPage\",\"@id\":\"https:\\\/\\\/www.copealcoy.es\\\/es\\\/fedac-y-la-camara-de-comercio-contra-la-postura-del-gobierno-ante-alcoinnova\\\/\",\"url\":\"https:\\\/\\\/www.copealcoy.es\\\/es\\\/fedac-y-la-camara-de-comercio-contra-la-postura-del-gobierno-ante-alcoinnova\\\/\",\"name\":\"FEDAC y la C\u00e1mara de Comercio contra la postura del Gobierno ante Alcoinnova - COPE Alcoy\",\"isPartOf\":{\"@id\":\"https:\\\/\\\/www.copealcoy.es\\\/es\\\/#website\"},\"primaryImageOfPage\":{\"@id\":\"https:\\\/\\\/www.copealcoy.es\\\/es\\\/fedac-y-la-camara-de-comercio-contra-la-postura-del-gobierno-ante-alcoinnova\\\/#primaryimage\"},\"image\":{\"@id\":\"https:\\\/\\\/www.copealcoy.es\\\/es\\\/fedac-y-la-camara-de-comercio-contra-la-postura-del-gobierno-ante-alcoinnova\\\/#primaryimage\"},\"thumbnailUrl\":\"https:\\\/\\\/www.copealcoy.es\\\/wp-content\\\/uploads\\\/2014\\\/12\\\/image142.jpg\",\"datePublished\":\"2015-03-09T20:52:00+00:00\",\"author\":{\"@id\":\"https:\\\/\\\/www.copealcoy.es\\\/es\\\/#\\\/schema\\\/person\\\/e777c87fa024e57d40170af9df39882c\"},\"breadcrumb\":{\"@id\":\"https:\\\/\\\/www.copealcoy.es\\\/es\\\/fedac-y-la-camara-de-comercio-contra-la-postura-del-gobierno-ante-alcoinnova\\\/#breadcrumb\"},\"inLanguage\":\"es\",\"potentialAction\":[{\"@type\":\"ReadAction\",\"target\":[\"https:\\\/\\\/www.copealcoy.es\\\/es\\\/fedac-y-la-camara-de-comercio-contra-la-postura-del-gobierno-ante-alcoinnova\\\/\"]}]},{\"@type\":\"ImageObject\",\"inLanguage\":\"es\",\"@id\":\"https:\\\/\\\/www.copealcoy.es\\\/es\\\/fedac-y-la-camara-de-comercio-contra-la-postura-del-gobierno-ante-alcoinnova\\\/#primaryimage\",\"url\":\"https:\\\/\\\/www.copealcoy.es\\\/wp-content\\\/uploads\\\/2014\\\/12\\\/image142.jpg\",\"contentUrl\":\"https:\\\/\\\/www.copealcoy.es\\\/wp-content\\\/uploads\\\/2014\\\/12\\\/image142.jpg\",\"width\":1735,\"height\":1080,\"caption\":\"\u00c1rea del parque empresarial Alcoinnova\"},{\"@type\":\"BreadcrumbList\",\"@id\":\"https:\\\/\\\/www.copealcoy.es\\\/es\\\/fedac-y-la-camara-de-comercio-contra-la-postura-del-gobierno-ante-alcoinnova\\\/#breadcrumb\",\"itemListElement\":[{\"@type\":\"ListItem\",\"position\":1,\"name\":\"Portada\",\"item\":\"https:\\\/\\\/www.copealcoy.es\\\/es\\\/\"},{\"@type\":\"ListItem\",\"position\":2,\"name\":\"FEDAC y la C\u00e1mara de Comercio contra la postura del Gobierno ante Alcoinnova\"}]},{\"@type\":\"WebSite\",\"@id\":\"https:\\\/\\\/www.copealcoy.es\\\/es\\\/#website\",\"url\":\"https:\\\/\\\/www.copealcoy.es\\\/es\\\/\",\"name\":\"COPE Alcoy\",\"description\":\"Emisora COPE de radio local con emisi\u00f3n online. Pont de Sant Jordi 8-10 03803 Alcoy\",\"potentialAction\":[{\"@type\":\"SearchAction\",\"target\":{\"@type\":\"EntryPoint\",\"urlTemplate\":\"https:\\\/\\\/www.copealcoy.es\\\/es\\\/?s={search_term_string}\"},\"query-input\":{\"@type\":\"PropertyValueSpecification\",\"valueRequired\":true,\"valueName\":\"search_term_string\"}}],\"inLanguage\":\"es\"},{\"@type\":\"Person\",\"@id\":\"https:\\\/\\\/www.copealcoy.es\\\/es\\\/#\\\/schema\\\/person\\\/e777c87fa024e57d40170af9df39882c\",\"name\":\"Cope Alcoy\",\"image\":{\"@type\":\"ImageObject\",\"inLanguage\":\"es\",\"@id\":\"https:\\\/\\\/secure.gravatar.com\\\/avatar\\\/bb65d0283347e303893ba14f0692005417c1e0e690a325a4c5d8bb2b3943ee14?s=96&d=mm&r=g\",\"url\":\"https:\\\/\\\/secure.gravatar.com\\\/avatar\\\/bb65d0283347e303893ba14f0692005417c1e0e690a325a4c5d8bb2b3943ee14?s=96&d=mm&r=g\",\"contentUrl\":\"https:\\\/\\\/secure.gravatar.com\\\/avatar\\\/bb65d0283347e303893ba14f0692005417c1e0e690a325a4c5d8bb2b3943ee14?s=96&d=mm&r=g\",\"caption\":\"Cope Alcoy\"}}]}<\/script>\n<!-- \/ Yoast SEO plugin. -->","yoast_head_json":{"title":"FEDAC y la C\u00e1mara de Comercio contra la postura del Gobierno ante Alcoinnova - COPE Alcoy","robots":{"index":"index","follow":"follow","max-snippet":"max-snippet:-1","max-image-preview":"max-image-preview:large","max-video-preview":"max-video-preview:-1"},"canonical":"https:\/\/www.copealcoy.es\/es\/fedac-y-la-camara-de-comercio-contra-la-postura-del-gobierno-ante-alcoinnova\/","og_locale":"es_ES","og_type":"article","og_title":"FEDAC y la C\u00e1mara de Comercio contra la postura del Gobierno ante Alcoinnova - COPE Alcoy","og_description":"La C\u00e1mara de Comercio de Alcoy y la Federaci\u00f3n de Empresarios de L\u2019Alcoia y El Comtat (FEDAC) se han mostrado...","og_url":"https:\/\/www.copealcoy.es\/es\/fedac-y-la-camara-de-comercio-contra-la-postura-del-gobierno-ante-alcoinnova\/","og_site_name":"COPE Alcoy","article_published_time":"2015-03-09T20:52:00+00:00","og_image":[{"width":3960,"height":2465,"url":"https:\/\/www.copealcoy.es\/wp-content\/uploads\/2014\/12\/image142.jpg","type":"image\/jpeg"}],"author":"Cope Alcoy","twitter_misc":{"Escrito por":"Cope Alcoy","Tiempo de lectura":"1 minuto"},"schema":{"@context":"https:\/\/schema.org","@graph":[{"@type":"Article","@id":"https:\/\/www.copealcoy.es\/es\/fedac-y-la-camara-de-comercio-contra-la-postura-del-gobierno-ante-alcoinnova\/#article","isPartOf":{"@id":"https:\/\/www.copealcoy.es\/es\/fedac-y-la-camara-de-comercio-contra-la-postura-del-gobierno-ante-alcoinnova\/"},"author":{"name":"Cope Alcoy","@id":"https:\/\/www.copealcoy.es\/es\/#\/schema\/person\/e777c87fa024e57d40170af9df39882c"},"headline":"FEDAC y la C\u00e1mara de Comercio contra la postura del Gobierno ante Alcoinnova","datePublished":"2015-03-09T20:52:00+00:00","mainEntityOfPage":{"@id":"https:\/\/www.copealcoy.es\/es\/fedac-y-la-camara-de-comercio-contra-la-postura-del-gobierno-ante-alcoinnova\/"},"wordCount":243,"commentCount":0,"image":{"@id":"https:\/\/www.copealcoy.es\/es\/fedac-y-la-camara-de-comercio-contra-la-postura-del-gobierno-ante-alcoinnova\/#primaryimage"},"thumbnailUrl":"https:\/\/www.copealcoy.es\/wp-content\/uploads\/2014\/12\/image142.jpg","keywords":["Alcoinnova","Alcoy","Econom\u00eda","Empleo","Industria"],"articleSection":["Alcoy","Noticias","Portada"],"inLanguage":"es"},{"@type":"WebPage","@id":"https:\/\/www.copealcoy.es\/es\/fedac-y-la-camara-de-comercio-contra-la-postura-del-gobierno-ante-alcoinnova\/","url":"https:\/\/www.copealcoy.es\/es\/fedac-y-la-camara-de-comercio-contra-la-postura-del-gobierno-ante-alcoinnova\/","name":"FEDAC y la C\u00e1mara de Comercio contra la postura del Gobierno ante Alcoinnova - COPE Alcoy","isPartOf":{"@id":"https:\/\/www.copealcoy.es\/es\/#website"},"primaryImageOfPage":{"@id":"https:\/\/www.copealcoy.es\/es\/fedac-y-la-camara-de-comercio-contra-la-postura-del-gobierno-ante-alcoinnova\/#primaryimage"},"image":{"@id":"https:\/\/www.copealcoy.es\/es\/fedac-y-la-camara-de-comercio-contra-la-postura-del-gobierno-ante-alcoinnova\/#primaryimage"},"thumbnailUrl":"https:\/\/www.copealcoy.es\/wp-content\/uploads\/2014\/12\/image142.jpg","datePublished":"2015-03-09T20:52:00+00:00","author":{"@id":"https:\/\/www.copealcoy.es\/es\/#\/schema\/person\/e777c87fa024e57d40170af9df39882c"},"breadcrumb":{"@id":"https:\/\/www.copealcoy.es\/es\/fedac-y-la-camara-de-comercio-contra-la-postura-del-gobierno-ante-alcoinnova\/#breadcrumb"},"inLanguage":"es","potentialAction":[{"@type":"ReadAction","target":["https:\/\/www.copealcoy.es\/es\/fedac-y-la-camara-de-comercio-contra-la-postura-del-gobierno-ante-alcoinnova\/"]}]},{"@type":"ImageObject","inLanguage":"es","@id":"https:\/\/www.copealcoy.es\/es\/fedac-y-la-camara-de-comercio-contra-la-postura-del-gobierno-ante-alcoinnova\/#primaryimage","url":"https:\/\/www.copealcoy.es\/wp-content\/uploads\/2014\/12\/image142.jpg","contentUrl":"https:\/\/www.copealcoy.es\/wp-content\/uploads\/2014\/12\/image142.jpg","width":1735,"height":1080,"caption":"\u00c1rea del parque empresarial Alcoinnova"},{"@type":"BreadcrumbList","@id":"https:\/\/www.copealcoy.es\/es\/fedac-y-la-camara-de-comercio-contra-la-postura-del-gobierno-ante-alcoinnova\/#breadcrumb","itemListElement":[{"@type":"ListItem","position":1,"name":"Portada","item":"https:\/\/www.copealcoy.es\/es\/"},{"@type":"ListItem","position":2,"name":"FEDAC y la C\u00e1mara de Comercio contra la postura del Gobierno ante Alcoinnova"}]},{"@type":"WebSite","@id":"https:\/\/www.copealcoy.es\/es\/#website","url":"https:\/\/www.copealcoy.es\/es\/","name":"COPE Alcoy","description":"Emisora COPE de radio local con emisi\u00f3n online. Pont de Sant Jordi 8-10 03803 Alcoy","potentialAction":[{"@type":"SearchAction","target":{"@type":"EntryPoint","urlTemplate":"https:\/\/www.copealcoy.es\/es\/?s={search_term_string}"},"query-input":{"@type":"PropertyValueSpecification","valueRequired":true,"valueName":"search_term_string"}}],"inLanguage":"es"},{"@type":"Person","@id":"https:\/\/www.copealcoy.es\/es\/#\/schema\/person\/e777c87fa024e57d40170af9df39882c","name":"Cope Alcoy","image":{"@type":"ImageObject","inLanguage":"es","@id":"https:\/\/secure.gravatar.com\/avatar\/bb65d0283347e303893ba14f0692005417c1e0e690a325a4c5d8bb2b3943ee14?s=96&d=mm&r=g","url":"https:\/\/secure.gravatar.com\/avatar\/bb65d0283347e303893ba14f0692005417c1e0e690a325a4c5d8bb2b3943ee14?s=96&d=mm&r=g","contentUrl":"https:\/\/secure.gravatar.com\/avatar\/bb65d0283347e303893ba14f0692005417c1e0e690a325a4c5d8bb2b3943ee14?s=96&d=mm&r=g","caption":"Cope Alcoy"}}]}},"_links":{"self":[{"href":"https:\/\/www.copealcoy.es\/es\/wp-json\/wp\/v2\/posts\/11184","targetHints":{"allow":["GET"]}}],"collection":[{"href":"https:\/\/www.copealcoy.es\/es\/wp-json\/wp\/v2\/posts"}],"about":[{"href":"https:\/\/www.copealcoy.es\/es\/wp-json\/wp\/v2\/types\/post"}],"author":[{"embeddable":true,"href":"https:\/\/www.copealcoy.es\/es\/wp-json\/wp\/v2\/users\/1"}],"replies":[{"embeddable":true,"href":"https:\/\/www.copealcoy.es\/es\/wp-json\/wp\/v2\/comments?post=11184"}],"version-history":[{"count":0,"href":"https:\/\/www.copealcoy.es\/es\/wp-json\/wp\/v2\/posts\/11184\/revisions"}],"wp:featuredmedia":[{"embeddable":true,"href":"https:\/\/www.copealcoy.es\/es\/wp-json\/wp\/v2\/media\/9340"}],"wp:attachment":[{"href":"https:\/\/www.copealcoy.es\/es\/wp-json\/wp\/v2\/media?parent=11184"}],"wp:term":[{"taxonomy":"category","embeddable":true,"href":"https:\/\/www.copealcoy.es\/es\/wp-json\/wp\/v2\/categories?post=11184"},{"taxonomy":"post_tag","embeddable":true,"href":"https:\/\/www.copealcoy.es\/es\/wp-json\/wp\/v2\/tags?post=11184"}],"curies":[{"name":"wp","href":"https:\/\/api.w.org\/{rel}","templated":true}]}}