{"id":111733,"date":"2023-03-08T11:45:13","date_gmt":"2023-03-08T10:45:13","guid":{"rendered":"https:\/\/www.copealcoy.es\/?p=111733"},"modified":"2023-03-08T13:40:36","modified_gmt":"2023-03-08T12:40:36","slug":"alcoy-y-nuestras-comarcas-salen-de-nuevo-a-la-calle-por-el-8m","status":"publish","type":"post","link":"https:\/\/www.copealcoy.es\/es\/alcoy-y-nuestras-comarcas-salen-de-nuevo-a-la-calle-por-el-8m\/","title":{"rendered":"Alcoy y nuestras comarcas salen de nuevo a la calle por el 8M"},"content":{"rendered":"<p style=\"text-align: justify;\">Alcoy y los municipios de las comarcas de l&#8217;Alcoi\u00e0 y el Comtat <strong>se han unido este mi\u00e9rcoles a la conmemoraci\u00f3n del Dia Internacional de la Mujer<\/strong> con diferentes iniciativas. Los actos reivindicativos <strong>han recuperado la plena normalidad tras la pandemia<\/strong> y se han desarrollado en la calle <strong>bajo un sol radiante as\u00ed como con las altas temperaturas<\/strong> como principales protagonistas.<\/p>\n<p style=\"text-align: justify;\">Durante la ma\u00f1ana, <strong>los centros educativos han participado en una concentraci\u00f3n en la Plaza de Espa\u00f1a donde han protagonizado diferentes bailes centrados en la tem\u00e1tica del 8 de marzo<\/strong>. Despu\u00e9s, <strong>alumnos del Tom\u00e0s Ll\u00e0cer y Horta Major se han encargado de leer el manifiesto<\/strong>, un texto que defend\u00eda la plena igualdad entre hombres y mujeres, la lucha contra la violencia de g\u00e9nero o que se den pasos importantes para que desaparezcan las muchas trabas con las que se encuentra la mujer todav\u00eda a la hora de acceder a determinados puestos de trabajo:<\/p>\n<p style=\"text-align: justify;\">En la citada lectura del manifiesto <strong>han estado presentes representantes de la Corporaci\u00f3n Municipal<\/strong> con el alcalde, Toni Franc\u00e9s, al frente. Los actos del 8M en la ciudad seguir\u00e1n esta tarde con <strong>una marcha que partir\u00e1 desde el Parque de Cervantes a partir de las 18:30h<\/strong>. Esta recorrer\u00e1 las principales calles del Centro de la ciudad hasta concluir en la Plaza de Espa\u00f1a, lugar en el que se leer\u00e1 de nuevo un manifiesto en este caso con participaci\u00f3n destacada del <a href=\"https:\/\/www.facebook.com\/profile.php?id=100064601235732\" target=\"_blank\" rel=\"noopener\"><span style=\"color: #0000ff;\"><strong>Col\u00b7lectiu 8 de mar\u00e7<\/strong><\/span><\/a>.<\/p>\n<p><strong><span style=\"color: #0000ff;\">La comarca tambi\u00e9n sale a la calle\u00a0<\/span><\/strong><\/p>\n<p style=\"text-align: justify;\">En las poblaciones de nuestras comarcas <strong>tambi\u00e9n se han desarrollado actos similares en este mi\u00e9rcoles<\/strong>. En <strong>Cocentaina<\/strong> la lectura del manifiesto ha sido este mediod\u00eda en la Pla\u00e7a de la Vila, ante el Ayuntamiento, y en <strong>Muro<\/strong> se realizar\u00e1 a las 19:30h en la Pla\u00e7a del Matzem. Tambi\u00e9n <strong>Banyeres de Mariola, Castalla, Ibi u Onil<\/strong> conmemoran hoy el 8M con diferentes actos l\u00fadicos pero tambi\u00e9n reivindicativos.<\/p>\n","protected":false},"excerpt":{"rendered":"<p>Alcoy y los municipios de las comarcas de l&#8217;Alcoi\u00e0 y el Comtat se han unido este mi\u00e9rcoles a la conmemoraci\u00f3n&#8230;<\/p>\n","protected":false},"author":1,"featured_media":111734,"comment_status":"open","ping_status":"open","sticky":false,"template":"","format":"standard","meta":{"footnotes":""},"categories":[6909,75,79],"tags":[1951,482,1494,237,6636,14214],"class_list":["post-111733","post","type-post","status-publish","format-standard","has-post-thumbnail","hentry","category-actualidad","category-noticias","category-politicayeconomia","tag-8-de-marzo","tag-alcoia","tag-alcoy","tag-comtat","tag-conmemoracion","tag-dia-internacional-mujer"],"yoast_head":"<!-- This site is optimized with the Yoast SEO plugin v27.3 - https:\/\/yoast.com\/product\/yoast-seo-wordpress\/ -->\n<title>Alcoy y nuestras comarcas salen de nuevo a la calle por el 8M - COPE Alcoy<\/title>\n<meta name=\"description\" content=\"Alcoy y los municipios de nuestras comarcas se han unido este mi\u00e9rcoles a la conmemoraci\u00f3n del 8M con diferentes iniciativas\" \/>\n<meta name=\"robots\" content=\"index, follow, max-snippet:-1, max-image-preview:large, max-video-preview:-1\" \/>\n<link rel=\"canonical\" href=\"https:\/\/www.copealcoy.es\/es\/alcoy-y-nuestras-comarcas-salen-de-nuevo-a-la-calle-por-el-8m\/\" \/>\n<meta property=\"og:locale\" content=\"es_ES\" \/>\n<meta property=\"og:type\" content=\"article\" \/>\n<meta property=\"og:title\" content=\"Alcoy y nuestras comarcas salen de nuevo a la calle por el 8M - COPE Alcoy\" \/>\n<meta property=\"og:description\" content=\"Alcoy y los municipios de nuestras comarcas se han unido este mi\u00e9rcoles a la conmemoraci\u00f3n del 8M con diferentes iniciativas\" \/>\n<meta property=\"og:url\" content=\"https:\/\/www.copealcoy.es\/es\/alcoy-y-nuestras-comarcas-salen-de-nuevo-a-la-calle-por-el-8m\/\" \/>\n<meta property=\"og:site_name\" content=\"COPE Alcoy\" \/>\n<meta property=\"article:published_time\" content=\"2023-03-08T10:45:13+00:00\" \/>\n<meta property=\"article:modified_time\" content=\"2023-03-08T12:40:36+00:00\" \/>\n<meta property=\"og:image\" content=\"https:\/\/www.copealcoy.es\/wp-content\/uploads\/2023\/03\/331308251_205522902065157_1684173263965490149_n-scaled-e1678276710599.jpg\" \/>\n\t<meta property=\"og:image:width\" content=\"640\" \/>\n\t<meta property=\"og:image:height\" content=\"395\" \/>\n\t<meta property=\"og:image:type\" content=\"image\/jpeg\" \/>\n<meta name=\"author\" content=\"Cope Alcoy\" \/>\n<meta name=\"twitter:label1\" content=\"Escrito por\" \/>\n\t<meta name=\"twitter:data1\" content=\"Cope Alcoy\" \/>\n\t<meta name=\"twitter:label2\" content=\"Tiempo de lectura\" \/>\n\t<meta name=\"twitter:data2\" content=\"2 minutos\" \/>\n<script type=\"application\/ld+json\" class=\"yoast-schema-graph\">{\"@context\":\"https:\\\/\\\/schema.org\",\"@graph\":[{\"@type\":\"Article\",\"@id\":\"https:\\\/\\\/www.copealcoy.es\\\/es\\\/alcoy-y-nuestras-comarcas-salen-de-nuevo-a-la-calle-por-el-8m\\\/#article\",\"isPartOf\":{\"@id\":\"https:\\\/\\\/www.copealcoy.es\\\/es\\\/alcoy-y-nuestras-comarcas-salen-de-nuevo-a-la-calle-por-el-8m\\\/\"},\"author\":{\"name\":\"Cope Alcoy\",\"@id\":\"https:\\\/\\\/www.copealcoy.es\\\/es\\\/#\\\/schema\\\/person\\\/e777c87fa024e57d40170af9df39882c\"},\"headline\":\"Alcoy y nuestras comarcas salen de nuevo a la calle por el 8M\",\"datePublished\":\"2023-03-08T10:45:13+00:00\",\"dateModified\":\"2023-03-08T12:40:36+00:00\",\"mainEntityOfPage\":{\"@id\":\"https:\\\/\\\/www.copealcoy.es\\\/es\\\/alcoy-y-nuestras-comarcas-salen-de-nuevo-a-la-calle-por-el-8m\\\/\"},\"wordCount\":348,\"commentCount\":0,\"image\":{\"@id\":\"https:\\\/\\\/www.copealcoy.es\\\/es\\\/alcoy-y-nuestras-comarcas-salen-de-nuevo-a-la-calle-por-el-8m\\\/#primaryimage\"},\"thumbnailUrl\":\"https:\\\/\\\/www.copealcoy.es\\\/wp-content\\\/uploads\\\/2023\\\/03\\\/331308251_205522902065157_1684173263965490149_n-scaled-e1678276710599.jpg\",\"keywords\":[\"8 de marzo\",\"Alcoi\u00e0\",\"Alcoy\",\"Comtat\",\"conmemoraci\u00f3n\",\"D\u00eda Internacional Mujer\"],\"articleSection\":[\"Actualidad\",\"Noticias\",\"Pol\u00edtica y Econom\u00eda\"],\"inLanguage\":\"es\"},{\"@type\":\"WebPage\",\"@id\":\"https:\\\/\\\/www.copealcoy.es\\\/es\\\/alcoy-y-nuestras-comarcas-salen-de-nuevo-a-la-calle-por-el-8m\\\/\",\"url\":\"https:\\\/\\\/www.copealcoy.es\\\/es\\\/alcoy-y-nuestras-comarcas-salen-de-nuevo-a-la-calle-por-el-8m\\\/\",\"name\":\"Alcoy y nuestras comarcas salen de nuevo a la calle por el 8M - COPE Alcoy\",\"isPartOf\":{\"@id\":\"https:\\\/\\\/www.copealcoy.es\\\/es\\\/#website\"},\"primaryImageOfPage\":{\"@id\":\"https:\\\/\\\/www.copealcoy.es\\\/es\\\/alcoy-y-nuestras-comarcas-salen-de-nuevo-a-la-calle-por-el-8m\\\/#primaryimage\"},\"image\":{\"@id\":\"https:\\\/\\\/www.copealcoy.es\\\/es\\\/alcoy-y-nuestras-comarcas-salen-de-nuevo-a-la-calle-por-el-8m\\\/#primaryimage\"},\"thumbnailUrl\":\"https:\\\/\\\/www.copealcoy.es\\\/wp-content\\\/uploads\\\/2023\\\/03\\\/331308251_205522902065157_1684173263965490149_n-scaled-e1678276710599.jpg\",\"datePublished\":\"2023-03-08T10:45:13+00:00\",\"dateModified\":\"2023-03-08T12:40:36+00:00\",\"author\":{\"@id\":\"https:\\\/\\\/www.copealcoy.es\\\/es\\\/#\\\/schema\\\/person\\\/e777c87fa024e57d40170af9df39882c\"},\"description\":\"Alcoy y los municipios de nuestras comarcas se han unido este mi\u00e9rcoles a la conmemoraci\u00f3n del 8M con diferentes iniciativas\",\"breadcrumb\":{\"@id\":\"https:\\\/\\\/www.copealcoy.es\\\/es\\\/alcoy-y-nuestras-comarcas-salen-de-nuevo-a-la-calle-por-el-8m\\\/#breadcrumb\"},\"inLanguage\":\"es\",\"potentialAction\":[{\"@type\":\"ReadAction\",\"target\":[\"https:\\\/\\\/www.copealcoy.es\\\/es\\\/alcoy-y-nuestras-comarcas-salen-de-nuevo-a-la-calle-por-el-8m\\\/\"]}]},{\"@type\":\"ImageObject\",\"inLanguage\":\"es\",\"@id\":\"https:\\\/\\\/www.copealcoy.es\\\/es\\\/alcoy-y-nuestras-comarcas-salen-de-nuevo-a-la-calle-por-el-8m\\\/#primaryimage\",\"url\":\"https:\\\/\\\/www.copealcoy.es\\\/wp-content\\\/uploads\\\/2023\\\/03\\\/331308251_205522902065157_1684173263965490149_n-scaled-e1678276710599.jpg\",\"contentUrl\":\"https:\\\/\\\/www.copealcoy.es\\\/wp-content\\\/uploads\\\/2023\\\/03\\\/331308251_205522902065157_1684173263965490149_n-scaled-e1678276710599.jpg\",\"width\":640,\"height\":395},{\"@type\":\"BreadcrumbList\",\"@id\":\"https:\\\/\\\/www.copealcoy.es\\\/es\\\/alcoy-y-nuestras-comarcas-salen-de-nuevo-a-la-calle-por-el-8m\\\/#breadcrumb\",\"itemListElement\":[{\"@type\":\"ListItem\",\"position\":1,\"name\":\"Portada\",\"item\":\"https:\\\/\\\/www.copealcoy.es\\\/es\\\/\"},{\"@type\":\"ListItem\",\"position\":2,\"name\":\"Alcoy y nuestras comarcas salen de nuevo a la calle por el 8M\"}]},{\"@type\":\"WebSite\",\"@id\":\"https:\\\/\\\/www.copealcoy.es\\\/es\\\/#website\",\"url\":\"https:\\\/\\\/www.copealcoy.es\\\/es\\\/\",\"name\":\"COPE Alcoy\",\"description\":\"Emisora COPE de radio local con emisi\u00f3n online. Pont de Sant Jordi 8-10 03803 Alcoy\",\"potentialAction\":[{\"@type\":\"SearchAction\",\"target\":{\"@type\":\"EntryPoint\",\"urlTemplate\":\"https:\\\/\\\/www.copealcoy.es\\\/es\\\/?s={search_term_string}\"},\"query-input\":{\"@type\":\"PropertyValueSpecification\",\"valueRequired\":true,\"valueName\":\"search_term_string\"}}],\"inLanguage\":\"es\"},{\"@type\":\"Person\",\"@id\":\"https:\\\/\\\/www.copealcoy.es\\\/es\\\/#\\\/schema\\\/person\\\/e777c87fa024e57d40170af9df39882c\",\"name\":\"Cope Alcoy\",\"image\":{\"@type\":\"ImageObject\",\"inLanguage\":\"es\",\"@id\":\"https:\\\/\\\/secure.gravatar.com\\\/avatar\\\/bb65d0283347e303893ba14f0692005417c1e0e690a325a4c5d8bb2b3943ee14?s=96&d=mm&r=g\",\"url\":\"https:\\\/\\\/secure.gravatar.com\\\/avatar\\\/bb65d0283347e303893ba14f0692005417c1e0e690a325a4c5d8bb2b3943ee14?s=96&d=mm&r=g\",\"contentUrl\":\"https:\\\/\\\/secure.gravatar.com\\\/avatar\\\/bb65d0283347e303893ba14f0692005417c1e0e690a325a4c5d8bb2b3943ee14?s=96&d=mm&r=g\",\"caption\":\"Cope Alcoy\"}}]}<\/script>\n<!-- \/ Yoast SEO plugin. -->","yoast_head_json":{"title":"Alcoy y nuestras comarcas salen de nuevo a la calle por el 8M - COPE Alcoy","description":"Alcoy y los municipios de nuestras comarcas se han unido este mi\u00e9rcoles a la conmemoraci\u00f3n del 8M con diferentes iniciativas","robots":{"index":"index","follow":"follow","max-snippet":"max-snippet:-1","max-image-preview":"max-image-preview:large","max-video-preview":"max-video-preview:-1"},"canonical":"https:\/\/www.copealcoy.es\/es\/alcoy-y-nuestras-comarcas-salen-de-nuevo-a-la-calle-por-el-8m\/","og_locale":"es_ES","og_type":"article","og_title":"Alcoy y nuestras comarcas salen de nuevo a la calle por el 8M - COPE Alcoy","og_description":"Alcoy y los municipios de nuestras comarcas se han unido este mi\u00e9rcoles a la conmemoraci\u00f3n del 8M con diferentes iniciativas","og_url":"https:\/\/www.copealcoy.es\/es\/alcoy-y-nuestras-comarcas-salen-de-nuevo-a-la-calle-por-el-8m\/","og_site_name":"COPE Alcoy","article_published_time":"2023-03-08T10:45:13+00:00","article_modified_time":"2023-03-08T12:40:36+00:00","og_image":[{"width":640,"height":395,"url":"https:\/\/www.copealcoy.es\/wp-content\/uploads\/2023\/03\/331308251_205522902065157_1684173263965490149_n-scaled-e1678276710599.jpg","type":"image\/jpeg"}],"author":"Cope Alcoy","twitter_misc":{"Escrito por":"Cope Alcoy","Tiempo de lectura":"2 minutos"},"schema":{"@context":"https:\/\/schema.org","@graph":[{"@type":"Article","@id":"https:\/\/www.copealcoy.es\/es\/alcoy-y-nuestras-comarcas-salen-de-nuevo-a-la-calle-por-el-8m\/#article","isPartOf":{"@id":"https:\/\/www.copealcoy.es\/es\/alcoy-y-nuestras-comarcas-salen-de-nuevo-a-la-calle-por-el-8m\/"},"author":{"name":"Cope Alcoy","@id":"https:\/\/www.copealcoy.es\/es\/#\/schema\/person\/e777c87fa024e57d40170af9df39882c"},"headline":"Alcoy y nuestras comarcas salen de nuevo a la calle por el 8M","datePublished":"2023-03-08T10:45:13+00:00","dateModified":"2023-03-08T12:40:36+00:00","mainEntityOfPage":{"@id":"https:\/\/www.copealcoy.es\/es\/alcoy-y-nuestras-comarcas-salen-de-nuevo-a-la-calle-por-el-8m\/"},"wordCount":348,"commentCount":0,"image":{"@id":"https:\/\/www.copealcoy.es\/es\/alcoy-y-nuestras-comarcas-salen-de-nuevo-a-la-calle-por-el-8m\/#primaryimage"},"thumbnailUrl":"https:\/\/www.copealcoy.es\/wp-content\/uploads\/2023\/03\/331308251_205522902065157_1684173263965490149_n-scaled-e1678276710599.jpg","keywords":["8 de marzo","Alcoi\u00e0","Alcoy","Comtat","conmemoraci\u00f3n","D\u00eda Internacional Mujer"],"articleSection":["Actualidad","Noticias","Pol\u00edtica y Econom\u00eda"],"inLanguage":"es"},{"@type":"WebPage","@id":"https:\/\/www.copealcoy.es\/es\/alcoy-y-nuestras-comarcas-salen-de-nuevo-a-la-calle-por-el-8m\/","url":"https:\/\/www.copealcoy.es\/es\/alcoy-y-nuestras-comarcas-salen-de-nuevo-a-la-calle-por-el-8m\/","name":"Alcoy y nuestras comarcas salen de nuevo a la calle por el 8M - COPE Alcoy","isPartOf":{"@id":"https:\/\/www.copealcoy.es\/es\/#website"},"primaryImageOfPage":{"@id":"https:\/\/www.copealcoy.es\/es\/alcoy-y-nuestras-comarcas-salen-de-nuevo-a-la-calle-por-el-8m\/#primaryimage"},"image":{"@id":"https:\/\/www.copealcoy.es\/es\/alcoy-y-nuestras-comarcas-salen-de-nuevo-a-la-calle-por-el-8m\/#primaryimage"},"thumbnailUrl":"https:\/\/www.copealcoy.es\/wp-content\/uploads\/2023\/03\/331308251_205522902065157_1684173263965490149_n-scaled-e1678276710599.jpg","datePublished":"2023-03-08T10:45:13+00:00","dateModified":"2023-03-08T12:40:36+00:00","author":{"@id":"https:\/\/www.copealcoy.es\/es\/#\/schema\/person\/e777c87fa024e57d40170af9df39882c"},"description":"Alcoy y los municipios de nuestras comarcas se han unido este mi\u00e9rcoles a la conmemoraci\u00f3n del 8M con diferentes iniciativas","breadcrumb":{"@id":"https:\/\/www.copealcoy.es\/es\/alcoy-y-nuestras-comarcas-salen-de-nuevo-a-la-calle-por-el-8m\/#breadcrumb"},"inLanguage":"es","potentialAction":[{"@type":"ReadAction","target":["https:\/\/www.copealcoy.es\/es\/alcoy-y-nuestras-comarcas-salen-de-nuevo-a-la-calle-por-el-8m\/"]}]},{"@type":"ImageObject","inLanguage":"es","@id":"https:\/\/www.copealcoy.es\/es\/alcoy-y-nuestras-comarcas-salen-de-nuevo-a-la-calle-por-el-8m\/#primaryimage","url":"https:\/\/www.copealcoy.es\/wp-content\/uploads\/2023\/03\/331308251_205522902065157_1684173263965490149_n-scaled-e1678276710599.jpg","contentUrl":"https:\/\/www.copealcoy.es\/wp-content\/uploads\/2023\/03\/331308251_205522902065157_1684173263965490149_n-scaled-e1678276710599.jpg","width":640,"height":395},{"@type":"BreadcrumbList","@id":"https:\/\/www.copealcoy.es\/es\/alcoy-y-nuestras-comarcas-salen-de-nuevo-a-la-calle-por-el-8m\/#breadcrumb","itemListElement":[{"@type":"ListItem","position":1,"name":"Portada","item":"https:\/\/www.copealcoy.es\/es\/"},{"@type":"ListItem","position":2,"name":"Alcoy y nuestras comarcas salen de nuevo a la calle por el 8M"}]},{"@type":"WebSite","@id":"https:\/\/www.copealcoy.es\/es\/#website","url":"https:\/\/www.copealcoy.es\/es\/","name":"COPE Alcoy","description":"Emisora COPE de radio local con emisi\u00f3n online. Pont de Sant Jordi 8-10 03803 Alcoy","potentialAction":[{"@type":"SearchAction","target":{"@type":"EntryPoint","urlTemplate":"https:\/\/www.copealcoy.es\/es\/?s={search_term_string}"},"query-input":{"@type":"PropertyValueSpecification","valueRequired":true,"valueName":"search_term_string"}}],"inLanguage":"es"},{"@type":"Person","@id":"https:\/\/www.copealcoy.es\/es\/#\/schema\/person\/e777c87fa024e57d40170af9df39882c","name":"Cope Alcoy","image":{"@type":"ImageObject","inLanguage":"es","@id":"https:\/\/secure.gravatar.com\/avatar\/bb65d0283347e303893ba14f0692005417c1e0e690a325a4c5d8bb2b3943ee14?s=96&d=mm&r=g","url":"https:\/\/secure.gravatar.com\/avatar\/bb65d0283347e303893ba14f0692005417c1e0e690a325a4c5d8bb2b3943ee14?s=96&d=mm&r=g","contentUrl":"https:\/\/secure.gravatar.com\/avatar\/bb65d0283347e303893ba14f0692005417c1e0e690a325a4c5d8bb2b3943ee14?s=96&d=mm&r=g","caption":"Cope Alcoy"}}]}},"_links":{"self":[{"href":"https:\/\/www.copealcoy.es\/es\/wp-json\/wp\/v2\/posts\/111733","targetHints":{"allow":["GET"]}}],"collection":[{"href":"https:\/\/www.copealcoy.es\/es\/wp-json\/wp\/v2\/posts"}],"about":[{"href":"https:\/\/www.copealcoy.es\/es\/wp-json\/wp\/v2\/types\/post"}],"author":[{"embeddable":true,"href":"https:\/\/www.copealcoy.es\/es\/wp-json\/wp\/v2\/users\/1"}],"replies":[{"embeddable":true,"href":"https:\/\/www.copealcoy.es\/es\/wp-json\/wp\/v2\/comments?post=111733"}],"version-history":[{"count":0,"href":"https:\/\/www.copealcoy.es\/es\/wp-json\/wp\/v2\/posts\/111733\/revisions"}],"wp:featuredmedia":[{"embeddable":true,"href":"https:\/\/www.copealcoy.es\/es\/wp-json\/wp\/v2\/media\/111734"}],"wp:attachment":[{"href":"https:\/\/www.copealcoy.es\/es\/wp-json\/wp\/v2\/media?parent=111733"}],"wp:term":[{"taxonomy":"category","embeddable":true,"href":"https:\/\/www.copealcoy.es\/es\/wp-json\/wp\/v2\/categories?post=111733"},{"taxonomy":"post_tag","embeddable":true,"href":"https:\/\/www.copealcoy.es\/es\/wp-json\/wp\/v2\/tags?post=111733"}],"curies":[{"name":"wp","href":"https:\/\/api.w.org\/{rel}","templated":true}]}}