{"id":111644,"date":"2023-03-07T12:48:23","date_gmt":"2023-03-07T11:48:23","guid":{"rendered":"https:\/\/www.copealcoy.es\/?p=111644"},"modified":"2023-03-07T16:32:49","modified_gmt":"2023-03-07T15:32:49","slug":"la-despoblacion-amenaza-a-los-municipios-mas-pequenos-de-la-comarca","status":"publish","type":"post","link":"https:\/\/www.copealcoy.es\/es\/la-despoblacion-amenaza-a-los-municipios-mas-pequenos-de-la-comarca\/","title":{"rendered":"La despoblaci\u00f3n amenaza a los municipios m\u00e1s peque\u00f1os de la comarca"},"content":{"rendered":"<p style=\"text-align: justify;\">Durante toda la jornada <a href=\"https:\/\/www.cope.es\/\" target=\"_blank\" rel=\"noopener\"><span style=\"color: #0000ff;\"><strong>COPE<\/strong><\/span><\/a> est\u00e1 dedicando su programaci\u00f3n a poner el foco en una cuesti\u00f3n importante que afecta a buena parte de nuestro pa\u00eds, especialmente los municipios peque\u00f1os. Se trata del reto demogr\u00e1fico.\u00a0 Espa\u00f1a ha pasado de la\u00a0<strong>explosi\u00f3n de natalidad registrada en los a\u00f1os 60, conocida como &#8220;baby boom&#8221;,<\/strong>\u00a0a un progresivo aumento de la edad media de la poblaci\u00f3n de forma que 2 de cada 10 personas tienen m\u00e1s de 65 a\u00f1os en nuestro pa\u00eds y se calcula que la cifra siga aumentando para situarse en 3 de cada 10 en 2030. Seg\u00fan recoge el \u00faltimo Informe COPE,\u00a0<strong>los fallecimientos superan anualmente los nacimientos desde hace 6 a\u00f1os<\/strong>, una clara p\u00e9rdida de poblaci\u00f3n progresiva que llevamos d\u00e9cadas compensando gracias a la inmigraci\u00f3n.<\/p>\n<p style=\"text-align: justify;\">Y hoy tambi\u00e9n nos preguntamos, <strong>\u00bfC\u00f3mo afrontan los municipios de nuestras comarcas este reto demogr\u00e1fico?<\/strong>. En <strong>l&#8217;Alcoi\u00e0 y el Comtat<\/strong> se dan varias tendencias aunque la p\u00e9rdida de poblaci\u00f3n es constante <strong>en grandes ciudades como Alcoy<\/strong> donde la poblaci\u00f3n <strong>ha bajado en 168 personas<\/strong> respecto a 2021 con datos del INE recogidos a 1 de enero de 2022. La situaci\u00f3n tambi\u00e9n se repite en las poblaciones peque\u00f1as <strong>donde se hace dif\u00edcil encontrar una oportunidad laboral<\/strong> &#8220;<em>para poder encontrar un empleo tienes que irte a una gran ciudad de la comarca, e incluso de otros puntos de la Comunitat Valenciana o de Espa\u00f1a, porque aqu\u00ed no hay trabajo. Esto nos lleva directamente a una bajada de la natalidad ya que los que se van fuera; dif\u00edcilmente regresan aqu\u00ed a establecer su proyecto de vida y solo vienen en verano o en ocasiones especiales<\/em>&#8220;, comentaba en COPE ALCOY Quique Brot\u00f3ns; vecino de Pen\u00e0guila. Quique tambi\u00e9n destaca que <strong>cada vez hay menos ni\u00f1os en el pueblo e insiste en la p\u00e9rdida de servicios b\u00e1sics que sufre la localidad como consecuencia de esa bajada en el n\u00famero de nacimientos<\/strong> &#8220;<em><span style=\"color: #000000;\">por ejemplo no hay escuela, como hab\u00eda antes, y eso tambi\u00e9n es un handicap para cualquier familia que quiera establecerse aqu\u00ed. Con el teletrabajo, que cada vez aplican m\u00e1s empresas, se abre un camino de esperanza porque puede ser un recurso para atraer a m\u00e1s gente e incluso para impulsar nuevos servicios. Aqu\u00ed hay calidad de vida y si de dan opciones se puede llegar revertir esta situaci\u00f3n<\/span><\/em>&#8220;, concluye.<\/p>\n<audio class=\"wp-audio-shortcode\" id=\"audio-111644-1\" preload=\"none\" style=\"width: 100%;\" controls=\"controls\"><source type=\"audio\/mpeg\" src=\"https:\/\/www.copealcoy.es\/wp-content\/uploads\/2023\/03\/ENTREVISTA-QUIQUE-BROTO\u0301NS.mp3?_=1\" \/><a href=\"https:\/\/www.copealcoy.es\/wp-content\/uploads\/2023\/03\/ENTREVISTA-QUIQUE-BROTO\u0301NS.mp3\">https:\/\/www.copealcoy.es\/wp-content\/uploads\/2023\/03\/ENTREVISTA-QUIQUE-BROTO\u0301NS.mp3<\/a><\/audio>\n<p>&nbsp;<\/p>\n<p><strong><span style=\"color: #0000ff;\">La pandemia abre nuevas posibilidades<\/span><\/strong><\/p>\n<p style=\"text-align: justify;\">La crisis sanitaria de la COVID-19 <strong>ha despertado tambi\u00e9n otro aspecto<\/strong> y es que algunos de nuestros pueblos se est\u00e1n convirtiendo en <strong>municipios dormitorio<\/strong>. Esto se debe a que la gente <strong>ha optado por vivir en peque\u00f1as localidades<\/strong>, en busca de mayor tranquilidad y de recursos que no tienen las grandes ciudades, pero <strong>se ve obligada a desplazarse a otras localidades grandes<\/strong> como Alcoy, Cocentaina o Muro para trabajar ante esa falta de oportunidades laborales. No obstante, se ve algo de luz al final del t\u00fanel puesto que estas familias que han decidido establecerse en poblaciones de l&#8217;Alcoi\u00e0 y el Comtat est\u00e1n permitiendo que algunos pueblos mantengan vida o haya m\u00e1s escolarizaciones tal y como constatan desde centros educativos como el CRA Mariola-Benicadell de Agres que agrupa a este pueblo pero tambi\u00e9n a Alfafara o Gaianes &#8220;e<em>l hecho de que haya m\u00e1s j\u00f3venes en el pueblo y que ese alumnado no tenga que ir a pueblos de alrededor ha hecho que tengamos un repunte de alumnos en los tres aularios&#8221;<\/em>, ha explicado\u00a0<strong>Azoraida Mart\u00ednez<\/strong>, directora del centro educativo, en declaraciones a\u00a0<strong>COPE ALCOY<\/strong>.<\/p>\n<p><strong><span style=\"color: #0000ff;\">La mitad de las localidades en riesgo de despoblaci\u00f3n\u00a0<\/span><\/strong><\/p>\n<p style=\"text-align: justify;\">Indicar que en estas comarcas casi la mitad de nuestros municipios <strong>est\u00e1n en riesgo de despoblaci\u00f3n<\/strong>, seg\u00fan datos de la Generalitat Valenciana, puesto que <strong>se encuentran por debajo de los 300 habitantes<\/strong>. \u00a0Se trata de Tollos, Quatretondeta, Millena, Gorga, Famorca, Fageca, Benimassot, Benillup, Benifallim, Benasau, Balones, Almudaina, Alcoleja, Alcosser y Pen\u00e0guila.<\/p>\n","protected":false},"excerpt":{"rendered":"<p>Durante toda la jornada COPE est\u00e1 dedicando su programaci\u00f3n a poner el foco en una cuesti\u00f3n importante que afecta a&#8230;<\/p>\n","protected":false},"author":1,"featured_media":12501,"comment_status":"open","ping_status":"open","sticky":false,"template":"","format":"standard","meta":{"footnotes":""},"categories":[6909,75,125],"tags":[482,237,14202,498,6958],"class_list":["post-111644","post","type-post","status-publish","format-standard","has-post-thumbnail","hentry","category-actualidad","category-noticias","category-portada","tag-alcoia","tag-comtat","tag-nacimientos","tag-poblacion","tag-reto-demografico"],"yoast_head":"<!-- This site is optimized with the Yoast SEO plugin v27.3 - https:\/\/yoast.com\/product\/yoast-seo-wordpress\/ -->\n<title>La despoblaci\u00f3n amenaza a los municipios m\u00e1s peque\u00f1os de la comarca - COPE Alcoy<\/title>\n<meta name=\"description\" content=\"Durante toda la jornada COPE est\u00e1 dedicando su programaci\u00f3n a poner el foco en la cuesti\u00f3n del Reto Demogr\u00e1fico\" \/>\n<meta name=\"robots\" content=\"index, follow, max-snippet:-1, max-image-preview:large, max-video-preview:-1\" \/>\n<link rel=\"canonical\" href=\"https:\/\/www.copealcoy.es\/es\/la-despoblacion-amenaza-a-los-municipios-mas-pequenos-de-la-comarca\/\" \/>\n<meta property=\"og:locale\" content=\"es_ES\" \/>\n<meta property=\"og:type\" content=\"article\" \/>\n<meta property=\"og:title\" content=\"La despoblaci\u00f3n amenaza a los municipios m\u00e1s peque\u00f1os de la comarca - COPE Alcoy\" \/>\n<meta property=\"og:description\" content=\"Durante toda la jornada COPE est\u00e1 dedicando su programaci\u00f3n a poner el foco en la cuesti\u00f3n del Reto Demogr\u00e1fico\" \/>\n<meta property=\"og:url\" content=\"https:\/\/www.copealcoy.es\/es\/la-despoblacion-amenaza-a-los-municipios-mas-pequenos-de-la-comarca\/\" \/>\n<meta property=\"og:site_name\" content=\"COPE Alcoy\" \/>\n<meta property=\"article:published_time\" content=\"2023-03-07T11:48:23+00:00\" \/>\n<meta property=\"article:modified_time\" content=\"2023-03-07T15:32:49+00:00\" \/>\n<meta property=\"og:image\" content=\"https:\/\/www.copealcoy.es\/wp-content\/uploads\/2015\/04\/VistaAgres1.jpg\" \/>\n\t<meta property=\"og:image:width\" content=\"600\" \/>\n\t<meta property=\"og:image:height\" content=\"400\" \/>\n\t<meta property=\"og:image:type\" content=\"image\/jpeg\" \/>\n<meta name=\"author\" content=\"Cope Alcoy\" \/>\n<meta name=\"twitter:label1\" content=\"Escrito por\" \/>\n\t<meta name=\"twitter:data1\" content=\"Cope Alcoy\" \/>\n\t<meta name=\"twitter:label2\" content=\"Tiempo de lectura\" \/>\n\t<meta name=\"twitter:data2\" content=\"3 minutos\" \/>\n<script type=\"application\/ld+json\" class=\"yoast-schema-graph\">{\"@context\":\"https:\\\/\\\/schema.org\",\"@graph\":[{\"@type\":\"Article\",\"@id\":\"https:\\\/\\\/www.copealcoy.es\\\/es\\\/la-despoblacion-amenaza-a-los-municipios-mas-pequenos-de-la-comarca\\\/#article\",\"isPartOf\":{\"@id\":\"https:\\\/\\\/www.copealcoy.es\\\/es\\\/la-despoblacion-amenaza-a-los-municipios-mas-pequenos-de-la-comarca\\\/\"},\"author\":{\"name\":\"Cope Alcoy\",\"@id\":\"https:\\\/\\\/www.copealcoy.es\\\/es\\\/#\\\/schema\\\/person\\\/e777c87fa024e57d40170af9df39882c\"},\"headline\":\"La despoblaci\u00f3n amenaza a los municipios m\u00e1s peque\u00f1os de la comarca\",\"datePublished\":\"2023-03-07T11:48:23+00:00\",\"dateModified\":\"2023-03-07T15:32:49+00:00\",\"mainEntityOfPage\":{\"@id\":\"https:\\\/\\\/www.copealcoy.es\\\/es\\\/la-despoblacion-amenaza-a-los-municipios-mas-pequenos-de-la-comarca\\\/\"},\"wordCount\":700,\"commentCount\":0,\"image\":{\"@id\":\"https:\\\/\\\/www.copealcoy.es\\\/es\\\/la-despoblacion-amenaza-a-los-municipios-mas-pequenos-de-la-comarca\\\/#primaryimage\"},\"thumbnailUrl\":\"https:\\\/\\\/www.copealcoy.es\\\/wp-content\\\/uploads\\\/2015\\\/04\\\/VistaAgres1.jpg\",\"keywords\":[\"Alcoi\u00e0\",\"Comtat\",\"nacimientos\",\"Poblaci\u00f3n\",\"reto demogr\u00e1fico\"],\"articleSection\":[\"Actualidad\",\"Noticias\",\"Portada\"],\"inLanguage\":\"es\"},{\"@type\":\"WebPage\",\"@id\":\"https:\\\/\\\/www.copealcoy.es\\\/es\\\/la-despoblacion-amenaza-a-los-municipios-mas-pequenos-de-la-comarca\\\/\",\"url\":\"https:\\\/\\\/www.copealcoy.es\\\/es\\\/la-despoblacion-amenaza-a-los-municipios-mas-pequenos-de-la-comarca\\\/\",\"name\":\"La despoblaci\u00f3n amenaza a los municipios m\u00e1s peque\u00f1os de la comarca - COPE Alcoy\",\"isPartOf\":{\"@id\":\"https:\\\/\\\/www.copealcoy.es\\\/es\\\/#website\"},\"primaryImageOfPage\":{\"@id\":\"https:\\\/\\\/www.copealcoy.es\\\/es\\\/la-despoblacion-amenaza-a-los-municipios-mas-pequenos-de-la-comarca\\\/#primaryimage\"},\"image\":{\"@id\":\"https:\\\/\\\/www.copealcoy.es\\\/es\\\/la-despoblacion-amenaza-a-los-municipios-mas-pequenos-de-la-comarca\\\/#primaryimage\"},\"thumbnailUrl\":\"https:\\\/\\\/www.copealcoy.es\\\/wp-content\\\/uploads\\\/2015\\\/04\\\/VistaAgres1.jpg\",\"datePublished\":\"2023-03-07T11:48:23+00:00\",\"dateModified\":\"2023-03-07T15:32:49+00:00\",\"author\":{\"@id\":\"https:\\\/\\\/www.copealcoy.es\\\/es\\\/#\\\/schema\\\/person\\\/e777c87fa024e57d40170af9df39882c\"},\"description\":\"Durante toda la jornada COPE est\u00e1 dedicando su programaci\u00f3n a poner el foco en la cuesti\u00f3n del Reto Demogr\u00e1fico\",\"breadcrumb\":{\"@id\":\"https:\\\/\\\/www.copealcoy.es\\\/es\\\/la-despoblacion-amenaza-a-los-municipios-mas-pequenos-de-la-comarca\\\/#breadcrumb\"},\"inLanguage\":\"es\",\"potentialAction\":[{\"@type\":\"ReadAction\",\"target\":[\"https:\\\/\\\/www.copealcoy.es\\\/es\\\/la-despoblacion-amenaza-a-los-municipios-mas-pequenos-de-la-comarca\\\/\"]}]},{\"@type\":\"ImageObject\",\"inLanguage\":\"es\",\"@id\":\"https:\\\/\\\/www.copealcoy.es\\\/es\\\/la-despoblacion-amenaza-a-los-municipios-mas-pequenos-de-la-comarca\\\/#primaryimage\",\"url\":\"https:\\\/\\\/www.copealcoy.es\\\/wp-content\\\/uploads\\\/2015\\\/04\\\/VistaAgres1.jpg\",\"contentUrl\":\"https:\\\/\\\/www.copealcoy.es\\\/wp-content\\\/uploads\\\/2015\\\/04\\\/VistaAgres1.jpg\",\"width\":600,\"height\":400},{\"@type\":\"BreadcrumbList\",\"@id\":\"https:\\\/\\\/www.copealcoy.es\\\/es\\\/la-despoblacion-amenaza-a-los-municipios-mas-pequenos-de-la-comarca\\\/#breadcrumb\",\"itemListElement\":[{\"@type\":\"ListItem\",\"position\":1,\"name\":\"Portada\",\"item\":\"https:\\\/\\\/www.copealcoy.es\\\/es\\\/\"},{\"@type\":\"ListItem\",\"position\":2,\"name\":\"La despoblaci\u00f3n amenaza a los municipios m\u00e1s peque\u00f1os de la comarca\"}]},{\"@type\":\"WebSite\",\"@id\":\"https:\\\/\\\/www.copealcoy.es\\\/es\\\/#website\",\"url\":\"https:\\\/\\\/www.copealcoy.es\\\/es\\\/\",\"name\":\"COPE Alcoy\",\"description\":\"Emisora COPE de radio local con emisi\u00f3n online. Pont de Sant Jordi 8-10 03803 Alcoy\",\"potentialAction\":[{\"@type\":\"SearchAction\",\"target\":{\"@type\":\"EntryPoint\",\"urlTemplate\":\"https:\\\/\\\/www.copealcoy.es\\\/es\\\/?s={search_term_string}\"},\"query-input\":{\"@type\":\"PropertyValueSpecification\",\"valueRequired\":true,\"valueName\":\"search_term_string\"}}],\"inLanguage\":\"es\"},{\"@type\":\"Person\",\"@id\":\"https:\\\/\\\/www.copealcoy.es\\\/es\\\/#\\\/schema\\\/person\\\/e777c87fa024e57d40170af9df39882c\",\"name\":\"Cope Alcoy\",\"image\":{\"@type\":\"ImageObject\",\"inLanguage\":\"es\",\"@id\":\"https:\\\/\\\/secure.gravatar.com\\\/avatar\\\/bb65d0283347e303893ba14f0692005417c1e0e690a325a4c5d8bb2b3943ee14?s=96&d=mm&r=g\",\"url\":\"https:\\\/\\\/secure.gravatar.com\\\/avatar\\\/bb65d0283347e303893ba14f0692005417c1e0e690a325a4c5d8bb2b3943ee14?s=96&d=mm&r=g\",\"contentUrl\":\"https:\\\/\\\/secure.gravatar.com\\\/avatar\\\/bb65d0283347e303893ba14f0692005417c1e0e690a325a4c5d8bb2b3943ee14?s=96&d=mm&r=g\",\"caption\":\"Cope Alcoy\"}}]}<\/script>\n<!-- \/ Yoast SEO plugin. -->","yoast_head_json":{"title":"La despoblaci\u00f3n amenaza a los municipios m\u00e1s peque\u00f1os de la comarca - COPE Alcoy","description":"Durante toda la jornada COPE est\u00e1 dedicando su programaci\u00f3n a poner el foco en la cuesti\u00f3n del Reto Demogr\u00e1fico","robots":{"index":"index","follow":"follow","max-snippet":"max-snippet:-1","max-image-preview":"max-image-preview:large","max-video-preview":"max-video-preview:-1"},"canonical":"https:\/\/www.copealcoy.es\/es\/la-despoblacion-amenaza-a-los-municipios-mas-pequenos-de-la-comarca\/","og_locale":"es_ES","og_type":"article","og_title":"La despoblaci\u00f3n amenaza a los municipios m\u00e1s peque\u00f1os de la comarca - COPE Alcoy","og_description":"Durante toda la jornada COPE est\u00e1 dedicando su programaci\u00f3n a poner el foco en la cuesti\u00f3n del Reto Demogr\u00e1fico","og_url":"https:\/\/www.copealcoy.es\/es\/la-despoblacion-amenaza-a-los-municipios-mas-pequenos-de-la-comarca\/","og_site_name":"COPE Alcoy","article_published_time":"2023-03-07T11:48:23+00:00","article_modified_time":"2023-03-07T15:32:49+00:00","og_image":[{"width":600,"height":400,"url":"https:\/\/www.copealcoy.es\/wp-content\/uploads\/2015\/04\/VistaAgres1.jpg","type":"image\/jpeg"}],"author":"Cope Alcoy","twitter_misc":{"Escrito por":"Cope Alcoy","Tiempo de lectura":"3 minutos"},"schema":{"@context":"https:\/\/schema.org","@graph":[{"@type":"Article","@id":"https:\/\/www.copealcoy.es\/es\/la-despoblacion-amenaza-a-los-municipios-mas-pequenos-de-la-comarca\/#article","isPartOf":{"@id":"https:\/\/www.copealcoy.es\/es\/la-despoblacion-amenaza-a-los-municipios-mas-pequenos-de-la-comarca\/"},"author":{"name":"Cope Alcoy","@id":"https:\/\/www.copealcoy.es\/es\/#\/schema\/person\/e777c87fa024e57d40170af9df39882c"},"headline":"La despoblaci\u00f3n amenaza a los municipios m\u00e1s peque\u00f1os de la comarca","datePublished":"2023-03-07T11:48:23+00:00","dateModified":"2023-03-07T15:32:49+00:00","mainEntityOfPage":{"@id":"https:\/\/www.copealcoy.es\/es\/la-despoblacion-amenaza-a-los-municipios-mas-pequenos-de-la-comarca\/"},"wordCount":700,"commentCount":0,"image":{"@id":"https:\/\/www.copealcoy.es\/es\/la-despoblacion-amenaza-a-los-municipios-mas-pequenos-de-la-comarca\/#primaryimage"},"thumbnailUrl":"https:\/\/www.copealcoy.es\/wp-content\/uploads\/2015\/04\/VistaAgres1.jpg","keywords":["Alcoi\u00e0","Comtat","nacimientos","Poblaci\u00f3n","reto demogr\u00e1fico"],"articleSection":["Actualidad","Noticias","Portada"],"inLanguage":"es"},{"@type":"WebPage","@id":"https:\/\/www.copealcoy.es\/es\/la-despoblacion-amenaza-a-los-municipios-mas-pequenos-de-la-comarca\/","url":"https:\/\/www.copealcoy.es\/es\/la-despoblacion-amenaza-a-los-municipios-mas-pequenos-de-la-comarca\/","name":"La despoblaci\u00f3n amenaza a los municipios m\u00e1s peque\u00f1os de la comarca - COPE Alcoy","isPartOf":{"@id":"https:\/\/www.copealcoy.es\/es\/#website"},"primaryImageOfPage":{"@id":"https:\/\/www.copealcoy.es\/es\/la-despoblacion-amenaza-a-los-municipios-mas-pequenos-de-la-comarca\/#primaryimage"},"image":{"@id":"https:\/\/www.copealcoy.es\/es\/la-despoblacion-amenaza-a-los-municipios-mas-pequenos-de-la-comarca\/#primaryimage"},"thumbnailUrl":"https:\/\/www.copealcoy.es\/wp-content\/uploads\/2015\/04\/VistaAgres1.jpg","datePublished":"2023-03-07T11:48:23+00:00","dateModified":"2023-03-07T15:32:49+00:00","author":{"@id":"https:\/\/www.copealcoy.es\/es\/#\/schema\/person\/e777c87fa024e57d40170af9df39882c"},"description":"Durante toda la jornada COPE est\u00e1 dedicando su programaci\u00f3n a poner el foco en la cuesti\u00f3n del Reto Demogr\u00e1fico","breadcrumb":{"@id":"https:\/\/www.copealcoy.es\/es\/la-despoblacion-amenaza-a-los-municipios-mas-pequenos-de-la-comarca\/#breadcrumb"},"inLanguage":"es","potentialAction":[{"@type":"ReadAction","target":["https:\/\/www.copealcoy.es\/es\/la-despoblacion-amenaza-a-los-municipios-mas-pequenos-de-la-comarca\/"]}]},{"@type":"ImageObject","inLanguage":"es","@id":"https:\/\/www.copealcoy.es\/es\/la-despoblacion-amenaza-a-los-municipios-mas-pequenos-de-la-comarca\/#primaryimage","url":"https:\/\/www.copealcoy.es\/wp-content\/uploads\/2015\/04\/VistaAgres1.jpg","contentUrl":"https:\/\/www.copealcoy.es\/wp-content\/uploads\/2015\/04\/VistaAgres1.jpg","width":600,"height":400},{"@type":"BreadcrumbList","@id":"https:\/\/www.copealcoy.es\/es\/la-despoblacion-amenaza-a-los-municipios-mas-pequenos-de-la-comarca\/#breadcrumb","itemListElement":[{"@type":"ListItem","position":1,"name":"Portada","item":"https:\/\/www.copealcoy.es\/es\/"},{"@type":"ListItem","position":2,"name":"La despoblaci\u00f3n amenaza a los municipios m\u00e1s peque\u00f1os de la comarca"}]},{"@type":"WebSite","@id":"https:\/\/www.copealcoy.es\/es\/#website","url":"https:\/\/www.copealcoy.es\/es\/","name":"COPE Alcoy","description":"Emisora COPE de radio local con emisi\u00f3n online. Pont de Sant Jordi 8-10 03803 Alcoy","potentialAction":[{"@type":"SearchAction","target":{"@type":"EntryPoint","urlTemplate":"https:\/\/www.copealcoy.es\/es\/?s={search_term_string}"},"query-input":{"@type":"PropertyValueSpecification","valueRequired":true,"valueName":"search_term_string"}}],"inLanguage":"es"},{"@type":"Person","@id":"https:\/\/www.copealcoy.es\/es\/#\/schema\/person\/e777c87fa024e57d40170af9df39882c","name":"Cope Alcoy","image":{"@type":"ImageObject","inLanguage":"es","@id":"https:\/\/secure.gravatar.com\/avatar\/bb65d0283347e303893ba14f0692005417c1e0e690a325a4c5d8bb2b3943ee14?s=96&d=mm&r=g","url":"https:\/\/secure.gravatar.com\/avatar\/bb65d0283347e303893ba14f0692005417c1e0e690a325a4c5d8bb2b3943ee14?s=96&d=mm&r=g","contentUrl":"https:\/\/secure.gravatar.com\/avatar\/bb65d0283347e303893ba14f0692005417c1e0e690a325a4c5d8bb2b3943ee14?s=96&d=mm&r=g","caption":"Cope Alcoy"}}]}},"_links":{"self":[{"href":"https:\/\/www.copealcoy.es\/es\/wp-json\/wp\/v2\/posts\/111644","targetHints":{"allow":["GET"]}}],"collection":[{"href":"https:\/\/www.copealcoy.es\/es\/wp-json\/wp\/v2\/posts"}],"about":[{"href":"https:\/\/www.copealcoy.es\/es\/wp-json\/wp\/v2\/types\/post"}],"author":[{"embeddable":true,"href":"https:\/\/www.copealcoy.es\/es\/wp-json\/wp\/v2\/users\/1"}],"replies":[{"embeddable":true,"href":"https:\/\/www.copealcoy.es\/es\/wp-json\/wp\/v2\/comments?post=111644"}],"version-history":[{"count":0,"href":"https:\/\/www.copealcoy.es\/es\/wp-json\/wp\/v2\/posts\/111644\/revisions"}],"wp:featuredmedia":[{"embeddable":true,"href":"https:\/\/www.copealcoy.es\/es\/wp-json\/wp\/v2\/media\/12501"}],"wp:attachment":[{"href":"https:\/\/www.copealcoy.es\/es\/wp-json\/wp\/v2\/media?parent=111644"}],"wp:term":[{"taxonomy":"category","embeddable":true,"href":"https:\/\/www.copealcoy.es\/es\/wp-json\/wp\/v2\/categories?post=111644"},{"taxonomy":"post_tag","embeddable":true,"href":"https:\/\/www.copealcoy.es\/es\/wp-json\/wp\/v2\/tags?post=111644"}],"curies":[{"name":"wp","href":"https:\/\/api.w.org\/{rel}","templated":true}]}}