{"id":111606,"date":"2023-03-07T07:30:36","date_gmt":"2023-03-07T06:30:36","guid":{"rendered":"https:\/\/www.copealcoy.es\/?p=111606"},"modified":"2023-03-07T08:56:43","modified_gmt":"2023-03-07T07:56:43","slug":"informativo-matinal-martes-7-de-marzo-2023-0720h","status":"publish","type":"post","link":"https:\/\/www.copealcoy.es\/es\/informativo-matinal-martes-7-de-marzo-2023-0720h\/","title":{"rendered":"Informativo matinal martes 7 de marzo 2023 (07:20h)"},"content":{"rendered":"<p><iframe loading=\"lazy\" title=\"Informatiu Matinal Dimarts 7 De Mar\u00e7 De 2023 (07:20h)\" width=\"100%\" height=\"120\" src=\"https:\/\/www.mixcloud.com\/widget\/iframe\/?feed=https%3A%2F%2Fwww.mixcloud.com%2FCOPEAlcoy%2Finformatiu-matinal-dimarts-7-de-mar%25C3%25A7-de-2023-0720h%2F&amp;hide_cover=1\" frameborder=\"0\"><\/iframe><\/p>\n<p>La <strong>negativa del Gobierno municipal<\/strong> a abrir un proceso participativo para buscar soluciones a la despoblaci\u00f3n de Alcoy y la <strong>situaci\u00f3n de la Polic\u00eda Local de la ciudad<\/strong> -que no cubre todas las plazas disponibles- son algunas de las noticias destacadas de este martes 7 de marzo de 2023.<\/p>\n<p>El cuerpo de <strong>Polic\u00eda Local de Alcoy<\/strong> cuenta actualmente con <strong>62 agentes en activo<\/strong>. Sin embargo, <strong>son 92 las plazas disponibles<\/strong>. \u00bfPor qu\u00e9 no se cubren el resto? \u00bfHay procesos de selecci\u00f3n abiertos?<\/p>\n<p>Este es un fen\u00f3meno que no solo afecta a nuestra ciudad, sino a muchos otros municipios. Y <strong>se debe, en gran medida, a la Ley de la Polic\u00eda Local vigente<\/strong>, competencia de la <strong>Generalitat Valenciana<\/strong>.<\/p>\n<p>Sin embargo, en 2022 terminaba una oposici\u00f3n convocada por el <strong>Ayuntamiento de Alcoy<\/strong> para cubrir esas plazas. <strong>Se ofertaron 15 y se adjudicaron ocho en una primera tanda<\/strong>. \u00bfQu\u00e9 ha pasado entonces con esas veinte que siguen descubiertas? Los procesos se hacen a nivel local y la ley permite que <strong>una misma persona se presente a varias oposiciones de ciudades distintas y obtenga varias plazas<\/strong> aunque solo trabaje en una. Mientras no renuncie a ellas, no se pueden adjudicar el resto de plazas.<\/p>\n<p>&#8220;Yo creo que tiene que haber un <strong>cambio en la Ley de Polic\u00eda<\/strong> en la forma de provisi\u00f3n de los puestos, que tendr\u00eda que ser por concentraci\u00f3n. Deber\u00eda funcionar como lo hacen por ejemplo, las plazas de maestros en los colegios&#8221;, ha explicado <strong>Alberto Belda<\/strong>, concejal de Personal, en declaraciones a <strong>Cope Alcoy<\/strong>. Lo que el edil propone es que todas las plazas disponibles se integren en una misma oposici\u00f3n, convocada a nivel auton\u00f3mico, y que a partir de ah\u00ed, y por orden de nota, se vaya eligiendo plaza sin tener derecho a ocupar m\u00e1s de una.<\/p>\n<p>Insiste Belda en que en estos momentos <strong>est\u00e1 pendiente la incorporaci\u00f3n de ocho agentes<\/strong>, que se realizar\u00e1 &#8216;en breve&#8217;. &#8220;Tenemos una situaci\u00f3n mejor de la que ten\u00edamos hace uno o dos a\u00f1os antes de realizar el proceso de selecci\u00f3n&#8221;.<\/p>\n<p>A las 92 plazas de agente se suman catorce de oficial, cinco de inspector, dos de intendente y un comisario. Un total de 113 plazas que conforman el cuerpo de Polic\u00eda Local en Alcoy.<\/p>\n","protected":false},"excerpt":{"rendered":"<p>La negativa del Gobierno municipal a abrir un proceso participativo para buscar soluciones a la despoblaci\u00f3n de Alcoy y la&#8230;<\/p>\n","protected":false},"author":1,"featured_media":110612,"comment_status":"open","ping_status":"open","sticky":false,"template":"","format":"standard","meta":{"footnotes":""},"categories":[6909,89,91],"tags":[],"class_list":["post-111606","post","type-post","status-publish","format-standard","has-post-thumbnail","hentry","category-actualidad","category-audiosdelosprogramas","category-informativos"],"yoast_head":"<!-- This site is optimized with the Yoast SEO plugin v27.3 - https:\/\/yoast.com\/product\/yoast-seo-wordpress\/ -->\n<title>Informativo matinal martes 7 de marzo 2023 (07:20h) - COPE Alcoy<\/title>\n<meta name=\"description\" content=\"La negativa del Gobierno municipal a abrir un proceso participativo para buscar soluciones a la despoblaci\u00f3n de Alcoy y la situaci\u00f3n de la Polic\u00eda Local de la ciudad -que no cubre todas las plazas disponibles- son algunas de las noticias destacadas de este martes 7 de marzo de 2023.\" \/>\n<meta name=\"robots\" content=\"index, follow, max-snippet:-1, max-image-preview:large, max-video-preview:-1\" \/>\n<link rel=\"canonical\" href=\"https:\/\/www.copealcoy.es\/es\/informativo-matinal-martes-7-de-marzo-2023-0720h\/\" \/>\n<meta property=\"og:locale\" content=\"es_ES\" \/>\n<meta property=\"og:type\" content=\"article\" \/>\n<meta property=\"og:title\" content=\"Informativo matinal martes 7 de marzo 2023 (07:20h) - COPE Alcoy\" \/>\n<meta property=\"og:description\" content=\"La negativa del Gobierno municipal a abrir un proceso participativo para buscar soluciones a la despoblaci\u00f3n de Alcoy y la situaci\u00f3n de la Polic\u00eda Local de la ciudad -que no cubre todas las plazas disponibles- son algunas de las noticias destacadas de este martes 7 de marzo de 2023.\" \/>\n<meta property=\"og:url\" content=\"https:\/\/www.copealcoy.es\/es\/informativo-matinal-martes-7-de-marzo-2023-0720h\/\" \/>\n<meta property=\"og:site_name\" content=\"COPE Alcoy\" \/>\n<meta property=\"article:published_time\" content=\"2023-03-07T06:30:36+00:00\" \/>\n<meta property=\"article:modified_time\" content=\"2023-03-07T07:56:43+00:00\" \/>\n<meta property=\"og:image\" content=\"https:\/\/www.copealcoy.es\/wp-content\/uploads\/2023\/02\/Herrera-en-COPE-Alcoy-4.png\" \/>\n\t<meta property=\"og:image:width\" content=\"357\" \/>\n\t<meta property=\"og:image:height\" content=\"290\" \/>\n\t<meta property=\"og:image:type\" content=\"image\/png\" \/>\n<meta name=\"author\" content=\"Cope Alcoy\" \/>\n<meta name=\"twitter:label1\" content=\"Escrito por\" \/>\n\t<meta name=\"twitter:data1\" content=\"Cope Alcoy\" \/>\n\t<meta name=\"twitter:label2\" content=\"Tiempo de lectura\" \/>\n\t<meta name=\"twitter:data2\" content=\"2 minutos\" \/>\n<script type=\"application\/ld+json\" class=\"yoast-schema-graph\">{\"@context\":\"https:\\\/\\\/schema.org\",\"@graph\":[{\"@type\":\"Article\",\"@id\":\"https:\\\/\\\/www.copealcoy.es\\\/es\\\/informativo-matinal-martes-7-de-marzo-2023-0720h\\\/#article\",\"isPartOf\":{\"@id\":\"https:\\\/\\\/www.copealcoy.es\\\/es\\\/informativo-matinal-martes-7-de-marzo-2023-0720h\\\/\"},\"author\":{\"name\":\"Cope Alcoy\",\"@id\":\"https:\\\/\\\/www.copealcoy.es\\\/es\\\/#\\\/schema\\\/person\\\/e777c87fa024e57d40170af9df39882c\"},\"headline\":\"Informativo matinal martes 7 de marzo 2023 (07:20h)\",\"datePublished\":\"2023-03-07T06:30:36+00:00\",\"dateModified\":\"2023-03-07T07:56:43+00:00\",\"mainEntityOfPage\":{\"@id\":\"https:\\\/\\\/www.copealcoy.es\\\/es\\\/informativo-matinal-martes-7-de-marzo-2023-0720h\\\/\"},\"wordCount\":400,\"commentCount\":0,\"image\":{\"@id\":\"https:\\\/\\\/www.copealcoy.es\\\/es\\\/informativo-matinal-martes-7-de-marzo-2023-0720h\\\/#primaryimage\"},\"thumbnailUrl\":\"https:\\\/\\\/www.copealcoy.es\\\/wp-content\\\/uploads\\\/2023\\\/02\\\/Herrera-en-COPE-Alcoy-4.png\",\"articleSection\":[\"Actualidad\",\"Audios de los programas\",\"Informativos\"],\"inLanguage\":\"es\"},{\"@type\":\"WebPage\",\"@id\":\"https:\\\/\\\/www.copealcoy.es\\\/es\\\/informativo-matinal-martes-7-de-marzo-2023-0720h\\\/\",\"url\":\"https:\\\/\\\/www.copealcoy.es\\\/es\\\/informativo-matinal-martes-7-de-marzo-2023-0720h\\\/\",\"name\":\"Informativo matinal martes 7 de marzo 2023 (07:20h) - COPE Alcoy\",\"isPartOf\":{\"@id\":\"https:\\\/\\\/www.copealcoy.es\\\/es\\\/#website\"},\"primaryImageOfPage\":{\"@id\":\"https:\\\/\\\/www.copealcoy.es\\\/es\\\/informativo-matinal-martes-7-de-marzo-2023-0720h\\\/#primaryimage\"},\"image\":{\"@id\":\"https:\\\/\\\/www.copealcoy.es\\\/es\\\/informativo-matinal-martes-7-de-marzo-2023-0720h\\\/#primaryimage\"},\"thumbnailUrl\":\"https:\\\/\\\/www.copealcoy.es\\\/wp-content\\\/uploads\\\/2023\\\/02\\\/Herrera-en-COPE-Alcoy-4.png\",\"datePublished\":\"2023-03-07T06:30:36+00:00\",\"dateModified\":\"2023-03-07T07:56:43+00:00\",\"author\":{\"@id\":\"https:\\\/\\\/www.copealcoy.es\\\/es\\\/#\\\/schema\\\/person\\\/e777c87fa024e57d40170af9df39882c\"},\"description\":\"La negativa del Gobierno municipal a abrir un proceso participativo para buscar soluciones a la despoblaci\u00f3n de Alcoy y la situaci\u00f3n de la Polic\u00eda Local de la ciudad -que no cubre todas las plazas disponibles- son algunas de las noticias destacadas de este martes 7 de marzo de 2023.\",\"breadcrumb\":{\"@id\":\"https:\\\/\\\/www.copealcoy.es\\\/es\\\/informativo-matinal-martes-7-de-marzo-2023-0720h\\\/#breadcrumb\"},\"inLanguage\":\"es\",\"potentialAction\":[{\"@type\":\"ReadAction\",\"target\":[\"https:\\\/\\\/www.copealcoy.es\\\/es\\\/informativo-matinal-martes-7-de-marzo-2023-0720h\\\/\"]}]},{\"@type\":\"ImageObject\",\"inLanguage\":\"es\",\"@id\":\"https:\\\/\\\/www.copealcoy.es\\\/es\\\/informativo-matinal-martes-7-de-marzo-2023-0720h\\\/#primaryimage\",\"url\":\"https:\\\/\\\/www.copealcoy.es\\\/wp-content\\\/uploads\\\/2023\\\/02\\\/Herrera-en-COPE-Alcoy-4.png\",\"contentUrl\":\"https:\\\/\\\/www.copealcoy.es\\\/wp-content\\\/uploads\\\/2023\\\/02\\\/Herrera-en-COPE-Alcoy-4.png\",\"width\":357,\"height\":290},{\"@type\":\"BreadcrumbList\",\"@id\":\"https:\\\/\\\/www.copealcoy.es\\\/es\\\/informativo-matinal-martes-7-de-marzo-2023-0720h\\\/#breadcrumb\",\"itemListElement\":[{\"@type\":\"ListItem\",\"position\":1,\"name\":\"Portada\",\"item\":\"https:\\\/\\\/www.copealcoy.es\\\/es\\\/\"},{\"@type\":\"ListItem\",\"position\":2,\"name\":\"Informativo matinal martes 7 de marzo 2023 (07:20h)\"}]},{\"@type\":\"WebSite\",\"@id\":\"https:\\\/\\\/www.copealcoy.es\\\/es\\\/#website\",\"url\":\"https:\\\/\\\/www.copealcoy.es\\\/es\\\/\",\"name\":\"COPE Alcoy\",\"description\":\"Emisora COPE de radio local con emisi\u00f3n online. Pont de Sant Jordi 8-10 03803 Alcoy\",\"potentialAction\":[{\"@type\":\"SearchAction\",\"target\":{\"@type\":\"EntryPoint\",\"urlTemplate\":\"https:\\\/\\\/www.copealcoy.es\\\/es\\\/?s={search_term_string}\"},\"query-input\":{\"@type\":\"PropertyValueSpecification\",\"valueRequired\":true,\"valueName\":\"search_term_string\"}}],\"inLanguage\":\"es\"},{\"@type\":\"Person\",\"@id\":\"https:\\\/\\\/www.copealcoy.es\\\/es\\\/#\\\/schema\\\/person\\\/e777c87fa024e57d40170af9df39882c\",\"name\":\"Cope Alcoy\",\"image\":{\"@type\":\"ImageObject\",\"inLanguage\":\"es\",\"@id\":\"https:\\\/\\\/secure.gravatar.com\\\/avatar\\\/bb65d0283347e303893ba14f0692005417c1e0e690a325a4c5d8bb2b3943ee14?s=96&d=mm&r=g\",\"url\":\"https:\\\/\\\/secure.gravatar.com\\\/avatar\\\/bb65d0283347e303893ba14f0692005417c1e0e690a325a4c5d8bb2b3943ee14?s=96&d=mm&r=g\",\"contentUrl\":\"https:\\\/\\\/secure.gravatar.com\\\/avatar\\\/bb65d0283347e303893ba14f0692005417c1e0e690a325a4c5d8bb2b3943ee14?s=96&d=mm&r=g\",\"caption\":\"Cope Alcoy\"}}]}<\/script>\n<!-- \/ Yoast SEO plugin. -->","yoast_head_json":{"title":"Informativo matinal martes 7 de marzo 2023 (07:20h) - COPE Alcoy","description":"La negativa del Gobierno municipal a abrir un proceso participativo para buscar soluciones a la despoblaci\u00f3n de Alcoy y la situaci\u00f3n de la Polic\u00eda Local de la ciudad -que no cubre todas las plazas disponibles- son algunas de las noticias destacadas de este martes 7 de marzo de 2023.","robots":{"index":"index","follow":"follow","max-snippet":"max-snippet:-1","max-image-preview":"max-image-preview:large","max-video-preview":"max-video-preview:-1"},"canonical":"https:\/\/www.copealcoy.es\/es\/informativo-matinal-martes-7-de-marzo-2023-0720h\/","og_locale":"es_ES","og_type":"article","og_title":"Informativo matinal martes 7 de marzo 2023 (07:20h) - COPE Alcoy","og_description":"La negativa del Gobierno municipal a abrir un proceso participativo para buscar soluciones a la despoblaci\u00f3n de Alcoy y la situaci\u00f3n de la Polic\u00eda Local de la ciudad -que no cubre todas las plazas disponibles- son algunas de las noticias destacadas de este martes 7 de marzo de 2023.","og_url":"https:\/\/www.copealcoy.es\/es\/informativo-matinal-martes-7-de-marzo-2023-0720h\/","og_site_name":"COPE Alcoy","article_published_time":"2023-03-07T06:30:36+00:00","article_modified_time":"2023-03-07T07:56:43+00:00","og_image":[{"width":357,"height":290,"url":"https:\/\/www.copealcoy.es\/wp-content\/uploads\/2023\/02\/Herrera-en-COPE-Alcoy-4.png","type":"image\/png"}],"author":"Cope Alcoy","twitter_misc":{"Escrito por":"Cope Alcoy","Tiempo de lectura":"2 minutos"},"schema":{"@context":"https:\/\/schema.org","@graph":[{"@type":"Article","@id":"https:\/\/www.copealcoy.es\/es\/informativo-matinal-martes-7-de-marzo-2023-0720h\/#article","isPartOf":{"@id":"https:\/\/www.copealcoy.es\/es\/informativo-matinal-martes-7-de-marzo-2023-0720h\/"},"author":{"name":"Cope Alcoy","@id":"https:\/\/www.copealcoy.es\/es\/#\/schema\/person\/e777c87fa024e57d40170af9df39882c"},"headline":"Informativo matinal martes 7 de marzo 2023 (07:20h)","datePublished":"2023-03-07T06:30:36+00:00","dateModified":"2023-03-07T07:56:43+00:00","mainEntityOfPage":{"@id":"https:\/\/www.copealcoy.es\/es\/informativo-matinal-martes-7-de-marzo-2023-0720h\/"},"wordCount":400,"commentCount":0,"image":{"@id":"https:\/\/www.copealcoy.es\/es\/informativo-matinal-martes-7-de-marzo-2023-0720h\/#primaryimage"},"thumbnailUrl":"https:\/\/www.copealcoy.es\/wp-content\/uploads\/2023\/02\/Herrera-en-COPE-Alcoy-4.png","articleSection":["Actualidad","Audios de los programas","Informativos"],"inLanguage":"es"},{"@type":"WebPage","@id":"https:\/\/www.copealcoy.es\/es\/informativo-matinal-martes-7-de-marzo-2023-0720h\/","url":"https:\/\/www.copealcoy.es\/es\/informativo-matinal-martes-7-de-marzo-2023-0720h\/","name":"Informativo matinal martes 7 de marzo 2023 (07:20h) - COPE Alcoy","isPartOf":{"@id":"https:\/\/www.copealcoy.es\/es\/#website"},"primaryImageOfPage":{"@id":"https:\/\/www.copealcoy.es\/es\/informativo-matinal-martes-7-de-marzo-2023-0720h\/#primaryimage"},"image":{"@id":"https:\/\/www.copealcoy.es\/es\/informativo-matinal-martes-7-de-marzo-2023-0720h\/#primaryimage"},"thumbnailUrl":"https:\/\/www.copealcoy.es\/wp-content\/uploads\/2023\/02\/Herrera-en-COPE-Alcoy-4.png","datePublished":"2023-03-07T06:30:36+00:00","dateModified":"2023-03-07T07:56:43+00:00","author":{"@id":"https:\/\/www.copealcoy.es\/es\/#\/schema\/person\/e777c87fa024e57d40170af9df39882c"},"description":"La negativa del Gobierno municipal a abrir un proceso participativo para buscar soluciones a la despoblaci\u00f3n de Alcoy y la situaci\u00f3n de la Polic\u00eda Local de la ciudad -que no cubre todas las plazas disponibles- son algunas de las noticias destacadas de este martes 7 de marzo de 2023.","breadcrumb":{"@id":"https:\/\/www.copealcoy.es\/es\/informativo-matinal-martes-7-de-marzo-2023-0720h\/#breadcrumb"},"inLanguage":"es","potentialAction":[{"@type":"ReadAction","target":["https:\/\/www.copealcoy.es\/es\/informativo-matinal-martes-7-de-marzo-2023-0720h\/"]}]},{"@type":"ImageObject","inLanguage":"es","@id":"https:\/\/www.copealcoy.es\/es\/informativo-matinal-martes-7-de-marzo-2023-0720h\/#primaryimage","url":"https:\/\/www.copealcoy.es\/wp-content\/uploads\/2023\/02\/Herrera-en-COPE-Alcoy-4.png","contentUrl":"https:\/\/www.copealcoy.es\/wp-content\/uploads\/2023\/02\/Herrera-en-COPE-Alcoy-4.png","width":357,"height":290},{"@type":"BreadcrumbList","@id":"https:\/\/www.copealcoy.es\/es\/informativo-matinal-martes-7-de-marzo-2023-0720h\/#breadcrumb","itemListElement":[{"@type":"ListItem","position":1,"name":"Portada","item":"https:\/\/www.copealcoy.es\/es\/"},{"@type":"ListItem","position":2,"name":"Informativo matinal martes 7 de marzo 2023 (07:20h)"}]},{"@type":"WebSite","@id":"https:\/\/www.copealcoy.es\/es\/#website","url":"https:\/\/www.copealcoy.es\/es\/","name":"COPE Alcoy","description":"Emisora COPE de radio local con emisi\u00f3n online. Pont de Sant Jordi 8-10 03803 Alcoy","potentialAction":[{"@type":"SearchAction","target":{"@type":"EntryPoint","urlTemplate":"https:\/\/www.copealcoy.es\/es\/?s={search_term_string}"},"query-input":{"@type":"PropertyValueSpecification","valueRequired":true,"valueName":"search_term_string"}}],"inLanguage":"es"},{"@type":"Person","@id":"https:\/\/www.copealcoy.es\/es\/#\/schema\/person\/e777c87fa024e57d40170af9df39882c","name":"Cope Alcoy","image":{"@type":"ImageObject","inLanguage":"es","@id":"https:\/\/secure.gravatar.com\/avatar\/bb65d0283347e303893ba14f0692005417c1e0e690a325a4c5d8bb2b3943ee14?s=96&d=mm&r=g","url":"https:\/\/secure.gravatar.com\/avatar\/bb65d0283347e303893ba14f0692005417c1e0e690a325a4c5d8bb2b3943ee14?s=96&d=mm&r=g","contentUrl":"https:\/\/secure.gravatar.com\/avatar\/bb65d0283347e303893ba14f0692005417c1e0e690a325a4c5d8bb2b3943ee14?s=96&d=mm&r=g","caption":"Cope Alcoy"}}]}},"_links":{"self":[{"href":"https:\/\/www.copealcoy.es\/es\/wp-json\/wp\/v2\/posts\/111606","targetHints":{"allow":["GET"]}}],"collection":[{"href":"https:\/\/www.copealcoy.es\/es\/wp-json\/wp\/v2\/posts"}],"about":[{"href":"https:\/\/www.copealcoy.es\/es\/wp-json\/wp\/v2\/types\/post"}],"author":[{"embeddable":true,"href":"https:\/\/www.copealcoy.es\/es\/wp-json\/wp\/v2\/users\/1"}],"replies":[{"embeddable":true,"href":"https:\/\/www.copealcoy.es\/es\/wp-json\/wp\/v2\/comments?post=111606"}],"version-history":[{"count":0,"href":"https:\/\/www.copealcoy.es\/es\/wp-json\/wp\/v2\/posts\/111606\/revisions"}],"wp:featuredmedia":[{"embeddable":true,"href":"https:\/\/www.copealcoy.es\/es\/wp-json\/wp\/v2\/media\/110612"}],"wp:attachment":[{"href":"https:\/\/www.copealcoy.es\/es\/wp-json\/wp\/v2\/media?parent=111606"}],"wp:term":[{"taxonomy":"category","embeddable":true,"href":"https:\/\/www.copealcoy.es\/es\/wp-json\/wp\/v2\/categories?post=111606"},{"taxonomy":"post_tag","embeddable":true,"href":"https:\/\/www.copealcoy.es\/es\/wp-json\/wp\/v2\/tags?post=111606"}],"curies":[{"name":"wp","href":"https:\/\/api.w.org\/{rel}","templated":true}]}}