{"id":111548,"date":"2023-03-06T10:10:49","date_gmt":"2023-03-06T09:10:49","guid":{"rendered":"https:\/\/www.copealcoy.es\/?p=111548"},"modified":"2023-03-06T11:08:43","modified_gmt":"2023-03-06T10:08:43","slug":"alcoy-pagara-un-millon-de-euros-mas-por-las-obras-de-rodes","status":"publish","type":"post","link":"https:\/\/www.copealcoy.es\/es\/alcoy-pagara-un-millon-de-euros-mas-por-las-obras-de-rodes\/","title":{"rendered":"Alcoy pagar\u00e1 un mill\u00f3n de euros m\u00e1s por las obras de Rodes"},"content":{"rendered":"<p style=\"text-align: justify;\">Las <strong>obras del futuro parque tecnol\u00f3gico de Rodes<\/strong> se encarecen. <strong>Un mill\u00f3n de euros m\u00e1s<\/strong> <strong>es lo que le costar\u00e1 al Ayuntamiento de Alcoy<\/strong> terminar la primera fase del proyecto, la que ahora mismo est\u00e1 en marcha y que comprende -como tal- la construcci\u00f3n de los edificios que ocupar\u00e1n el parque y el <strong>Centro de Interpretaci\u00f3n Tur\u00edstica de Interior (CDTi)<\/strong>.<\/p>\n<p style=\"text-align: justify;\">El <strong>presupuesto inicial era de 12,1 millones de euros<\/strong>, cofinanciados por la <strong>Generalitat Valenciana<\/strong>, la <strong>Uni\u00f3n Europea<\/strong> -a trav\u00e9s de los Fondos Europeos de Desarrollo Regional (FEDER)- y el Ayuntamiento de Alcoy. Sin embargo, este mill\u00f3n de euros m\u00e1s correr\u00e1 a cargo -\u00edntegramente- del Consistorio. Y es que <strong>la subvenci\u00f3n de la Administraci\u00f3n auton\u00f3mica no se ampl\u00eda<\/strong> aunque se haga una revisi\u00f3n de los precios.<\/p>\n<p style=\"text-align: justify;\">Pero, \u00bfqu\u00e9 ha motivado este aumento del presupuesto? &#8220;El haber encontrado una serie de <strong>bombas y de artefactos que pod\u00edan poner en peligro los trabajos<\/strong>. Por otra parte, el <strong>estado de determinado material<\/strong> que una vez se ha comenzado a trabajar en el espacio se ha demostrado que est\u00e1 en unas condiciones muy degradadas y obliga a hacer otro tratamiento&#8221;, ha explicado <strong>Jordi Mart\u00ednez<\/strong>, vicealcalde y concejal de Obras y Servicios.<\/p>\n<p style=\"text-align: justify;\">Desde el <strong>Partido Popular<\/strong>, que vot\u00f3 en contra de esta ampliaci\u00f3n, critican que el presupuesto inicial no se adapte a lo que ser\u00e1n las obras. &#8220;Mostramos nuestra preocupaci\u00f3n por la situaci\u00f3n actual de ese proyecto. Por una parte con un sobrecoste de un mill\u00f3n de euros para una parte de las obras y con <strong>la tercera de las fases todav\u00eda por volver a licitar y adjudicar porque el concurso qued\u00f3 desierto<\/strong>. Tenemos un problema porque los precios se tienen que actualizar en el caso de la tercera fase y se tienen que ir actualizando ahora sobre la marcha en ejecuci\u00f3n&#8221;, ha expuesto <strong>Quique Ruiz<\/strong>, portavoz de la formaci\u00f3n popular.<\/p>\n<p style=\"text-align: justify;\">La tercera fase del proyecto sigue pendiente de licitaci\u00f3n despu\u00e9s de que <span style=\"color: #000080;\"><a style=\"color: #000080;\" href=\"https:\/\/www.copealcoy.es\/desierto-el-concurso-para-adjudicar-las-obras-del-edificio-administrativo-de-rodes-en-alcoy\/\" target=\"_blank\" rel=\"noopener\">el concurso quedara desierto el pasado mes de agosto<\/a><\/span>. Se trata de la rehabilitaci\u00f3n de los dos bloques de antiguas viviendas situadas en los n\u00fameros 4 y 6 de la calle Tibi que se convertir\u00e1n en los <strong>edificios administrativos<\/strong> del complejo.<\/p>\n<p style=\"text-align: justify;\">Esta ampliaci\u00f3n del proyecto sali\u00f3 adelante en el Pleno con los votos a favor de <strong>PSOE<\/strong> y <strong>Vox<\/strong>, y la abstenci\u00f3n de <strong>Comprom\u00eds, Ciudadanos, Guanyar Alcoi, Podem y el concejal no adscrito<\/strong>.<\/p>\n<p style=\"text-align: justify;\"><span style=\"color: #0000ff;\"><strong>Abrir\u00e1 sus puertas en 2024<\/strong><\/span><\/p>\n<p style=\"text-align: justify;\">La previsi\u00f3n del Ayuntamiento es que las <strong>obras terminen antes de que concluya el 2023<\/strong> y que el parque tecnol\u00f3gico <span style=\"color: #000080;\"><a style=\"color: #000080;\" href=\"https:\/\/www.copealcoy.es\/el-parc-tecnologic-de-rodes-dalcoi-obrira-les-seues-portes-en-2024\/\" target=\"_blank\" rel=\"noopener\">est\u00e9 en marcha a principios de 2024<\/a><\/span>.<\/p>\n","protected":false},"excerpt":{"rendered":"<p>Las obras del futuro parque tecnol\u00f3gico de Rodes se encarecen. Un mill\u00f3n de euros m\u00e1s es lo que le costar\u00e1&#8230;<\/p>\n","protected":false},"author":1,"featured_media":111558,"comment_status":"open","ping_status":"open","sticky":false,"template":"","format":"standard","meta":{"footnotes":""},"categories":[6909,97,75,125],"tags":[7531,916,448,803],"class_list":["post-111548","post","type-post","status-publish","format-standard","has-post-thumbnail","hentry","category-actualidad","category-alcoy","category-noticias","category-portada","tag-ayuntamiento-alcoy","tag-parque-tecnologico","tag-partido-popular","tag-rodes"],"yoast_head":"<!-- This site is optimized with the Yoast SEO plugin v27.3 - https:\/\/yoast.com\/product\/yoast-seo-wordpress\/ -->\n<title>Alcoy pagar\u00e1 un mill\u00f3n de euros m\u00e1s por las obras de Rodes - COPE Alcoy<\/title>\n<meta name=\"description\" content=\"Las obras del futuro parque tecnol\u00f3gico de Rodes se encarecen. Un mill\u00f3n de euros m\u00e1s es lo que le costar\u00e1 al Ayuntamiento de Alcoy terminar la primera fase del proyecto, la que ahora mismo est\u00e1 en marcha y que comprende -como tal- la construcci\u00f3n de los edificios que ocupar\u00e1n el parque y el Centro de Interpretaci\u00f3n Tur\u00edstica de Interior (CDTi).\u00a0\" \/>\n<meta name=\"robots\" content=\"index, follow, max-snippet:-1, max-image-preview:large, max-video-preview:-1\" \/>\n<link rel=\"canonical\" href=\"https:\/\/www.copealcoy.es\/es\/alcoy-pagara-un-millon-de-euros-mas-por-las-obras-de-rodes\/\" \/>\n<meta property=\"og:locale\" content=\"es_ES\" \/>\n<meta property=\"og:type\" content=\"article\" \/>\n<meta property=\"og:title\" content=\"Alcoy pagar\u00e1 un mill\u00f3n de euros m\u00e1s por las obras de Rodes - COPE Alcoy\" \/>\n<meta property=\"og:description\" content=\"Las obras del futuro parque tecnol\u00f3gico de Rodes se encarecen. Un mill\u00f3n de euros m\u00e1s es lo que le costar\u00e1 al Ayuntamiento de Alcoy terminar la primera fase del proyecto, la que ahora mismo est\u00e1 en marcha y que comprende -como tal- la construcci\u00f3n de los edificios que ocupar\u00e1n el parque y el Centro de Interpretaci\u00f3n Tur\u00edstica de Interior (CDTi).\u00a0\" \/>\n<meta property=\"og:url\" content=\"https:\/\/www.copealcoy.es\/es\/alcoy-pagara-un-millon-de-euros-mas-por-las-obras-de-rodes\/\" \/>\n<meta property=\"og:site_name\" content=\"COPE Alcoy\" \/>\n<meta property=\"article:published_time\" content=\"2023-03-06T09:10:49+00:00\" \/>\n<meta property=\"article:modified_time\" content=\"2023-03-06T10:08:43+00:00\" \/>\n<meta property=\"og:image\" content=\"https:\/\/www.copealcoy.es\/wp-content\/uploads\/2023\/03\/IMG_4710-1-1.jpg\" \/>\n\t<meta property=\"og:image:width\" content=\"640\" \/>\n\t<meta property=\"og:image:height\" content=\"480\" \/>\n\t<meta property=\"og:image:type\" content=\"image\/jpeg\" \/>\n<meta name=\"author\" content=\"Cope Alcoy\" \/>\n<meta name=\"twitter:label1\" content=\"Escrito por\" \/>\n\t<meta name=\"twitter:data1\" content=\"Cope Alcoy\" \/>\n\t<meta name=\"twitter:label2\" content=\"Tiempo de lectura\" \/>\n\t<meta name=\"twitter:data2\" content=\"2 minutos\" \/>\n<script type=\"application\/ld+json\" class=\"yoast-schema-graph\">{\"@context\":\"https:\\\/\\\/schema.org\",\"@graph\":[{\"@type\":\"Article\",\"@id\":\"https:\\\/\\\/www.copealcoy.es\\\/es\\\/alcoy-pagara-un-millon-de-euros-mas-por-las-obras-de-rodes\\\/#article\",\"isPartOf\":{\"@id\":\"https:\\\/\\\/www.copealcoy.es\\\/es\\\/alcoy-pagara-un-millon-de-euros-mas-por-las-obras-de-rodes\\\/\"},\"author\":{\"name\":\"Cope Alcoy\",\"@id\":\"https:\\\/\\\/www.copealcoy.es\\\/es\\\/#\\\/schema\\\/person\\\/e777c87fa024e57d40170af9df39882c\"},\"headline\":\"Alcoy pagar\u00e1 un mill\u00f3n de euros m\u00e1s por las obras de Rodes\",\"datePublished\":\"2023-03-06T09:10:49+00:00\",\"dateModified\":\"2023-03-06T10:08:43+00:00\",\"mainEntityOfPage\":{\"@id\":\"https:\\\/\\\/www.copealcoy.es\\\/es\\\/alcoy-pagara-un-millon-de-euros-mas-por-las-obras-de-rodes\\\/\"},\"wordCount\":468,\"commentCount\":0,\"image\":{\"@id\":\"https:\\\/\\\/www.copealcoy.es\\\/es\\\/alcoy-pagara-un-millon-de-euros-mas-por-las-obras-de-rodes\\\/#primaryimage\"},\"thumbnailUrl\":\"https:\\\/\\\/www.copealcoy.es\\\/wp-content\\\/uploads\\\/2023\\\/03\\\/IMG_4710-1-1.jpg\",\"keywords\":[\"Ayuntamiento Alcoy\",\"Parque Tecnol\u00f3gico\",\"Partido Popular\",\"Rodes\"],\"articleSection\":[\"Actualidad\",\"Alcoy\",\"Noticias\",\"Portada\"],\"inLanguage\":\"es\"},{\"@type\":\"WebPage\",\"@id\":\"https:\\\/\\\/www.copealcoy.es\\\/es\\\/alcoy-pagara-un-millon-de-euros-mas-por-las-obras-de-rodes\\\/\",\"url\":\"https:\\\/\\\/www.copealcoy.es\\\/es\\\/alcoy-pagara-un-millon-de-euros-mas-por-las-obras-de-rodes\\\/\",\"name\":\"Alcoy pagar\u00e1 un mill\u00f3n de euros m\u00e1s por las obras de Rodes - COPE Alcoy\",\"isPartOf\":{\"@id\":\"https:\\\/\\\/www.copealcoy.es\\\/es\\\/#website\"},\"primaryImageOfPage\":{\"@id\":\"https:\\\/\\\/www.copealcoy.es\\\/es\\\/alcoy-pagara-un-millon-de-euros-mas-por-las-obras-de-rodes\\\/#primaryimage\"},\"image\":{\"@id\":\"https:\\\/\\\/www.copealcoy.es\\\/es\\\/alcoy-pagara-un-millon-de-euros-mas-por-las-obras-de-rodes\\\/#primaryimage\"},\"thumbnailUrl\":\"https:\\\/\\\/www.copealcoy.es\\\/wp-content\\\/uploads\\\/2023\\\/03\\\/IMG_4710-1-1.jpg\",\"datePublished\":\"2023-03-06T09:10:49+00:00\",\"dateModified\":\"2023-03-06T10:08:43+00:00\",\"author\":{\"@id\":\"https:\\\/\\\/www.copealcoy.es\\\/es\\\/#\\\/schema\\\/person\\\/e777c87fa024e57d40170af9df39882c\"},\"description\":\"Las obras del futuro parque tecnol\u00f3gico de Rodes se encarecen. Un mill\u00f3n de euros m\u00e1s es lo que le costar\u00e1 al Ayuntamiento de Alcoy terminar la primera fase del proyecto, la que ahora mismo est\u00e1 en marcha y que comprende -como tal- la construcci\u00f3n de los edificios que ocupar\u00e1n el parque y el Centro de Interpretaci\u00f3n Tur\u00edstica de Interior (CDTi).\u00a0\",\"breadcrumb\":{\"@id\":\"https:\\\/\\\/www.copealcoy.es\\\/es\\\/alcoy-pagara-un-millon-de-euros-mas-por-las-obras-de-rodes\\\/#breadcrumb\"},\"inLanguage\":\"es\",\"potentialAction\":[{\"@type\":\"ReadAction\",\"target\":[\"https:\\\/\\\/www.copealcoy.es\\\/es\\\/alcoy-pagara-un-millon-de-euros-mas-por-las-obras-de-rodes\\\/\"]}]},{\"@type\":\"ImageObject\",\"inLanguage\":\"es\",\"@id\":\"https:\\\/\\\/www.copealcoy.es\\\/es\\\/alcoy-pagara-un-millon-de-euros-mas-por-las-obras-de-rodes\\\/#primaryimage\",\"url\":\"https:\\\/\\\/www.copealcoy.es\\\/wp-content\\\/uploads\\\/2023\\\/03\\\/IMG_4710-1-1.jpg\",\"contentUrl\":\"https:\\\/\\\/www.copealcoy.es\\\/wp-content\\\/uploads\\\/2023\\\/03\\\/IMG_4710-1-1.jpg\",\"width\":640,\"height\":480},{\"@type\":\"BreadcrumbList\",\"@id\":\"https:\\\/\\\/www.copealcoy.es\\\/es\\\/alcoy-pagara-un-millon-de-euros-mas-por-las-obras-de-rodes\\\/#breadcrumb\",\"itemListElement\":[{\"@type\":\"ListItem\",\"position\":1,\"name\":\"Portada\",\"item\":\"https:\\\/\\\/www.copealcoy.es\\\/es\\\/\"},{\"@type\":\"ListItem\",\"position\":2,\"name\":\"Alcoy pagar\u00e1 un mill\u00f3n de euros m\u00e1s por las obras de Rodes\"}]},{\"@type\":\"WebSite\",\"@id\":\"https:\\\/\\\/www.copealcoy.es\\\/es\\\/#website\",\"url\":\"https:\\\/\\\/www.copealcoy.es\\\/es\\\/\",\"name\":\"COPE Alcoy\",\"description\":\"Emisora COPE de radio local con emisi\u00f3n online. Pont de Sant Jordi 8-10 03803 Alcoy\",\"potentialAction\":[{\"@type\":\"SearchAction\",\"target\":{\"@type\":\"EntryPoint\",\"urlTemplate\":\"https:\\\/\\\/www.copealcoy.es\\\/es\\\/?s={search_term_string}\"},\"query-input\":{\"@type\":\"PropertyValueSpecification\",\"valueRequired\":true,\"valueName\":\"search_term_string\"}}],\"inLanguage\":\"es\"},{\"@type\":\"Person\",\"@id\":\"https:\\\/\\\/www.copealcoy.es\\\/es\\\/#\\\/schema\\\/person\\\/e777c87fa024e57d40170af9df39882c\",\"name\":\"Cope Alcoy\",\"image\":{\"@type\":\"ImageObject\",\"inLanguage\":\"es\",\"@id\":\"https:\\\/\\\/secure.gravatar.com\\\/avatar\\\/bb65d0283347e303893ba14f0692005417c1e0e690a325a4c5d8bb2b3943ee14?s=96&d=mm&r=g\",\"url\":\"https:\\\/\\\/secure.gravatar.com\\\/avatar\\\/bb65d0283347e303893ba14f0692005417c1e0e690a325a4c5d8bb2b3943ee14?s=96&d=mm&r=g\",\"contentUrl\":\"https:\\\/\\\/secure.gravatar.com\\\/avatar\\\/bb65d0283347e303893ba14f0692005417c1e0e690a325a4c5d8bb2b3943ee14?s=96&d=mm&r=g\",\"caption\":\"Cope Alcoy\"}}]}<\/script>\n<!-- \/ Yoast SEO plugin. -->","yoast_head_json":{"title":"Alcoy pagar\u00e1 un mill\u00f3n de euros m\u00e1s por las obras de Rodes - COPE Alcoy","description":"Las obras del futuro parque tecnol\u00f3gico de Rodes se encarecen. Un mill\u00f3n de euros m\u00e1s es lo que le costar\u00e1 al Ayuntamiento de Alcoy terminar la primera fase del proyecto, la que ahora mismo est\u00e1 en marcha y que comprende -como tal- la construcci\u00f3n de los edificios que ocupar\u00e1n el parque y el Centro de Interpretaci\u00f3n Tur\u00edstica de Interior (CDTi).\u00a0","robots":{"index":"index","follow":"follow","max-snippet":"max-snippet:-1","max-image-preview":"max-image-preview:large","max-video-preview":"max-video-preview:-1"},"canonical":"https:\/\/www.copealcoy.es\/es\/alcoy-pagara-un-millon-de-euros-mas-por-las-obras-de-rodes\/","og_locale":"es_ES","og_type":"article","og_title":"Alcoy pagar\u00e1 un mill\u00f3n de euros m\u00e1s por las obras de Rodes - COPE Alcoy","og_description":"Las obras del futuro parque tecnol\u00f3gico de Rodes se encarecen. Un mill\u00f3n de euros m\u00e1s es lo que le costar\u00e1 al Ayuntamiento de Alcoy terminar la primera fase del proyecto, la que ahora mismo est\u00e1 en marcha y que comprende -como tal- la construcci\u00f3n de los edificios que ocupar\u00e1n el parque y el Centro de Interpretaci\u00f3n Tur\u00edstica de Interior (CDTi).\u00a0","og_url":"https:\/\/www.copealcoy.es\/es\/alcoy-pagara-un-millon-de-euros-mas-por-las-obras-de-rodes\/","og_site_name":"COPE Alcoy","article_published_time":"2023-03-06T09:10:49+00:00","article_modified_time":"2023-03-06T10:08:43+00:00","og_image":[{"width":640,"height":480,"url":"https:\/\/www.copealcoy.es\/wp-content\/uploads\/2023\/03\/IMG_4710-1-1.jpg","type":"image\/jpeg"}],"author":"Cope Alcoy","twitter_misc":{"Escrito por":"Cope Alcoy","Tiempo de lectura":"2 minutos"},"schema":{"@context":"https:\/\/schema.org","@graph":[{"@type":"Article","@id":"https:\/\/www.copealcoy.es\/es\/alcoy-pagara-un-millon-de-euros-mas-por-las-obras-de-rodes\/#article","isPartOf":{"@id":"https:\/\/www.copealcoy.es\/es\/alcoy-pagara-un-millon-de-euros-mas-por-las-obras-de-rodes\/"},"author":{"name":"Cope Alcoy","@id":"https:\/\/www.copealcoy.es\/es\/#\/schema\/person\/e777c87fa024e57d40170af9df39882c"},"headline":"Alcoy pagar\u00e1 un mill\u00f3n de euros m\u00e1s por las obras de Rodes","datePublished":"2023-03-06T09:10:49+00:00","dateModified":"2023-03-06T10:08:43+00:00","mainEntityOfPage":{"@id":"https:\/\/www.copealcoy.es\/es\/alcoy-pagara-un-millon-de-euros-mas-por-las-obras-de-rodes\/"},"wordCount":468,"commentCount":0,"image":{"@id":"https:\/\/www.copealcoy.es\/es\/alcoy-pagara-un-millon-de-euros-mas-por-las-obras-de-rodes\/#primaryimage"},"thumbnailUrl":"https:\/\/www.copealcoy.es\/wp-content\/uploads\/2023\/03\/IMG_4710-1-1.jpg","keywords":["Ayuntamiento Alcoy","Parque Tecnol\u00f3gico","Partido Popular","Rodes"],"articleSection":["Actualidad","Alcoy","Noticias","Portada"],"inLanguage":"es"},{"@type":"WebPage","@id":"https:\/\/www.copealcoy.es\/es\/alcoy-pagara-un-millon-de-euros-mas-por-las-obras-de-rodes\/","url":"https:\/\/www.copealcoy.es\/es\/alcoy-pagara-un-millon-de-euros-mas-por-las-obras-de-rodes\/","name":"Alcoy pagar\u00e1 un mill\u00f3n de euros m\u00e1s por las obras de Rodes - COPE Alcoy","isPartOf":{"@id":"https:\/\/www.copealcoy.es\/es\/#website"},"primaryImageOfPage":{"@id":"https:\/\/www.copealcoy.es\/es\/alcoy-pagara-un-millon-de-euros-mas-por-las-obras-de-rodes\/#primaryimage"},"image":{"@id":"https:\/\/www.copealcoy.es\/es\/alcoy-pagara-un-millon-de-euros-mas-por-las-obras-de-rodes\/#primaryimage"},"thumbnailUrl":"https:\/\/www.copealcoy.es\/wp-content\/uploads\/2023\/03\/IMG_4710-1-1.jpg","datePublished":"2023-03-06T09:10:49+00:00","dateModified":"2023-03-06T10:08:43+00:00","author":{"@id":"https:\/\/www.copealcoy.es\/es\/#\/schema\/person\/e777c87fa024e57d40170af9df39882c"},"description":"Las obras del futuro parque tecnol\u00f3gico de Rodes se encarecen. Un mill\u00f3n de euros m\u00e1s es lo que le costar\u00e1 al Ayuntamiento de Alcoy terminar la primera fase del proyecto, la que ahora mismo est\u00e1 en marcha y que comprende -como tal- la construcci\u00f3n de los edificios que ocupar\u00e1n el parque y el Centro de Interpretaci\u00f3n Tur\u00edstica de Interior (CDTi).\u00a0","breadcrumb":{"@id":"https:\/\/www.copealcoy.es\/es\/alcoy-pagara-un-millon-de-euros-mas-por-las-obras-de-rodes\/#breadcrumb"},"inLanguage":"es","potentialAction":[{"@type":"ReadAction","target":["https:\/\/www.copealcoy.es\/es\/alcoy-pagara-un-millon-de-euros-mas-por-las-obras-de-rodes\/"]}]},{"@type":"ImageObject","inLanguage":"es","@id":"https:\/\/www.copealcoy.es\/es\/alcoy-pagara-un-millon-de-euros-mas-por-las-obras-de-rodes\/#primaryimage","url":"https:\/\/www.copealcoy.es\/wp-content\/uploads\/2023\/03\/IMG_4710-1-1.jpg","contentUrl":"https:\/\/www.copealcoy.es\/wp-content\/uploads\/2023\/03\/IMG_4710-1-1.jpg","width":640,"height":480},{"@type":"BreadcrumbList","@id":"https:\/\/www.copealcoy.es\/es\/alcoy-pagara-un-millon-de-euros-mas-por-las-obras-de-rodes\/#breadcrumb","itemListElement":[{"@type":"ListItem","position":1,"name":"Portada","item":"https:\/\/www.copealcoy.es\/es\/"},{"@type":"ListItem","position":2,"name":"Alcoy pagar\u00e1 un mill\u00f3n de euros m\u00e1s por las obras de Rodes"}]},{"@type":"WebSite","@id":"https:\/\/www.copealcoy.es\/es\/#website","url":"https:\/\/www.copealcoy.es\/es\/","name":"COPE Alcoy","description":"Emisora COPE de radio local con emisi\u00f3n online. Pont de Sant Jordi 8-10 03803 Alcoy","potentialAction":[{"@type":"SearchAction","target":{"@type":"EntryPoint","urlTemplate":"https:\/\/www.copealcoy.es\/es\/?s={search_term_string}"},"query-input":{"@type":"PropertyValueSpecification","valueRequired":true,"valueName":"search_term_string"}}],"inLanguage":"es"},{"@type":"Person","@id":"https:\/\/www.copealcoy.es\/es\/#\/schema\/person\/e777c87fa024e57d40170af9df39882c","name":"Cope Alcoy","image":{"@type":"ImageObject","inLanguage":"es","@id":"https:\/\/secure.gravatar.com\/avatar\/bb65d0283347e303893ba14f0692005417c1e0e690a325a4c5d8bb2b3943ee14?s=96&d=mm&r=g","url":"https:\/\/secure.gravatar.com\/avatar\/bb65d0283347e303893ba14f0692005417c1e0e690a325a4c5d8bb2b3943ee14?s=96&d=mm&r=g","contentUrl":"https:\/\/secure.gravatar.com\/avatar\/bb65d0283347e303893ba14f0692005417c1e0e690a325a4c5d8bb2b3943ee14?s=96&d=mm&r=g","caption":"Cope Alcoy"}}]}},"_links":{"self":[{"href":"https:\/\/www.copealcoy.es\/es\/wp-json\/wp\/v2\/posts\/111548","targetHints":{"allow":["GET"]}}],"collection":[{"href":"https:\/\/www.copealcoy.es\/es\/wp-json\/wp\/v2\/posts"}],"about":[{"href":"https:\/\/www.copealcoy.es\/es\/wp-json\/wp\/v2\/types\/post"}],"author":[{"embeddable":true,"href":"https:\/\/www.copealcoy.es\/es\/wp-json\/wp\/v2\/users\/1"}],"replies":[{"embeddable":true,"href":"https:\/\/www.copealcoy.es\/es\/wp-json\/wp\/v2\/comments?post=111548"}],"version-history":[{"count":0,"href":"https:\/\/www.copealcoy.es\/es\/wp-json\/wp\/v2\/posts\/111548\/revisions"}],"wp:featuredmedia":[{"embeddable":true,"href":"https:\/\/www.copealcoy.es\/es\/wp-json\/wp\/v2\/media\/111558"}],"wp:attachment":[{"href":"https:\/\/www.copealcoy.es\/es\/wp-json\/wp\/v2\/media?parent=111548"}],"wp:term":[{"taxonomy":"category","embeddable":true,"href":"https:\/\/www.copealcoy.es\/es\/wp-json\/wp\/v2\/categories?post=111548"},{"taxonomy":"post_tag","embeddable":true,"href":"https:\/\/www.copealcoy.es\/es\/wp-json\/wp\/v2\/tags?post=111548"}],"curies":[{"name":"wp","href":"https:\/\/api.w.org\/{rel}","templated":true}]}}