{"id":111431,"date":"2023-03-02T08:15:28","date_gmt":"2023-03-02T07:15:28","guid":{"rendered":"https:\/\/www.copealcoy.es\/?p=111431"},"modified":"2023-03-02T16:47:22","modified_gmt":"2023-03-02T15:47:22","slug":"coratge-un-apoyo-fundamental-que-va-a-mas","status":"publish","type":"post","link":"https:\/\/www.copealcoy.es\/es\/coratge-un-apoyo-fundamental-que-va-a-mas\/","title":{"rendered":"Coratge, un apoyo fundamental que va a m\u00e1s"},"content":{"rendered":"<p style=\"text-align: justify;\"><a href=\"https:\/\/www.facebook.com\/coratgealcoy\" target=\"_blank\" rel=\"noopener\"><span style=\"color: #0000ff;\"><strong>Coratge<\/strong><\/span><\/a>, la asociaci\u00f3n integrada por afectados y familiares de da\u00f1o cerebral adquirido o sobrevenido, <strong>no deja de desempe\u00f1ar una importante actividad en Alcoy as\u00ed como en nuestras comarcas de l&#8217;Alcoi\u00e0 y el Comatat<\/strong>. La entidad atiende a personas <strong>que han padecido DCA o un ictus<\/strong> al mismo tiempo que les da oportunidad de participar en <strong>terapias o talleres<\/strong> que contribuyen a mejorar el estado de los afectados por estas patolog\u00edas.<\/p>\n<p style=\"text-align: justify;\">Ahora desde Coratge dan un paso m\u00e1s y refuerzan sus servicios <strong>para poder dar apoyo a un espectro m\u00e1s amplio de ciudadanos<\/strong>. A partir de este 2023 <strong>tambi\u00e9n atender\u00e1n a personas con movilidad reducida o a aquellos que, por ejemplo, han padecido una ca\u00edda y precisan de realizar una rehabilitaci\u00f3n<\/strong> &#8220;<em>creemos que nuestras terapias pueden ser muy beneficiosas para que todos aquellos que tienen un da\u00f1o neurol\u00f3gico puedan avanzar en su autonom\u00eda personal e incluso puedan superar el d\u00e9ficit de movilidad que padecen<\/em>&#8220;, contaba en COPE ALCOY <strong>Rafa Hern\u00e1ndez<\/strong>, el presidente de la entidad. Adem\u00e1s remarcaba el trabajo que hace la asociaci\u00f3n <strong>para conseguir ingresos con los que financiar las terapias o programas de atenci\u00f3n que ofrecen<\/strong> &#8220;<em>no es f\u00e1cil pero contamos con un gran apoyo en la ciudad, con muchas entidades que realizan actos ben\u00e9ficos pensando en Coratge, y nosotros tambi\u00e9n impulsamos actividades que nos ayudan a recaudar fondos<\/em>&#8220;, matiza Hern\u00e1ndez.<\/p>\n<p style=\"text-align: justify;\">Cabe recordar que una de estas propuestas <strong>tuvo lugar el pasado 11 de febrero<\/strong> y consisti\u00f3 en una visita guiada al Cementerio Municipal de nuestra ciudad que registr\u00f3 un gran \u00e9xito. Ya <strong>para los d\u00edas 5 y 12 de marzo<\/strong> han preparado dos rutas organizadas que partir\u00e1n a las once de la ma\u00f1ana desde La Glorieta. Esta propuesta permitir\u00e1 a los participantes descubrir el Alcoy de finales del siglo XIX y principios del XX. Los interesados en participar pueden ponerse en contacto con Coratge.<\/p>\n","protected":false},"excerpt":{"rendered":"<p>Coratge, la asociaci\u00f3n integrada por afectados y familiares de da\u00f1o cerebral adquirido o sobrevenido, no deja de desempe\u00f1ar una importante&#8230;<\/p>\n","protected":false},"author":1,"featured_media":111434,"comment_status":"open","ping_status":"open","sticky":false,"template":"","format":"standard","meta":{"footnotes":""},"categories":[6909,97,75,79],"tags":[1494,1338,6898,1489,14164],"class_list":["post-111431","post","type-post","status-publish","format-standard","has-post-thumbnail","hentry","category-actualidad","category-alcoy","category-noticias","category-politicayeconomia","tag-alcoy","tag-ampliacion","tag-coratge","tag-servicios","tag-terapias"],"yoast_head":"<!-- This site is optimized with the Yoast SEO plugin v27.3 - https:\/\/yoast.com\/product\/yoast-seo-wordpress\/ -->\n<title>Coratge, un apoyo fundamental que va a m\u00e1s - COPE Alcoy<\/title>\n<meta name=\"description\" content=\"Coratge, la asociaci\u00f3n integrada por afectados y familiares de da\u00f1o cerebral adquirido o sobrevenido, ampl\u00eda servicios en la comarca\" \/>\n<meta name=\"robots\" content=\"index, follow, max-snippet:-1, max-image-preview:large, max-video-preview:-1\" \/>\n<link rel=\"canonical\" href=\"https:\/\/www.copealcoy.es\/es\/coratge-un-apoyo-fundamental-que-va-a-mas\/\" \/>\n<meta property=\"og:locale\" content=\"es_ES\" \/>\n<meta property=\"og:type\" content=\"article\" \/>\n<meta property=\"og:title\" content=\"Coratge, un apoyo fundamental que va a m\u00e1s - COPE Alcoy\" \/>\n<meta property=\"og:description\" content=\"Coratge, la asociaci\u00f3n integrada por afectados y familiares de da\u00f1o cerebral adquirido o sobrevenido, ampl\u00eda servicios en la comarca\" \/>\n<meta property=\"og:url\" content=\"https:\/\/www.copealcoy.es\/es\/coratge-un-apoyo-fundamental-que-va-a-mas\/\" \/>\n<meta property=\"og:site_name\" content=\"COPE Alcoy\" \/>\n<meta property=\"article:published_time\" content=\"2023-03-02T07:15:28+00:00\" \/>\n<meta property=\"article:modified_time\" content=\"2023-03-02T15:47:22+00:00\" \/>\n<meta property=\"og:image\" content=\"https:\/\/www.copealcoy.es\/wp-content\/uploads\/2023\/03\/318977545_518442933650047_5582596470397812184_n-1.jpg\" \/>\n\t<meta property=\"og:image:width\" content=\"640\" \/>\n\t<meta property=\"og:image:height\" content=\"360\" \/>\n\t<meta property=\"og:image:type\" content=\"image\/jpeg\" \/>\n<meta name=\"author\" content=\"Cope Alcoy\" \/>\n<meta name=\"twitter:label1\" content=\"Escrito por\" \/>\n\t<meta name=\"twitter:data1\" content=\"Cope Alcoy\" \/>\n\t<meta name=\"twitter:label2\" content=\"Tiempo de lectura\" \/>\n\t<meta name=\"twitter:data2\" content=\"2 minutos\" \/>\n<script type=\"application\/ld+json\" class=\"yoast-schema-graph\">{\"@context\":\"https:\\\/\\\/schema.org\",\"@graph\":[{\"@type\":\"Article\",\"@id\":\"https:\\\/\\\/www.copealcoy.es\\\/es\\\/coratge-un-apoyo-fundamental-que-va-a-mas\\\/#article\",\"isPartOf\":{\"@id\":\"https:\\\/\\\/www.copealcoy.es\\\/es\\\/coratge-un-apoyo-fundamental-que-va-a-mas\\\/\"},\"author\":{\"name\":\"Cope Alcoy\",\"@id\":\"https:\\\/\\\/www.copealcoy.es\\\/es\\\/#\\\/schema\\\/person\\\/e777c87fa024e57d40170af9df39882c\"},\"headline\":\"Coratge, un apoyo fundamental que va a m\u00e1s\",\"datePublished\":\"2023-03-02T07:15:28+00:00\",\"dateModified\":\"2023-03-02T15:47:22+00:00\",\"mainEntityOfPage\":{\"@id\":\"https:\\\/\\\/www.copealcoy.es\\\/es\\\/coratge-un-apoyo-fundamental-que-va-a-mas\\\/\"},\"wordCount\":337,\"commentCount\":0,\"image\":{\"@id\":\"https:\\\/\\\/www.copealcoy.es\\\/es\\\/coratge-un-apoyo-fundamental-que-va-a-mas\\\/#primaryimage\"},\"thumbnailUrl\":\"https:\\\/\\\/www.copealcoy.es\\\/wp-content\\\/uploads\\\/2023\\\/03\\\/318977545_518442933650047_5582596470397812184_n-1.jpg\",\"keywords\":[\"Alcoy\",\"ampliaci\u00f3n\",\"Coratge\",\"Servicios\",\"terapias\"],\"articleSection\":[\"Actualidad\",\"Alcoy\",\"Noticias\",\"Pol\u00edtica y Econom\u00eda\"],\"inLanguage\":\"es\"},{\"@type\":\"WebPage\",\"@id\":\"https:\\\/\\\/www.copealcoy.es\\\/es\\\/coratge-un-apoyo-fundamental-que-va-a-mas\\\/\",\"url\":\"https:\\\/\\\/www.copealcoy.es\\\/es\\\/coratge-un-apoyo-fundamental-que-va-a-mas\\\/\",\"name\":\"Coratge, un apoyo fundamental que va a m\u00e1s - COPE Alcoy\",\"isPartOf\":{\"@id\":\"https:\\\/\\\/www.copealcoy.es\\\/es\\\/#website\"},\"primaryImageOfPage\":{\"@id\":\"https:\\\/\\\/www.copealcoy.es\\\/es\\\/coratge-un-apoyo-fundamental-que-va-a-mas\\\/#primaryimage\"},\"image\":{\"@id\":\"https:\\\/\\\/www.copealcoy.es\\\/es\\\/coratge-un-apoyo-fundamental-que-va-a-mas\\\/#primaryimage\"},\"thumbnailUrl\":\"https:\\\/\\\/www.copealcoy.es\\\/wp-content\\\/uploads\\\/2023\\\/03\\\/318977545_518442933650047_5582596470397812184_n-1.jpg\",\"datePublished\":\"2023-03-02T07:15:28+00:00\",\"dateModified\":\"2023-03-02T15:47:22+00:00\",\"author\":{\"@id\":\"https:\\\/\\\/www.copealcoy.es\\\/es\\\/#\\\/schema\\\/person\\\/e777c87fa024e57d40170af9df39882c\"},\"description\":\"Coratge, la asociaci\u00f3n integrada por afectados y familiares de da\u00f1o cerebral adquirido o sobrevenido, ampl\u00eda servicios en la comarca\",\"breadcrumb\":{\"@id\":\"https:\\\/\\\/www.copealcoy.es\\\/es\\\/coratge-un-apoyo-fundamental-que-va-a-mas\\\/#breadcrumb\"},\"inLanguage\":\"es\",\"potentialAction\":[{\"@type\":\"ReadAction\",\"target\":[\"https:\\\/\\\/www.copealcoy.es\\\/es\\\/coratge-un-apoyo-fundamental-que-va-a-mas\\\/\"]}]},{\"@type\":\"ImageObject\",\"inLanguage\":\"es\",\"@id\":\"https:\\\/\\\/www.copealcoy.es\\\/es\\\/coratge-un-apoyo-fundamental-que-va-a-mas\\\/#primaryimage\",\"url\":\"https:\\\/\\\/www.copealcoy.es\\\/wp-content\\\/uploads\\\/2023\\\/03\\\/318977545_518442933650047_5582596470397812184_n-1.jpg\",\"contentUrl\":\"https:\\\/\\\/www.copealcoy.es\\\/wp-content\\\/uploads\\\/2023\\\/03\\\/318977545_518442933650047_5582596470397812184_n-1.jpg\",\"width\":640,\"height\":360},{\"@type\":\"BreadcrumbList\",\"@id\":\"https:\\\/\\\/www.copealcoy.es\\\/es\\\/coratge-un-apoyo-fundamental-que-va-a-mas\\\/#breadcrumb\",\"itemListElement\":[{\"@type\":\"ListItem\",\"position\":1,\"name\":\"Portada\",\"item\":\"https:\\\/\\\/www.copealcoy.es\\\/es\\\/\"},{\"@type\":\"ListItem\",\"position\":2,\"name\":\"Coratge, un apoyo fundamental que va a m\u00e1s\"}]},{\"@type\":\"WebSite\",\"@id\":\"https:\\\/\\\/www.copealcoy.es\\\/es\\\/#website\",\"url\":\"https:\\\/\\\/www.copealcoy.es\\\/es\\\/\",\"name\":\"COPE Alcoy\",\"description\":\"Emisora COPE de radio local con emisi\u00f3n online. Pont de Sant Jordi 8-10 03803 Alcoy\",\"potentialAction\":[{\"@type\":\"SearchAction\",\"target\":{\"@type\":\"EntryPoint\",\"urlTemplate\":\"https:\\\/\\\/www.copealcoy.es\\\/es\\\/?s={search_term_string}\"},\"query-input\":{\"@type\":\"PropertyValueSpecification\",\"valueRequired\":true,\"valueName\":\"search_term_string\"}}],\"inLanguage\":\"es\"},{\"@type\":\"Person\",\"@id\":\"https:\\\/\\\/www.copealcoy.es\\\/es\\\/#\\\/schema\\\/person\\\/e777c87fa024e57d40170af9df39882c\",\"name\":\"Cope Alcoy\",\"image\":{\"@type\":\"ImageObject\",\"inLanguage\":\"es\",\"@id\":\"https:\\\/\\\/secure.gravatar.com\\\/avatar\\\/bb65d0283347e303893ba14f0692005417c1e0e690a325a4c5d8bb2b3943ee14?s=96&d=mm&r=g\",\"url\":\"https:\\\/\\\/secure.gravatar.com\\\/avatar\\\/bb65d0283347e303893ba14f0692005417c1e0e690a325a4c5d8bb2b3943ee14?s=96&d=mm&r=g\",\"contentUrl\":\"https:\\\/\\\/secure.gravatar.com\\\/avatar\\\/bb65d0283347e303893ba14f0692005417c1e0e690a325a4c5d8bb2b3943ee14?s=96&d=mm&r=g\",\"caption\":\"Cope Alcoy\"}}]}<\/script>\n<!-- \/ Yoast SEO plugin. -->","yoast_head_json":{"title":"Coratge, un apoyo fundamental que va a m\u00e1s - COPE Alcoy","description":"Coratge, la asociaci\u00f3n integrada por afectados y familiares de da\u00f1o cerebral adquirido o sobrevenido, ampl\u00eda servicios en la comarca","robots":{"index":"index","follow":"follow","max-snippet":"max-snippet:-1","max-image-preview":"max-image-preview:large","max-video-preview":"max-video-preview:-1"},"canonical":"https:\/\/www.copealcoy.es\/es\/coratge-un-apoyo-fundamental-que-va-a-mas\/","og_locale":"es_ES","og_type":"article","og_title":"Coratge, un apoyo fundamental que va a m\u00e1s - COPE Alcoy","og_description":"Coratge, la asociaci\u00f3n integrada por afectados y familiares de da\u00f1o cerebral adquirido o sobrevenido, ampl\u00eda servicios en la comarca","og_url":"https:\/\/www.copealcoy.es\/es\/coratge-un-apoyo-fundamental-que-va-a-mas\/","og_site_name":"COPE Alcoy","article_published_time":"2023-03-02T07:15:28+00:00","article_modified_time":"2023-03-02T15:47:22+00:00","og_image":[{"width":640,"height":360,"url":"https:\/\/www.copealcoy.es\/wp-content\/uploads\/2023\/03\/318977545_518442933650047_5582596470397812184_n-1.jpg","type":"image\/jpeg"}],"author":"Cope Alcoy","twitter_misc":{"Escrito por":"Cope Alcoy","Tiempo de lectura":"2 minutos"},"schema":{"@context":"https:\/\/schema.org","@graph":[{"@type":"Article","@id":"https:\/\/www.copealcoy.es\/es\/coratge-un-apoyo-fundamental-que-va-a-mas\/#article","isPartOf":{"@id":"https:\/\/www.copealcoy.es\/es\/coratge-un-apoyo-fundamental-que-va-a-mas\/"},"author":{"name":"Cope Alcoy","@id":"https:\/\/www.copealcoy.es\/es\/#\/schema\/person\/e777c87fa024e57d40170af9df39882c"},"headline":"Coratge, un apoyo fundamental que va a m\u00e1s","datePublished":"2023-03-02T07:15:28+00:00","dateModified":"2023-03-02T15:47:22+00:00","mainEntityOfPage":{"@id":"https:\/\/www.copealcoy.es\/es\/coratge-un-apoyo-fundamental-que-va-a-mas\/"},"wordCount":337,"commentCount":0,"image":{"@id":"https:\/\/www.copealcoy.es\/es\/coratge-un-apoyo-fundamental-que-va-a-mas\/#primaryimage"},"thumbnailUrl":"https:\/\/www.copealcoy.es\/wp-content\/uploads\/2023\/03\/318977545_518442933650047_5582596470397812184_n-1.jpg","keywords":["Alcoy","ampliaci\u00f3n","Coratge","Servicios","terapias"],"articleSection":["Actualidad","Alcoy","Noticias","Pol\u00edtica y Econom\u00eda"],"inLanguage":"es"},{"@type":"WebPage","@id":"https:\/\/www.copealcoy.es\/es\/coratge-un-apoyo-fundamental-que-va-a-mas\/","url":"https:\/\/www.copealcoy.es\/es\/coratge-un-apoyo-fundamental-que-va-a-mas\/","name":"Coratge, un apoyo fundamental que va a m\u00e1s - COPE Alcoy","isPartOf":{"@id":"https:\/\/www.copealcoy.es\/es\/#website"},"primaryImageOfPage":{"@id":"https:\/\/www.copealcoy.es\/es\/coratge-un-apoyo-fundamental-que-va-a-mas\/#primaryimage"},"image":{"@id":"https:\/\/www.copealcoy.es\/es\/coratge-un-apoyo-fundamental-que-va-a-mas\/#primaryimage"},"thumbnailUrl":"https:\/\/www.copealcoy.es\/wp-content\/uploads\/2023\/03\/318977545_518442933650047_5582596470397812184_n-1.jpg","datePublished":"2023-03-02T07:15:28+00:00","dateModified":"2023-03-02T15:47:22+00:00","author":{"@id":"https:\/\/www.copealcoy.es\/es\/#\/schema\/person\/e777c87fa024e57d40170af9df39882c"},"description":"Coratge, la asociaci\u00f3n integrada por afectados y familiares de da\u00f1o cerebral adquirido o sobrevenido, ampl\u00eda servicios en la comarca","breadcrumb":{"@id":"https:\/\/www.copealcoy.es\/es\/coratge-un-apoyo-fundamental-que-va-a-mas\/#breadcrumb"},"inLanguage":"es","potentialAction":[{"@type":"ReadAction","target":["https:\/\/www.copealcoy.es\/es\/coratge-un-apoyo-fundamental-que-va-a-mas\/"]}]},{"@type":"ImageObject","inLanguage":"es","@id":"https:\/\/www.copealcoy.es\/es\/coratge-un-apoyo-fundamental-que-va-a-mas\/#primaryimage","url":"https:\/\/www.copealcoy.es\/wp-content\/uploads\/2023\/03\/318977545_518442933650047_5582596470397812184_n-1.jpg","contentUrl":"https:\/\/www.copealcoy.es\/wp-content\/uploads\/2023\/03\/318977545_518442933650047_5582596470397812184_n-1.jpg","width":640,"height":360},{"@type":"BreadcrumbList","@id":"https:\/\/www.copealcoy.es\/es\/coratge-un-apoyo-fundamental-que-va-a-mas\/#breadcrumb","itemListElement":[{"@type":"ListItem","position":1,"name":"Portada","item":"https:\/\/www.copealcoy.es\/es\/"},{"@type":"ListItem","position":2,"name":"Coratge, un apoyo fundamental que va a m\u00e1s"}]},{"@type":"WebSite","@id":"https:\/\/www.copealcoy.es\/es\/#website","url":"https:\/\/www.copealcoy.es\/es\/","name":"COPE Alcoy","description":"Emisora COPE de radio local con emisi\u00f3n online. Pont de Sant Jordi 8-10 03803 Alcoy","potentialAction":[{"@type":"SearchAction","target":{"@type":"EntryPoint","urlTemplate":"https:\/\/www.copealcoy.es\/es\/?s={search_term_string}"},"query-input":{"@type":"PropertyValueSpecification","valueRequired":true,"valueName":"search_term_string"}}],"inLanguage":"es"},{"@type":"Person","@id":"https:\/\/www.copealcoy.es\/es\/#\/schema\/person\/e777c87fa024e57d40170af9df39882c","name":"Cope Alcoy","image":{"@type":"ImageObject","inLanguage":"es","@id":"https:\/\/secure.gravatar.com\/avatar\/bb65d0283347e303893ba14f0692005417c1e0e690a325a4c5d8bb2b3943ee14?s=96&d=mm&r=g","url":"https:\/\/secure.gravatar.com\/avatar\/bb65d0283347e303893ba14f0692005417c1e0e690a325a4c5d8bb2b3943ee14?s=96&d=mm&r=g","contentUrl":"https:\/\/secure.gravatar.com\/avatar\/bb65d0283347e303893ba14f0692005417c1e0e690a325a4c5d8bb2b3943ee14?s=96&d=mm&r=g","caption":"Cope Alcoy"}}]}},"_links":{"self":[{"href":"https:\/\/www.copealcoy.es\/es\/wp-json\/wp\/v2\/posts\/111431","targetHints":{"allow":["GET"]}}],"collection":[{"href":"https:\/\/www.copealcoy.es\/es\/wp-json\/wp\/v2\/posts"}],"about":[{"href":"https:\/\/www.copealcoy.es\/es\/wp-json\/wp\/v2\/types\/post"}],"author":[{"embeddable":true,"href":"https:\/\/www.copealcoy.es\/es\/wp-json\/wp\/v2\/users\/1"}],"replies":[{"embeddable":true,"href":"https:\/\/www.copealcoy.es\/es\/wp-json\/wp\/v2\/comments?post=111431"}],"version-history":[{"count":0,"href":"https:\/\/www.copealcoy.es\/es\/wp-json\/wp\/v2\/posts\/111431\/revisions"}],"wp:featuredmedia":[{"embeddable":true,"href":"https:\/\/www.copealcoy.es\/es\/wp-json\/wp\/v2\/media\/111434"}],"wp:attachment":[{"href":"https:\/\/www.copealcoy.es\/es\/wp-json\/wp\/v2\/media?parent=111431"}],"wp:term":[{"taxonomy":"category","embeddable":true,"href":"https:\/\/www.copealcoy.es\/es\/wp-json\/wp\/v2\/categories?post=111431"},{"taxonomy":"post_tag","embeddable":true,"href":"https:\/\/www.copealcoy.es\/es\/wp-json\/wp\/v2\/tags?post=111431"}],"curies":[{"name":"wp","href":"https:\/\/api.w.org\/{rel}","templated":true}]}}