{"id":111336,"date":"2023-03-01T16:43:32","date_gmt":"2023-03-01T15:43:32","guid":{"rendered":"https:\/\/www.copealcoy.es\/?p=111336"},"modified":"2023-03-01T16:59:19","modified_gmt":"2023-03-01T15:59:19","slug":"el-ceip-sant-vicent-de-alcoy-contara-con-un-aula-de-2-anos-el-proximo-curso","status":"publish","type":"post","link":"https:\/\/www.copealcoy.es\/es\/el-ceip-sant-vicent-de-alcoy-contara-con-un-aula-de-2-anos-el-proximo-curso\/","title":{"rendered":"El CEIP Sant Vicent de Alcoy contar\u00e1 con un aula de 2 a\u00f1os el pr\u00f3ximo curso"},"content":{"rendered":"<p>El <strong>CEIP Sant Vicent de Alcoy<\/strong> ampliar\u00e1 su oferta educativa el pr\u00f3ximo curso escolar 2023-2024. <strong>La conselleria de Educaci\u00f3n crear\u00e1 un<\/strong> <strong>aula de 2 a\u00f1os en el centro<\/strong>, que lleva pidiendo ofrecer este servicio desde hace tres a\u00f1os. &#8220;Se trata de una unidad que ha solicitado el centro, ya que ve\u00edamos la necesidad de atender a las solicitudes de las familias del barrio&#8221;, ha explicado <strong>Mar\u00eda Jos\u00e9 Nadal<\/strong>, directora del colegio, en declaraciones a <strong>Cope Alcoy<\/strong>.<\/p>\n<p>Y es que eran muchas las familias que quer\u00edan poder escolarizar a sus hijos en el centro antes de comenzar la etapa de Educaci\u00f3n Infantil. &#8220;Muchos de estos ni\u00f1os ya cuentan con hermanos en el centro&#8221;, ha matizado la directora. Un aliciente m\u00e1s para que los padres pidieran este servicio.<\/p>\n<p>La nueva unidad contar\u00e1 con <strong>18 plazas disponibles<\/strong> y supondr\u00e1, como especifica la directora del CEIP Sant Vicent, una ampliaci\u00f3n del personal docente y no docente. &#8220;Contaremos con <strong>un maestro de educaci\u00f3n infantil m\u00e1s y otro educador<\/strong> para atender al alumnado de dos a\u00f1os&#8221;. Adem\u00e1s, el centro ha establecido ya el aula que se destinar\u00e1 a este grupo. &#8220;Contamos con las infraestructuras necesarias para atender a las caracter\u00edsticas de este alumnado&#8221;.<\/p>\n<p>Con este ser\u00e1n ya cuatro los centros educativos de la ciudad que ofrezcan este servicio. El CEIP Sant Vicent <strong>se suma al CEIP El Romeral, CEIP Miguel Hern\u00e1ndez y CEIP Horta Major<\/strong>. Los alumnos que podr\u00e1n matricularse en el pr\u00f3ximo curso acad\u00e9mico son los ni\u00f1os nacidos a lo largo del a\u00f1o 2021.<\/p>\n<p>Pero no solo se crear\u00e1 una nueva aula en este colegio. En el Comtat, la conselleria de Educaci\u00f3n tambi\u00e9n ha autorizado su implantaci\u00f3n, con las mismas caracter\u00edsticas que en el CEIP Sant Vicent, en el <strong>Centre Rural Agrupat (CRA) l\u2019Encantada<\/strong> de l\u2019Alqueria d\u2019Asnar. Seguir\u00e1n activas las aulas del <strong>CRA Mariola-Benicadell de Alfafara-Agres-Gaianes<\/strong>, <strong>CEIP Virgen de los Dolores de Benilloba<\/strong>, <strong>CEIP Real Blanc de Cocentaina<\/strong>, <strong>CEIP El Bracal de Muro<\/strong>, <strong>CEIP Montacabrer de Muro<\/strong> y <strong>CRA Riu Serpis en l\u2019Orxa.<\/strong><\/p>\n<p>En la comarca de l&#8217;Alcoi\u00e0 tambi\u00e9n disponen de este servicio en <strong>Ibi<\/strong>, en el <strong>CEIP Poeta Pla y Beltr\u00e1n<\/strong>, y en <strong>Tibi<\/strong>, en el <strong>CEIP Luis Gos\u00e1lbez.\u00a0<\/strong><\/p>\n","protected":false},"excerpt":{"rendered":"<p>El CEIP Sant Vicent de Alcoy ampliar\u00e1 su oferta educativa el pr\u00f3ximo curso escolar 2023-2024. La conselleria de Educaci\u00f3n crear\u00e1&#8230;<\/p>\n","protected":false},"author":1,"featured_media":111361,"comment_status":"open","ping_status":"open","sticky":false,"template":"","format":"standard","meta":{"footnotes":""},"categories":[6909,97,900,75],"tags":[1494,557,14154,423],"class_list":["post-111336","post","type-post","status-publish","format-standard","has-post-thumbnail","hentry","category-actualidad","category-alcoy","category-educacion","category-noticias","tag-alcoy","tag-aulas","tag-ceip-sant-vicent","tag-educacion"],"yoast_head":"<!-- This site is optimized with the Yoast SEO plugin v27.3 - https:\/\/yoast.com\/product\/yoast-seo-wordpress\/ -->\n<title>El CEIP Sant Vicent de Alcoy contar\u00e1 con un aula de 2 a\u00f1os el pr\u00f3ximo curso - COPE Alcoy<\/title>\n<meta name=\"description\" content=\"El CEIP Sant Vicent de Alcoy ampliar\u00e1 su oferta educativa el pr\u00f3ximo curso escolar 2023-2024. La conselleria de Educaci\u00f3n crear\u00e1 un aula de 2 a\u00f1os en el centro, que lleva pidiendo ofrecer este servicio desde hace tres a\u00f1os. &quot;Se trata de una unidad que ha solicitado el centro, ya que ve\u00edamos la necesidad de atender a las solicitudes de las familias del barrio&quot;, ha explicado Mar\u00eda Jos\u00e9 Nadal, directora del colegio, en declaraciones a Cope Alcoy.\" \/>\n<meta name=\"robots\" content=\"index, follow, max-snippet:-1, max-image-preview:large, max-video-preview:-1\" \/>\n<link rel=\"canonical\" href=\"https:\/\/www.copealcoy.es\/es\/el-ceip-sant-vicent-de-alcoy-contara-con-un-aula-de-2-anos-el-proximo-curso\/\" \/>\n<meta property=\"og:locale\" content=\"es_ES\" \/>\n<meta property=\"og:type\" content=\"article\" \/>\n<meta property=\"og:title\" content=\"El CEIP Sant Vicent de Alcoy contar\u00e1 con un aula de 2 a\u00f1os el pr\u00f3ximo curso - COPE Alcoy\" \/>\n<meta property=\"og:description\" content=\"El CEIP Sant Vicent de Alcoy ampliar\u00e1 su oferta educativa el pr\u00f3ximo curso escolar 2023-2024. La conselleria de Educaci\u00f3n crear\u00e1 un aula de 2 a\u00f1os en el centro, que lleva pidiendo ofrecer este servicio desde hace tres a\u00f1os. &quot;Se trata de una unidad que ha solicitado el centro, ya que ve\u00edamos la necesidad de atender a las solicitudes de las familias del barrio&quot;, ha explicado Mar\u00eda Jos\u00e9 Nadal, directora del colegio, en declaraciones a Cope Alcoy.\" \/>\n<meta property=\"og:url\" content=\"https:\/\/www.copealcoy.es\/es\/el-ceip-sant-vicent-de-alcoy-contara-con-un-aula-de-2-anos-el-proximo-curso\/\" \/>\n<meta property=\"og:site_name\" content=\"COPE Alcoy\" \/>\n<meta property=\"article:published_time\" content=\"2023-03-01T15:43:32+00:00\" \/>\n<meta property=\"article:modified_time\" content=\"2023-03-01T15:59:19+00:00\" \/>\n<meta property=\"og:image\" content=\"https:\/\/www.copealcoy.es\/wp-content\/uploads\/2023\/03\/WhatsApp-Image-2023-03-01-at-14.40.06.jpeg\" \/>\n\t<meta property=\"og:image:width\" content=\"1024\" \/>\n\t<meta property=\"og:image:height\" content=\"768\" \/>\n\t<meta property=\"og:image:type\" content=\"image\/jpeg\" \/>\n<meta name=\"author\" content=\"Cope Alcoy\" \/>\n<meta name=\"twitter:label1\" content=\"Escrito por\" \/>\n\t<meta name=\"twitter:data1\" content=\"Cope Alcoy\" \/>\n\t<meta name=\"twitter:label2\" content=\"Tiempo de lectura\" \/>\n\t<meta name=\"twitter:data2\" content=\"2 minutos\" \/>\n<script type=\"application\/ld+json\" class=\"yoast-schema-graph\">{\"@context\":\"https:\\\/\\\/schema.org\",\"@graph\":[{\"@type\":\"Article\",\"@id\":\"https:\\\/\\\/www.copealcoy.es\\\/es\\\/el-ceip-sant-vicent-de-alcoy-contara-con-un-aula-de-2-anos-el-proximo-curso\\\/#article\",\"isPartOf\":{\"@id\":\"https:\\\/\\\/www.copealcoy.es\\\/es\\\/el-ceip-sant-vicent-de-alcoy-contara-con-un-aula-de-2-anos-el-proximo-curso\\\/\"},\"author\":{\"name\":\"Cope Alcoy\",\"@id\":\"https:\\\/\\\/www.copealcoy.es\\\/es\\\/#\\\/schema\\\/person\\\/e777c87fa024e57d40170af9df39882c\"},\"headline\":\"El CEIP Sant Vicent de Alcoy contar\u00e1 con un aula de 2 a\u00f1os el pr\u00f3ximo curso\",\"datePublished\":\"2023-03-01T15:43:32+00:00\",\"dateModified\":\"2023-03-01T15:59:19+00:00\",\"mainEntityOfPage\":{\"@id\":\"https:\\\/\\\/www.copealcoy.es\\\/es\\\/el-ceip-sant-vicent-de-alcoy-contara-con-un-aula-de-2-anos-el-proximo-curso\\\/\"},\"wordCount\":405,\"commentCount\":0,\"image\":{\"@id\":\"https:\\\/\\\/www.copealcoy.es\\\/es\\\/el-ceip-sant-vicent-de-alcoy-contara-con-un-aula-de-2-anos-el-proximo-curso\\\/#primaryimage\"},\"thumbnailUrl\":\"https:\\\/\\\/www.copealcoy.es\\\/wp-content\\\/uploads\\\/2023\\\/03\\\/WhatsApp-Image-2023-03-01-at-14.40.06.jpeg\",\"keywords\":[\"Alcoy\",\"Aulas\",\"CEIP Sant Vicent\",\"Educaci\u00f3n\"],\"articleSection\":[\"Actualidad\",\"Alcoy\",\"Educaci\u00f3n\",\"Noticias\"],\"inLanguage\":\"es\"},{\"@type\":\"WebPage\",\"@id\":\"https:\\\/\\\/www.copealcoy.es\\\/es\\\/el-ceip-sant-vicent-de-alcoy-contara-con-un-aula-de-2-anos-el-proximo-curso\\\/\",\"url\":\"https:\\\/\\\/www.copealcoy.es\\\/es\\\/el-ceip-sant-vicent-de-alcoy-contara-con-un-aula-de-2-anos-el-proximo-curso\\\/\",\"name\":\"El CEIP Sant Vicent de Alcoy contar\u00e1 con un aula de 2 a\u00f1os el pr\u00f3ximo curso - COPE Alcoy\",\"isPartOf\":{\"@id\":\"https:\\\/\\\/www.copealcoy.es\\\/es\\\/#website\"},\"primaryImageOfPage\":{\"@id\":\"https:\\\/\\\/www.copealcoy.es\\\/es\\\/el-ceip-sant-vicent-de-alcoy-contara-con-un-aula-de-2-anos-el-proximo-curso\\\/#primaryimage\"},\"image\":{\"@id\":\"https:\\\/\\\/www.copealcoy.es\\\/es\\\/el-ceip-sant-vicent-de-alcoy-contara-con-un-aula-de-2-anos-el-proximo-curso\\\/#primaryimage\"},\"thumbnailUrl\":\"https:\\\/\\\/www.copealcoy.es\\\/wp-content\\\/uploads\\\/2023\\\/03\\\/WhatsApp-Image-2023-03-01-at-14.40.06.jpeg\",\"datePublished\":\"2023-03-01T15:43:32+00:00\",\"dateModified\":\"2023-03-01T15:59:19+00:00\",\"author\":{\"@id\":\"https:\\\/\\\/www.copealcoy.es\\\/es\\\/#\\\/schema\\\/person\\\/e777c87fa024e57d40170af9df39882c\"},\"description\":\"El CEIP Sant Vicent de Alcoy ampliar\u00e1 su oferta educativa el pr\u00f3ximo curso escolar 2023-2024. La conselleria de Educaci\u00f3n crear\u00e1 un aula de 2 a\u00f1os en el centro, que lleva pidiendo ofrecer este servicio desde hace tres a\u00f1os. \\\"Se trata de una unidad que ha solicitado el centro, ya que ve\u00edamos la necesidad de atender a las solicitudes de las familias del barrio\\\", ha explicado Mar\u00eda Jos\u00e9 Nadal, directora del colegio, en declaraciones a Cope Alcoy.\",\"breadcrumb\":{\"@id\":\"https:\\\/\\\/www.copealcoy.es\\\/es\\\/el-ceip-sant-vicent-de-alcoy-contara-con-un-aula-de-2-anos-el-proximo-curso\\\/#breadcrumb\"},\"inLanguage\":\"es\",\"potentialAction\":[{\"@type\":\"ReadAction\",\"target\":[\"https:\\\/\\\/www.copealcoy.es\\\/es\\\/el-ceip-sant-vicent-de-alcoy-contara-con-un-aula-de-2-anos-el-proximo-curso\\\/\"]}]},{\"@type\":\"ImageObject\",\"inLanguage\":\"es\",\"@id\":\"https:\\\/\\\/www.copealcoy.es\\\/es\\\/el-ceip-sant-vicent-de-alcoy-contara-con-un-aula-de-2-anos-el-proximo-curso\\\/#primaryimage\",\"url\":\"https:\\\/\\\/www.copealcoy.es\\\/wp-content\\\/uploads\\\/2023\\\/03\\\/WhatsApp-Image-2023-03-01-at-14.40.06.jpeg\",\"contentUrl\":\"https:\\\/\\\/www.copealcoy.es\\\/wp-content\\\/uploads\\\/2023\\\/03\\\/WhatsApp-Image-2023-03-01-at-14.40.06.jpeg\",\"width\":1024,\"height\":768},{\"@type\":\"BreadcrumbList\",\"@id\":\"https:\\\/\\\/www.copealcoy.es\\\/es\\\/el-ceip-sant-vicent-de-alcoy-contara-con-un-aula-de-2-anos-el-proximo-curso\\\/#breadcrumb\",\"itemListElement\":[{\"@type\":\"ListItem\",\"position\":1,\"name\":\"Portada\",\"item\":\"https:\\\/\\\/www.copealcoy.es\\\/es\\\/\"},{\"@type\":\"ListItem\",\"position\":2,\"name\":\"El CEIP Sant Vicent de Alcoy contar\u00e1 con un aula de 2 a\u00f1os el pr\u00f3ximo curso\"}]},{\"@type\":\"WebSite\",\"@id\":\"https:\\\/\\\/www.copealcoy.es\\\/es\\\/#website\",\"url\":\"https:\\\/\\\/www.copealcoy.es\\\/es\\\/\",\"name\":\"COPE Alcoy\",\"description\":\"Emisora COPE de radio local con emisi\u00f3n online. Pont de Sant Jordi 8-10 03803 Alcoy\",\"potentialAction\":[{\"@type\":\"SearchAction\",\"target\":{\"@type\":\"EntryPoint\",\"urlTemplate\":\"https:\\\/\\\/www.copealcoy.es\\\/es\\\/?s={search_term_string}\"},\"query-input\":{\"@type\":\"PropertyValueSpecification\",\"valueRequired\":true,\"valueName\":\"search_term_string\"}}],\"inLanguage\":\"es\"},{\"@type\":\"Person\",\"@id\":\"https:\\\/\\\/www.copealcoy.es\\\/es\\\/#\\\/schema\\\/person\\\/e777c87fa024e57d40170af9df39882c\",\"name\":\"Cope Alcoy\",\"image\":{\"@type\":\"ImageObject\",\"inLanguage\":\"es\",\"@id\":\"https:\\\/\\\/secure.gravatar.com\\\/avatar\\\/bb65d0283347e303893ba14f0692005417c1e0e690a325a4c5d8bb2b3943ee14?s=96&d=mm&r=g\",\"url\":\"https:\\\/\\\/secure.gravatar.com\\\/avatar\\\/bb65d0283347e303893ba14f0692005417c1e0e690a325a4c5d8bb2b3943ee14?s=96&d=mm&r=g\",\"contentUrl\":\"https:\\\/\\\/secure.gravatar.com\\\/avatar\\\/bb65d0283347e303893ba14f0692005417c1e0e690a325a4c5d8bb2b3943ee14?s=96&d=mm&r=g\",\"caption\":\"Cope Alcoy\"}}]}<\/script>\n<!-- \/ Yoast SEO plugin. -->","yoast_head_json":{"title":"El CEIP Sant Vicent de Alcoy contar\u00e1 con un aula de 2 a\u00f1os el pr\u00f3ximo curso - COPE Alcoy","description":"El CEIP Sant Vicent de Alcoy ampliar\u00e1 su oferta educativa el pr\u00f3ximo curso escolar 2023-2024. La conselleria de Educaci\u00f3n crear\u00e1 un aula de 2 a\u00f1os en el centro, que lleva pidiendo ofrecer este servicio desde hace tres a\u00f1os. \"Se trata de una unidad que ha solicitado el centro, ya que ve\u00edamos la necesidad de atender a las solicitudes de las familias del barrio\", ha explicado Mar\u00eda Jos\u00e9 Nadal, directora del colegio, en declaraciones a Cope Alcoy.","robots":{"index":"index","follow":"follow","max-snippet":"max-snippet:-1","max-image-preview":"max-image-preview:large","max-video-preview":"max-video-preview:-1"},"canonical":"https:\/\/www.copealcoy.es\/es\/el-ceip-sant-vicent-de-alcoy-contara-con-un-aula-de-2-anos-el-proximo-curso\/","og_locale":"es_ES","og_type":"article","og_title":"El CEIP Sant Vicent de Alcoy contar\u00e1 con un aula de 2 a\u00f1os el pr\u00f3ximo curso - COPE Alcoy","og_description":"El CEIP Sant Vicent de Alcoy ampliar\u00e1 su oferta educativa el pr\u00f3ximo curso escolar 2023-2024. La conselleria de Educaci\u00f3n crear\u00e1 un aula de 2 a\u00f1os en el centro, que lleva pidiendo ofrecer este servicio desde hace tres a\u00f1os. \"Se trata de una unidad que ha solicitado el centro, ya que ve\u00edamos la necesidad de atender a las solicitudes de las familias del barrio\", ha explicado Mar\u00eda Jos\u00e9 Nadal, directora del colegio, en declaraciones a Cope Alcoy.","og_url":"https:\/\/www.copealcoy.es\/es\/el-ceip-sant-vicent-de-alcoy-contara-con-un-aula-de-2-anos-el-proximo-curso\/","og_site_name":"COPE Alcoy","article_published_time":"2023-03-01T15:43:32+00:00","article_modified_time":"2023-03-01T15:59:19+00:00","og_image":[{"width":1024,"height":768,"url":"https:\/\/www.copealcoy.es\/wp-content\/uploads\/2023\/03\/WhatsApp-Image-2023-03-01-at-14.40.06.jpeg","type":"image\/jpeg"}],"author":"Cope Alcoy","twitter_misc":{"Escrito por":"Cope Alcoy","Tiempo de lectura":"2 minutos"},"schema":{"@context":"https:\/\/schema.org","@graph":[{"@type":"Article","@id":"https:\/\/www.copealcoy.es\/es\/el-ceip-sant-vicent-de-alcoy-contara-con-un-aula-de-2-anos-el-proximo-curso\/#article","isPartOf":{"@id":"https:\/\/www.copealcoy.es\/es\/el-ceip-sant-vicent-de-alcoy-contara-con-un-aula-de-2-anos-el-proximo-curso\/"},"author":{"name":"Cope Alcoy","@id":"https:\/\/www.copealcoy.es\/es\/#\/schema\/person\/e777c87fa024e57d40170af9df39882c"},"headline":"El CEIP Sant Vicent de Alcoy contar\u00e1 con un aula de 2 a\u00f1os el pr\u00f3ximo curso","datePublished":"2023-03-01T15:43:32+00:00","dateModified":"2023-03-01T15:59:19+00:00","mainEntityOfPage":{"@id":"https:\/\/www.copealcoy.es\/es\/el-ceip-sant-vicent-de-alcoy-contara-con-un-aula-de-2-anos-el-proximo-curso\/"},"wordCount":405,"commentCount":0,"image":{"@id":"https:\/\/www.copealcoy.es\/es\/el-ceip-sant-vicent-de-alcoy-contara-con-un-aula-de-2-anos-el-proximo-curso\/#primaryimage"},"thumbnailUrl":"https:\/\/www.copealcoy.es\/wp-content\/uploads\/2023\/03\/WhatsApp-Image-2023-03-01-at-14.40.06.jpeg","keywords":["Alcoy","Aulas","CEIP Sant Vicent","Educaci\u00f3n"],"articleSection":["Actualidad","Alcoy","Educaci\u00f3n","Noticias"],"inLanguage":"es"},{"@type":"WebPage","@id":"https:\/\/www.copealcoy.es\/es\/el-ceip-sant-vicent-de-alcoy-contara-con-un-aula-de-2-anos-el-proximo-curso\/","url":"https:\/\/www.copealcoy.es\/es\/el-ceip-sant-vicent-de-alcoy-contara-con-un-aula-de-2-anos-el-proximo-curso\/","name":"El CEIP Sant Vicent de Alcoy contar\u00e1 con un aula de 2 a\u00f1os el pr\u00f3ximo curso - COPE Alcoy","isPartOf":{"@id":"https:\/\/www.copealcoy.es\/es\/#website"},"primaryImageOfPage":{"@id":"https:\/\/www.copealcoy.es\/es\/el-ceip-sant-vicent-de-alcoy-contara-con-un-aula-de-2-anos-el-proximo-curso\/#primaryimage"},"image":{"@id":"https:\/\/www.copealcoy.es\/es\/el-ceip-sant-vicent-de-alcoy-contara-con-un-aula-de-2-anos-el-proximo-curso\/#primaryimage"},"thumbnailUrl":"https:\/\/www.copealcoy.es\/wp-content\/uploads\/2023\/03\/WhatsApp-Image-2023-03-01-at-14.40.06.jpeg","datePublished":"2023-03-01T15:43:32+00:00","dateModified":"2023-03-01T15:59:19+00:00","author":{"@id":"https:\/\/www.copealcoy.es\/es\/#\/schema\/person\/e777c87fa024e57d40170af9df39882c"},"description":"El CEIP Sant Vicent de Alcoy ampliar\u00e1 su oferta educativa el pr\u00f3ximo curso escolar 2023-2024. La conselleria de Educaci\u00f3n crear\u00e1 un aula de 2 a\u00f1os en el centro, que lleva pidiendo ofrecer este servicio desde hace tres a\u00f1os. \"Se trata de una unidad que ha solicitado el centro, ya que ve\u00edamos la necesidad de atender a las solicitudes de las familias del barrio\", ha explicado Mar\u00eda Jos\u00e9 Nadal, directora del colegio, en declaraciones a Cope Alcoy.","breadcrumb":{"@id":"https:\/\/www.copealcoy.es\/es\/el-ceip-sant-vicent-de-alcoy-contara-con-un-aula-de-2-anos-el-proximo-curso\/#breadcrumb"},"inLanguage":"es","potentialAction":[{"@type":"ReadAction","target":["https:\/\/www.copealcoy.es\/es\/el-ceip-sant-vicent-de-alcoy-contara-con-un-aula-de-2-anos-el-proximo-curso\/"]}]},{"@type":"ImageObject","inLanguage":"es","@id":"https:\/\/www.copealcoy.es\/es\/el-ceip-sant-vicent-de-alcoy-contara-con-un-aula-de-2-anos-el-proximo-curso\/#primaryimage","url":"https:\/\/www.copealcoy.es\/wp-content\/uploads\/2023\/03\/WhatsApp-Image-2023-03-01-at-14.40.06.jpeg","contentUrl":"https:\/\/www.copealcoy.es\/wp-content\/uploads\/2023\/03\/WhatsApp-Image-2023-03-01-at-14.40.06.jpeg","width":1024,"height":768},{"@type":"BreadcrumbList","@id":"https:\/\/www.copealcoy.es\/es\/el-ceip-sant-vicent-de-alcoy-contara-con-un-aula-de-2-anos-el-proximo-curso\/#breadcrumb","itemListElement":[{"@type":"ListItem","position":1,"name":"Portada","item":"https:\/\/www.copealcoy.es\/es\/"},{"@type":"ListItem","position":2,"name":"El CEIP Sant Vicent de Alcoy contar\u00e1 con un aula de 2 a\u00f1os el pr\u00f3ximo curso"}]},{"@type":"WebSite","@id":"https:\/\/www.copealcoy.es\/es\/#website","url":"https:\/\/www.copealcoy.es\/es\/","name":"COPE Alcoy","description":"Emisora COPE de radio local con emisi\u00f3n online. Pont de Sant Jordi 8-10 03803 Alcoy","potentialAction":[{"@type":"SearchAction","target":{"@type":"EntryPoint","urlTemplate":"https:\/\/www.copealcoy.es\/es\/?s={search_term_string}"},"query-input":{"@type":"PropertyValueSpecification","valueRequired":true,"valueName":"search_term_string"}}],"inLanguage":"es"},{"@type":"Person","@id":"https:\/\/www.copealcoy.es\/es\/#\/schema\/person\/e777c87fa024e57d40170af9df39882c","name":"Cope Alcoy","image":{"@type":"ImageObject","inLanguage":"es","@id":"https:\/\/secure.gravatar.com\/avatar\/bb65d0283347e303893ba14f0692005417c1e0e690a325a4c5d8bb2b3943ee14?s=96&d=mm&r=g","url":"https:\/\/secure.gravatar.com\/avatar\/bb65d0283347e303893ba14f0692005417c1e0e690a325a4c5d8bb2b3943ee14?s=96&d=mm&r=g","contentUrl":"https:\/\/secure.gravatar.com\/avatar\/bb65d0283347e303893ba14f0692005417c1e0e690a325a4c5d8bb2b3943ee14?s=96&d=mm&r=g","caption":"Cope Alcoy"}}]}},"_links":{"self":[{"href":"https:\/\/www.copealcoy.es\/es\/wp-json\/wp\/v2\/posts\/111336","targetHints":{"allow":["GET"]}}],"collection":[{"href":"https:\/\/www.copealcoy.es\/es\/wp-json\/wp\/v2\/posts"}],"about":[{"href":"https:\/\/www.copealcoy.es\/es\/wp-json\/wp\/v2\/types\/post"}],"author":[{"embeddable":true,"href":"https:\/\/www.copealcoy.es\/es\/wp-json\/wp\/v2\/users\/1"}],"replies":[{"embeddable":true,"href":"https:\/\/www.copealcoy.es\/es\/wp-json\/wp\/v2\/comments?post=111336"}],"version-history":[{"count":0,"href":"https:\/\/www.copealcoy.es\/es\/wp-json\/wp\/v2\/posts\/111336\/revisions"}],"wp:featuredmedia":[{"embeddable":true,"href":"https:\/\/www.copealcoy.es\/es\/wp-json\/wp\/v2\/media\/111361"}],"wp:attachment":[{"href":"https:\/\/www.copealcoy.es\/es\/wp-json\/wp\/v2\/media?parent=111336"}],"wp:term":[{"taxonomy":"category","embeddable":true,"href":"https:\/\/www.copealcoy.es\/es\/wp-json\/wp\/v2\/categories?post=111336"},{"taxonomy":"post_tag","embeddable":true,"href":"https:\/\/www.copealcoy.es\/es\/wp-json\/wp\/v2\/tags?post=111336"}],"curies":[{"name":"wp","href":"https:\/\/api.w.org\/{rel}","templated":true}]}}