{"id":111246,"date":"2023-03-01T08:00:08","date_gmt":"2023-03-01T07:00:08","guid":{"rendered":"https:\/\/www.copealcoy.es\/?p=111246"},"modified":"2023-03-01T09:27:09","modified_gmt":"2023-03-01T08:27:09","slug":"las-ayudas-a-la-industria-textil-de-alcoy-y-comarca-no-llegan","status":"publish","type":"post","link":"https:\/\/www.copealcoy.es\/es\/las-ayudas-a-la-industria-textil-de-alcoy-y-comarca-no-llegan\/","title":{"rendered":"Las ayudas a la industria textil de Alcoy y comarca no llegan"},"content":{"rendered":"<p>Al\u00a0<strong>textil de Alcoy y comarca<\/strong>, como a la mayor\u00eda de sectores, se le presenta un a\u00f1o de incertidumbre y con diversos retos por delante. Pero, para poder llevarlos a cabo, como publicaba\u00a0<strong>Cope Alcoy<\/strong>, <span style=\"color: #000080;\"><a style=\"color: #000080;\" href=\"https:\/\/www.copealcoy.es\/la-industria-textil-de-alcoy-y-comarca-ve-el-2023-con-incertidumbre\/\" target=\"_blank\" rel=\"noopener\">hace falta una\u00a0<strong>reactivaci\u00f3n de la industria<\/strong><\/a><\/span>. Y, en este punto, las ayudas de las Administraciones p\u00fablicas son fundamentales.\u00a0<strong>Ayudas que no llegan<\/strong>.<\/p>\n<p>As\u00ed lo ha asegurado este martes\u00a0<strong>Pepe Serna<\/strong>, presidente de la\u00a0<strong>Asociaci\u00f3n de Empresarios Textiles de la Comunidad Valenciana (ATEVAL)<\/strong>. La industria se encuentra a la espera, desde el pasado mes de enero, de que\u00a0<strong>el Gobierno<\/strong>\u00a0<strong>incluya al textil como sector prioritario<\/strong>\u00a0en la l\u00ednea de ayudas para hacer frente al incremento del precio del gas natural durante el a\u00f1o 2022. Una petici\u00f3n que realiz\u00f3 a principios de este a\u00f1o la\u00a0<strong>conselleria de Econom\u00eda<\/strong>\u00a0y a la que, por el momento, no hay respuesta. \u00abTambi\u00e9n necesitamos que se clarifique una reglamentaci\u00f3n de c\u00f3mo van a ser ese tipo de ayudas\u00bb.<\/p>\n<p>Asegura Serna que\u00a0<strong>tampoco desde la Generalitat hay avances en unas ayudas pendientes<\/strong>\u00a0tanto para la industria de la cer\u00e1mica en Castell\u00f3n como para la de los acabados de la comarca. \u00abEstamos viendo qu\u00e9 salida tenemos para que esas ayudas se materialicen, pero est\u00e1n tardando mucho. En los pa\u00edses de la competencia, como Alemania, Portugal o Italia, las ayudas est\u00e1n en vigor. Mientras, nuestras empresas est\u00e1n necesitadas de financiaci\u00f3n\u00bb.<\/p>\n<p>Tambi\u00e9n <strong>Carlos Maz\u00f3n<\/strong>, presidente de la Diputaci\u00f3n de Alicante, ha denunciado esta situaci\u00f3n. \u201cNo puede ser que este sector siga esperando el sue\u00f1o de los justos por parte de Puig y de S\u00e1nchez para ser considerado sector prioritario en las ayudas, porque llevamos dos a\u00f1os con promesas incumplidas. El tiempo corre, los otros compiten, el resto de pa\u00edses avanzan y aqu\u00ed no encontramos estas ayudas\u201d.<\/p>\n<p>Y es que el sector tiene que hacer frente a retos como son la econom\u00eda circular, la digitalizaci\u00f3n o la fidelizaci\u00f3n y formaci\u00f3n de los trabajadores. \u201cTenemos que aumentar el nivel de calificaci\u00f3n empresarial\u201d, insiste Serna. Estas son algunas de las inquietudes que trasladaron los empresarios a Maz\u00f3n en la reuni\u00f3n mantenida este martes despu\u00e9s de la visita a las obras de las nuevas instalaciones de <strong>Aitex<\/strong>.<\/p>\n","protected":false},"excerpt":{"rendered":"<p>Al\u00a0textil de Alcoy y comarca, como a la mayor\u00eda de sectores, se le presenta un a\u00f1o de incertidumbre y con&#8230;<\/p>\n","protected":false},"author":1,"featured_media":70679,"comment_status":"open","ping_status":"open","sticky":false,"template":"","format":"standard","meta":{"footnotes":""},"categories":[6909,97,75,79],"tags":[],"class_list":["post-111246","post","type-post","status-publish","format-standard","has-post-thumbnail","hentry","category-actualidad","category-alcoy","category-noticias","category-politicayeconomia"],"yoast_head":"<!-- This site is optimized with the Yoast SEO plugin v27.3 - https:\/\/yoast.com\/product\/yoast-seo-wordpress\/ -->\n<title>Las ayudas a la industria textil de Alcoy y comarca no llegan - COPE Alcoy<\/title>\n<meta name=\"robots\" content=\"index, follow, max-snippet:-1, max-image-preview:large, max-video-preview:-1\" \/>\n<link rel=\"canonical\" href=\"https:\/\/www.copealcoy.es\/es\/las-ayudas-a-la-industria-textil-de-alcoy-y-comarca-no-llegan\/\" \/>\n<meta property=\"og:locale\" content=\"es_ES\" \/>\n<meta property=\"og:type\" content=\"article\" \/>\n<meta property=\"og:title\" content=\"Las ayudas a la industria textil de Alcoy y comarca no llegan - COPE Alcoy\" \/>\n<meta property=\"og:description\" content=\"Al\u00a0textil de Alcoy y comarca, como a la mayor\u00eda de sectores, se le presenta un a\u00f1o de incertidumbre y con...\" \/>\n<meta property=\"og:url\" content=\"https:\/\/www.copealcoy.es\/es\/las-ayudas-a-la-industria-textil-de-alcoy-y-comarca-no-llegan\/\" \/>\n<meta property=\"og:site_name\" content=\"COPE Alcoy\" \/>\n<meta property=\"article:published_time\" content=\"2023-03-01T07:00:08+00:00\" \/>\n<meta property=\"article:modified_time\" content=\"2023-03-01T08:27:09+00:00\" \/>\n<meta property=\"og:image\" content=\"https:\/\/www.copealcoy.es\/wp-content\/uploads\/2021\/02\/Economi\u0301a-Circular-en-el-Sector-Textil-e1662374363659.jpg\" \/>\n\t<meta property=\"og:image:width\" content=\"640\" \/>\n\t<meta property=\"og:image:height\" content=\"428\" \/>\n\t<meta property=\"og:image:type\" content=\"image\/jpeg\" \/>\n<meta name=\"author\" content=\"Cope Alcoy\" \/>\n<meta name=\"twitter:label1\" content=\"Escrito por\" \/>\n\t<meta name=\"twitter:data1\" content=\"Cope Alcoy\" \/>\n\t<meta name=\"twitter:label2\" content=\"Tiempo de lectura\" \/>\n\t<meta name=\"twitter:data2\" content=\"2 minutos\" \/>\n<script type=\"application\/ld+json\" class=\"yoast-schema-graph\">{\"@context\":\"https:\\\/\\\/schema.org\",\"@graph\":[{\"@type\":\"Article\",\"@id\":\"https:\\\/\\\/www.copealcoy.es\\\/es\\\/las-ayudas-a-la-industria-textil-de-alcoy-y-comarca-no-llegan\\\/#article\",\"isPartOf\":{\"@id\":\"https:\\\/\\\/www.copealcoy.es\\\/es\\\/las-ayudas-a-la-industria-textil-de-alcoy-y-comarca-no-llegan\\\/\"},\"author\":{\"name\":\"Cope Alcoy\",\"@id\":\"https:\\\/\\\/www.copealcoy.es\\\/es\\\/#\\\/schema\\\/person\\\/e777c87fa024e57d40170af9df39882c\"},\"headline\":\"Las ayudas a la industria textil de Alcoy y comarca no llegan\",\"datePublished\":\"2023-03-01T07:00:08+00:00\",\"dateModified\":\"2023-03-01T08:27:09+00:00\",\"mainEntityOfPage\":{\"@id\":\"https:\\\/\\\/www.copealcoy.es\\\/es\\\/las-ayudas-a-la-industria-textil-de-alcoy-y-comarca-no-llegan\\\/\"},\"wordCount\":407,\"commentCount\":0,\"image\":{\"@id\":\"https:\\\/\\\/www.copealcoy.es\\\/es\\\/las-ayudas-a-la-industria-textil-de-alcoy-y-comarca-no-llegan\\\/#primaryimage\"},\"thumbnailUrl\":\"https:\\\/\\\/www.copealcoy.es\\\/wp-content\\\/uploads\\\/2021\\\/02\\\/Economi\u0301a-Circular-en-el-Sector-Textil-e1662374363659.jpg\",\"articleSection\":[\"Actualidad\",\"Alcoy\",\"Noticias\",\"Pol\u00edtica y Econom\u00eda\"],\"inLanguage\":\"es\"},{\"@type\":\"WebPage\",\"@id\":\"https:\\\/\\\/www.copealcoy.es\\\/es\\\/las-ayudas-a-la-industria-textil-de-alcoy-y-comarca-no-llegan\\\/\",\"url\":\"https:\\\/\\\/www.copealcoy.es\\\/es\\\/las-ayudas-a-la-industria-textil-de-alcoy-y-comarca-no-llegan\\\/\",\"name\":\"Las ayudas a la industria textil de Alcoy y comarca no llegan - COPE Alcoy\",\"isPartOf\":{\"@id\":\"https:\\\/\\\/www.copealcoy.es\\\/es\\\/#website\"},\"primaryImageOfPage\":{\"@id\":\"https:\\\/\\\/www.copealcoy.es\\\/es\\\/las-ayudas-a-la-industria-textil-de-alcoy-y-comarca-no-llegan\\\/#primaryimage\"},\"image\":{\"@id\":\"https:\\\/\\\/www.copealcoy.es\\\/es\\\/las-ayudas-a-la-industria-textil-de-alcoy-y-comarca-no-llegan\\\/#primaryimage\"},\"thumbnailUrl\":\"https:\\\/\\\/www.copealcoy.es\\\/wp-content\\\/uploads\\\/2021\\\/02\\\/Economi\u0301a-Circular-en-el-Sector-Textil-e1662374363659.jpg\",\"datePublished\":\"2023-03-01T07:00:08+00:00\",\"dateModified\":\"2023-03-01T08:27:09+00:00\",\"author\":{\"@id\":\"https:\\\/\\\/www.copealcoy.es\\\/es\\\/#\\\/schema\\\/person\\\/e777c87fa024e57d40170af9df39882c\"},\"breadcrumb\":{\"@id\":\"https:\\\/\\\/www.copealcoy.es\\\/es\\\/las-ayudas-a-la-industria-textil-de-alcoy-y-comarca-no-llegan\\\/#breadcrumb\"},\"inLanguage\":\"es\",\"potentialAction\":[{\"@type\":\"ReadAction\",\"target\":[\"https:\\\/\\\/www.copealcoy.es\\\/es\\\/las-ayudas-a-la-industria-textil-de-alcoy-y-comarca-no-llegan\\\/\"]}]},{\"@type\":\"ImageObject\",\"inLanguage\":\"es\",\"@id\":\"https:\\\/\\\/www.copealcoy.es\\\/es\\\/las-ayudas-a-la-industria-textil-de-alcoy-y-comarca-no-llegan\\\/#primaryimage\",\"url\":\"https:\\\/\\\/www.copealcoy.es\\\/wp-content\\\/uploads\\\/2021\\\/02\\\/Economi\u0301a-Circular-en-el-Sector-Textil-e1662374363659.jpg\",\"contentUrl\":\"https:\\\/\\\/www.copealcoy.es\\\/wp-content\\\/uploads\\\/2021\\\/02\\\/Economi\u0301a-Circular-en-el-Sector-Textil-e1662374363659.jpg\",\"width\":640,\"height\":428},{\"@type\":\"BreadcrumbList\",\"@id\":\"https:\\\/\\\/www.copealcoy.es\\\/es\\\/las-ayudas-a-la-industria-textil-de-alcoy-y-comarca-no-llegan\\\/#breadcrumb\",\"itemListElement\":[{\"@type\":\"ListItem\",\"position\":1,\"name\":\"Portada\",\"item\":\"https:\\\/\\\/www.copealcoy.es\\\/es\\\/\"},{\"@type\":\"ListItem\",\"position\":2,\"name\":\"Las ayudas a la industria textil de Alcoy y comarca no llegan\"}]},{\"@type\":\"WebSite\",\"@id\":\"https:\\\/\\\/www.copealcoy.es\\\/es\\\/#website\",\"url\":\"https:\\\/\\\/www.copealcoy.es\\\/es\\\/\",\"name\":\"COPE Alcoy\",\"description\":\"Emisora COPE de radio local con emisi\u00f3n online. Pont de Sant Jordi 8-10 03803 Alcoy\",\"potentialAction\":[{\"@type\":\"SearchAction\",\"target\":{\"@type\":\"EntryPoint\",\"urlTemplate\":\"https:\\\/\\\/www.copealcoy.es\\\/es\\\/?s={search_term_string}\"},\"query-input\":{\"@type\":\"PropertyValueSpecification\",\"valueRequired\":true,\"valueName\":\"search_term_string\"}}],\"inLanguage\":\"es\"},{\"@type\":\"Person\",\"@id\":\"https:\\\/\\\/www.copealcoy.es\\\/es\\\/#\\\/schema\\\/person\\\/e777c87fa024e57d40170af9df39882c\",\"name\":\"Cope Alcoy\",\"image\":{\"@type\":\"ImageObject\",\"inLanguage\":\"es\",\"@id\":\"https:\\\/\\\/secure.gravatar.com\\\/avatar\\\/bb65d0283347e303893ba14f0692005417c1e0e690a325a4c5d8bb2b3943ee14?s=96&d=mm&r=g\",\"url\":\"https:\\\/\\\/secure.gravatar.com\\\/avatar\\\/bb65d0283347e303893ba14f0692005417c1e0e690a325a4c5d8bb2b3943ee14?s=96&d=mm&r=g\",\"contentUrl\":\"https:\\\/\\\/secure.gravatar.com\\\/avatar\\\/bb65d0283347e303893ba14f0692005417c1e0e690a325a4c5d8bb2b3943ee14?s=96&d=mm&r=g\",\"caption\":\"Cope Alcoy\"}}]}<\/script>\n<!-- \/ Yoast SEO plugin. -->","yoast_head_json":{"title":"Las ayudas a la industria textil de Alcoy y comarca no llegan - COPE Alcoy","robots":{"index":"index","follow":"follow","max-snippet":"max-snippet:-1","max-image-preview":"max-image-preview:large","max-video-preview":"max-video-preview:-1"},"canonical":"https:\/\/www.copealcoy.es\/es\/las-ayudas-a-la-industria-textil-de-alcoy-y-comarca-no-llegan\/","og_locale":"es_ES","og_type":"article","og_title":"Las ayudas a la industria textil de Alcoy y comarca no llegan - COPE Alcoy","og_description":"Al\u00a0textil de Alcoy y comarca, como a la mayor\u00eda de sectores, se le presenta un a\u00f1o de incertidumbre y con...","og_url":"https:\/\/www.copealcoy.es\/es\/las-ayudas-a-la-industria-textil-de-alcoy-y-comarca-no-llegan\/","og_site_name":"COPE Alcoy","article_published_time":"2023-03-01T07:00:08+00:00","article_modified_time":"2023-03-01T08:27:09+00:00","og_image":[{"width":640,"height":428,"url":"https:\/\/www.copealcoy.es\/wp-content\/uploads\/2021\/02\/Economi\u0301a-Circular-en-el-Sector-Textil-e1662374363659.jpg","type":"image\/jpeg"}],"author":"Cope Alcoy","twitter_misc":{"Escrito por":"Cope Alcoy","Tiempo de lectura":"2 minutos"},"schema":{"@context":"https:\/\/schema.org","@graph":[{"@type":"Article","@id":"https:\/\/www.copealcoy.es\/es\/las-ayudas-a-la-industria-textil-de-alcoy-y-comarca-no-llegan\/#article","isPartOf":{"@id":"https:\/\/www.copealcoy.es\/es\/las-ayudas-a-la-industria-textil-de-alcoy-y-comarca-no-llegan\/"},"author":{"name":"Cope Alcoy","@id":"https:\/\/www.copealcoy.es\/es\/#\/schema\/person\/e777c87fa024e57d40170af9df39882c"},"headline":"Las ayudas a la industria textil de Alcoy y comarca no llegan","datePublished":"2023-03-01T07:00:08+00:00","dateModified":"2023-03-01T08:27:09+00:00","mainEntityOfPage":{"@id":"https:\/\/www.copealcoy.es\/es\/las-ayudas-a-la-industria-textil-de-alcoy-y-comarca-no-llegan\/"},"wordCount":407,"commentCount":0,"image":{"@id":"https:\/\/www.copealcoy.es\/es\/las-ayudas-a-la-industria-textil-de-alcoy-y-comarca-no-llegan\/#primaryimage"},"thumbnailUrl":"https:\/\/www.copealcoy.es\/wp-content\/uploads\/2021\/02\/Economi\u0301a-Circular-en-el-Sector-Textil-e1662374363659.jpg","articleSection":["Actualidad","Alcoy","Noticias","Pol\u00edtica y Econom\u00eda"],"inLanguage":"es"},{"@type":"WebPage","@id":"https:\/\/www.copealcoy.es\/es\/las-ayudas-a-la-industria-textil-de-alcoy-y-comarca-no-llegan\/","url":"https:\/\/www.copealcoy.es\/es\/las-ayudas-a-la-industria-textil-de-alcoy-y-comarca-no-llegan\/","name":"Las ayudas a la industria textil de Alcoy y comarca no llegan - COPE Alcoy","isPartOf":{"@id":"https:\/\/www.copealcoy.es\/es\/#website"},"primaryImageOfPage":{"@id":"https:\/\/www.copealcoy.es\/es\/las-ayudas-a-la-industria-textil-de-alcoy-y-comarca-no-llegan\/#primaryimage"},"image":{"@id":"https:\/\/www.copealcoy.es\/es\/las-ayudas-a-la-industria-textil-de-alcoy-y-comarca-no-llegan\/#primaryimage"},"thumbnailUrl":"https:\/\/www.copealcoy.es\/wp-content\/uploads\/2021\/02\/Economi\u0301a-Circular-en-el-Sector-Textil-e1662374363659.jpg","datePublished":"2023-03-01T07:00:08+00:00","dateModified":"2023-03-01T08:27:09+00:00","author":{"@id":"https:\/\/www.copealcoy.es\/es\/#\/schema\/person\/e777c87fa024e57d40170af9df39882c"},"breadcrumb":{"@id":"https:\/\/www.copealcoy.es\/es\/las-ayudas-a-la-industria-textil-de-alcoy-y-comarca-no-llegan\/#breadcrumb"},"inLanguage":"es","potentialAction":[{"@type":"ReadAction","target":["https:\/\/www.copealcoy.es\/es\/las-ayudas-a-la-industria-textil-de-alcoy-y-comarca-no-llegan\/"]}]},{"@type":"ImageObject","inLanguage":"es","@id":"https:\/\/www.copealcoy.es\/es\/las-ayudas-a-la-industria-textil-de-alcoy-y-comarca-no-llegan\/#primaryimage","url":"https:\/\/www.copealcoy.es\/wp-content\/uploads\/2021\/02\/Economi\u0301a-Circular-en-el-Sector-Textil-e1662374363659.jpg","contentUrl":"https:\/\/www.copealcoy.es\/wp-content\/uploads\/2021\/02\/Economi\u0301a-Circular-en-el-Sector-Textil-e1662374363659.jpg","width":640,"height":428},{"@type":"BreadcrumbList","@id":"https:\/\/www.copealcoy.es\/es\/las-ayudas-a-la-industria-textil-de-alcoy-y-comarca-no-llegan\/#breadcrumb","itemListElement":[{"@type":"ListItem","position":1,"name":"Portada","item":"https:\/\/www.copealcoy.es\/es\/"},{"@type":"ListItem","position":2,"name":"Las ayudas a la industria textil de Alcoy y comarca no llegan"}]},{"@type":"WebSite","@id":"https:\/\/www.copealcoy.es\/es\/#website","url":"https:\/\/www.copealcoy.es\/es\/","name":"COPE Alcoy","description":"Emisora COPE de radio local con emisi\u00f3n online. Pont de Sant Jordi 8-10 03803 Alcoy","potentialAction":[{"@type":"SearchAction","target":{"@type":"EntryPoint","urlTemplate":"https:\/\/www.copealcoy.es\/es\/?s={search_term_string}"},"query-input":{"@type":"PropertyValueSpecification","valueRequired":true,"valueName":"search_term_string"}}],"inLanguage":"es"},{"@type":"Person","@id":"https:\/\/www.copealcoy.es\/es\/#\/schema\/person\/e777c87fa024e57d40170af9df39882c","name":"Cope Alcoy","image":{"@type":"ImageObject","inLanguage":"es","@id":"https:\/\/secure.gravatar.com\/avatar\/bb65d0283347e303893ba14f0692005417c1e0e690a325a4c5d8bb2b3943ee14?s=96&d=mm&r=g","url":"https:\/\/secure.gravatar.com\/avatar\/bb65d0283347e303893ba14f0692005417c1e0e690a325a4c5d8bb2b3943ee14?s=96&d=mm&r=g","contentUrl":"https:\/\/secure.gravatar.com\/avatar\/bb65d0283347e303893ba14f0692005417c1e0e690a325a4c5d8bb2b3943ee14?s=96&d=mm&r=g","caption":"Cope Alcoy"}}]}},"_links":{"self":[{"href":"https:\/\/www.copealcoy.es\/es\/wp-json\/wp\/v2\/posts\/111246","targetHints":{"allow":["GET"]}}],"collection":[{"href":"https:\/\/www.copealcoy.es\/es\/wp-json\/wp\/v2\/posts"}],"about":[{"href":"https:\/\/www.copealcoy.es\/es\/wp-json\/wp\/v2\/types\/post"}],"author":[{"embeddable":true,"href":"https:\/\/www.copealcoy.es\/es\/wp-json\/wp\/v2\/users\/1"}],"replies":[{"embeddable":true,"href":"https:\/\/www.copealcoy.es\/es\/wp-json\/wp\/v2\/comments?post=111246"}],"version-history":[{"count":0,"href":"https:\/\/www.copealcoy.es\/es\/wp-json\/wp\/v2\/posts\/111246\/revisions"}],"wp:featuredmedia":[{"embeddable":true,"href":"https:\/\/www.copealcoy.es\/es\/wp-json\/wp\/v2\/media\/70679"}],"wp:attachment":[{"href":"https:\/\/www.copealcoy.es\/es\/wp-json\/wp\/v2\/media?parent=111246"}],"wp:term":[{"taxonomy":"category","embeddable":true,"href":"https:\/\/www.copealcoy.es\/es\/wp-json\/wp\/v2\/categories?post=111246"},{"taxonomy":"post_tag","embeddable":true,"href":"https:\/\/www.copealcoy.es\/es\/wp-json\/wp\/v2\/tags?post=111246"}],"curies":[{"name":"wp","href":"https:\/\/api.w.org\/{rel}","templated":true}]}}