{"id":11114,"date":"2015-03-06T19:37:43","date_gmt":"2015-03-06T19:37:43","guid":{"rendered":"http:\/\/copealcoi.es\/new\/?p=11114"},"modified":"2015-03-06T20:22:18","modified_gmt":"2015-03-06T20:22:18","slug":"comunicado-de-alcoinnova-parque-empresarial","status":"publish","type":"post","link":"https:\/\/www.copealcoy.es\/es\/comunicado-de-alcoinnova-parque-empresarial\/","title":{"rendered":"Comunicado de Alcoinnova Parque Empresarial"},"content":{"rendered":"<p style=\"text-align: justify;\">REMITIDO DE <strong>ALCOINNOVA PARQUE EMPRESARIAL<\/strong><strong>\u00a0<\/strong><\/p>\n<p style=\"text-align: justify;\"><strong><em>El parque empresarial Alcoinnova, ha sido la primera Actuaci<\/em><\/strong><strong><em>\u00f3<\/em><\/strong><strong><em>n Territorial Estrat<\/em><\/strong><strong><em>\u00e9<\/em><\/strong><strong><em>gica aprobada por la Generalitat Valenciana y pronto ser<\/em><\/strong><strong><em>\u00e1 <\/em><\/strong><strong><em>remitida al Ayuntamiento de Alcoy para que, previos los oportunos tr<\/em><\/strong><strong><em>\u00e1<\/em><\/strong><strong><em>mites legales, se pueda otorgar licencia de obras.<\/em><\/strong><\/p>\n<p style=\"text-align: justify;\"><strong><em>\u00a0<\/em><\/strong><strong><em>Se trata de un proyecto singular que ha cumplido y que cumple escrupulosamente con la legalidad vigente a lo largo de toda su tramitaci<\/em><\/strong><strong><em>\u00f3<\/em><\/strong><strong><em>n.<\/em><\/strong><\/p>\n<p style=\"text-align: justify;\"><strong>\u00a0<\/strong>Desde la empresa promotora Alcoinnova Parque Empresarial, S.L., queremos expresar nuestra preocupaci\u00f3n por las opiniones divulgadas, en este momento preelectoral, que confunden, dilatan o paralizan este proyecto, que fue validado y aprobado con todos los informes t\u00e9cnicos favorables.<\/p>\n<p style=\"text-align: justify;\">No se entiende el motivo por el que algunas minor\u00edas y entidades llevan a cabo acciones y rumores contra este proyecto, que adem\u00e1s tiene el respaldo de una amplia mayor\u00eda social, por lo que conlleva de reactivaci\u00f3n econ\u00f3mica para Alcoy y comarcas.<\/p>\n<p style=\"text-align: justify;\">Basan sus manifestaciones en una lectura sesgada de un informe de la Confederaci\u00f3n Hidrogr\u00e1fica del J\u00facar (organismo cuya opini\u00f3n siempre ha sido aceptada, sin discusi\u00f3n, por todo el mundo). Sin embargo, callan que dicho informe, <strong>emitido en sentido favorable por la Confederaci<\/strong><strong>\u00f3<\/strong><strong>n<\/strong>, autoriza el proyecto y establece una serie de medidas correctoras para minimizar cualquier eventual riesgo al acu\u00edfero. Todas las medidas a las que nos referimos, han sido aceptadas, contempladas e incorporadas en la ATE Alcoinnova. Esta es la realidad. No hay riesgo para el acu\u00edfero de El Molinar.<\/p>\n<p style=\"text-align: justify;\">El Parque Empresarial Alcoinnova fue calificado como Actuaci\u00f3n Territorial Estrat\u00e9gica, por ser un proyecto singular, que cumple escrupulosamente con la legalidad a lo largo de toda su tramitaci\u00f3n. Recibi\u00f3 su aprobaci\u00f3n de la Generalitat, \u00fanico organismo con potestad sobre la autorizaci\u00f3n de una ATE.<\/p>\n<p style=\"text-align: justify;\">Fue ratificado por los t\u00e9cnicos autorizados al superar favorablemente todas las exigencias. Su ubicaci\u00f3n tambi\u00e9n fue comparada t\u00e9cnicamente con otras alternativas, resultando ser la propia de Alcoinnova la m\u00e1s id\u00f3nea.<\/p>\n<p style=\"text-align: justify;\">Despu\u00e9s de la exposici\u00f3n p\u00fablica quedaron suficientemente contestadas, superadas y avaladas, todas las dudas y alegaciones, por t\u00e9cnicos especialistas de la Conselleria.<\/p>\n<p style=\"text-align: justify;\">En su proceso de desarrollo solamente queda remitir el proyecto de urbanizaci\u00f3n y reparcelaci\u00f3n, para que, con el visto bueno de los t\u00e9cnicos de Conseller\u00eda y los oportunos tr\u00e1mites legales, el Ayuntamiento de Alcoy otorgue la correspondiente licencia de obras.<\/p>\n<p style=\"text-align: justify;\">Volver a insistir ahora en lo que ha sido refrendado y avalado por instancias t\u00e9cnicas y administrativas superiores, sugiere que puedan existir otros intereses detr\u00e1s del cuestionamiento de la ubicaci\u00f3n.<\/p>\n<p style=\"text-align: justify;\">No se contempla ninguna alternativa de ubicaci\u00f3n al proyecto Alcoinnova, ni por nuestra empresa ni por nadie. La referencia a otros lugares de Alcoy, ni ha sido ofrecida formalmente a Alcoinnova, por quien impulsa tales ubicaciones, ni en la actualidad son terrenos aptos urban\u00edsticamente para acoger el Parque Empresarial Alcoinnova. Como se ha dicho en multitud de ocasiones Alcoinnova proyecta su actuaci\u00f3n sobre suelo propio y no va adquirir, de ninguna de las maneras, terrenos de terceros. Por ello, cuestionar la ubicaci\u00f3n es cuestionar y oponerse al proyecto Alcoinnova.<\/p>\n<p style=\"text-align: justify;\">El Parque Empresarial Alcoinnova, Actuaci\u00f3n Territorial Estrat\u00e9gica, aprobada como tal de forma integral, ha de responder a todos los condicionantes t\u00e9cnicos y legales a los que obliga esta calificaci\u00f3n.<\/p>\n<p style=\"text-align: justify;\">Cuestionar ahora la ubicaci\u00f3n significa paralizar el proyecto, porque el Parque Empresarial Alcoinnova solo puede llevarse a cabo respondiendo de manera rigurosa, fehaciente, integral y completa a como ha sido aprobado en su conjunto.<\/p>\n<p style=\"text-align: justify;\">Quienes estamos impulsando el proyecto Alcoinnova, no vamos a perder el tiempo con discusiones sobre imposibles. El Parque Empresarial Alcoinnova solo se instalar\u00e1 en la ubicaci\u00f3n ya aprobada.<\/p>\n<p style=\"text-align: justify;\">En este momento estamos centrados en atraer a importantes empresas para establecerse en el parque empresarial Alcoinnova.\u00a0Todos los intentos de dilatar la puesta en marcha del proyecto, mareando con ubicaciones alternativas, solamente contribuyen a alejar a las empresas interesadas, lo que desgraciadamente ya ha sucedido, perdiendo as\u00ed oportunidades empresariales que deben ajustarse a planes y a plazos.<\/p>\n<p style=\"text-align: justify;\">Por todo lo expuesto solicitamos a quienes quieren dificultar el proceso de Alcoinnova que se replanteen su posici\u00f3n, subjetiva, partidista e interesada, y que piensen m\u00e1s en el futuro de Alcoy y comarcas.<\/p>\n","protected":false},"excerpt":{"rendered":"<p>REMITIDO DE ALCOINNOVA PARQUE EMPRESARIAL\u00a0 El parque empresarial Alcoinnova, ha sido la primera Actuaci\u00f3n Territorial Estrat\u00e9gica aprobada por la Generalitat&#8230;<\/p>\n","protected":false},"author":1,"featured_media":11121,"comment_status":"open","ping_status":"open","sticky":false,"template":"","format":"standard","meta":{"footnotes":""},"categories":[97,75,125],"tags":[478,1494,390,394],"class_list":["post-11114","post","type-post","status-publish","format-standard","has-post-thumbnail","hentry","category-alcoy","category-noticias","category-portada","tag-alcoinnova","tag-alcoy","tag-economia","tag-empleo"],"yoast_head":"<!-- This site is optimized with the Yoast SEO plugin v27.3 - https:\/\/yoast.com\/product\/yoast-seo-wordpress\/ -->\n<title>Comunicado de Alcoinnova Parque Empresarial - COPE Alcoy<\/title>\n<meta name=\"robots\" content=\"index, follow, max-snippet:-1, max-image-preview:large, max-video-preview:-1\" \/>\n<link rel=\"canonical\" href=\"https:\/\/www.copealcoy.es\/es\/comunicado-de-alcoinnova-parque-empresarial\/\" \/>\n<meta property=\"og:locale\" content=\"es_ES\" \/>\n<meta property=\"og:type\" content=\"article\" \/>\n<meta property=\"og:title\" content=\"Comunicado de Alcoinnova Parque Empresarial - COPE Alcoy\" \/>\n<meta property=\"og:description\" content=\"REMITIDO DE ALCOINNOVA PARQUE EMPRESARIAL\u00a0 El parque empresarial Alcoinnova, ha sido la primera Actuaci\u00f3n Territorial Estrat\u00e9gica aprobada por la Generalitat...\" \/>\n<meta property=\"og:url\" content=\"https:\/\/www.copealcoy.es\/es\/comunicado-de-alcoinnova-parque-empresarial\/\" \/>\n<meta property=\"og:site_name\" content=\"COPE Alcoy\" \/>\n<meta property=\"article:published_time\" content=\"2015-03-06T19:37:43+00:00\" \/>\n<meta property=\"article:modified_time\" content=\"2015-03-06T20:22:18+00:00\" \/>\n<meta property=\"og:image\" content=\"https:\/\/www.copealcoy.es\/wp-content\/uploads\/2015\/03\/Unknown.jpg\" \/>\n\t<meta property=\"og:image:width\" content=\"285\" \/>\n\t<meta property=\"og:image:height\" content=\"177\" \/>\n\t<meta property=\"og:image:type\" content=\"image\/jpeg\" \/>\n<meta name=\"author\" content=\"Cope Alcoy\" \/>\n<meta name=\"twitter:label1\" content=\"Escrito por\" \/>\n\t<meta name=\"twitter:data1\" content=\"Cope Alcoy\" \/>\n\t<meta name=\"twitter:label2\" content=\"Tiempo de lectura\" \/>\n\t<meta name=\"twitter:data2\" content=\"4 minutos\" \/>\n<script type=\"application\/ld+json\" class=\"yoast-schema-graph\">{\"@context\":\"https:\\\/\\\/schema.org\",\"@graph\":[{\"@type\":\"Article\",\"@id\":\"https:\\\/\\\/www.copealcoy.es\\\/es\\\/comunicado-de-alcoinnova-parque-empresarial\\\/#article\",\"isPartOf\":{\"@id\":\"https:\\\/\\\/www.copealcoy.es\\\/es\\\/comunicado-de-alcoinnova-parque-empresarial\\\/\"},\"author\":{\"name\":\"Cope Alcoy\",\"@id\":\"https:\\\/\\\/www.copealcoy.es\\\/es\\\/#\\\/schema\\\/person\\\/e777c87fa024e57d40170af9df39882c\"},\"headline\":\"Comunicado de Alcoinnova Parque Empresarial\",\"datePublished\":\"2015-03-06T19:37:43+00:00\",\"dateModified\":\"2015-03-06T20:22:18+00:00\",\"mainEntityOfPage\":{\"@id\":\"https:\\\/\\\/www.copealcoy.es\\\/es\\\/comunicado-de-alcoinnova-parque-empresarial\\\/\"},\"wordCount\":733,\"commentCount\":0,\"image\":{\"@id\":\"https:\\\/\\\/www.copealcoy.es\\\/es\\\/comunicado-de-alcoinnova-parque-empresarial\\\/#primaryimage\"},\"thumbnailUrl\":\"https:\\\/\\\/www.copealcoy.es\\\/wp-content\\\/uploads\\\/2015\\\/03\\\/Unknown.jpg\",\"keywords\":[\"Alcoinnova\",\"Alcoy\",\"Econom\u00eda\",\"Empleo\"],\"articleSection\":[\"Alcoy\",\"Noticias\",\"Portada\"],\"inLanguage\":\"es\"},{\"@type\":\"WebPage\",\"@id\":\"https:\\\/\\\/www.copealcoy.es\\\/es\\\/comunicado-de-alcoinnova-parque-empresarial\\\/\",\"url\":\"https:\\\/\\\/www.copealcoy.es\\\/es\\\/comunicado-de-alcoinnova-parque-empresarial\\\/\",\"name\":\"Comunicado de Alcoinnova Parque Empresarial - COPE Alcoy\",\"isPartOf\":{\"@id\":\"https:\\\/\\\/www.copealcoy.es\\\/es\\\/#website\"},\"primaryImageOfPage\":{\"@id\":\"https:\\\/\\\/www.copealcoy.es\\\/es\\\/comunicado-de-alcoinnova-parque-empresarial\\\/#primaryimage\"},\"image\":{\"@id\":\"https:\\\/\\\/www.copealcoy.es\\\/es\\\/comunicado-de-alcoinnova-parque-empresarial\\\/#primaryimage\"},\"thumbnailUrl\":\"https:\\\/\\\/www.copealcoy.es\\\/wp-content\\\/uploads\\\/2015\\\/03\\\/Unknown.jpg\",\"datePublished\":\"2015-03-06T19:37:43+00:00\",\"dateModified\":\"2015-03-06T20:22:18+00:00\",\"author\":{\"@id\":\"https:\\\/\\\/www.copealcoy.es\\\/es\\\/#\\\/schema\\\/person\\\/e777c87fa024e57d40170af9df39882c\"},\"breadcrumb\":{\"@id\":\"https:\\\/\\\/www.copealcoy.es\\\/es\\\/comunicado-de-alcoinnova-parque-empresarial\\\/#breadcrumb\"},\"inLanguage\":\"es\",\"potentialAction\":[{\"@type\":\"ReadAction\",\"target\":[\"https:\\\/\\\/www.copealcoy.es\\\/es\\\/comunicado-de-alcoinnova-parque-empresarial\\\/\"]}]},{\"@type\":\"ImageObject\",\"inLanguage\":\"es\",\"@id\":\"https:\\\/\\\/www.copealcoy.es\\\/es\\\/comunicado-de-alcoinnova-parque-empresarial\\\/#primaryimage\",\"url\":\"https:\\\/\\\/www.copealcoy.es\\\/wp-content\\\/uploads\\\/2015\\\/03\\\/Unknown.jpg\",\"contentUrl\":\"https:\\\/\\\/www.copealcoy.es\\\/wp-content\\\/uploads\\\/2015\\\/03\\\/Unknown.jpg\",\"width\":285,\"height\":177},{\"@type\":\"BreadcrumbList\",\"@id\":\"https:\\\/\\\/www.copealcoy.es\\\/es\\\/comunicado-de-alcoinnova-parque-empresarial\\\/#breadcrumb\",\"itemListElement\":[{\"@type\":\"ListItem\",\"position\":1,\"name\":\"Portada\",\"item\":\"https:\\\/\\\/www.copealcoy.es\\\/es\\\/\"},{\"@type\":\"ListItem\",\"position\":2,\"name\":\"Comunicado de Alcoinnova Parque Empresarial\"}]},{\"@type\":\"WebSite\",\"@id\":\"https:\\\/\\\/www.copealcoy.es\\\/es\\\/#website\",\"url\":\"https:\\\/\\\/www.copealcoy.es\\\/es\\\/\",\"name\":\"COPE Alcoy\",\"description\":\"Emisora COPE de radio local con emisi\u00f3n online. Pont de Sant Jordi 8-10 03803 Alcoy\",\"potentialAction\":[{\"@type\":\"SearchAction\",\"target\":{\"@type\":\"EntryPoint\",\"urlTemplate\":\"https:\\\/\\\/www.copealcoy.es\\\/es\\\/?s={search_term_string}\"},\"query-input\":{\"@type\":\"PropertyValueSpecification\",\"valueRequired\":true,\"valueName\":\"search_term_string\"}}],\"inLanguage\":\"es\"},{\"@type\":\"Person\",\"@id\":\"https:\\\/\\\/www.copealcoy.es\\\/es\\\/#\\\/schema\\\/person\\\/e777c87fa024e57d40170af9df39882c\",\"name\":\"Cope Alcoy\",\"image\":{\"@type\":\"ImageObject\",\"inLanguage\":\"es\",\"@id\":\"https:\\\/\\\/secure.gravatar.com\\\/avatar\\\/bb65d0283347e303893ba14f0692005417c1e0e690a325a4c5d8bb2b3943ee14?s=96&d=mm&r=g\",\"url\":\"https:\\\/\\\/secure.gravatar.com\\\/avatar\\\/bb65d0283347e303893ba14f0692005417c1e0e690a325a4c5d8bb2b3943ee14?s=96&d=mm&r=g\",\"contentUrl\":\"https:\\\/\\\/secure.gravatar.com\\\/avatar\\\/bb65d0283347e303893ba14f0692005417c1e0e690a325a4c5d8bb2b3943ee14?s=96&d=mm&r=g\",\"caption\":\"Cope Alcoy\"}}]}<\/script>\n<!-- \/ Yoast SEO plugin. -->","yoast_head_json":{"title":"Comunicado de Alcoinnova Parque Empresarial - COPE Alcoy","robots":{"index":"index","follow":"follow","max-snippet":"max-snippet:-1","max-image-preview":"max-image-preview:large","max-video-preview":"max-video-preview:-1"},"canonical":"https:\/\/www.copealcoy.es\/es\/comunicado-de-alcoinnova-parque-empresarial\/","og_locale":"es_ES","og_type":"article","og_title":"Comunicado de Alcoinnova Parque Empresarial - COPE Alcoy","og_description":"REMITIDO DE ALCOINNOVA PARQUE EMPRESARIAL\u00a0 El parque empresarial Alcoinnova, ha sido la primera Actuaci\u00f3n Territorial Estrat\u00e9gica aprobada por la Generalitat...","og_url":"https:\/\/www.copealcoy.es\/es\/comunicado-de-alcoinnova-parque-empresarial\/","og_site_name":"COPE Alcoy","article_published_time":"2015-03-06T19:37:43+00:00","article_modified_time":"2015-03-06T20:22:18+00:00","og_image":[{"width":285,"height":177,"url":"https:\/\/www.copealcoy.es\/wp-content\/uploads\/2015\/03\/Unknown.jpg","type":"image\/jpeg"}],"author":"Cope Alcoy","twitter_misc":{"Escrito por":"Cope Alcoy","Tiempo de lectura":"4 minutos"},"schema":{"@context":"https:\/\/schema.org","@graph":[{"@type":"Article","@id":"https:\/\/www.copealcoy.es\/es\/comunicado-de-alcoinnova-parque-empresarial\/#article","isPartOf":{"@id":"https:\/\/www.copealcoy.es\/es\/comunicado-de-alcoinnova-parque-empresarial\/"},"author":{"name":"Cope Alcoy","@id":"https:\/\/www.copealcoy.es\/es\/#\/schema\/person\/e777c87fa024e57d40170af9df39882c"},"headline":"Comunicado de Alcoinnova Parque Empresarial","datePublished":"2015-03-06T19:37:43+00:00","dateModified":"2015-03-06T20:22:18+00:00","mainEntityOfPage":{"@id":"https:\/\/www.copealcoy.es\/es\/comunicado-de-alcoinnova-parque-empresarial\/"},"wordCount":733,"commentCount":0,"image":{"@id":"https:\/\/www.copealcoy.es\/es\/comunicado-de-alcoinnova-parque-empresarial\/#primaryimage"},"thumbnailUrl":"https:\/\/www.copealcoy.es\/wp-content\/uploads\/2015\/03\/Unknown.jpg","keywords":["Alcoinnova","Alcoy","Econom\u00eda","Empleo"],"articleSection":["Alcoy","Noticias","Portada"],"inLanguage":"es"},{"@type":"WebPage","@id":"https:\/\/www.copealcoy.es\/es\/comunicado-de-alcoinnova-parque-empresarial\/","url":"https:\/\/www.copealcoy.es\/es\/comunicado-de-alcoinnova-parque-empresarial\/","name":"Comunicado de Alcoinnova Parque Empresarial - COPE Alcoy","isPartOf":{"@id":"https:\/\/www.copealcoy.es\/es\/#website"},"primaryImageOfPage":{"@id":"https:\/\/www.copealcoy.es\/es\/comunicado-de-alcoinnova-parque-empresarial\/#primaryimage"},"image":{"@id":"https:\/\/www.copealcoy.es\/es\/comunicado-de-alcoinnova-parque-empresarial\/#primaryimage"},"thumbnailUrl":"https:\/\/www.copealcoy.es\/wp-content\/uploads\/2015\/03\/Unknown.jpg","datePublished":"2015-03-06T19:37:43+00:00","dateModified":"2015-03-06T20:22:18+00:00","author":{"@id":"https:\/\/www.copealcoy.es\/es\/#\/schema\/person\/e777c87fa024e57d40170af9df39882c"},"breadcrumb":{"@id":"https:\/\/www.copealcoy.es\/es\/comunicado-de-alcoinnova-parque-empresarial\/#breadcrumb"},"inLanguage":"es","potentialAction":[{"@type":"ReadAction","target":["https:\/\/www.copealcoy.es\/es\/comunicado-de-alcoinnova-parque-empresarial\/"]}]},{"@type":"ImageObject","inLanguage":"es","@id":"https:\/\/www.copealcoy.es\/es\/comunicado-de-alcoinnova-parque-empresarial\/#primaryimage","url":"https:\/\/www.copealcoy.es\/wp-content\/uploads\/2015\/03\/Unknown.jpg","contentUrl":"https:\/\/www.copealcoy.es\/wp-content\/uploads\/2015\/03\/Unknown.jpg","width":285,"height":177},{"@type":"BreadcrumbList","@id":"https:\/\/www.copealcoy.es\/es\/comunicado-de-alcoinnova-parque-empresarial\/#breadcrumb","itemListElement":[{"@type":"ListItem","position":1,"name":"Portada","item":"https:\/\/www.copealcoy.es\/es\/"},{"@type":"ListItem","position":2,"name":"Comunicado de Alcoinnova Parque Empresarial"}]},{"@type":"WebSite","@id":"https:\/\/www.copealcoy.es\/es\/#website","url":"https:\/\/www.copealcoy.es\/es\/","name":"COPE Alcoy","description":"Emisora COPE de radio local con emisi\u00f3n online. Pont de Sant Jordi 8-10 03803 Alcoy","potentialAction":[{"@type":"SearchAction","target":{"@type":"EntryPoint","urlTemplate":"https:\/\/www.copealcoy.es\/es\/?s={search_term_string}"},"query-input":{"@type":"PropertyValueSpecification","valueRequired":true,"valueName":"search_term_string"}}],"inLanguage":"es"},{"@type":"Person","@id":"https:\/\/www.copealcoy.es\/es\/#\/schema\/person\/e777c87fa024e57d40170af9df39882c","name":"Cope Alcoy","image":{"@type":"ImageObject","inLanguage":"es","@id":"https:\/\/secure.gravatar.com\/avatar\/bb65d0283347e303893ba14f0692005417c1e0e690a325a4c5d8bb2b3943ee14?s=96&d=mm&r=g","url":"https:\/\/secure.gravatar.com\/avatar\/bb65d0283347e303893ba14f0692005417c1e0e690a325a4c5d8bb2b3943ee14?s=96&d=mm&r=g","contentUrl":"https:\/\/secure.gravatar.com\/avatar\/bb65d0283347e303893ba14f0692005417c1e0e690a325a4c5d8bb2b3943ee14?s=96&d=mm&r=g","caption":"Cope Alcoy"}}]}},"_links":{"self":[{"href":"https:\/\/www.copealcoy.es\/es\/wp-json\/wp\/v2\/posts\/11114","targetHints":{"allow":["GET"]}}],"collection":[{"href":"https:\/\/www.copealcoy.es\/es\/wp-json\/wp\/v2\/posts"}],"about":[{"href":"https:\/\/www.copealcoy.es\/es\/wp-json\/wp\/v2\/types\/post"}],"author":[{"embeddable":true,"href":"https:\/\/www.copealcoy.es\/es\/wp-json\/wp\/v2\/users\/1"}],"replies":[{"embeddable":true,"href":"https:\/\/www.copealcoy.es\/es\/wp-json\/wp\/v2\/comments?post=11114"}],"version-history":[{"count":0,"href":"https:\/\/www.copealcoy.es\/es\/wp-json\/wp\/v2\/posts\/11114\/revisions"}],"wp:featuredmedia":[{"embeddable":true,"href":"https:\/\/www.copealcoy.es\/es\/wp-json\/wp\/v2\/media\/11121"}],"wp:attachment":[{"href":"https:\/\/www.copealcoy.es\/es\/wp-json\/wp\/v2\/media?parent=11114"}],"wp:term":[{"taxonomy":"category","embeddable":true,"href":"https:\/\/www.copealcoy.es\/es\/wp-json\/wp\/v2\/categories?post=11114"},{"taxonomy":"post_tag","embeddable":true,"href":"https:\/\/www.copealcoy.es\/es\/wp-json\/wp\/v2\/tags?post=11114"}],"curies":[{"name":"wp","href":"https:\/\/api.w.org\/{rel}","templated":true}]}}