{"id":11113,"date":"2015-03-06T12:35:21","date_gmt":"2015-03-06T12:35:21","guid":{"rendered":"http:\/\/copealcoi.es\/new\/?p=11113"},"modified":"2015-03-07T23:47:09","modified_gmt":"2015-03-07T23:47:09","slug":"guanyem-cocentaina-presenta-los-candidatos-a-las-primarias","status":"publish","type":"post","link":"https:\/\/www.copealcoy.es\/es\/guanyem-cocentaina-presenta-los-candidatos-a-las-primarias\/","title":{"rendered":"Guanyem Cocentaina presenta los candidatos a las primarias"},"content":{"rendered":"<p style=\"text-align: justify;\">La plataforma ciudadana Guanyem Cocentaina ha presentado este viernes en el Centre Cultural El Teular los candidatos a las primarias de la formaci\u00f3n que tend\u00e1n lugar el pr\u00f3ximo 14 de marzo.<\/p>\n<p style=\"text-align: justify;\">Por una parte destacan en un primer bloque:\u00a0Albors Llinares, Aar\u00f3n, Elisa Aleix P\u00e9rez, Francisco Javier Carbonell Jord\u00e0, Consuelo Cort\u00e9s Valls, Ana Garc\u00eda Segovia, Juan Pedro Garc\u00eda Segovia, M\u00aa \u00c1ngeles Giner Pascual, Cristian Padilla Castanyer i Bernardo P\u00e9rez Palac\u00ed. En un segundo bloque figuran:\u00a0Ferran Albors Jord\u00e0, Miguel \u00c1ngel Castell\u00f3 Garfella, Carles Clemente Guillem, Maria Cort\u00e9s Castanyer, M\u00aa Carmen Mart\u00ed Verd\u00fa, Pilar P\u00e9rez Tom\u00e1s, J\u00e9ssica Santonja Puertas, Lidiana Segu\u00ed Berenguer, \u00c1lvaro Sell\u00e9s Jord\u00e0, Josep Llu\u00eds Sell\u00e9s P\u00e9rez i Hans Snijder.<\/p>\n<p style=\"text-align: justify;\">Desde Guanyem Cocentaina han destacado que la lista combina experiencia, juventud, personas comprometidas con las reivindicaciones sociales y sobre todo con ganas de trabajar para dar un cambio de rumbo a la pol\u00edtica municipal.<\/p>\n<p style=\"text-align: justify;\"><a href=\"https:\/\/www.copealcoy.es\/wp-content\/uploads\/2015\/03\/image21.jpg\"><img loading=\"lazy\" decoding=\"async\" class=\"alignleft size-full wp-image-11115\" src=\"https:\/\/www.copealcoy.es\/wp-content\/uploads\/2015\/03\/image21.jpg\" alt=\"Candidats Guanyem Cocentaina\" width=\"649\" height=\"402\" srcset=\"https:\/\/www.copealcoy.es\/wp-content\/uploads\/2015\/03\/image21.jpg 649w, https:\/\/www.copealcoy.es\/wp-content\/uploads\/2015\/03\/image21-300x186.jpg 300w\" sizes=\"auto, (max-width: 649px) 100vw, 649px\" \/><\/a><\/p>\n","protected":false},"excerpt":{"rendered":"<p>La plataforma ciudadana Guanyem Cocentaina ha presentado este viernes en el Centre Cultural El Teular los candidatos a las primarias&#8230;<\/p>\n","protected":false},"author":1,"featured_media":11139,"comment_status":"open","ping_status":"open","sticky":false,"template":"","format":"standard","meta":{"footnotes":""},"categories":[744,75],"tags":[805,237,721,241,422],"class_list":["post-11113","post","type-post","status-publish","format-standard","has-post-thumbnail","hentry","category-elecciones","category-noticias","tag-cocentana","tag-comtat","tag-elecciones-municipales","tag-guanyem","tag-politica"],"yoast_head":"<!-- This site is optimized with the Yoast SEO plugin v27.3 - https:\/\/yoast.com\/product\/yoast-seo-wordpress\/ -->\n<title>Guanyem Cocentaina presenta los candidatos a las primarias - COPE Alcoy<\/title>\n<meta name=\"robots\" content=\"index, follow, max-snippet:-1, max-image-preview:large, max-video-preview:-1\" \/>\n<link rel=\"canonical\" href=\"https:\/\/www.copealcoy.es\/es\/guanyem-cocentaina-presenta-los-candidatos-a-las-primarias\/\" \/>\n<meta property=\"og:locale\" content=\"es_ES\" \/>\n<meta property=\"og:type\" content=\"article\" \/>\n<meta property=\"og:title\" content=\"Guanyem Cocentaina presenta los candidatos a las primarias - COPE Alcoy\" \/>\n<meta property=\"og:description\" content=\"La plataforma ciudadana Guanyem Cocentaina ha presentado este viernes en el Centre Cultural El Teular los candidatos a las primarias...\" \/>\n<meta property=\"og:url\" content=\"https:\/\/www.copealcoy.es\/es\/guanyem-cocentaina-presenta-los-candidatos-a-las-primarias\/\" \/>\n<meta property=\"og:site_name\" content=\"COPE Alcoy\" \/>\n<meta property=\"article:published_time\" content=\"2015-03-06T12:35:21+00:00\" \/>\n<meta property=\"article:modified_time\" content=\"2015-03-07T23:47:09+00:00\" \/>\n<meta property=\"og:image\" content=\"https:\/\/www.copealcoy.es\/wp-content\/uploads\/2015\/03\/image25.jpg\" \/>\n\t<meta property=\"og:image:width\" content=\"1955\" \/>\n\t<meta property=\"og:image:height\" content=\"1162\" \/>\n\t<meta property=\"og:image:type\" content=\"image\/jpeg\" \/>\n<meta name=\"author\" content=\"Cope Alcoy\" \/>\n<meta name=\"twitter:label1\" content=\"Escrito por\" \/>\n\t<meta name=\"twitter:data1\" content=\"Cope Alcoy\" \/>\n\t<meta name=\"twitter:label2\" content=\"Tiempo de lectura\" \/>\n\t<meta name=\"twitter:data2\" content=\"1 minuto\" \/>\n<script type=\"application\/ld+json\" class=\"yoast-schema-graph\">{\"@context\":\"https:\\\/\\\/schema.org\",\"@graph\":[{\"@type\":\"Article\",\"@id\":\"https:\\\/\\\/www.copealcoy.es\\\/es\\\/guanyem-cocentaina-presenta-los-candidatos-a-las-primarias\\\/#article\",\"isPartOf\":{\"@id\":\"https:\\\/\\\/www.copealcoy.es\\\/es\\\/guanyem-cocentaina-presenta-los-candidatos-a-las-primarias\\\/\"},\"author\":{\"name\":\"Cope Alcoy\",\"@id\":\"https:\\\/\\\/www.copealcoy.es\\\/es\\\/#\\\/schema\\\/person\\\/e777c87fa024e57d40170af9df39882c\"},\"headline\":\"Guanyem Cocentaina presenta los candidatos a las primarias\",\"datePublished\":\"2015-03-06T12:35:21+00:00\",\"dateModified\":\"2015-03-07T23:47:09+00:00\",\"mainEntityOfPage\":{\"@id\":\"https:\\\/\\\/www.copealcoy.es\\\/es\\\/guanyem-cocentaina-presenta-los-candidatos-a-las-primarias\\\/\"},\"wordCount\":170,\"commentCount\":0,\"image\":{\"@id\":\"https:\\\/\\\/www.copealcoy.es\\\/es\\\/guanyem-cocentaina-presenta-los-candidatos-a-las-primarias\\\/#primaryimage\"},\"thumbnailUrl\":\"https:\\\/\\\/www.copealcoy.es\\\/wp-content\\\/uploads\\\/2015\\\/03\\\/image25.jpg\",\"keywords\":[\"Cocentana\",\"Comtat\",\"Elecciones Municipales\",\"Guanyem\",\"Pol\u00edtica\"],\"articleSection\":[\"Elecciones\",\"Noticias\"],\"inLanguage\":\"es\"},{\"@type\":\"WebPage\",\"@id\":\"https:\\\/\\\/www.copealcoy.es\\\/es\\\/guanyem-cocentaina-presenta-los-candidatos-a-las-primarias\\\/\",\"url\":\"https:\\\/\\\/www.copealcoy.es\\\/es\\\/guanyem-cocentaina-presenta-los-candidatos-a-las-primarias\\\/\",\"name\":\"Guanyem Cocentaina presenta los candidatos a las primarias - COPE Alcoy\",\"isPartOf\":{\"@id\":\"https:\\\/\\\/www.copealcoy.es\\\/es\\\/#website\"},\"primaryImageOfPage\":{\"@id\":\"https:\\\/\\\/www.copealcoy.es\\\/es\\\/guanyem-cocentaina-presenta-los-candidatos-a-las-primarias\\\/#primaryimage\"},\"image\":{\"@id\":\"https:\\\/\\\/www.copealcoy.es\\\/es\\\/guanyem-cocentaina-presenta-los-candidatos-a-las-primarias\\\/#primaryimage\"},\"thumbnailUrl\":\"https:\\\/\\\/www.copealcoy.es\\\/wp-content\\\/uploads\\\/2015\\\/03\\\/image25.jpg\",\"datePublished\":\"2015-03-06T12:35:21+00:00\",\"dateModified\":\"2015-03-07T23:47:09+00:00\",\"author\":{\"@id\":\"https:\\\/\\\/www.copealcoy.es\\\/es\\\/#\\\/schema\\\/person\\\/e777c87fa024e57d40170af9df39882c\"},\"breadcrumb\":{\"@id\":\"https:\\\/\\\/www.copealcoy.es\\\/es\\\/guanyem-cocentaina-presenta-los-candidatos-a-las-primarias\\\/#breadcrumb\"},\"inLanguage\":\"es\",\"potentialAction\":[{\"@type\":\"ReadAction\",\"target\":[\"https:\\\/\\\/www.copealcoy.es\\\/es\\\/guanyem-cocentaina-presenta-los-candidatos-a-las-primarias\\\/\"]}]},{\"@type\":\"ImageObject\",\"inLanguage\":\"es\",\"@id\":\"https:\\\/\\\/www.copealcoy.es\\\/es\\\/guanyem-cocentaina-presenta-los-candidatos-a-las-primarias\\\/#primaryimage\",\"url\":\"https:\\\/\\\/www.copealcoy.es\\\/wp-content\\\/uploads\\\/2015\\\/03\\\/image25.jpg\",\"contentUrl\":\"https:\\\/\\\/www.copealcoy.es\\\/wp-content\\\/uploads\\\/2015\\\/03\\\/image25.jpg\",\"width\":1817,\"height\":1080,\"caption\":\"Candidatos a las primarias de Guanyem Cocentaina\"},{\"@type\":\"BreadcrumbList\",\"@id\":\"https:\\\/\\\/www.copealcoy.es\\\/es\\\/guanyem-cocentaina-presenta-los-candidatos-a-las-primarias\\\/#breadcrumb\",\"itemListElement\":[{\"@type\":\"ListItem\",\"position\":1,\"name\":\"Portada\",\"item\":\"https:\\\/\\\/www.copealcoy.es\\\/es\\\/\"},{\"@type\":\"ListItem\",\"position\":2,\"name\":\"Guanyem Cocentaina presenta los candidatos a las primarias\"}]},{\"@type\":\"WebSite\",\"@id\":\"https:\\\/\\\/www.copealcoy.es\\\/es\\\/#website\",\"url\":\"https:\\\/\\\/www.copealcoy.es\\\/es\\\/\",\"name\":\"COPE Alcoy\",\"description\":\"Emisora COPE de radio local con emisi\u00f3n online. Pont de Sant Jordi 8-10 03803 Alcoy\",\"potentialAction\":[{\"@type\":\"SearchAction\",\"target\":{\"@type\":\"EntryPoint\",\"urlTemplate\":\"https:\\\/\\\/www.copealcoy.es\\\/es\\\/?s={search_term_string}\"},\"query-input\":{\"@type\":\"PropertyValueSpecification\",\"valueRequired\":true,\"valueName\":\"search_term_string\"}}],\"inLanguage\":\"es\"},{\"@type\":\"Person\",\"@id\":\"https:\\\/\\\/www.copealcoy.es\\\/es\\\/#\\\/schema\\\/person\\\/e777c87fa024e57d40170af9df39882c\",\"name\":\"Cope Alcoy\",\"image\":{\"@type\":\"ImageObject\",\"inLanguage\":\"es\",\"@id\":\"https:\\\/\\\/secure.gravatar.com\\\/avatar\\\/bb65d0283347e303893ba14f0692005417c1e0e690a325a4c5d8bb2b3943ee14?s=96&d=mm&r=g\",\"url\":\"https:\\\/\\\/secure.gravatar.com\\\/avatar\\\/bb65d0283347e303893ba14f0692005417c1e0e690a325a4c5d8bb2b3943ee14?s=96&d=mm&r=g\",\"contentUrl\":\"https:\\\/\\\/secure.gravatar.com\\\/avatar\\\/bb65d0283347e303893ba14f0692005417c1e0e690a325a4c5d8bb2b3943ee14?s=96&d=mm&r=g\",\"caption\":\"Cope Alcoy\"}}]}<\/script>\n<!-- \/ Yoast SEO plugin. -->","yoast_head_json":{"title":"Guanyem Cocentaina presenta los candidatos a las primarias - COPE Alcoy","robots":{"index":"index","follow":"follow","max-snippet":"max-snippet:-1","max-image-preview":"max-image-preview:large","max-video-preview":"max-video-preview:-1"},"canonical":"https:\/\/www.copealcoy.es\/es\/guanyem-cocentaina-presenta-los-candidatos-a-las-primarias\/","og_locale":"es_ES","og_type":"article","og_title":"Guanyem Cocentaina presenta los candidatos a las primarias - COPE Alcoy","og_description":"La plataforma ciudadana Guanyem Cocentaina ha presentado este viernes en el Centre Cultural El Teular los candidatos a las primarias...","og_url":"https:\/\/www.copealcoy.es\/es\/guanyem-cocentaina-presenta-los-candidatos-a-las-primarias\/","og_site_name":"COPE Alcoy","article_published_time":"2015-03-06T12:35:21+00:00","article_modified_time":"2015-03-07T23:47:09+00:00","og_image":[{"width":1955,"height":1162,"url":"https:\/\/www.copealcoy.es\/wp-content\/uploads\/2015\/03\/image25.jpg","type":"image\/jpeg"}],"author":"Cope Alcoy","twitter_misc":{"Escrito por":"Cope Alcoy","Tiempo de lectura":"1 minuto"},"schema":{"@context":"https:\/\/schema.org","@graph":[{"@type":"Article","@id":"https:\/\/www.copealcoy.es\/es\/guanyem-cocentaina-presenta-los-candidatos-a-las-primarias\/#article","isPartOf":{"@id":"https:\/\/www.copealcoy.es\/es\/guanyem-cocentaina-presenta-los-candidatos-a-las-primarias\/"},"author":{"name":"Cope Alcoy","@id":"https:\/\/www.copealcoy.es\/es\/#\/schema\/person\/e777c87fa024e57d40170af9df39882c"},"headline":"Guanyem Cocentaina presenta los candidatos a las primarias","datePublished":"2015-03-06T12:35:21+00:00","dateModified":"2015-03-07T23:47:09+00:00","mainEntityOfPage":{"@id":"https:\/\/www.copealcoy.es\/es\/guanyem-cocentaina-presenta-los-candidatos-a-las-primarias\/"},"wordCount":170,"commentCount":0,"image":{"@id":"https:\/\/www.copealcoy.es\/es\/guanyem-cocentaina-presenta-los-candidatos-a-las-primarias\/#primaryimage"},"thumbnailUrl":"https:\/\/www.copealcoy.es\/wp-content\/uploads\/2015\/03\/image25.jpg","keywords":["Cocentana","Comtat","Elecciones Municipales","Guanyem","Pol\u00edtica"],"articleSection":["Elecciones","Noticias"],"inLanguage":"es"},{"@type":"WebPage","@id":"https:\/\/www.copealcoy.es\/es\/guanyem-cocentaina-presenta-los-candidatos-a-las-primarias\/","url":"https:\/\/www.copealcoy.es\/es\/guanyem-cocentaina-presenta-los-candidatos-a-las-primarias\/","name":"Guanyem Cocentaina presenta los candidatos a las primarias - COPE Alcoy","isPartOf":{"@id":"https:\/\/www.copealcoy.es\/es\/#website"},"primaryImageOfPage":{"@id":"https:\/\/www.copealcoy.es\/es\/guanyem-cocentaina-presenta-los-candidatos-a-las-primarias\/#primaryimage"},"image":{"@id":"https:\/\/www.copealcoy.es\/es\/guanyem-cocentaina-presenta-los-candidatos-a-las-primarias\/#primaryimage"},"thumbnailUrl":"https:\/\/www.copealcoy.es\/wp-content\/uploads\/2015\/03\/image25.jpg","datePublished":"2015-03-06T12:35:21+00:00","dateModified":"2015-03-07T23:47:09+00:00","author":{"@id":"https:\/\/www.copealcoy.es\/es\/#\/schema\/person\/e777c87fa024e57d40170af9df39882c"},"breadcrumb":{"@id":"https:\/\/www.copealcoy.es\/es\/guanyem-cocentaina-presenta-los-candidatos-a-las-primarias\/#breadcrumb"},"inLanguage":"es","potentialAction":[{"@type":"ReadAction","target":["https:\/\/www.copealcoy.es\/es\/guanyem-cocentaina-presenta-los-candidatos-a-las-primarias\/"]}]},{"@type":"ImageObject","inLanguage":"es","@id":"https:\/\/www.copealcoy.es\/es\/guanyem-cocentaina-presenta-los-candidatos-a-las-primarias\/#primaryimage","url":"https:\/\/www.copealcoy.es\/wp-content\/uploads\/2015\/03\/image25.jpg","contentUrl":"https:\/\/www.copealcoy.es\/wp-content\/uploads\/2015\/03\/image25.jpg","width":1817,"height":1080,"caption":"Candidatos a las primarias de Guanyem Cocentaina"},{"@type":"BreadcrumbList","@id":"https:\/\/www.copealcoy.es\/es\/guanyem-cocentaina-presenta-los-candidatos-a-las-primarias\/#breadcrumb","itemListElement":[{"@type":"ListItem","position":1,"name":"Portada","item":"https:\/\/www.copealcoy.es\/es\/"},{"@type":"ListItem","position":2,"name":"Guanyem Cocentaina presenta los candidatos a las primarias"}]},{"@type":"WebSite","@id":"https:\/\/www.copealcoy.es\/es\/#website","url":"https:\/\/www.copealcoy.es\/es\/","name":"COPE Alcoy","description":"Emisora COPE de radio local con emisi\u00f3n online. Pont de Sant Jordi 8-10 03803 Alcoy","potentialAction":[{"@type":"SearchAction","target":{"@type":"EntryPoint","urlTemplate":"https:\/\/www.copealcoy.es\/es\/?s={search_term_string}"},"query-input":{"@type":"PropertyValueSpecification","valueRequired":true,"valueName":"search_term_string"}}],"inLanguage":"es"},{"@type":"Person","@id":"https:\/\/www.copealcoy.es\/es\/#\/schema\/person\/e777c87fa024e57d40170af9df39882c","name":"Cope Alcoy","image":{"@type":"ImageObject","inLanguage":"es","@id":"https:\/\/secure.gravatar.com\/avatar\/bb65d0283347e303893ba14f0692005417c1e0e690a325a4c5d8bb2b3943ee14?s=96&d=mm&r=g","url":"https:\/\/secure.gravatar.com\/avatar\/bb65d0283347e303893ba14f0692005417c1e0e690a325a4c5d8bb2b3943ee14?s=96&d=mm&r=g","contentUrl":"https:\/\/secure.gravatar.com\/avatar\/bb65d0283347e303893ba14f0692005417c1e0e690a325a4c5d8bb2b3943ee14?s=96&d=mm&r=g","caption":"Cope Alcoy"}}]}},"_links":{"self":[{"href":"https:\/\/www.copealcoy.es\/es\/wp-json\/wp\/v2\/posts\/11113","targetHints":{"allow":["GET"]}}],"collection":[{"href":"https:\/\/www.copealcoy.es\/es\/wp-json\/wp\/v2\/posts"}],"about":[{"href":"https:\/\/www.copealcoy.es\/es\/wp-json\/wp\/v2\/types\/post"}],"author":[{"embeddable":true,"href":"https:\/\/www.copealcoy.es\/es\/wp-json\/wp\/v2\/users\/1"}],"replies":[{"embeddable":true,"href":"https:\/\/www.copealcoy.es\/es\/wp-json\/wp\/v2\/comments?post=11113"}],"version-history":[{"count":0,"href":"https:\/\/www.copealcoy.es\/es\/wp-json\/wp\/v2\/posts\/11113\/revisions"}],"wp:featuredmedia":[{"embeddable":true,"href":"https:\/\/www.copealcoy.es\/es\/wp-json\/wp\/v2\/media\/11139"}],"wp:attachment":[{"href":"https:\/\/www.copealcoy.es\/es\/wp-json\/wp\/v2\/media?parent=11113"}],"wp:term":[{"taxonomy":"category","embeddable":true,"href":"https:\/\/www.copealcoy.es\/es\/wp-json\/wp\/v2\/categories?post=11113"},{"taxonomy":"post_tag","embeddable":true,"href":"https:\/\/www.copealcoy.es\/es\/wp-json\/wp\/v2\/tags?post=11113"}],"curies":[{"name":"wp","href":"https:\/\/api.w.org\/{rel}","templated":true}]}}