{"id":111119,"date":"2023-02-24T07:45:31","date_gmt":"2023-02-24T06:45:31","guid":{"rendered":"https:\/\/www.copealcoy.es\/?p=111119"},"modified":"2023-02-24T15:22:47","modified_gmt":"2023-02-24T14:22:47","slug":"el-partido-socialista-de-alcoy-ya-tiene-lista-para-las-municipales","status":"publish","type":"post","link":"https:\/\/www.copealcoy.es\/es\/el-partido-socialista-de-alcoy-ya-tiene-lista-para-las-municipales\/","title":{"rendered":"El Partido Socialista de Alcoy ya tiene lista para las municipales"},"content":{"rendered":"<p style=\"text-align: justify;\">El <strong>Partido Socialista de Alcoy<\/strong> ha desvelado todas las inc\u00f3gnitas de cara a las pr\u00f3ximas Elecciones Municipales. La formaci\u00f3n pol\u00edtica <strong>ya tiene lista para los comicios<\/strong>, una candidatura en la que se mantienen actuales ediles del Gobierno Municipal y que suma nuevas incorporaciones anunciadas en los \u00faltimos d\u00edas.<\/p>\n<p style=\"text-align: justify;\">Toni Franc\u00e9s encabeza una lista en la que los actuales ediles Lorena Zamorano, Jordi Mart\u00ednez y Vanessa Molt\u00f3 ocupan los primeros puestos. Ignacio Trelis se incorpora al n\u00famero 5 y a \u00e9l le siguen otros concejales como Tere Sanju\u00e1n o Alberto Belda destacando el regreso de Aroa Mira al n\u00famero 8 tras haber sido diputada en Les Corts durante esta legislatura. Raul Llopis y Mar\u00eda Baca est\u00e1n en el 9 y 10, y Nando Moncho y Diana Cort\u00e9s \u00a0llegan al n\u00famero 11 y 12. El resto de la lista, por este orden, la completan Jordi Segura, Xesca Lloria, Mois\u00e9s Llopis, Carol Ortiz, Jordi Silvestre, Aranza de Gracia, H\u00e9ctor Climent, Andrea Vald\u00e9s, Adri\u00e1n Garc\u00eda, Sara Mej\u00edas, Rafa Cerd\u00e0 y Andrea Mu\u00f1oz.<\/p>\n<p style=\"text-align: justify;\">El <strong>\u00faltimo n\u00famero es<\/strong> para un hist\u00f3rico del PSOE local, Miguel juan Reig. Este \u00faltimo fue concejal de Deportes en la pasada legislatura hasta su jubilaci\u00f3n.<\/p>\n","protected":false},"excerpt":{"rendered":"<p>El Partido Socialista de Alcoy ha desvelado todas las inc\u00f3gnitas de cara a las pr\u00f3ximas Elecciones Municipales. La formaci\u00f3n pol\u00edtica&#8230;<\/p>\n","protected":false},"author":1,"featured_media":111120,"comment_status":"open","ping_status":"open","sticky":false,"template":"","format":"standard","meta":{"footnotes":""},"categories":[6909,97,75,79],"tags":[1494,721,1195,6147,371],"class_list":["post-111119","post","type-post","status-publish","format-standard","has-post-thumbnail","hentry","category-actualidad","category-alcoy","category-noticias","category-politicayeconomia","tag-alcoy","tag-elecciones-municipales","tag-gobierno-local","tag-lista","tag-psoe"],"yoast_head":"<!-- This site is optimized with the Yoast SEO plugin v27.3 - https:\/\/yoast.com\/product\/yoast-seo-wordpress\/ -->\n<title>El Partido Socialista de Alcoy ya tiene lista para las municipales - COPE Alcoy<\/title>\n<meta name=\"description\" content=\"El Partido Socialista de Alcoy ha desvelado todas las inc\u00f3gnitas y ya ya tiene lista para los comicios municipales del pr\u00f3ximo mes de mayo\" \/>\n<meta name=\"robots\" content=\"index, follow, max-snippet:-1, max-image-preview:large, max-video-preview:-1\" \/>\n<link rel=\"canonical\" href=\"https:\/\/www.copealcoy.es\/es\/el-partido-socialista-de-alcoy-ya-tiene-lista-para-las-municipales\/\" \/>\n<meta property=\"og:locale\" content=\"es_ES\" \/>\n<meta property=\"og:type\" content=\"article\" \/>\n<meta property=\"og:title\" content=\"El Partido Socialista de Alcoy ya tiene lista para las municipales - COPE Alcoy\" \/>\n<meta property=\"og:description\" content=\"El Partido Socialista de Alcoy ha desvelado todas las inc\u00f3gnitas y ya ya tiene lista para los comicios municipales del pr\u00f3ximo mes de mayo\" \/>\n<meta property=\"og:url\" content=\"https:\/\/www.copealcoy.es\/es\/el-partido-socialista-de-alcoy-ya-tiene-lista-para-las-municipales\/\" \/>\n<meta property=\"og:site_name\" content=\"COPE Alcoy\" \/>\n<meta property=\"article:published_time\" content=\"2023-02-24T06:45:31+00:00\" \/>\n<meta property=\"article:modified_time\" content=\"2023-02-24T14:22:47+00:00\" \/>\n<meta property=\"og:image\" content=\"https:\/\/www.copealcoy.es\/wp-content\/uploads\/2023\/02\/timThumb-1.jpg\" \/>\n\t<meta property=\"og:image:width\" content=\"800\" \/>\n\t<meta property=\"og:image:height\" content=\"529\" \/>\n\t<meta property=\"og:image:type\" content=\"image\/jpeg\" \/>\n<meta name=\"author\" content=\"Cope Alcoy\" \/>\n<meta name=\"twitter:label1\" content=\"Escrito por\" \/>\n\t<meta name=\"twitter:data1\" content=\"Cope Alcoy\" \/>\n\t<meta name=\"twitter:label2\" content=\"Tiempo de lectura\" \/>\n\t<meta name=\"twitter:data2\" content=\"1 minuto\" \/>\n<script type=\"application\/ld+json\" class=\"yoast-schema-graph\">{\"@context\":\"https:\\\/\\\/schema.org\",\"@graph\":[{\"@type\":\"Article\",\"@id\":\"https:\\\/\\\/www.copealcoy.es\\\/es\\\/el-partido-socialista-de-alcoy-ya-tiene-lista-para-las-municipales\\\/#article\",\"isPartOf\":{\"@id\":\"https:\\\/\\\/www.copealcoy.es\\\/es\\\/el-partido-socialista-de-alcoy-ya-tiene-lista-para-las-municipales\\\/\"},\"author\":{\"name\":\"Cope Alcoy\",\"@id\":\"https:\\\/\\\/www.copealcoy.es\\\/es\\\/#\\\/schema\\\/person\\\/e777c87fa024e57d40170af9df39882c\"},\"headline\":\"El Partido Socialista de Alcoy ya tiene lista para las municipales\",\"datePublished\":\"2023-02-24T06:45:31+00:00\",\"dateModified\":\"2023-02-24T14:22:47+00:00\",\"mainEntityOfPage\":{\"@id\":\"https:\\\/\\\/www.copealcoy.es\\\/es\\\/el-partido-socialista-de-alcoy-ya-tiene-lista-para-las-municipales\\\/\"},\"wordCount\":223,\"commentCount\":0,\"image\":{\"@id\":\"https:\\\/\\\/www.copealcoy.es\\\/es\\\/el-partido-socialista-de-alcoy-ya-tiene-lista-para-las-municipales\\\/#primaryimage\"},\"thumbnailUrl\":\"https:\\\/\\\/www.copealcoy.es\\\/wp-content\\\/uploads\\\/2023\\\/02\\\/timThumb-1.jpg\",\"keywords\":[\"Alcoy\",\"Elecciones Municipales\",\"Gobierno Local\",\"lista\",\"PSOE\"],\"articleSection\":[\"Actualidad\",\"Alcoy\",\"Noticias\",\"Pol\u00edtica y Econom\u00eda\"],\"inLanguage\":\"es\"},{\"@type\":\"WebPage\",\"@id\":\"https:\\\/\\\/www.copealcoy.es\\\/es\\\/el-partido-socialista-de-alcoy-ya-tiene-lista-para-las-municipales\\\/\",\"url\":\"https:\\\/\\\/www.copealcoy.es\\\/es\\\/el-partido-socialista-de-alcoy-ya-tiene-lista-para-las-municipales\\\/\",\"name\":\"El Partido Socialista de Alcoy ya tiene lista para las municipales - COPE Alcoy\",\"isPartOf\":{\"@id\":\"https:\\\/\\\/www.copealcoy.es\\\/es\\\/#website\"},\"primaryImageOfPage\":{\"@id\":\"https:\\\/\\\/www.copealcoy.es\\\/es\\\/el-partido-socialista-de-alcoy-ya-tiene-lista-para-las-municipales\\\/#primaryimage\"},\"image\":{\"@id\":\"https:\\\/\\\/www.copealcoy.es\\\/es\\\/el-partido-socialista-de-alcoy-ya-tiene-lista-para-las-municipales\\\/#primaryimage\"},\"thumbnailUrl\":\"https:\\\/\\\/www.copealcoy.es\\\/wp-content\\\/uploads\\\/2023\\\/02\\\/timThumb-1.jpg\",\"datePublished\":\"2023-02-24T06:45:31+00:00\",\"dateModified\":\"2023-02-24T14:22:47+00:00\",\"author\":{\"@id\":\"https:\\\/\\\/www.copealcoy.es\\\/es\\\/#\\\/schema\\\/person\\\/e777c87fa024e57d40170af9df39882c\"},\"description\":\"El Partido Socialista de Alcoy ha desvelado todas las inc\u00f3gnitas y ya ya tiene lista para los comicios municipales del pr\u00f3ximo mes de mayo\",\"breadcrumb\":{\"@id\":\"https:\\\/\\\/www.copealcoy.es\\\/es\\\/el-partido-socialista-de-alcoy-ya-tiene-lista-para-las-municipales\\\/#breadcrumb\"},\"inLanguage\":\"es\",\"potentialAction\":[{\"@type\":\"ReadAction\",\"target\":[\"https:\\\/\\\/www.copealcoy.es\\\/es\\\/el-partido-socialista-de-alcoy-ya-tiene-lista-para-las-municipales\\\/\"]}]},{\"@type\":\"ImageObject\",\"inLanguage\":\"es\",\"@id\":\"https:\\\/\\\/www.copealcoy.es\\\/es\\\/el-partido-socialista-de-alcoy-ya-tiene-lista-para-las-municipales\\\/#primaryimage\",\"url\":\"https:\\\/\\\/www.copealcoy.es\\\/wp-content\\\/uploads\\\/2023\\\/02\\\/timThumb-1.jpg\",\"contentUrl\":\"https:\\\/\\\/www.copealcoy.es\\\/wp-content\\\/uploads\\\/2023\\\/02\\\/timThumb-1.jpg\",\"width\":800,\"height\":529},{\"@type\":\"BreadcrumbList\",\"@id\":\"https:\\\/\\\/www.copealcoy.es\\\/es\\\/el-partido-socialista-de-alcoy-ya-tiene-lista-para-las-municipales\\\/#breadcrumb\",\"itemListElement\":[{\"@type\":\"ListItem\",\"position\":1,\"name\":\"Portada\",\"item\":\"https:\\\/\\\/www.copealcoy.es\\\/es\\\/\"},{\"@type\":\"ListItem\",\"position\":2,\"name\":\"El Partido Socialista de Alcoy ya tiene lista para las municipales\"}]},{\"@type\":\"WebSite\",\"@id\":\"https:\\\/\\\/www.copealcoy.es\\\/es\\\/#website\",\"url\":\"https:\\\/\\\/www.copealcoy.es\\\/es\\\/\",\"name\":\"COPE Alcoy\",\"description\":\"Emisora COPE de radio local con emisi\u00f3n online. Pont de Sant Jordi 8-10 03803 Alcoy\",\"potentialAction\":[{\"@type\":\"SearchAction\",\"target\":{\"@type\":\"EntryPoint\",\"urlTemplate\":\"https:\\\/\\\/www.copealcoy.es\\\/es\\\/?s={search_term_string}\"},\"query-input\":{\"@type\":\"PropertyValueSpecification\",\"valueRequired\":true,\"valueName\":\"search_term_string\"}}],\"inLanguage\":\"es\"},{\"@type\":\"Person\",\"@id\":\"https:\\\/\\\/www.copealcoy.es\\\/es\\\/#\\\/schema\\\/person\\\/e777c87fa024e57d40170af9df39882c\",\"name\":\"Cope Alcoy\",\"image\":{\"@type\":\"ImageObject\",\"inLanguage\":\"es\",\"@id\":\"https:\\\/\\\/secure.gravatar.com\\\/avatar\\\/bb65d0283347e303893ba14f0692005417c1e0e690a325a4c5d8bb2b3943ee14?s=96&d=mm&r=g\",\"url\":\"https:\\\/\\\/secure.gravatar.com\\\/avatar\\\/bb65d0283347e303893ba14f0692005417c1e0e690a325a4c5d8bb2b3943ee14?s=96&d=mm&r=g\",\"contentUrl\":\"https:\\\/\\\/secure.gravatar.com\\\/avatar\\\/bb65d0283347e303893ba14f0692005417c1e0e690a325a4c5d8bb2b3943ee14?s=96&d=mm&r=g\",\"caption\":\"Cope Alcoy\"}}]}<\/script>\n<!-- \/ Yoast SEO plugin. -->","yoast_head_json":{"title":"El Partido Socialista de Alcoy ya tiene lista para las municipales - COPE Alcoy","description":"El Partido Socialista de Alcoy ha desvelado todas las inc\u00f3gnitas y ya ya tiene lista para los comicios municipales del pr\u00f3ximo mes de mayo","robots":{"index":"index","follow":"follow","max-snippet":"max-snippet:-1","max-image-preview":"max-image-preview:large","max-video-preview":"max-video-preview:-1"},"canonical":"https:\/\/www.copealcoy.es\/es\/el-partido-socialista-de-alcoy-ya-tiene-lista-para-las-municipales\/","og_locale":"es_ES","og_type":"article","og_title":"El Partido Socialista de Alcoy ya tiene lista para las municipales - COPE Alcoy","og_description":"El Partido Socialista de Alcoy ha desvelado todas las inc\u00f3gnitas y ya ya tiene lista para los comicios municipales del pr\u00f3ximo mes de mayo","og_url":"https:\/\/www.copealcoy.es\/es\/el-partido-socialista-de-alcoy-ya-tiene-lista-para-las-municipales\/","og_site_name":"COPE Alcoy","article_published_time":"2023-02-24T06:45:31+00:00","article_modified_time":"2023-02-24T14:22:47+00:00","og_image":[{"width":800,"height":529,"url":"https:\/\/www.copealcoy.es\/wp-content\/uploads\/2023\/02\/timThumb-1.jpg","type":"image\/jpeg"}],"author":"Cope Alcoy","twitter_misc":{"Escrito por":"Cope Alcoy","Tiempo de lectura":"1 minuto"},"schema":{"@context":"https:\/\/schema.org","@graph":[{"@type":"Article","@id":"https:\/\/www.copealcoy.es\/es\/el-partido-socialista-de-alcoy-ya-tiene-lista-para-las-municipales\/#article","isPartOf":{"@id":"https:\/\/www.copealcoy.es\/es\/el-partido-socialista-de-alcoy-ya-tiene-lista-para-las-municipales\/"},"author":{"name":"Cope Alcoy","@id":"https:\/\/www.copealcoy.es\/es\/#\/schema\/person\/e777c87fa024e57d40170af9df39882c"},"headline":"El Partido Socialista de Alcoy ya tiene lista para las municipales","datePublished":"2023-02-24T06:45:31+00:00","dateModified":"2023-02-24T14:22:47+00:00","mainEntityOfPage":{"@id":"https:\/\/www.copealcoy.es\/es\/el-partido-socialista-de-alcoy-ya-tiene-lista-para-las-municipales\/"},"wordCount":223,"commentCount":0,"image":{"@id":"https:\/\/www.copealcoy.es\/es\/el-partido-socialista-de-alcoy-ya-tiene-lista-para-las-municipales\/#primaryimage"},"thumbnailUrl":"https:\/\/www.copealcoy.es\/wp-content\/uploads\/2023\/02\/timThumb-1.jpg","keywords":["Alcoy","Elecciones Municipales","Gobierno Local","lista","PSOE"],"articleSection":["Actualidad","Alcoy","Noticias","Pol\u00edtica y Econom\u00eda"],"inLanguage":"es"},{"@type":"WebPage","@id":"https:\/\/www.copealcoy.es\/es\/el-partido-socialista-de-alcoy-ya-tiene-lista-para-las-municipales\/","url":"https:\/\/www.copealcoy.es\/es\/el-partido-socialista-de-alcoy-ya-tiene-lista-para-las-municipales\/","name":"El Partido Socialista de Alcoy ya tiene lista para las municipales - COPE Alcoy","isPartOf":{"@id":"https:\/\/www.copealcoy.es\/es\/#website"},"primaryImageOfPage":{"@id":"https:\/\/www.copealcoy.es\/es\/el-partido-socialista-de-alcoy-ya-tiene-lista-para-las-municipales\/#primaryimage"},"image":{"@id":"https:\/\/www.copealcoy.es\/es\/el-partido-socialista-de-alcoy-ya-tiene-lista-para-las-municipales\/#primaryimage"},"thumbnailUrl":"https:\/\/www.copealcoy.es\/wp-content\/uploads\/2023\/02\/timThumb-1.jpg","datePublished":"2023-02-24T06:45:31+00:00","dateModified":"2023-02-24T14:22:47+00:00","author":{"@id":"https:\/\/www.copealcoy.es\/es\/#\/schema\/person\/e777c87fa024e57d40170af9df39882c"},"description":"El Partido Socialista de Alcoy ha desvelado todas las inc\u00f3gnitas y ya ya tiene lista para los comicios municipales del pr\u00f3ximo mes de mayo","breadcrumb":{"@id":"https:\/\/www.copealcoy.es\/es\/el-partido-socialista-de-alcoy-ya-tiene-lista-para-las-municipales\/#breadcrumb"},"inLanguage":"es","potentialAction":[{"@type":"ReadAction","target":["https:\/\/www.copealcoy.es\/es\/el-partido-socialista-de-alcoy-ya-tiene-lista-para-las-municipales\/"]}]},{"@type":"ImageObject","inLanguage":"es","@id":"https:\/\/www.copealcoy.es\/es\/el-partido-socialista-de-alcoy-ya-tiene-lista-para-las-municipales\/#primaryimage","url":"https:\/\/www.copealcoy.es\/wp-content\/uploads\/2023\/02\/timThumb-1.jpg","contentUrl":"https:\/\/www.copealcoy.es\/wp-content\/uploads\/2023\/02\/timThumb-1.jpg","width":800,"height":529},{"@type":"BreadcrumbList","@id":"https:\/\/www.copealcoy.es\/es\/el-partido-socialista-de-alcoy-ya-tiene-lista-para-las-municipales\/#breadcrumb","itemListElement":[{"@type":"ListItem","position":1,"name":"Portada","item":"https:\/\/www.copealcoy.es\/es\/"},{"@type":"ListItem","position":2,"name":"El Partido Socialista de Alcoy ya tiene lista para las municipales"}]},{"@type":"WebSite","@id":"https:\/\/www.copealcoy.es\/es\/#website","url":"https:\/\/www.copealcoy.es\/es\/","name":"COPE Alcoy","description":"Emisora COPE de radio local con emisi\u00f3n online. Pont de Sant Jordi 8-10 03803 Alcoy","potentialAction":[{"@type":"SearchAction","target":{"@type":"EntryPoint","urlTemplate":"https:\/\/www.copealcoy.es\/es\/?s={search_term_string}"},"query-input":{"@type":"PropertyValueSpecification","valueRequired":true,"valueName":"search_term_string"}}],"inLanguage":"es"},{"@type":"Person","@id":"https:\/\/www.copealcoy.es\/es\/#\/schema\/person\/e777c87fa024e57d40170af9df39882c","name":"Cope Alcoy","image":{"@type":"ImageObject","inLanguage":"es","@id":"https:\/\/secure.gravatar.com\/avatar\/bb65d0283347e303893ba14f0692005417c1e0e690a325a4c5d8bb2b3943ee14?s=96&d=mm&r=g","url":"https:\/\/secure.gravatar.com\/avatar\/bb65d0283347e303893ba14f0692005417c1e0e690a325a4c5d8bb2b3943ee14?s=96&d=mm&r=g","contentUrl":"https:\/\/secure.gravatar.com\/avatar\/bb65d0283347e303893ba14f0692005417c1e0e690a325a4c5d8bb2b3943ee14?s=96&d=mm&r=g","caption":"Cope Alcoy"}}]}},"_links":{"self":[{"href":"https:\/\/www.copealcoy.es\/es\/wp-json\/wp\/v2\/posts\/111119","targetHints":{"allow":["GET"]}}],"collection":[{"href":"https:\/\/www.copealcoy.es\/es\/wp-json\/wp\/v2\/posts"}],"about":[{"href":"https:\/\/www.copealcoy.es\/es\/wp-json\/wp\/v2\/types\/post"}],"author":[{"embeddable":true,"href":"https:\/\/www.copealcoy.es\/es\/wp-json\/wp\/v2\/users\/1"}],"replies":[{"embeddable":true,"href":"https:\/\/www.copealcoy.es\/es\/wp-json\/wp\/v2\/comments?post=111119"}],"version-history":[{"count":0,"href":"https:\/\/www.copealcoy.es\/es\/wp-json\/wp\/v2\/posts\/111119\/revisions"}],"wp:featuredmedia":[{"embeddable":true,"href":"https:\/\/www.copealcoy.es\/es\/wp-json\/wp\/v2\/media\/111120"}],"wp:attachment":[{"href":"https:\/\/www.copealcoy.es\/es\/wp-json\/wp\/v2\/media?parent=111119"}],"wp:term":[{"taxonomy":"category","embeddable":true,"href":"https:\/\/www.copealcoy.es\/es\/wp-json\/wp\/v2\/categories?post=111119"},{"taxonomy":"post_tag","embeddable":true,"href":"https:\/\/www.copealcoy.es\/es\/wp-json\/wp\/v2\/tags?post=111119"}],"curies":[{"name":"wp","href":"https:\/\/api.w.org\/{rel}","templated":true}]}}