{"id":111103,"date":"2023-02-24T13:08:51","date_gmt":"2023-02-24T12:08:51","guid":{"rendered":"https:\/\/www.copealcoy.es\/?p=111103"},"modified":"2023-02-24T15:07:50","modified_gmt":"2023-02-24T14:07:50","slug":"las-itv-califican-de-chapuza-el-proceso-de-reversion","status":"publish","type":"post","link":"https:\/\/www.copealcoy.es\/es\/las-itv-califican-de-chapuza-el-proceso-de-reversion\/","title":{"rendered":"Las ITV califican de &#8216;chapuza&#8217; el proceso de reversi\u00f3n"},"content":{"rendered":"<p style=\"text-align: justify;\">A partir del pr\u00f3ximo lunes <strong>comenzar\u00e1 a ser efectivo el proceso de reversi\u00f3n p\u00fablica de buena parte de las ITV&#8217;s valencianas<\/strong>, entre ellas la de Alcoy. La concesionaria <strong>pasa ahora a manos directas de la Generalitat Valenciana<\/strong>, a trav\u00e9s de la empresa p\u00fablica SITVAL, y la situaci\u00f3n <strong>se repite tambi\u00e9n en otras poblaciones<\/strong> de un territorio auton\u00f3mico en el que este servicio lo prestan ahora 7 empresas diferentes.<\/p>\n<p style=\"text-align: justify;\">Durante el d\u00eda de hoy la estaci\u00f3n de nuestra ciudad <strong>seguir\u00e1 atendiendo a los clientes con normalidad en el horario habitual<\/strong> de d\u00edas laborables mientras que <strong>ma\u00f1ana permanecer\u00e1 cerrada<\/strong>. El motivo radica en que personal del IVACE, provisto de la correspondiente acreditaci\u00f3n en representaci\u00f3n del Consell,<strong> llegar\u00e1 a las instalaciones para formalizar la cesi\u00f3n y proceder a la recepci\u00f3n de la citada estaci\u00f3n<\/strong>. Tambi\u00e9n se firmar\u00e1 <strong>el acta de inspecci\u00f3n t\u00e9cnica previa<\/strong> a la citada entrega provisional &#8220;<em>el proceso esta siendo totalmente improvisado y yo lo calificar\u00eda como una aut\u00e9ntica chapuza. La reversi\u00f3n no es una sucesi\u00f3n empresarial sino que nosotros, concesionarias, tenemos que devolver a la administraci\u00f3n los bienes que nos dej\u00f3 en su momento la administraci\u00f3n para prestar el servicio m\u00e1s los que nosotros hemos adquirido en los \u00faltimos a\u00f1os. Hoy ya se tendr\u00eda que estar trabajando en esta cuesti\u00f3n para evitar problemas de \u00faltima hora<\/em>&#8220;, comentaba en COPE ALCOY <strong>Manuel Trigo<\/strong>, al frente de la empresa que gestiona la ITV en la capital de l&#8217;Alcoi\u00e0. Trigo tambi\u00e9n ha recordado que en la reversi\u00f3n <strong>est\u00e1 contemplado que el personal se subrrogarr\u00e1 a la empresa p\u00fablica manteniendo las actuales condiciones laborales<\/strong> &#8220;<em>aqu\u00ed la duda est\u00e1 en si se mejorar\u00e1 la calidad del servicio porque ya sabemos que pasa con muchos servicios p\u00fablicos. Conf\u00edo en que al menos se mantenga en las mismas condiciones que ahora&#8221;<\/em>, ha significado.<\/p>\n<p style=\"text-align: justify;\">Una vez hecha efectiva la reversi\u00f3n, <strong>la empresa p\u00fablica SITVA,<\/strong>\u00a0ser\u00e1 la que asuma el servicio en Alcoy pero tambi\u00e9n en Alzira, Gandia, Ondara, Ontinyent o X\u00e0tiva. Esta firma ha habilitado tambi\u00e9n una nueva web de cita previa para la inspecci\u00f3n t\u00e9cnica de veh\u00edculos, que unifica en una sola herramienta el servicio de citas online que hasta ahora estaba disponible mediante diferentes portales.<\/p>\n","protected":false},"excerpt":{"rendered":"<p>A partir del pr\u00f3ximo lunes comenzar\u00e1 a ser efectivo el proceso de reversi\u00f3n p\u00fablica de buena parte de las ITV&#8217;s&#8230;<\/p>\n","protected":false},"author":1,"featured_media":111113,"comment_status":"open","ping_status":"open","sticky":false,"template":"","format":"standard","meta":{"footnotes":""},"categories":[6909,97,75,125],"tags":[1494,994,5753,11833,14107],"class_list":["post-111103","post","type-post","status-publish","format-standard","has-post-thumbnail","hentry","category-actualidad","category-alcoy","category-noticias","category-portada","tag-alcoy","tag-generalitat-valenciana","tag-gestion-publica","tag-itv","tag-reversion"],"yoast_head":"<!-- This site is optimized with the Yoast SEO plugin v27.3 - https:\/\/yoast.com\/product\/yoast-seo-wordpress\/ -->\n<title>Las ITV califican de &#039;chapuza&#039; el proceso de reversi\u00f3n - COPE Alcoy<\/title>\n<meta name=\"description\" content=\"A partir del lunes comenzar\u00e1 a ser efectivo el proceso de reversi\u00f3n p\u00fablica de buena parte de las ITV&#039;s valencianas, entre ellas la de Alcoy\" \/>\n<meta name=\"robots\" content=\"index, follow, max-snippet:-1, max-image-preview:large, max-video-preview:-1\" \/>\n<link rel=\"canonical\" href=\"https:\/\/www.copealcoy.es\/es\/las-itv-califican-de-chapuza-el-proceso-de-reversion\/\" \/>\n<meta property=\"og:locale\" content=\"es_ES\" \/>\n<meta property=\"og:type\" content=\"article\" \/>\n<meta property=\"og:title\" content=\"Las ITV califican de &#039;chapuza&#039; el proceso de reversi\u00f3n - COPE Alcoy\" \/>\n<meta property=\"og:description\" content=\"A partir del lunes comenzar\u00e1 a ser efectivo el proceso de reversi\u00f3n p\u00fablica de buena parte de las ITV&#039;s valencianas, entre ellas la de Alcoy\" \/>\n<meta property=\"og:url\" content=\"https:\/\/www.copealcoy.es\/es\/las-itv-califican-de-chapuza-el-proceso-de-reversion\/\" \/>\n<meta property=\"og:site_name\" content=\"COPE Alcoy\" \/>\n<meta property=\"article:published_time\" content=\"2023-02-24T12:08:51+00:00\" \/>\n<meta property=\"article:modified_time\" content=\"2023-02-24T14:07:50+00:00\" \/>\n<meta property=\"og:image\" content=\"https:\/\/www.copealcoy.es\/wp-content\/uploads\/2023\/02\/1667451255191.jpg\" \/>\n\t<meta property=\"og:image:width\" content=\"976\" \/>\n\t<meta property=\"og:image:height\" content=\"651\" \/>\n\t<meta property=\"og:image:type\" content=\"image\/jpeg\" \/>\n<meta name=\"author\" content=\"Cope Alcoy\" \/>\n<meta name=\"twitter:label1\" content=\"Escrito por\" \/>\n\t<meta name=\"twitter:data1\" content=\"Cope Alcoy\" \/>\n\t<meta name=\"twitter:label2\" content=\"Tiempo de lectura\" \/>\n\t<meta name=\"twitter:data2\" content=\"2 minutos\" \/>\n<script type=\"application\/ld+json\" class=\"yoast-schema-graph\">{\"@context\":\"https:\\\/\\\/schema.org\",\"@graph\":[{\"@type\":\"Article\",\"@id\":\"https:\\\/\\\/www.copealcoy.es\\\/es\\\/las-itv-califican-de-chapuza-el-proceso-de-reversion\\\/#article\",\"isPartOf\":{\"@id\":\"https:\\\/\\\/www.copealcoy.es\\\/es\\\/las-itv-califican-de-chapuza-el-proceso-de-reversion\\\/\"},\"author\":{\"name\":\"Cope Alcoy\",\"@id\":\"https:\\\/\\\/www.copealcoy.es\\\/es\\\/#\\\/schema\\\/person\\\/e777c87fa024e57d40170af9df39882c\"},\"headline\":\"Las ITV califican de &#8216;chapuza&#8217; el proceso de reversi\u00f3n\",\"datePublished\":\"2023-02-24T12:08:51+00:00\",\"dateModified\":\"2023-02-24T14:07:50+00:00\",\"mainEntityOfPage\":{\"@id\":\"https:\\\/\\\/www.copealcoy.es\\\/es\\\/las-itv-califican-de-chapuza-el-proceso-de-reversion\\\/\"},\"wordCount\":413,\"commentCount\":0,\"image\":{\"@id\":\"https:\\\/\\\/www.copealcoy.es\\\/es\\\/las-itv-califican-de-chapuza-el-proceso-de-reversion\\\/#primaryimage\"},\"thumbnailUrl\":\"https:\\\/\\\/www.copealcoy.es\\\/wp-content\\\/uploads\\\/2023\\\/02\\\/1667451255191.jpg\",\"keywords\":[\"Alcoy\",\"Generalitat Valenciana\",\"gesti\u00f3n p\u00fablica\",\"ITV\",\"reversi\u00f3n\"],\"articleSection\":[\"Actualidad\",\"Alcoy\",\"Noticias\",\"Portada\"],\"inLanguage\":\"es\"},{\"@type\":\"WebPage\",\"@id\":\"https:\\\/\\\/www.copealcoy.es\\\/es\\\/las-itv-califican-de-chapuza-el-proceso-de-reversion\\\/\",\"url\":\"https:\\\/\\\/www.copealcoy.es\\\/es\\\/las-itv-califican-de-chapuza-el-proceso-de-reversion\\\/\",\"name\":\"Las ITV califican de 'chapuza' el proceso de reversi\u00f3n - COPE Alcoy\",\"isPartOf\":{\"@id\":\"https:\\\/\\\/www.copealcoy.es\\\/es\\\/#website\"},\"primaryImageOfPage\":{\"@id\":\"https:\\\/\\\/www.copealcoy.es\\\/es\\\/las-itv-califican-de-chapuza-el-proceso-de-reversion\\\/#primaryimage\"},\"image\":{\"@id\":\"https:\\\/\\\/www.copealcoy.es\\\/es\\\/las-itv-califican-de-chapuza-el-proceso-de-reversion\\\/#primaryimage\"},\"thumbnailUrl\":\"https:\\\/\\\/www.copealcoy.es\\\/wp-content\\\/uploads\\\/2023\\\/02\\\/1667451255191.jpg\",\"datePublished\":\"2023-02-24T12:08:51+00:00\",\"dateModified\":\"2023-02-24T14:07:50+00:00\",\"author\":{\"@id\":\"https:\\\/\\\/www.copealcoy.es\\\/es\\\/#\\\/schema\\\/person\\\/e777c87fa024e57d40170af9df39882c\"},\"description\":\"A partir del lunes comenzar\u00e1 a ser efectivo el proceso de reversi\u00f3n p\u00fablica de buena parte de las ITV's valencianas, entre ellas la de Alcoy\",\"breadcrumb\":{\"@id\":\"https:\\\/\\\/www.copealcoy.es\\\/es\\\/las-itv-califican-de-chapuza-el-proceso-de-reversion\\\/#breadcrumb\"},\"inLanguage\":\"es\",\"potentialAction\":[{\"@type\":\"ReadAction\",\"target\":[\"https:\\\/\\\/www.copealcoy.es\\\/es\\\/las-itv-califican-de-chapuza-el-proceso-de-reversion\\\/\"]}]},{\"@type\":\"ImageObject\",\"inLanguage\":\"es\",\"@id\":\"https:\\\/\\\/www.copealcoy.es\\\/es\\\/las-itv-califican-de-chapuza-el-proceso-de-reversion\\\/#primaryimage\",\"url\":\"https:\\\/\\\/www.copealcoy.es\\\/wp-content\\\/uploads\\\/2023\\\/02\\\/1667451255191.jpg\",\"contentUrl\":\"https:\\\/\\\/www.copealcoy.es\\\/wp-content\\\/uploads\\\/2023\\\/02\\\/1667451255191.jpg\",\"width\":976,\"height\":651},{\"@type\":\"BreadcrumbList\",\"@id\":\"https:\\\/\\\/www.copealcoy.es\\\/es\\\/las-itv-califican-de-chapuza-el-proceso-de-reversion\\\/#breadcrumb\",\"itemListElement\":[{\"@type\":\"ListItem\",\"position\":1,\"name\":\"Portada\",\"item\":\"https:\\\/\\\/www.copealcoy.es\\\/es\\\/\"},{\"@type\":\"ListItem\",\"position\":2,\"name\":\"Las ITV califican de &#8216;chapuza&#8217; el proceso de reversi\u00f3n\"}]},{\"@type\":\"WebSite\",\"@id\":\"https:\\\/\\\/www.copealcoy.es\\\/es\\\/#website\",\"url\":\"https:\\\/\\\/www.copealcoy.es\\\/es\\\/\",\"name\":\"COPE Alcoy\",\"description\":\"Emisora COPE de radio local con emisi\u00f3n online. Pont de Sant Jordi 8-10 03803 Alcoy\",\"potentialAction\":[{\"@type\":\"SearchAction\",\"target\":{\"@type\":\"EntryPoint\",\"urlTemplate\":\"https:\\\/\\\/www.copealcoy.es\\\/es\\\/?s={search_term_string}\"},\"query-input\":{\"@type\":\"PropertyValueSpecification\",\"valueRequired\":true,\"valueName\":\"search_term_string\"}}],\"inLanguage\":\"es\"},{\"@type\":\"Person\",\"@id\":\"https:\\\/\\\/www.copealcoy.es\\\/es\\\/#\\\/schema\\\/person\\\/e777c87fa024e57d40170af9df39882c\",\"name\":\"Cope Alcoy\",\"image\":{\"@type\":\"ImageObject\",\"inLanguage\":\"es\",\"@id\":\"https:\\\/\\\/secure.gravatar.com\\\/avatar\\\/bb65d0283347e303893ba14f0692005417c1e0e690a325a4c5d8bb2b3943ee14?s=96&d=mm&r=g\",\"url\":\"https:\\\/\\\/secure.gravatar.com\\\/avatar\\\/bb65d0283347e303893ba14f0692005417c1e0e690a325a4c5d8bb2b3943ee14?s=96&d=mm&r=g\",\"contentUrl\":\"https:\\\/\\\/secure.gravatar.com\\\/avatar\\\/bb65d0283347e303893ba14f0692005417c1e0e690a325a4c5d8bb2b3943ee14?s=96&d=mm&r=g\",\"caption\":\"Cope Alcoy\"}}]}<\/script>\n<!-- \/ Yoast SEO plugin. -->","yoast_head_json":{"title":"Las ITV califican de 'chapuza' el proceso de reversi\u00f3n - COPE Alcoy","description":"A partir del lunes comenzar\u00e1 a ser efectivo el proceso de reversi\u00f3n p\u00fablica de buena parte de las ITV's valencianas, entre ellas la de Alcoy","robots":{"index":"index","follow":"follow","max-snippet":"max-snippet:-1","max-image-preview":"max-image-preview:large","max-video-preview":"max-video-preview:-1"},"canonical":"https:\/\/www.copealcoy.es\/es\/las-itv-califican-de-chapuza-el-proceso-de-reversion\/","og_locale":"es_ES","og_type":"article","og_title":"Las ITV califican de 'chapuza' el proceso de reversi\u00f3n - COPE Alcoy","og_description":"A partir del lunes comenzar\u00e1 a ser efectivo el proceso de reversi\u00f3n p\u00fablica de buena parte de las ITV's valencianas, entre ellas la de Alcoy","og_url":"https:\/\/www.copealcoy.es\/es\/las-itv-califican-de-chapuza-el-proceso-de-reversion\/","og_site_name":"COPE Alcoy","article_published_time":"2023-02-24T12:08:51+00:00","article_modified_time":"2023-02-24T14:07:50+00:00","og_image":[{"width":976,"height":651,"url":"https:\/\/www.copealcoy.es\/wp-content\/uploads\/2023\/02\/1667451255191.jpg","type":"image\/jpeg"}],"author":"Cope Alcoy","twitter_misc":{"Escrito por":"Cope Alcoy","Tiempo de lectura":"2 minutos"},"schema":{"@context":"https:\/\/schema.org","@graph":[{"@type":"Article","@id":"https:\/\/www.copealcoy.es\/es\/las-itv-califican-de-chapuza-el-proceso-de-reversion\/#article","isPartOf":{"@id":"https:\/\/www.copealcoy.es\/es\/las-itv-califican-de-chapuza-el-proceso-de-reversion\/"},"author":{"name":"Cope Alcoy","@id":"https:\/\/www.copealcoy.es\/es\/#\/schema\/person\/e777c87fa024e57d40170af9df39882c"},"headline":"Las ITV califican de &#8216;chapuza&#8217; el proceso de reversi\u00f3n","datePublished":"2023-02-24T12:08:51+00:00","dateModified":"2023-02-24T14:07:50+00:00","mainEntityOfPage":{"@id":"https:\/\/www.copealcoy.es\/es\/las-itv-califican-de-chapuza-el-proceso-de-reversion\/"},"wordCount":413,"commentCount":0,"image":{"@id":"https:\/\/www.copealcoy.es\/es\/las-itv-califican-de-chapuza-el-proceso-de-reversion\/#primaryimage"},"thumbnailUrl":"https:\/\/www.copealcoy.es\/wp-content\/uploads\/2023\/02\/1667451255191.jpg","keywords":["Alcoy","Generalitat Valenciana","gesti\u00f3n p\u00fablica","ITV","reversi\u00f3n"],"articleSection":["Actualidad","Alcoy","Noticias","Portada"],"inLanguage":"es"},{"@type":"WebPage","@id":"https:\/\/www.copealcoy.es\/es\/las-itv-califican-de-chapuza-el-proceso-de-reversion\/","url":"https:\/\/www.copealcoy.es\/es\/las-itv-califican-de-chapuza-el-proceso-de-reversion\/","name":"Las ITV califican de 'chapuza' el proceso de reversi\u00f3n - COPE Alcoy","isPartOf":{"@id":"https:\/\/www.copealcoy.es\/es\/#website"},"primaryImageOfPage":{"@id":"https:\/\/www.copealcoy.es\/es\/las-itv-califican-de-chapuza-el-proceso-de-reversion\/#primaryimage"},"image":{"@id":"https:\/\/www.copealcoy.es\/es\/las-itv-califican-de-chapuza-el-proceso-de-reversion\/#primaryimage"},"thumbnailUrl":"https:\/\/www.copealcoy.es\/wp-content\/uploads\/2023\/02\/1667451255191.jpg","datePublished":"2023-02-24T12:08:51+00:00","dateModified":"2023-02-24T14:07:50+00:00","author":{"@id":"https:\/\/www.copealcoy.es\/es\/#\/schema\/person\/e777c87fa024e57d40170af9df39882c"},"description":"A partir del lunes comenzar\u00e1 a ser efectivo el proceso de reversi\u00f3n p\u00fablica de buena parte de las ITV's valencianas, entre ellas la de Alcoy","breadcrumb":{"@id":"https:\/\/www.copealcoy.es\/es\/las-itv-califican-de-chapuza-el-proceso-de-reversion\/#breadcrumb"},"inLanguage":"es","potentialAction":[{"@type":"ReadAction","target":["https:\/\/www.copealcoy.es\/es\/las-itv-califican-de-chapuza-el-proceso-de-reversion\/"]}]},{"@type":"ImageObject","inLanguage":"es","@id":"https:\/\/www.copealcoy.es\/es\/las-itv-califican-de-chapuza-el-proceso-de-reversion\/#primaryimage","url":"https:\/\/www.copealcoy.es\/wp-content\/uploads\/2023\/02\/1667451255191.jpg","contentUrl":"https:\/\/www.copealcoy.es\/wp-content\/uploads\/2023\/02\/1667451255191.jpg","width":976,"height":651},{"@type":"BreadcrumbList","@id":"https:\/\/www.copealcoy.es\/es\/las-itv-califican-de-chapuza-el-proceso-de-reversion\/#breadcrumb","itemListElement":[{"@type":"ListItem","position":1,"name":"Portada","item":"https:\/\/www.copealcoy.es\/es\/"},{"@type":"ListItem","position":2,"name":"Las ITV califican de &#8216;chapuza&#8217; el proceso de reversi\u00f3n"}]},{"@type":"WebSite","@id":"https:\/\/www.copealcoy.es\/es\/#website","url":"https:\/\/www.copealcoy.es\/es\/","name":"COPE Alcoy","description":"Emisora COPE de radio local con emisi\u00f3n online. Pont de Sant Jordi 8-10 03803 Alcoy","potentialAction":[{"@type":"SearchAction","target":{"@type":"EntryPoint","urlTemplate":"https:\/\/www.copealcoy.es\/es\/?s={search_term_string}"},"query-input":{"@type":"PropertyValueSpecification","valueRequired":true,"valueName":"search_term_string"}}],"inLanguage":"es"},{"@type":"Person","@id":"https:\/\/www.copealcoy.es\/es\/#\/schema\/person\/e777c87fa024e57d40170af9df39882c","name":"Cope Alcoy","image":{"@type":"ImageObject","inLanguage":"es","@id":"https:\/\/secure.gravatar.com\/avatar\/bb65d0283347e303893ba14f0692005417c1e0e690a325a4c5d8bb2b3943ee14?s=96&d=mm&r=g","url":"https:\/\/secure.gravatar.com\/avatar\/bb65d0283347e303893ba14f0692005417c1e0e690a325a4c5d8bb2b3943ee14?s=96&d=mm&r=g","contentUrl":"https:\/\/secure.gravatar.com\/avatar\/bb65d0283347e303893ba14f0692005417c1e0e690a325a4c5d8bb2b3943ee14?s=96&d=mm&r=g","caption":"Cope Alcoy"}}]}},"_links":{"self":[{"href":"https:\/\/www.copealcoy.es\/es\/wp-json\/wp\/v2\/posts\/111103","targetHints":{"allow":["GET"]}}],"collection":[{"href":"https:\/\/www.copealcoy.es\/es\/wp-json\/wp\/v2\/posts"}],"about":[{"href":"https:\/\/www.copealcoy.es\/es\/wp-json\/wp\/v2\/types\/post"}],"author":[{"embeddable":true,"href":"https:\/\/www.copealcoy.es\/es\/wp-json\/wp\/v2\/users\/1"}],"replies":[{"embeddable":true,"href":"https:\/\/www.copealcoy.es\/es\/wp-json\/wp\/v2\/comments?post=111103"}],"version-history":[{"count":0,"href":"https:\/\/www.copealcoy.es\/es\/wp-json\/wp\/v2\/posts\/111103\/revisions"}],"wp:featuredmedia":[{"embeddable":true,"href":"https:\/\/www.copealcoy.es\/es\/wp-json\/wp\/v2\/media\/111113"}],"wp:attachment":[{"href":"https:\/\/www.copealcoy.es\/es\/wp-json\/wp\/v2\/media?parent=111103"}],"wp:term":[{"taxonomy":"category","embeddable":true,"href":"https:\/\/www.copealcoy.es\/es\/wp-json\/wp\/v2\/categories?post=111103"},{"taxonomy":"post_tag","embeddable":true,"href":"https:\/\/www.copealcoy.es\/es\/wp-json\/wp\/v2\/tags?post=111103"}],"curies":[{"name":"wp","href":"https:\/\/api.w.org\/{rel}","templated":true}]}}