{"id":110953,"date":"2023-02-22T12:00:35","date_gmt":"2023-02-22T11:00:35","guid":{"rendered":"https:\/\/www.copealcoy.es\/?p=110953"},"modified":"2023-02-22T17:51:55","modified_gmt":"2023-02-22T16:51:55","slug":"el-alcoyano-quiere-finalizar-temporada-sin-arrastrar-ninguna-deuda","status":"publish","type":"post","link":"https:\/\/www.copealcoy.es\/es\/el-alcoyano-quiere-finalizar-temporada-sin-arrastrar-ninguna-deuda\/","title":{"rendered":"El Alcoyano quiere finalizar temporada sin arrastrar ninguna deuda"},"content":{"rendered":"<p style=\"text-align: justify;\">El <a href=\"https:\/\/www.cdalcoyano.com\/\" target=\"_blank\" rel=\"noopener\"><strong><span style=\"color: #0000ff;\">Club Deportivo Alcoyano<\/span><\/strong><\/a> se ha fijado como objetivo <strong>finalizar la actual temporada deportiva<\/strong> sin arrastrar ninguna deuda heredada de etapas anteriores. Por este motivo, como ya avanzaba COPE ALCOY en su momento, <strong>uno de los pasos iniciales que se dieron antes de finalizar el a\u00f1o 2023 fue la llegada del empresario Juan Carlos Ram\u00edrez<\/strong> adquiriendo <strong>la mayor\u00eda de las acciones<\/strong> con el fin de dar liquidez a la entidad deportiva.<\/p>\n<p style=\"text-align: justify;\">Ahora, una vez iniciado 2023, <strong>se ha dado un nuevo paso en la Junta Extraordinaria de Accionistas<\/strong> celebrada el pasado lunes 20 de febrero. Se trata de <strong>la ampliaci\u00f3n del capital social<\/strong> por un importe total de 1.200.000 euros por medio de la emisi\u00f3n de 2.400.001 nuevas acciones a 0&#8217;50 euros de valor nominal cada una de ellas. De esta forma el capital social del Club pasa a 70.501 euros y despu\u00e9s de esta operaci\u00f3n el mencionado Juan Carlos Ram\u00edrez las comprar\u00e1 todas pasando as\u00ed a tener el control del Club &#8220;<em>es una ampliaci\u00f3n de capital igual para todos los accionistas, ahora mismo muchas empresas alcoyanas, con lo cual todo el mundo tiene el mismo derecho a comprarlas&#8221;<\/em>, significaba a esta casa hoy mi\u00e9rcoles el mismo presidente del Alcoyano; <strong>Toni Justicia<\/strong>. El dirigente<strong> no oculta que la situaci\u00f3n econ\u00f3mica del Club de la moral era muy complicada meses atr\u00e1s<\/strong> y se\u00f1ala que <strong>hay un objetivo claro de cara a los pr\u00f3ximos meses<\/strong> &#8220;<em>queremos conseguir finalizar la temporada deportiva con toda la deuda saldada para as\u00ed iniciar la pr\u00f3xima con nuevos retos<\/em>&#8220;, destacaba Justicia.<\/p>\n<audio class=\"wp-audio-shortcode\" id=\"audio-110953-1\" preload=\"none\" style=\"width: 100%;\" controls=\"controls\"><source type=\"audio\/mpeg\" src=\"https:\/\/www.copealcoy.es\/wp-content\/uploads\/2023\/02\/Alcoyano.mp3?_=1\" \/><a href=\"https:\/\/www.copealcoy.es\/wp-content\/uploads\/2023\/02\/Alcoyano.mp3\">https:\/\/www.copealcoy.es\/wp-content\/uploads\/2023\/02\/Alcoyano.mp3<\/a><\/audio>\n<p style=\"text-align: justify;\">Por otra parte <strong>la afici\u00f3n tiene sus dudas sobre esta situaci\u00f3n<\/strong>. Desde las filas blanquiazules ven positivamente que se est\u00e9n dando pasos para sanear econ\u00f3micamente el Club pero <strong>tienen sus dudas<\/strong> ante el hecho de que el empresario controle todo el accionariado. En COPE ALCOY hemos salido a la calle para conocer de cerca algunas opiniones que hemos recogido:<\/p>\n<audio class=\"wp-audio-shortcode\" id=\"audio-110953-2\" preload=\"none\" style=\"width: 100%;\" controls=\"controls\"><source type=\"audio\/mpeg\" src=\"https:\/\/www.copealcoy.es\/wp-content\/uploads\/2023\/02\/Gente-Alcoyano.mp3?_=2\" \/><a href=\"https:\/\/www.copealcoy.es\/wp-content\/uploads\/2023\/02\/Gente-Alcoyano.mp3\">https:\/\/www.copealcoy.es\/wp-content\/uploads\/2023\/02\/Gente-Alcoyano.mp3<\/a><\/audio>\n<p style=\"text-align: justify;\">Recortar que hasta el momento las acciones del Club Deportivo Alcoyano estaban en el poder de varias personas de Alcoy, <strong>muchas de ellas vinculadas al sector empresarial<\/strong>, y que en su momento l<strong>as adquirieron con un valor de unos diez euros<\/strong>. Mientras se dan pasos en lo econ\u00f3mico, <strong>la afici\u00f3n mira con lupa lo deportivo<\/strong>. Los nuestros pasan la semana <strong>en la posici\u00f3n 11 de la tabla clasificatoria con 31 puntos<\/strong> despu\u00e9s de empatar 1-1 en El Collao el pasado fin de semana ante el Real Sociedad B. El pr\u00f3ximo encuentro es fuera de casa, <strong>ante el Barcelona B<\/strong>, este s\u00e1bado a las 19:00h.<\/p>\n","protected":false},"excerpt":{"rendered":"<p>El Club Deportivo Alcoyano se ha fijado como objetivo finalizar la actual temporada deportiva sin arrastrar ninguna deuda heredada de&#8230;<\/p>\n","protected":false},"author":1,"featured_media":76851,"comment_status":"open","ping_status":"open","sticky":false,"template":"","format":"standard","meta":{"footnotes":""},"categories":[6909,97,92,75],"tags":[1494,140,1338,14089,14090],"class_list":["post-110953","post","type-post","status-publish","format-standard","has-post-thumbnail","hentry","category-actualidad","category-alcoy","category-deportes","category-noticias","tag-alcoy","tag-alcoyano","tag-ampliacion","tag-capital-social","tag-juan-carlos-ramirez"],"yoast_head":"<!-- This site is optimized with the Yoast SEO plugin v27.3 - https:\/\/yoast.com\/product\/yoast-seo-wordpress\/ -->\n<title>El Alcoyano quiere finalizar temporada sin arrastrar ninguna deuda - COPE Alcoy<\/title>\n<meta name=\"description\" content=\"El Club Deportivo Alcoyano se ha fijado como objetivo finalizar la actual temporada deportiva sin arrastrar ninguna deuda\" \/>\n<meta name=\"robots\" content=\"index, follow, max-snippet:-1, max-image-preview:large, max-video-preview:-1\" \/>\n<link rel=\"canonical\" href=\"https:\/\/www.copealcoy.es\/es\/el-alcoyano-quiere-finalizar-temporada-sin-arrastrar-ninguna-deuda\/\" \/>\n<meta property=\"og:locale\" content=\"es_ES\" \/>\n<meta property=\"og:type\" content=\"article\" \/>\n<meta property=\"og:title\" content=\"El Alcoyano quiere finalizar temporada sin arrastrar ninguna deuda - COPE Alcoy\" \/>\n<meta property=\"og:description\" content=\"El Club Deportivo Alcoyano se ha fijado como objetivo finalizar la actual temporada deportiva sin arrastrar ninguna deuda\" \/>\n<meta property=\"og:url\" content=\"https:\/\/www.copealcoy.es\/es\/el-alcoyano-quiere-finalizar-temporada-sin-arrastrar-ninguna-deuda\/\" \/>\n<meta property=\"og:site_name\" content=\"COPE Alcoy\" \/>\n<meta property=\"article:published_time\" content=\"2023-02-22T11:00:35+00:00\" \/>\n<meta property=\"article:modified_time\" content=\"2023-02-22T16:51:55+00:00\" \/>\n<meta property=\"og:image\" content=\"https:\/\/www.copealcoy.es\/wp-content\/uploads\/2021\/08\/Camp-de-futbol-municipal-El-Collao-e1641574273355.jpg\" \/>\n\t<meta property=\"og:image:width\" content=\"640\" \/>\n\t<meta property=\"og:image:height\" content=\"480\" \/>\n\t<meta property=\"og:image:type\" content=\"image\/jpeg\" \/>\n<meta name=\"author\" content=\"Cope Alcoy\" \/>\n<meta name=\"twitter:label1\" content=\"Escrito por\" \/>\n\t<meta name=\"twitter:data1\" content=\"Cope Alcoy\" \/>\n\t<meta name=\"twitter:label2\" content=\"Tiempo de lectura\" \/>\n\t<meta name=\"twitter:data2\" content=\"2 minutos\" \/>\n<script type=\"application\/ld+json\" class=\"yoast-schema-graph\">{\"@context\":\"https:\\\/\\\/schema.org\",\"@graph\":[{\"@type\":\"Article\",\"@id\":\"https:\\\/\\\/www.copealcoy.es\\\/es\\\/el-alcoyano-quiere-finalizar-temporada-sin-arrastrar-ninguna-deuda\\\/#article\",\"isPartOf\":{\"@id\":\"https:\\\/\\\/www.copealcoy.es\\\/es\\\/el-alcoyano-quiere-finalizar-temporada-sin-arrastrar-ninguna-deuda\\\/\"},\"author\":{\"name\":\"Cope Alcoy\",\"@id\":\"https:\\\/\\\/www.copealcoy.es\\\/es\\\/#\\\/schema\\\/person\\\/e777c87fa024e57d40170af9df39882c\"},\"headline\":\"El Alcoyano quiere finalizar temporada sin arrastrar ninguna deuda\",\"datePublished\":\"2023-02-22T11:00:35+00:00\",\"dateModified\":\"2023-02-22T16:51:55+00:00\",\"mainEntityOfPage\":{\"@id\":\"https:\\\/\\\/www.copealcoy.es\\\/es\\\/el-alcoyano-quiere-finalizar-temporada-sin-arrastrar-ninguna-deuda\\\/\"},\"wordCount\":465,\"commentCount\":0,\"image\":{\"@id\":\"https:\\\/\\\/www.copealcoy.es\\\/es\\\/el-alcoyano-quiere-finalizar-temporada-sin-arrastrar-ninguna-deuda\\\/#primaryimage\"},\"thumbnailUrl\":\"https:\\\/\\\/www.copealcoy.es\\\/wp-content\\\/uploads\\\/2021\\\/08\\\/Camp-de-futbol-municipal-El-Collao-e1641574273355.jpg\",\"keywords\":[\"Alcoy\",\"Alcoyano\",\"ampliaci\u00f3n\",\"capital social\",\"Juan Carlos Ram\u00edrez\"],\"articleSection\":[\"Actualidad\",\"Alcoy\",\"Deportes\",\"Noticias\"],\"inLanguage\":\"es\"},{\"@type\":\"WebPage\",\"@id\":\"https:\\\/\\\/www.copealcoy.es\\\/es\\\/el-alcoyano-quiere-finalizar-temporada-sin-arrastrar-ninguna-deuda\\\/\",\"url\":\"https:\\\/\\\/www.copealcoy.es\\\/es\\\/el-alcoyano-quiere-finalizar-temporada-sin-arrastrar-ninguna-deuda\\\/\",\"name\":\"El Alcoyano quiere finalizar temporada sin arrastrar ninguna deuda - COPE Alcoy\",\"isPartOf\":{\"@id\":\"https:\\\/\\\/www.copealcoy.es\\\/es\\\/#website\"},\"primaryImageOfPage\":{\"@id\":\"https:\\\/\\\/www.copealcoy.es\\\/es\\\/el-alcoyano-quiere-finalizar-temporada-sin-arrastrar-ninguna-deuda\\\/#primaryimage\"},\"image\":{\"@id\":\"https:\\\/\\\/www.copealcoy.es\\\/es\\\/el-alcoyano-quiere-finalizar-temporada-sin-arrastrar-ninguna-deuda\\\/#primaryimage\"},\"thumbnailUrl\":\"https:\\\/\\\/www.copealcoy.es\\\/wp-content\\\/uploads\\\/2021\\\/08\\\/Camp-de-futbol-municipal-El-Collao-e1641574273355.jpg\",\"datePublished\":\"2023-02-22T11:00:35+00:00\",\"dateModified\":\"2023-02-22T16:51:55+00:00\",\"author\":{\"@id\":\"https:\\\/\\\/www.copealcoy.es\\\/es\\\/#\\\/schema\\\/person\\\/e777c87fa024e57d40170af9df39882c\"},\"description\":\"El Club Deportivo Alcoyano se ha fijado como objetivo finalizar la actual temporada deportiva sin arrastrar ninguna deuda\",\"breadcrumb\":{\"@id\":\"https:\\\/\\\/www.copealcoy.es\\\/es\\\/el-alcoyano-quiere-finalizar-temporada-sin-arrastrar-ninguna-deuda\\\/#breadcrumb\"},\"inLanguage\":\"es\",\"potentialAction\":[{\"@type\":\"ReadAction\",\"target\":[\"https:\\\/\\\/www.copealcoy.es\\\/es\\\/el-alcoyano-quiere-finalizar-temporada-sin-arrastrar-ninguna-deuda\\\/\"]}]},{\"@type\":\"ImageObject\",\"inLanguage\":\"es\",\"@id\":\"https:\\\/\\\/www.copealcoy.es\\\/es\\\/el-alcoyano-quiere-finalizar-temporada-sin-arrastrar-ninguna-deuda\\\/#primaryimage\",\"url\":\"https:\\\/\\\/www.copealcoy.es\\\/wp-content\\\/uploads\\\/2021\\\/08\\\/Camp-de-futbol-municipal-El-Collao-e1641574273355.jpg\",\"contentUrl\":\"https:\\\/\\\/www.copealcoy.es\\\/wp-content\\\/uploads\\\/2021\\\/08\\\/Camp-de-futbol-municipal-El-Collao-e1641574273355.jpg\",\"width\":640,\"height\":480},{\"@type\":\"BreadcrumbList\",\"@id\":\"https:\\\/\\\/www.copealcoy.es\\\/es\\\/el-alcoyano-quiere-finalizar-temporada-sin-arrastrar-ninguna-deuda\\\/#breadcrumb\",\"itemListElement\":[{\"@type\":\"ListItem\",\"position\":1,\"name\":\"Portada\",\"item\":\"https:\\\/\\\/www.copealcoy.es\\\/es\\\/\"},{\"@type\":\"ListItem\",\"position\":2,\"name\":\"El Alcoyano quiere finalizar temporada sin arrastrar ninguna deuda\"}]},{\"@type\":\"WebSite\",\"@id\":\"https:\\\/\\\/www.copealcoy.es\\\/es\\\/#website\",\"url\":\"https:\\\/\\\/www.copealcoy.es\\\/es\\\/\",\"name\":\"COPE Alcoy\",\"description\":\"Emisora COPE de radio local con emisi\u00f3n online. Pont de Sant Jordi 8-10 03803 Alcoy\",\"potentialAction\":[{\"@type\":\"SearchAction\",\"target\":{\"@type\":\"EntryPoint\",\"urlTemplate\":\"https:\\\/\\\/www.copealcoy.es\\\/es\\\/?s={search_term_string}\"},\"query-input\":{\"@type\":\"PropertyValueSpecification\",\"valueRequired\":true,\"valueName\":\"search_term_string\"}}],\"inLanguage\":\"es\"},{\"@type\":\"Person\",\"@id\":\"https:\\\/\\\/www.copealcoy.es\\\/es\\\/#\\\/schema\\\/person\\\/e777c87fa024e57d40170af9df39882c\",\"name\":\"Cope Alcoy\",\"image\":{\"@type\":\"ImageObject\",\"inLanguage\":\"es\",\"@id\":\"https:\\\/\\\/secure.gravatar.com\\\/avatar\\\/bb65d0283347e303893ba14f0692005417c1e0e690a325a4c5d8bb2b3943ee14?s=96&d=mm&r=g\",\"url\":\"https:\\\/\\\/secure.gravatar.com\\\/avatar\\\/bb65d0283347e303893ba14f0692005417c1e0e690a325a4c5d8bb2b3943ee14?s=96&d=mm&r=g\",\"contentUrl\":\"https:\\\/\\\/secure.gravatar.com\\\/avatar\\\/bb65d0283347e303893ba14f0692005417c1e0e690a325a4c5d8bb2b3943ee14?s=96&d=mm&r=g\",\"caption\":\"Cope Alcoy\"}}]}<\/script>\n<!-- \/ Yoast SEO plugin. -->","yoast_head_json":{"title":"El Alcoyano quiere finalizar temporada sin arrastrar ninguna deuda - COPE Alcoy","description":"El Club Deportivo Alcoyano se ha fijado como objetivo finalizar la actual temporada deportiva sin arrastrar ninguna deuda","robots":{"index":"index","follow":"follow","max-snippet":"max-snippet:-1","max-image-preview":"max-image-preview:large","max-video-preview":"max-video-preview:-1"},"canonical":"https:\/\/www.copealcoy.es\/es\/el-alcoyano-quiere-finalizar-temporada-sin-arrastrar-ninguna-deuda\/","og_locale":"es_ES","og_type":"article","og_title":"El Alcoyano quiere finalizar temporada sin arrastrar ninguna deuda - COPE Alcoy","og_description":"El Club Deportivo Alcoyano se ha fijado como objetivo finalizar la actual temporada deportiva sin arrastrar ninguna deuda","og_url":"https:\/\/www.copealcoy.es\/es\/el-alcoyano-quiere-finalizar-temporada-sin-arrastrar-ninguna-deuda\/","og_site_name":"COPE Alcoy","article_published_time":"2023-02-22T11:00:35+00:00","article_modified_time":"2023-02-22T16:51:55+00:00","og_image":[{"width":640,"height":480,"url":"https:\/\/www.copealcoy.es\/wp-content\/uploads\/2021\/08\/Camp-de-futbol-municipal-El-Collao-e1641574273355.jpg","type":"image\/jpeg"}],"author":"Cope Alcoy","twitter_misc":{"Escrito por":"Cope Alcoy","Tiempo de lectura":"2 minutos"},"schema":{"@context":"https:\/\/schema.org","@graph":[{"@type":"Article","@id":"https:\/\/www.copealcoy.es\/es\/el-alcoyano-quiere-finalizar-temporada-sin-arrastrar-ninguna-deuda\/#article","isPartOf":{"@id":"https:\/\/www.copealcoy.es\/es\/el-alcoyano-quiere-finalizar-temporada-sin-arrastrar-ninguna-deuda\/"},"author":{"name":"Cope Alcoy","@id":"https:\/\/www.copealcoy.es\/es\/#\/schema\/person\/e777c87fa024e57d40170af9df39882c"},"headline":"El Alcoyano quiere finalizar temporada sin arrastrar ninguna deuda","datePublished":"2023-02-22T11:00:35+00:00","dateModified":"2023-02-22T16:51:55+00:00","mainEntityOfPage":{"@id":"https:\/\/www.copealcoy.es\/es\/el-alcoyano-quiere-finalizar-temporada-sin-arrastrar-ninguna-deuda\/"},"wordCount":465,"commentCount":0,"image":{"@id":"https:\/\/www.copealcoy.es\/es\/el-alcoyano-quiere-finalizar-temporada-sin-arrastrar-ninguna-deuda\/#primaryimage"},"thumbnailUrl":"https:\/\/www.copealcoy.es\/wp-content\/uploads\/2021\/08\/Camp-de-futbol-municipal-El-Collao-e1641574273355.jpg","keywords":["Alcoy","Alcoyano","ampliaci\u00f3n","capital social","Juan Carlos Ram\u00edrez"],"articleSection":["Actualidad","Alcoy","Deportes","Noticias"],"inLanguage":"es"},{"@type":"WebPage","@id":"https:\/\/www.copealcoy.es\/es\/el-alcoyano-quiere-finalizar-temporada-sin-arrastrar-ninguna-deuda\/","url":"https:\/\/www.copealcoy.es\/es\/el-alcoyano-quiere-finalizar-temporada-sin-arrastrar-ninguna-deuda\/","name":"El Alcoyano quiere finalizar temporada sin arrastrar ninguna deuda - COPE Alcoy","isPartOf":{"@id":"https:\/\/www.copealcoy.es\/es\/#website"},"primaryImageOfPage":{"@id":"https:\/\/www.copealcoy.es\/es\/el-alcoyano-quiere-finalizar-temporada-sin-arrastrar-ninguna-deuda\/#primaryimage"},"image":{"@id":"https:\/\/www.copealcoy.es\/es\/el-alcoyano-quiere-finalizar-temporada-sin-arrastrar-ninguna-deuda\/#primaryimage"},"thumbnailUrl":"https:\/\/www.copealcoy.es\/wp-content\/uploads\/2021\/08\/Camp-de-futbol-municipal-El-Collao-e1641574273355.jpg","datePublished":"2023-02-22T11:00:35+00:00","dateModified":"2023-02-22T16:51:55+00:00","author":{"@id":"https:\/\/www.copealcoy.es\/es\/#\/schema\/person\/e777c87fa024e57d40170af9df39882c"},"description":"El Club Deportivo Alcoyano se ha fijado como objetivo finalizar la actual temporada deportiva sin arrastrar ninguna deuda","breadcrumb":{"@id":"https:\/\/www.copealcoy.es\/es\/el-alcoyano-quiere-finalizar-temporada-sin-arrastrar-ninguna-deuda\/#breadcrumb"},"inLanguage":"es","potentialAction":[{"@type":"ReadAction","target":["https:\/\/www.copealcoy.es\/es\/el-alcoyano-quiere-finalizar-temporada-sin-arrastrar-ninguna-deuda\/"]}]},{"@type":"ImageObject","inLanguage":"es","@id":"https:\/\/www.copealcoy.es\/es\/el-alcoyano-quiere-finalizar-temporada-sin-arrastrar-ninguna-deuda\/#primaryimage","url":"https:\/\/www.copealcoy.es\/wp-content\/uploads\/2021\/08\/Camp-de-futbol-municipal-El-Collao-e1641574273355.jpg","contentUrl":"https:\/\/www.copealcoy.es\/wp-content\/uploads\/2021\/08\/Camp-de-futbol-municipal-El-Collao-e1641574273355.jpg","width":640,"height":480},{"@type":"BreadcrumbList","@id":"https:\/\/www.copealcoy.es\/es\/el-alcoyano-quiere-finalizar-temporada-sin-arrastrar-ninguna-deuda\/#breadcrumb","itemListElement":[{"@type":"ListItem","position":1,"name":"Portada","item":"https:\/\/www.copealcoy.es\/es\/"},{"@type":"ListItem","position":2,"name":"El Alcoyano quiere finalizar temporada sin arrastrar ninguna deuda"}]},{"@type":"WebSite","@id":"https:\/\/www.copealcoy.es\/es\/#website","url":"https:\/\/www.copealcoy.es\/es\/","name":"COPE Alcoy","description":"Emisora COPE de radio local con emisi\u00f3n online. Pont de Sant Jordi 8-10 03803 Alcoy","potentialAction":[{"@type":"SearchAction","target":{"@type":"EntryPoint","urlTemplate":"https:\/\/www.copealcoy.es\/es\/?s={search_term_string}"},"query-input":{"@type":"PropertyValueSpecification","valueRequired":true,"valueName":"search_term_string"}}],"inLanguage":"es"},{"@type":"Person","@id":"https:\/\/www.copealcoy.es\/es\/#\/schema\/person\/e777c87fa024e57d40170af9df39882c","name":"Cope Alcoy","image":{"@type":"ImageObject","inLanguage":"es","@id":"https:\/\/secure.gravatar.com\/avatar\/bb65d0283347e303893ba14f0692005417c1e0e690a325a4c5d8bb2b3943ee14?s=96&d=mm&r=g","url":"https:\/\/secure.gravatar.com\/avatar\/bb65d0283347e303893ba14f0692005417c1e0e690a325a4c5d8bb2b3943ee14?s=96&d=mm&r=g","contentUrl":"https:\/\/secure.gravatar.com\/avatar\/bb65d0283347e303893ba14f0692005417c1e0e690a325a4c5d8bb2b3943ee14?s=96&d=mm&r=g","caption":"Cope Alcoy"}}]}},"_links":{"self":[{"href":"https:\/\/www.copealcoy.es\/es\/wp-json\/wp\/v2\/posts\/110953","targetHints":{"allow":["GET"]}}],"collection":[{"href":"https:\/\/www.copealcoy.es\/es\/wp-json\/wp\/v2\/posts"}],"about":[{"href":"https:\/\/www.copealcoy.es\/es\/wp-json\/wp\/v2\/types\/post"}],"author":[{"embeddable":true,"href":"https:\/\/www.copealcoy.es\/es\/wp-json\/wp\/v2\/users\/1"}],"replies":[{"embeddable":true,"href":"https:\/\/www.copealcoy.es\/es\/wp-json\/wp\/v2\/comments?post=110953"}],"version-history":[{"count":0,"href":"https:\/\/www.copealcoy.es\/es\/wp-json\/wp\/v2\/posts\/110953\/revisions"}],"wp:featuredmedia":[{"embeddable":true,"href":"https:\/\/www.copealcoy.es\/es\/wp-json\/wp\/v2\/media\/76851"}],"wp:attachment":[{"href":"https:\/\/www.copealcoy.es\/es\/wp-json\/wp\/v2\/media?parent=110953"}],"wp:term":[{"taxonomy":"category","embeddable":true,"href":"https:\/\/www.copealcoy.es\/es\/wp-json\/wp\/v2\/categories?post=110953"},{"taxonomy":"post_tag","embeddable":true,"href":"https:\/\/www.copealcoy.es\/es\/wp-json\/wp\/v2\/tags?post=110953"}],"curies":[{"name":"wp","href":"https:\/\/api.w.org\/{rel}","templated":true}]}}