{"id":110920,"date":"2023-02-22T11:23:00","date_gmt":"2023-02-22T10:23:00","guid":{"rendered":"https:\/\/www.copealcoy.es\/?p=110920"},"modified":"2023-02-22T17:39:36","modified_gmt":"2023-02-22T16:39:36","slug":"habra-proyecto-para-la-pinacoteca-de-alcoy-antes-de-que-acabe-la-legislatura","status":"publish","type":"post","link":"https:\/\/www.copealcoy.es\/es\/habra-proyecto-para-la-pinacoteca-de-alcoy-antes-de-que-acabe-la-legislatura\/","title":{"rendered":"Habr\u00e1 proyecto para la pinacoteca de Alcoy antes de que acabe la legislatura"},"content":{"rendered":"<p style=\"text-align: justify;\"><strong>Fernando Cabrera<\/strong>, <strong>Antonio<\/strong> <strong>Gisbert<\/strong>, <strong>Francisco Laporta<\/strong>\u00a0o <strong>Emilio Sala<\/strong> son solo algunos de los artistas que el siglo de oro de la pintura en Alcoy ha dado al mundo del arte. Reunir parte de su trabajo en un mismo espacio es abrir la posibilidad a los alcoyanos de que conozcan su obra. Y este es el objetivo de instalar una <strong>pinacoteca<\/strong> en la ciudad.<\/p>\n<p style=\"text-align: justify;\">Un proyecto que ya tiene ubicaci\u00f3n, <strong>el antiguo Asilo del Cam\u00ed<\/strong>, y que lleva tiempo gest\u00e1ndose. Seg\u00fan ha asegurado <strong>Toni Franc\u00e9s<\/strong>, alcalde de la ciudad, <strong>la redacci\u00f3n del proyecto saldr\u00e1 a concurso p\u00fablico en las pr\u00f3ximas semanas<\/strong>, es decir, antes de que acabe la legislatura. &#8220;Hemos hecho una memoria valorada, en la que se define c\u00f3mo va a ser la pinacoteca. Estamos en condiciones de poder licitar en breves la redacci\u00f3n del proyecto&#8221;.<\/p>\n<p style=\"text-align: justify;\">A pesar de que son muchas las exposiciones que se han organizado en la ciudad sobre artistas alcoyanos, contar con un espacio que recoja su obra supone dar un paso m\u00e1s en su reconocimiento. &#8220;Tenemos ese gran patrimonio que atesoramos gracias a ese siglo de oro que tuvo la pintura alcoyana. Destac\u00f3 a nivel nacional e internacional. No hab\u00eda un espacio en el que acoger y mostrar esa obra. Era una deuda que ten\u00eda la ciudad muy reivindicada por los alcoyanos&#8221;, explica Franc\u00e9s en declaraciones a <strong>Cope Alcoy<\/strong>.<\/p>\n<p style=\"text-align: justify;\">Sobre c\u00f3mo funcionar\u00e1 la pinacoteca, el alcalde adelanta que se apostar\u00e1 sobre todo por <strong>exposiciones temporales<\/strong> que permitan ir conociendo las distintas \u00e9pocas y artistas de la pintura alcoyana. Tambi\u00e9n cabe la posibilidad de que el museo cuente con alguna <strong>exposici\u00f3n permanente<\/strong>. &#8220;Hay fondos p\u00fablicos del Ayuntamiento y de otras Administraciones -Generalitat Valenciana, Museo del Prado o Diputaci\u00f3n de Alicante- que pueden formar parte de esas exposiciones temporales. Adem\u00e1s, contamos con el ofrecimiento de muchas colecciones privadas que quieren que se puedan mostrar las obras que tienen&#8221;.<\/p>\n<p style=\"text-align: justify;\">Y la pinacoteca no solo se limitar\u00e1 a artistas del siglo XIX. Pretende ser un espacio que <strong>recoja la obra de pintores alcoyanos de distintas \u00e9pocas<\/strong>, incluso actuales. &#8220;Tenemos la suerte de que en todas las \u00e9pocas ha habido y hay grandes artistas. Ahora mismo tenemos nuevos artistas con una proyecci\u00f3n muy importante&#8221;, a\u00f1ade el alcalde.<\/p>\n<p style=\"text-align: justify;\"><span style=\"color: #333333;\"><strong>Un proyecto con Fondos Europeos<\/strong><\/span><\/p>\n<p style=\"text-align: justify;\">El Ayuntamiento anunci\u00f3 el pasado mes de octubre que <strong><span style=\"color: #0000ff;\"><a style=\"color: #0000ff;\" href=\"https:\/\/www.copealcoy.es\/alcoi-rep-16-milions-de-fons-europeus-per-a-impulsar-la-pinacoteca-municipal-en-lantic-asil-del-cami\/\" target=\"_blank\" rel=\"noopener\">el 80% del proyecto vendr\u00eda financiado por los <\/a>Fondos Europeos Next Generation<\/span>.<\/strong> En total, <strong>1,1 millones de euros<\/strong> a los que se sumar\u00e1 el otro 20% que aportar\u00e1n las arcas p\u00fablicas municipales.<\/p>\n<p style=\"text-align: justify;\"><span style=\"color: #333333;\"><strong>El Asilo<\/strong><\/span><\/p>\n<p style=\"text-align: justify;\">El edificio del antiguo Asilo de las Hermanas de los Pobres y Ancianos Desamparados, de estilo ecl\u00e9ctico, fue construido en<strong> 1879-1880 <\/strong>por el maestro de obras<strong> Jos\u00e9 Molt\u00f3 Valor<\/strong>. Dej\u00f3 de utilizarse como residencia de ancianos en agosto de 1979, cuando los usuarios <strong>fueron trasladados al inmueble existente hoy en d\u00eda en la Zona Nord<\/strong>\u00a0junto al Hospital Virgen de los Lirios.<\/p>\n<audio class=\"wp-audio-shortcode\" id=\"audio-110920-1\" preload=\"none\" style=\"width: 100%;\" controls=\"controls\"><source type=\"audio\/mpeg\" src=\"https:\/\/www.copealcoy.es\/wp-content\/uploads\/2023\/02\/2023.02.22.-ENTREVISTA-PINACOTECA.mp3?_=1\" \/><a href=\"https:\/\/www.copealcoy.es\/wp-content\/uploads\/2023\/02\/2023.02.22.-ENTREVISTA-PINACOTECA.mp3\">https:\/\/www.copealcoy.es\/wp-content\/uploads\/2023\/02\/2023.02.22.-ENTREVISTA-PINACOTECA.mp3<\/a><\/audio>\n","protected":false},"excerpt":{"rendered":"<p>Fernando Cabrera, Antonio Gisbert, Francisco Laporta\u00a0o Emilio Sala son solo algunos de los artistas que el siglo de oro de&#8230;<\/p>\n","protected":false},"author":1,"featured_media":72815,"comment_status":"open","ping_status":"open","sticky":false,"template":"","format":"standard","meta":{"footnotes":""},"categories":[97,78,75,125],"tags":[1494,12902,11125,14080],"class_list":["post-110920","post","type-post","status-publish","format-standard","has-post-thumbnail","hentry","category-alcoy","category-fiestaycultura","category-noticias","category-portada","tag-alcoy","tag-arte-municipal","tag-pinacoteca","tag-pintura"],"yoast_head":"<!-- This site is optimized with the Yoast SEO plugin v27.3 - https:\/\/yoast.com\/product\/yoast-seo-wordpress\/ -->\n<title>Habr\u00e1 proyecto para la pinacoteca de Alcoy antes de que acabe la legislatura - COPE Alcoy<\/title>\n<meta name=\"description\" content=\"Fernando Cabrera, Antonio Gisbert, Francisco Laporta\u00a0o Emilio Sala son solo algunos de los artistas que el siglo de oro de la pintura en Alcoy ha dado al mundo del arte. Reunir parte de su trabajo en un mismo espacio es abrir la posibilidad a los alcoyanos de que conozcan su obra. Y este es el objetivo de instalar una pinacoteca en la ciudad.\" \/>\n<meta name=\"robots\" content=\"index, follow, max-snippet:-1, max-image-preview:large, max-video-preview:-1\" \/>\n<link rel=\"canonical\" href=\"https:\/\/www.copealcoy.es\/es\/habra-proyecto-para-la-pinacoteca-de-alcoy-antes-de-que-acabe-la-legislatura\/\" \/>\n<meta property=\"og:locale\" content=\"es_ES\" \/>\n<meta property=\"og:type\" content=\"article\" \/>\n<meta property=\"og:title\" content=\"Habr\u00e1 proyecto para la pinacoteca de Alcoy antes de que acabe la legislatura - COPE Alcoy\" \/>\n<meta property=\"og:description\" content=\"Fernando Cabrera, Antonio Gisbert, Francisco Laporta\u00a0o Emilio Sala son solo algunos de los artistas que el siglo de oro de la pintura en Alcoy ha dado al mundo del arte. Reunir parte de su trabajo en un mismo espacio es abrir la posibilidad a los alcoyanos de que conozcan su obra. Y este es el objetivo de instalar una pinacoteca en la ciudad.\" \/>\n<meta property=\"og:url\" content=\"https:\/\/www.copealcoy.es\/es\/habra-proyecto-para-la-pinacoteca-de-alcoy-antes-de-que-acabe-la-legislatura\/\" \/>\n<meta property=\"og:site_name\" content=\"COPE Alcoy\" \/>\n<meta property=\"article:published_time\" content=\"2023-02-22T10:23:00+00:00\" \/>\n<meta property=\"article:modified_time\" content=\"2023-02-22T16:39:36+00:00\" \/>\n<meta property=\"og:image\" content=\"https:\/\/www.copealcoy.es\/wp-content\/uploads\/2021\/04\/Pinacoteca.jpg\" \/>\n\t<meta property=\"og:image:width\" content=\"1500\" \/>\n\t<meta property=\"og:image:height\" content=\"1000\" \/>\n\t<meta property=\"og:image:type\" content=\"image\/jpeg\" \/>\n<meta name=\"author\" content=\"Cope Alcoy\" \/>\n<meta name=\"twitter:label1\" content=\"Escrito por\" \/>\n\t<meta name=\"twitter:data1\" content=\"Cope Alcoy\" \/>\n\t<meta name=\"twitter:label2\" content=\"Tiempo de lectura\" \/>\n\t<meta name=\"twitter:data2\" content=\"3 minutos\" \/>\n<script type=\"application\/ld+json\" class=\"yoast-schema-graph\">{\"@context\":\"https:\\\/\\\/schema.org\",\"@graph\":[{\"@type\":\"Article\",\"@id\":\"https:\\\/\\\/www.copealcoy.es\\\/es\\\/habra-proyecto-para-la-pinacoteca-de-alcoy-antes-de-que-acabe-la-legislatura\\\/#article\",\"isPartOf\":{\"@id\":\"https:\\\/\\\/www.copealcoy.es\\\/es\\\/habra-proyecto-para-la-pinacoteca-de-alcoy-antes-de-que-acabe-la-legislatura\\\/\"},\"author\":{\"name\":\"Cope Alcoy\",\"@id\":\"https:\\\/\\\/www.copealcoy.es\\\/es\\\/#\\\/schema\\\/person\\\/e777c87fa024e57d40170af9df39882c\"},\"headline\":\"Habr\u00e1 proyecto para la pinacoteca de Alcoy antes de que acabe la legislatura\",\"datePublished\":\"2023-02-22T10:23:00+00:00\",\"dateModified\":\"2023-02-22T16:39:36+00:00\",\"mainEntityOfPage\":{\"@id\":\"https:\\\/\\\/www.copealcoy.es\\\/es\\\/habra-proyecto-para-la-pinacoteca-de-alcoy-antes-de-que-acabe-la-legislatura\\\/\"},\"wordCount\":524,\"commentCount\":0,\"image\":{\"@id\":\"https:\\\/\\\/www.copealcoy.es\\\/es\\\/habra-proyecto-para-la-pinacoteca-de-alcoy-antes-de-que-acabe-la-legislatura\\\/#primaryimage\"},\"thumbnailUrl\":\"https:\\\/\\\/www.copealcoy.es\\\/wp-content\\\/uploads\\\/2021\\\/04\\\/Pinacoteca.jpg\",\"keywords\":[\"Alcoy\",\"Arte Municipal\",\"pinacoteca\",\"pintura\"],\"articleSection\":[\"Alcoy\",\"Fiesta y Cultura\",\"Noticias\",\"Portada\"],\"inLanguage\":\"es\"},{\"@type\":\"WebPage\",\"@id\":\"https:\\\/\\\/www.copealcoy.es\\\/es\\\/habra-proyecto-para-la-pinacoteca-de-alcoy-antes-de-que-acabe-la-legislatura\\\/\",\"url\":\"https:\\\/\\\/www.copealcoy.es\\\/es\\\/habra-proyecto-para-la-pinacoteca-de-alcoy-antes-de-que-acabe-la-legislatura\\\/\",\"name\":\"Habr\u00e1 proyecto para la pinacoteca de Alcoy antes de que acabe la legislatura - COPE Alcoy\",\"isPartOf\":{\"@id\":\"https:\\\/\\\/www.copealcoy.es\\\/es\\\/#website\"},\"primaryImageOfPage\":{\"@id\":\"https:\\\/\\\/www.copealcoy.es\\\/es\\\/habra-proyecto-para-la-pinacoteca-de-alcoy-antes-de-que-acabe-la-legislatura\\\/#primaryimage\"},\"image\":{\"@id\":\"https:\\\/\\\/www.copealcoy.es\\\/es\\\/habra-proyecto-para-la-pinacoteca-de-alcoy-antes-de-que-acabe-la-legislatura\\\/#primaryimage\"},\"thumbnailUrl\":\"https:\\\/\\\/www.copealcoy.es\\\/wp-content\\\/uploads\\\/2021\\\/04\\\/Pinacoteca.jpg\",\"datePublished\":\"2023-02-22T10:23:00+00:00\",\"dateModified\":\"2023-02-22T16:39:36+00:00\",\"author\":{\"@id\":\"https:\\\/\\\/www.copealcoy.es\\\/es\\\/#\\\/schema\\\/person\\\/e777c87fa024e57d40170af9df39882c\"},\"description\":\"Fernando Cabrera, Antonio Gisbert, Francisco Laporta\u00a0o Emilio Sala son solo algunos de los artistas que el siglo de oro de la pintura en Alcoy ha dado al mundo del arte. Reunir parte de su trabajo en un mismo espacio es abrir la posibilidad a los alcoyanos de que conozcan su obra. Y este es el objetivo de instalar una pinacoteca en la ciudad.\",\"breadcrumb\":{\"@id\":\"https:\\\/\\\/www.copealcoy.es\\\/es\\\/habra-proyecto-para-la-pinacoteca-de-alcoy-antes-de-que-acabe-la-legislatura\\\/#breadcrumb\"},\"inLanguage\":\"es\",\"potentialAction\":[{\"@type\":\"ReadAction\",\"target\":[\"https:\\\/\\\/www.copealcoy.es\\\/es\\\/habra-proyecto-para-la-pinacoteca-de-alcoy-antes-de-que-acabe-la-legislatura\\\/\"]}]},{\"@type\":\"ImageObject\",\"inLanguage\":\"es\",\"@id\":\"https:\\\/\\\/www.copealcoy.es\\\/es\\\/habra-proyecto-para-la-pinacoteca-de-alcoy-antes-de-que-acabe-la-legislatura\\\/#primaryimage\",\"url\":\"https:\\\/\\\/www.copealcoy.es\\\/wp-content\\\/uploads\\\/2021\\\/04\\\/Pinacoteca.jpg\",\"contentUrl\":\"https:\\\/\\\/www.copealcoy.es\\\/wp-content\\\/uploads\\\/2021\\\/04\\\/Pinacoteca.jpg\",\"width\":1500,\"height\":1000},{\"@type\":\"BreadcrumbList\",\"@id\":\"https:\\\/\\\/www.copealcoy.es\\\/es\\\/habra-proyecto-para-la-pinacoteca-de-alcoy-antes-de-que-acabe-la-legislatura\\\/#breadcrumb\",\"itemListElement\":[{\"@type\":\"ListItem\",\"position\":1,\"name\":\"Portada\",\"item\":\"https:\\\/\\\/www.copealcoy.es\\\/es\\\/\"},{\"@type\":\"ListItem\",\"position\":2,\"name\":\"Habr\u00e1 proyecto para la pinacoteca de Alcoy antes de que acabe la legislatura\"}]},{\"@type\":\"WebSite\",\"@id\":\"https:\\\/\\\/www.copealcoy.es\\\/es\\\/#website\",\"url\":\"https:\\\/\\\/www.copealcoy.es\\\/es\\\/\",\"name\":\"COPE Alcoy\",\"description\":\"Emisora COPE de radio local con emisi\u00f3n online. Pont de Sant Jordi 8-10 03803 Alcoy\",\"potentialAction\":[{\"@type\":\"SearchAction\",\"target\":{\"@type\":\"EntryPoint\",\"urlTemplate\":\"https:\\\/\\\/www.copealcoy.es\\\/es\\\/?s={search_term_string}\"},\"query-input\":{\"@type\":\"PropertyValueSpecification\",\"valueRequired\":true,\"valueName\":\"search_term_string\"}}],\"inLanguage\":\"es\"},{\"@type\":\"Person\",\"@id\":\"https:\\\/\\\/www.copealcoy.es\\\/es\\\/#\\\/schema\\\/person\\\/e777c87fa024e57d40170af9df39882c\",\"name\":\"Cope Alcoy\",\"image\":{\"@type\":\"ImageObject\",\"inLanguage\":\"es\",\"@id\":\"https:\\\/\\\/secure.gravatar.com\\\/avatar\\\/bb65d0283347e303893ba14f0692005417c1e0e690a325a4c5d8bb2b3943ee14?s=96&d=mm&r=g\",\"url\":\"https:\\\/\\\/secure.gravatar.com\\\/avatar\\\/bb65d0283347e303893ba14f0692005417c1e0e690a325a4c5d8bb2b3943ee14?s=96&d=mm&r=g\",\"contentUrl\":\"https:\\\/\\\/secure.gravatar.com\\\/avatar\\\/bb65d0283347e303893ba14f0692005417c1e0e690a325a4c5d8bb2b3943ee14?s=96&d=mm&r=g\",\"caption\":\"Cope Alcoy\"}}]}<\/script>\n<!-- \/ Yoast SEO plugin. -->","yoast_head_json":{"title":"Habr\u00e1 proyecto para la pinacoteca de Alcoy antes de que acabe la legislatura - COPE Alcoy","description":"Fernando Cabrera, Antonio Gisbert, Francisco Laporta\u00a0o Emilio Sala son solo algunos de los artistas que el siglo de oro de la pintura en Alcoy ha dado al mundo del arte. Reunir parte de su trabajo en un mismo espacio es abrir la posibilidad a los alcoyanos de que conozcan su obra. Y este es el objetivo de instalar una pinacoteca en la ciudad.","robots":{"index":"index","follow":"follow","max-snippet":"max-snippet:-1","max-image-preview":"max-image-preview:large","max-video-preview":"max-video-preview:-1"},"canonical":"https:\/\/www.copealcoy.es\/es\/habra-proyecto-para-la-pinacoteca-de-alcoy-antes-de-que-acabe-la-legislatura\/","og_locale":"es_ES","og_type":"article","og_title":"Habr\u00e1 proyecto para la pinacoteca de Alcoy antes de que acabe la legislatura - COPE Alcoy","og_description":"Fernando Cabrera, Antonio Gisbert, Francisco Laporta\u00a0o Emilio Sala son solo algunos de los artistas que el siglo de oro de la pintura en Alcoy ha dado al mundo del arte. Reunir parte de su trabajo en un mismo espacio es abrir la posibilidad a los alcoyanos de que conozcan su obra. Y este es el objetivo de instalar una pinacoteca en la ciudad.","og_url":"https:\/\/www.copealcoy.es\/es\/habra-proyecto-para-la-pinacoteca-de-alcoy-antes-de-que-acabe-la-legislatura\/","og_site_name":"COPE Alcoy","article_published_time":"2023-02-22T10:23:00+00:00","article_modified_time":"2023-02-22T16:39:36+00:00","og_image":[{"width":1500,"height":1000,"url":"https:\/\/www.copealcoy.es\/wp-content\/uploads\/2021\/04\/Pinacoteca.jpg","type":"image\/jpeg"}],"author":"Cope Alcoy","twitter_misc":{"Escrito por":"Cope Alcoy","Tiempo de lectura":"3 minutos"},"schema":{"@context":"https:\/\/schema.org","@graph":[{"@type":"Article","@id":"https:\/\/www.copealcoy.es\/es\/habra-proyecto-para-la-pinacoteca-de-alcoy-antes-de-que-acabe-la-legislatura\/#article","isPartOf":{"@id":"https:\/\/www.copealcoy.es\/es\/habra-proyecto-para-la-pinacoteca-de-alcoy-antes-de-que-acabe-la-legislatura\/"},"author":{"name":"Cope Alcoy","@id":"https:\/\/www.copealcoy.es\/es\/#\/schema\/person\/e777c87fa024e57d40170af9df39882c"},"headline":"Habr\u00e1 proyecto para la pinacoteca de Alcoy antes de que acabe la legislatura","datePublished":"2023-02-22T10:23:00+00:00","dateModified":"2023-02-22T16:39:36+00:00","mainEntityOfPage":{"@id":"https:\/\/www.copealcoy.es\/es\/habra-proyecto-para-la-pinacoteca-de-alcoy-antes-de-que-acabe-la-legislatura\/"},"wordCount":524,"commentCount":0,"image":{"@id":"https:\/\/www.copealcoy.es\/es\/habra-proyecto-para-la-pinacoteca-de-alcoy-antes-de-que-acabe-la-legislatura\/#primaryimage"},"thumbnailUrl":"https:\/\/www.copealcoy.es\/wp-content\/uploads\/2021\/04\/Pinacoteca.jpg","keywords":["Alcoy","Arte Municipal","pinacoteca","pintura"],"articleSection":["Alcoy","Fiesta y Cultura","Noticias","Portada"],"inLanguage":"es"},{"@type":"WebPage","@id":"https:\/\/www.copealcoy.es\/es\/habra-proyecto-para-la-pinacoteca-de-alcoy-antes-de-que-acabe-la-legislatura\/","url":"https:\/\/www.copealcoy.es\/es\/habra-proyecto-para-la-pinacoteca-de-alcoy-antes-de-que-acabe-la-legislatura\/","name":"Habr\u00e1 proyecto para la pinacoteca de Alcoy antes de que acabe la legislatura - COPE Alcoy","isPartOf":{"@id":"https:\/\/www.copealcoy.es\/es\/#website"},"primaryImageOfPage":{"@id":"https:\/\/www.copealcoy.es\/es\/habra-proyecto-para-la-pinacoteca-de-alcoy-antes-de-que-acabe-la-legislatura\/#primaryimage"},"image":{"@id":"https:\/\/www.copealcoy.es\/es\/habra-proyecto-para-la-pinacoteca-de-alcoy-antes-de-que-acabe-la-legislatura\/#primaryimage"},"thumbnailUrl":"https:\/\/www.copealcoy.es\/wp-content\/uploads\/2021\/04\/Pinacoteca.jpg","datePublished":"2023-02-22T10:23:00+00:00","dateModified":"2023-02-22T16:39:36+00:00","author":{"@id":"https:\/\/www.copealcoy.es\/es\/#\/schema\/person\/e777c87fa024e57d40170af9df39882c"},"description":"Fernando Cabrera, Antonio Gisbert, Francisco Laporta\u00a0o Emilio Sala son solo algunos de los artistas que el siglo de oro de la pintura en Alcoy ha dado al mundo del arte. Reunir parte de su trabajo en un mismo espacio es abrir la posibilidad a los alcoyanos de que conozcan su obra. Y este es el objetivo de instalar una pinacoteca en la ciudad.","breadcrumb":{"@id":"https:\/\/www.copealcoy.es\/es\/habra-proyecto-para-la-pinacoteca-de-alcoy-antes-de-que-acabe-la-legislatura\/#breadcrumb"},"inLanguage":"es","potentialAction":[{"@type":"ReadAction","target":["https:\/\/www.copealcoy.es\/es\/habra-proyecto-para-la-pinacoteca-de-alcoy-antes-de-que-acabe-la-legislatura\/"]}]},{"@type":"ImageObject","inLanguage":"es","@id":"https:\/\/www.copealcoy.es\/es\/habra-proyecto-para-la-pinacoteca-de-alcoy-antes-de-que-acabe-la-legislatura\/#primaryimage","url":"https:\/\/www.copealcoy.es\/wp-content\/uploads\/2021\/04\/Pinacoteca.jpg","contentUrl":"https:\/\/www.copealcoy.es\/wp-content\/uploads\/2021\/04\/Pinacoteca.jpg","width":1500,"height":1000},{"@type":"BreadcrumbList","@id":"https:\/\/www.copealcoy.es\/es\/habra-proyecto-para-la-pinacoteca-de-alcoy-antes-de-que-acabe-la-legislatura\/#breadcrumb","itemListElement":[{"@type":"ListItem","position":1,"name":"Portada","item":"https:\/\/www.copealcoy.es\/es\/"},{"@type":"ListItem","position":2,"name":"Habr\u00e1 proyecto para la pinacoteca de Alcoy antes de que acabe la legislatura"}]},{"@type":"WebSite","@id":"https:\/\/www.copealcoy.es\/es\/#website","url":"https:\/\/www.copealcoy.es\/es\/","name":"COPE Alcoy","description":"Emisora COPE de radio local con emisi\u00f3n online. Pont de Sant Jordi 8-10 03803 Alcoy","potentialAction":[{"@type":"SearchAction","target":{"@type":"EntryPoint","urlTemplate":"https:\/\/www.copealcoy.es\/es\/?s={search_term_string}"},"query-input":{"@type":"PropertyValueSpecification","valueRequired":true,"valueName":"search_term_string"}}],"inLanguage":"es"},{"@type":"Person","@id":"https:\/\/www.copealcoy.es\/es\/#\/schema\/person\/e777c87fa024e57d40170af9df39882c","name":"Cope Alcoy","image":{"@type":"ImageObject","inLanguage":"es","@id":"https:\/\/secure.gravatar.com\/avatar\/bb65d0283347e303893ba14f0692005417c1e0e690a325a4c5d8bb2b3943ee14?s=96&d=mm&r=g","url":"https:\/\/secure.gravatar.com\/avatar\/bb65d0283347e303893ba14f0692005417c1e0e690a325a4c5d8bb2b3943ee14?s=96&d=mm&r=g","contentUrl":"https:\/\/secure.gravatar.com\/avatar\/bb65d0283347e303893ba14f0692005417c1e0e690a325a4c5d8bb2b3943ee14?s=96&d=mm&r=g","caption":"Cope Alcoy"}}]}},"_links":{"self":[{"href":"https:\/\/www.copealcoy.es\/es\/wp-json\/wp\/v2\/posts\/110920","targetHints":{"allow":["GET"]}}],"collection":[{"href":"https:\/\/www.copealcoy.es\/es\/wp-json\/wp\/v2\/posts"}],"about":[{"href":"https:\/\/www.copealcoy.es\/es\/wp-json\/wp\/v2\/types\/post"}],"author":[{"embeddable":true,"href":"https:\/\/www.copealcoy.es\/es\/wp-json\/wp\/v2\/users\/1"}],"replies":[{"embeddable":true,"href":"https:\/\/www.copealcoy.es\/es\/wp-json\/wp\/v2\/comments?post=110920"}],"version-history":[{"count":0,"href":"https:\/\/www.copealcoy.es\/es\/wp-json\/wp\/v2\/posts\/110920\/revisions"}],"wp:featuredmedia":[{"embeddable":true,"href":"https:\/\/www.copealcoy.es\/es\/wp-json\/wp\/v2\/media\/72815"}],"wp:attachment":[{"href":"https:\/\/www.copealcoy.es\/es\/wp-json\/wp\/v2\/media?parent=110920"}],"wp:term":[{"taxonomy":"category","embeddable":true,"href":"https:\/\/www.copealcoy.es\/es\/wp-json\/wp\/v2\/categories?post=110920"},{"taxonomy":"post_tag","embeddable":true,"href":"https:\/\/www.copealcoy.es\/es\/wp-json\/wp\/v2\/tags?post=110920"}],"curies":[{"name":"wp","href":"https:\/\/api.w.org\/{rel}","templated":true}]}}