{"id":110893,"date":"2023-02-22T08:00:53","date_gmt":"2023-02-22T07:00:53","guid":{"rendered":"https:\/\/www.copealcoy.es\/?p=110893"},"modified":"2023-02-22T10:45:20","modified_gmt":"2023-02-22T09:45:20","slug":"dos-detenidos-en-muro-de-alcoy-por-presunta-explotacion-laboral","status":"publish","type":"post","link":"https:\/\/www.copealcoy.es\/es\/dos-detenidos-en-muro-de-alcoy-por-presunta-explotacion-laboral\/","title":{"rendered":"Dos detenidos en Muro de Alcoy por presunta explotaci\u00f3n laboral"},"content":{"rendered":"<p style=\"text-align: justify;\">La <strong>Polic\u00eda Nacional<\/strong> ha detenido en <strong>Muro de Alcoy<\/strong> a dos hombres que, presuntamente, utilizaban como mano de obra a personas en situaci\u00f3n irregular en Espa\u00f1a.<\/p>\n<p style=\"text-align: justify;\">Los detenidos, de 37 y 25 a\u00f1os de edad, regentan una empresa dedicada al reciclaje de ropa usada en Muro. Agentes de la <strong>Brigada de Extranjer\u00eda y Fronteras de la Comisar\u00eda de Alcoy<\/strong> registraron naves industriales, donde identificaron a once personas. Siete de ellas trabajaban en <strong>p\u00e9simas condiciones laborales y sin ning\u00fan tipo de cobertura legal<\/strong>. Se trata de un presunto delito contra los derechos de los trabajadores.<\/p>\n<p style=\"text-align: justify;\">Tras los registros las personas halladas declararon estar trabajando por un <strong>sueldo medio de 150 euros en la semana y sin contrato<\/strong>. Algunos de ellos, adem\u00e1s, aseguraron estar utilizando maquinaria peligrosa como prensas de gran tama\u00f1o y veh\u00edculos elevadores sin tener ning\u00fan tipo de preparaci\u00f3n o t\u00edtulo que los habilitara para realziar estas actividades.<\/p>\n<p style=\"text-align: justify;\">La investigaci\u00f3n se ha llevado a cabo en el marco de la lucha contra la explotaci\u00f3n laboral y la utilizaci\u00f3n de inmigrantes irregulares como mano de obra barata. Tras la detenci\u00f3n, los acusados han sido puestos a disposici\u00f3n del <strong>Juzgado de Instrucci\u00f3n de Guardia de Alcoy<\/strong>.<\/p>\n<p style=\"text-align: justify;\">Con la Polic\u00eda Nacional han colaborado la <strong>Unidad Adscrita a la Comunidad Valenciana<\/strong> y la <strong>Inspecci\u00f3n General de Trabajo<\/strong>. Los agentes de la Unidad Adscrita sancionaron a los responsables por las deficiencias en las instalaciones de las naves, mientras que la Inspecci\u00f3n levant\u00f3 acta sobre las infracciones cometidas por los gerentes de la empresa en el \u00e1mbito laboral.<\/p>\n<p style=\"text-align: justify;\"><span style=\"color: #0000ff;\"><strong>Operaci\u00f3n antidroga en Ibi<\/strong><\/span><\/p>\n<p style=\"text-align: justify;\">La <strong>Polic\u00eda Local de Ibi<\/strong> detuvo el pasado s\u00e1bado a una persona que llevaba <strong>48 bolsas de coca\u00edna<\/strong>. Pretend\u00eda distribuir la droga aprovechando que era la fiesta de carnaval. Los agentes registraron el coche del detenido, donde encontraron la coca\u00edna en una mochila. En total, 24 gramos de droga. Tambi\u00e9n se confiscaron 200 euros, presuntamente fruto de la venta de sustancias.<\/p>\n","protected":false},"excerpt":{"rendered":"<p>La Polic\u00eda Nacional ha detenido en Muro de Alcoy a dos hombres que, presuntamente, utilizaban como mano de obra a&#8230;<\/p>\n","protected":false},"author":1,"featured_media":110923,"comment_status":"open","ping_status":"open","sticky":false,"template":"","format":"standard","meta":{"footnotes":""},"categories":[6909,97,75,80],"tags":[14072,1393,2086,1836],"class_list":["post-110893","post","type-post","status-publish","format-standard","has-post-thumbnail","hentry","category-actualidad","category-alcoy","category-noticias","category-sucesos","tag-condiciones-laborales","tag-detencion","tag-muro-de-alcoy","tag-policia-nacional"],"yoast_head":"<!-- This site is optimized with the Yoast SEO plugin v27.3 - https:\/\/yoast.com\/product\/yoast-seo-wordpress\/ -->\n<title>Dos detenidos en Muro de Alcoy por presunta explotaci\u00f3n laboral - COPE Alcoy<\/title>\n<meta name=\"description\" content=\"La Polic\u00eda Nacional ha detenido en Muro de Alcoy a dos hombres que, presuntamente, utilizaban como mano de obra a personas en situaci\u00f3n irregular en Espa\u00f1a.\" \/>\n<meta name=\"robots\" content=\"index, follow, max-snippet:-1, max-image-preview:large, max-video-preview:-1\" \/>\n<link rel=\"canonical\" href=\"https:\/\/www.copealcoy.es\/es\/dos-detenidos-en-muro-de-alcoy-por-presunta-explotacion-laboral\/\" \/>\n<meta property=\"og:locale\" content=\"es_ES\" \/>\n<meta property=\"og:type\" content=\"article\" \/>\n<meta property=\"og:title\" content=\"Dos detenidos en Muro de Alcoy por presunta explotaci\u00f3n laboral - COPE Alcoy\" \/>\n<meta property=\"og:description\" content=\"La Polic\u00eda Nacional ha detenido en Muro de Alcoy a dos hombres que, presuntamente, utilizaban como mano de obra a personas en situaci\u00f3n irregular en Espa\u00f1a.\" \/>\n<meta property=\"og:url\" content=\"https:\/\/www.copealcoy.es\/es\/dos-detenidos-en-muro-de-alcoy-por-presunta-explotacion-laboral\/\" \/>\n<meta property=\"og:site_name\" content=\"COPE Alcoy\" \/>\n<meta property=\"article:published_time\" content=\"2023-02-22T07:00:53+00:00\" \/>\n<meta property=\"article:modified_time\" content=\"2023-02-22T09:45:20+00:00\" \/>\n<meta property=\"og:image\" content=\"https:\/\/www.copealcoy.es\/wp-content\/uploads\/2023\/02\/FOTO-ARCHIVO-COMISARIA-ALCOY-2.jpg\" \/>\n\t<meta property=\"og:image:width\" content=\"1146\" \/>\n\t<meta property=\"og:image:height\" content=\"1080\" \/>\n\t<meta property=\"og:image:type\" content=\"image\/jpeg\" \/>\n<meta name=\"author\" content=\"Cope Alcoy\" \/>\n<meta name=\"twitter:label1\" content=\"Escrito por\" \/>\n\t<meta name=\"twitter:data1\" content=\"Cope Alcoy\" \/>\n\t<meta name=\"twitter:label2\" content=\"Tiempo de lectura\" \/>\n\t<meta name=\"twitter:data2\" content=\"2 minutos\" \/>\n<script type=\"application\/ld+json\" class=\"yoast-schema-graph\">{\"@context\":\"https:\\\/\\\/schema.org\",\"@graph\":[{\"@type\":\"Article\",\"@id\":\"https:\\\/\\\/www.copealcoy.es\\\/es\\\/dos-detenidos-en-muro-de-alcoy-por-presunta-explotacion-laboral\\\/#article\",\"isPartOf\":{\"@id\":\"https:\\\/\\\/www.copealcoy.es\\\/es\\\/dos-detenidos-en-muro-de-alcoy-por-presunta-explotacion-laboral\\\/\"},\"author\":{\"name\":\"Cope Alcoy\",\"@id\":\"https:\\\/\\\/www.copealcoy.es\\\/es\\\/#\\\/schema\\\/person\\\/e777c87fa024e57d40170af9df39882c\"},\"headline\":\"Dos detenidos en Muro de Alcoy por presunta explotaci\u00f3n laboral\",\"datePublished\":\"2023-02-22T07:00:53+00:00\",\"dateModified\":\"2023-02-22T09:45:20+00:00\",\"mainEntityOfPage\":{\"@id\":\"https:\\\/\\\/www.copealcoy.es\\\/es\\\/dos-detenidos-en-muro-de-alcoy-por-presunta-explotacion-laboral\\\/\"},\"wordCount\":352,\"commentCount\":0,\"image\":{\"@id\":\"https:\\\/\\\/www.copealcoy.es\\\/es\\\/dos-detenidos-en-muro-de-alcoy-por-presunta-explotacion-laboral\\\/#primaryimage\"},\"thumbnailUrl\":\"https:\\\/\\\/www.copealcoy.es\\\/wp-content\\\/uploads\\\/2023\\\/02\\\/FOTO-ARCHIVO-COMISARIA-ALCOY-2.jpg\",\"keywords\":[\"condiciones laborales\",\"detenci\u00f3n\",\"Muro de Alcoy\",\"Polic\u00eda Nacional\"],\"articleSection\":[\"Actualidad\",\"Alcoy\",\"Noticias\",\"Sucesos\"],\"inLanguage\":\"es\"},{\"@type\":\"WebPage\",\"@id\":\"https:\\\/\\\/www.copealcoy.es\\\/es\\\/dos-detenidos-en-muro-de-alcoy-por-presunta-explotacion-laboral\\\/\",\"url\":\"https:\\\/\\\/www.copealcoy.es\\\/es\\\/dos-detenidos-en-muro-de-alcoy-por-presunta-explotacion-laboral\\\/\",\"name\":\"Dos detenidos en Muro de Alcoy por presunta explotaci\u00f3n laboral - COPE Alcoy\",\"isPartOf\":{\"@id\":\"https:\\\/\\\/www.copealcoy.es\\\/es\\\/#website\"},\"primaryImageOfPage\":{\"@id\":\"https:\\\/\\\/www.copealcoy.es\\\/es\\\/dos-detenidos-en-muro-de-alcoy-por-presunta-explotacion-laboral\\\/#primaryimage\"},\"image\":{\"@id\":\"https:\\\/\\\/www.copealcoy.es\\\/es\\\/dos-detenidos-en-muro-de-alcoy-por-presunta-explotacion-laboral\\\/#primaryimage\"},\"thumbnailUrl\":\"https:\\\/\\\/www.copealcoy.es\\\/wp-content\\\/uploads\\\/2023\\\/02\\\/FOTO-ARCHIVO-COMISARIA-ALCOY-2.jpg\",\"datePublished\":\"2023-02-22T07:00:53+00:00\",\"dateModified\":\"2023-02-22T09:45:20+00:00\",\"author\":{\"@id\":\"https:\\\/\\\/www.copealcoy.es\\\/es\\\/#\\\/schema\\\/person\\\/e777c87fa024e57d40170af9df39882c\"},\"description\":\"La Polic\u00eda Nacional ha detenido en Muro de Alcoy a dos hombres que, presuntamente, utilizaban como mano de obra a personas en situaci\u00f3n irregular en Espa\u00f1a.\",\"breadcrumb\":{\"@id\":\"https:\\\/\\\/www.copealcoy.es\\\/es\\\/dos-detenidos-en-muro-de-alcoy-por-presunta-explotacion-laboral\\\/#breadcrumb\"},\"inLanguage\":\"es\",\"potentialAction\":[{\"@type\":\"ReadAction\",\"target\":[\"https:\\\/\\\/www.copealcoy.es\\\/es\\\/dos-detenidos-en-muro-de-alcoy-por-presunta-explotacion-laboral\\\/\"]}]},{\"@type\":\"ImageObject\",\"inLanguage\":\"es\",\"@id\":\"https:\\\/\\\/www.copealcoy.es\\\/es\\\/dos-detenidos-en-muro-de-alcoy-por-presunta-explotacion-laboral\\\/#primaryimage\",\"url\":\"https:\\\/\\\/www.copealcoy.es\\\/wp-content\\\/uploads\\\/2023\\\/02\\\/FOTO-ARCHIVO-COMISARIA-ALCOY-2.jpg\",\"contentUrl\":\"https:\\\/\\\/www.copealcoy.es\\\/wp-content\\\/uploads\\\/2023\\\/02\\\/FOTO-ARCHIVO-COMISARIA-ALCOY-2.jpg\",\"width\":1146,\"height\":1080,\"caption\":\"FOTO ARCHIVO COMISAR\u00cdA ALCOY\"},{\"@type\":\"BreadcrumbList\",\"@id\":\"https:\\\/\\\/www.copealcoy.es\\\/es\\\/dos-detenidos-en-muro-de-alcoy-por-presunta-explotacion-laboral\\\/#breadcrumb\",\"itemListElement\":[{\"@type\":\"ListItem\",\"position\":1,\"name\":\"Portada\",\"item\":\"https:\\\/\\\/www.copealcoy.es\\\/es\\\/\"},{\"@type\":\"ListItem\",\"position\":2,\"name\":\"Dos detenidos en Muro de Alcoy por presunta explotaci\u00f3n laboral\"}]},{\"@type\":\"WebSite\",\"@id\":\"https:\\\/\\\/www.copealcoy.es\\\/es\\\/#website\",\"url\":\"https:\\\/\\\/www.copealcoy.es\\\/es\\\/\",\"name\":\"COPE Alcoy\",\"description\":\"Emisora COPE de radio local con emisi\u00f3n online. Pont de Sant Jordi 8-10 03803 Alcoy\",\"potentialAction\":[{\"@type\":\"SearchAction\",\"target\":{\"@type\":\"EntryPoint\",\"urlTemplate\":\"https:\\\/\\\/www.copealcoy.es\\\/es\\\/?s={search_term_string}\"},\"query-input\":{\"@type\":\"PropertyValueSpecification\",\"valueRequired\":true,\"valueName\":\"search_term_string\"}}],\"inLanguage\":\"es\"},{\"@type\":\"Person\",\"@id\":\"https:\\\/\\\/www.copealcoy.es\\\/es\\\/#\\\/schema\\\/person\\\/e777c87fa024e57d40170af9df39882c\",\"name\":\"Cope Alcoy\",\"image\":{\"@type\":\"ImageObject\",\"inLanguage\":\"es\",\"@id\":\"https:\\\/\\\/secure.gravatar.com\\\/avatar\\\/bb65d0283347e303893ba14f0692005417c1e0e690a325a4c5d8bb2b3943ee14?s=96&d=mm&r=g\",\"url\":\"https:\\\/\\\/secure.gravatar.com\\\/avatar\\\/bb65d0283347e303893ba14f0692005417c1e0e690a325a4c5d8bb2b3943ee14?s=96&d=mm&r=g\",\"contentUrl\":\"https:\\\/\\\/secure.gravatar.com\\\/avatar\\\/bb65d0283347e303893ba14f0692005417c1e0e690a325a4c5d8bb2b3943ee14?s=96&d=mm&r=g\",\"caption\":\"Cope Alcoy\"}}]}<\/script>\n<!-- \/ Yoast SEO plugin. -->","yoast_head_json":{"title":"Dos detenidos en Muro de Alcoy por presunta explotaci\u00f3n laboral - COPE Alcoy","description":"La Polic\u00eda Nacional ha detenido en Muro de Alcoy a dos hombres que, presuntamente, utilizaban como mano de obra a personas en situaci\u00f3n irregular en Espa\u00f1a.","robots":{"index":"index","follow":"follow","max-snippet":"max-snippet:-1","max-image-preview":"max-image-preview:large","max-video-preview":"max-video-preview:-1"},"canonical":"https:\/\/www.copealcoy.es\/es\/dos-detenidos-en-muro-de-alcoy-por-presunta-explotacion-laboral\/","og_locale":"es_ES","og_type":"article","og_title":"Dos detenidos en Muro de Alcoy por presunta explotaci\u00f3n laboral - COPE Alcoy","og_description":"La Polic\u00eda Nacional ha detenido en Muro de Alcoy a dos hombres que, presuntamente, utilizaban como mano de obra a personas en situaci\u00f3n irregular en Espa\u00f1a.","og_url":"https:\/\/www.copealcoy.es\/es\/dos-detenidos-en-muro-de-alcoy-por-presunta-explotacion-laboral\/","og_site_name":"COPE Alcoy","article_published_time":"2023-02-22T07:00:53+00:00","article_modified_time":"2023-02-22T09:45:20+00:00","og_image":[{"width":1146,"height":1080,"url":"https:\/\/www.copealcoy.es\/wp-content\/uploads\/2023\/02\/FOTO-ARCHIVO-COMISARIA-ALCOY-2.jpg","type":"image\/jpeg"}],"author":"Cope Alcoy","twitter_misc":{"Escrito por":"Cope Alcoy","Tiempo de lectura":"2 minutos"},"schema":{"@context":"https:\/\/schema.org","@graph":[{"@type":"Article","@id":"https:\/\/www.copealcoy.es\/es\/dos-detenidos-en-muro-de-alcoy-por-presunta-explotacion-laboral\/#article","isPartOf":{"@id":"https:\/\/www.copealcoy.es\/es\/dos-detenidos-en-muro-de-alcoy-por-presunta-explotacion-laboral\/"},"author":{"name":"Cope Alcoy","@id":"https:\/\/www.copealcoy.es\/es\/#\/schema\/person\/e777c87fa024e57d40170af9df39882c"},"headline":"Dos detenidos en Muro de Alcoy por presunta explotaci\u00f3n laboral","datePublished":"2023-02-22T07:00:53+00:00","dateModified":"2023-02-22T09:45:20+00:00","mainEntityOfPage":{"@id":"https:\/\/www.copealcoy.es\/es\/dos-detenidos-en-muro-de-alcoy-por-presunta-explotacion-laboral\/"},"wordCount":352,"commentCount":0,"image":{"@id":"https:\/\/www.copealcoy.es\/es\/dos-detenidos-en-muro-de-alcoy-por-presunta-explotacion-laboral\/#primaryimage"},"thumbnailUrl":"https:\/\/www.copealcoy.es\/wp-content\/uploads\/2023\/02\/FOTO-ARCHIVO-COMISARIA-ALCOY-2.jpg","keywords":["condiciones laborales","detenci\u00f3n","Muro de Alcoy","Polic\u00eda Nacional"],"articleSection":["Actualidad","Alcoy","Noticias","Sucesos"],"inLanguage":"es"},{"@type":"WebPage","@id":"https:\/\/www.copealcoy.es\/es\/dos-detenidos-en-muro-de-alcoy-por-presunta-explotacion-laboral\/","url":"https:\/\/www.copealcoy.es\/es\/dos-detenidos-en-muro-de-alcoy-por-presunta-explotacion-laboral\/","name":"Dos detenidos en Muro de Alcoy por presunta explotaci\u00f3n laboral - COPE Alcoy","isPartOf":{"@id":"https:\/\/www.copealcoy.es\/es\/#website"},"primaryImageOfPage":{"@id":"https:\/\/www.copealcoy.es\/es\/dos-detenidos-en-muro-de-alcoy-por-presunta-explotacion-laboral\/#primaryimage"},"image":{"@id":"https:\/\/www.copealcoy.es\/es\/dos-detenidos-en-muro-de-alcoy-por-presunta-explotacion-laboral\/#primaryimage"},"thumbnailUrl":"https:\/\/www.copealcoy.es\/wp-content\/uploads\/2023\/02\/FOTO-ARCHIVO-COMISARIA-ALCOY-2.jpg","datePublished":"2023-02-22T07:00:53+00:00","dateModified":"2023-02-22T09:45:20+00:00","author":{"@id":"https:\/\/www.copealcoy.es\/es\/#\/schema\/person\/e777c87fa024e57d40170af9df39882c"},"description":"La Polic\u00eda Nacional ha detenido en Muro de Alcoy a dos hombres que, presuntamente, utilizaban como mano de obra a personas en situaci\u00f3n irregular en Espa\u00f1a.","breadcrumb":{"@id":"https:\/\/www.copealcoy.es\/es\/dos-detenidos-en-muro-de-alcoy-por-presunta-explotacion-laboral\/#breadcrumb"},"inLanguage":"es","potentialAction":[{"@type":"ReadAction","target":["https:\/\/www.copealcoy.es\/es\/dos-detenidos-en-muro-de-alcoy-por-presunta-explotacion-laboral\/"]}]},{"@type":"ImageObject","inLanguage":"es","@id":"https:\/\/www.copealcoy.es\/es\/dos-detenidos-en-muro-de-alcoy-por-presunta-explotacion-laboral\/#primaryimage","url":"https:\/\/www.copealcoy.es\/wp-content\/uploads\/2023\/02\/FOTO-ARCHIVO-COMISARIA-ALCOY-2.jpg","contentUrl":"https:\/\/www.copealcoy.es\/wp-content\/uploads\/2023\/02\/FOTO-ARCHIVO-COMISARIA-ALCOY-2.jpg","width":1146,"height":1080,"caption":"FOTO ARCHIVO COMISAR\u00cdA ALCOY"},{"@type":"BreadcrumbList","@id":"https:\/\/www.copealcoy.es\/es\/dos-detenidos-en-muro-de-alcoy-por-presunta-explotacion-laboral\/#breadcrumb","itemListElement":[{"@type":"ListItem","position":1,"name":"Portada","item":"https:\/\/www.copealcoy.es\/es\/"},{"@type":"ListItem","position":2,"name":"Dos detenidos en Muro de Alcoy por presunta explotaci\u00f3n laboral"}]},{"@type":"WebSite","@id":"https:\/\/www.copealcoy.es\/es\/#website","url":"https:\/\/www.copealcoy.es\/es\/","name":"COPE Alcoy","description":"Emisora COPE de radio local con emisi\u00f3n online. Pont de Sant Jordi 8-10 03803 Alcoy","potentialAction":[{"@type":"SearchAction","target":{"@type":"EntryPoint","urlTemplate":"https:\/\/www.copealcoy.es\/es\/?s={search_term_string}"},"query-input":{"@type":"PropertyValueSpecification","valueRequired":true,"valueName":"search_term_string"}}],"inLanguage":"es"},{"@type":"Person","@id":"https:\/\/www.copealcoy.es\/es\/#\/schema\/person\/e777c87fa024e57d40170af9df39882c","name":"Cope Alcoy","image":{"@type":"ImageObject","inLanguage":"es","@id":"https:\/\/secure.gravatar.com\/avatar\/bb65d0283347e303893ba14f0692005417c1e0e690a325a4c5d8bb2b3943ee14?s=96&d=mm&r=g","url":"https:\/\/secure.gravatar.com\/avatar\/bb65d0283347e303893ba14f0692005417c1e0e690a325a4c5d8bb2b3943ee14?s=96&d=mm&r=g","contentUrl":"https:\/\/secure.gravatar.com\/avatar\/bb65d0283347e303893ba14f0692005417c1e0e690a325a4c5d8bb2b3943ee14?s=96&d=mm&r=g","caption":"Cope Alcoy"}}]}},"_links":{"self":[{"href":"https:\/\/www.copealcoy.es\/es\/wp-json\/wp\/v2\/posts\/110893","targetHints":{"allow":["GET"]}}],"collection":[{"href":"https:\/\/www.copealcoy.es\/es\/wp-json\/wp\/v2\/posts"}],"about":[{"href":"https:\/\/www.copealcoy.es\/es\/wp-json\/wp\/v2\/types\/post"}],"author":[{"embeddable":true,"href":"https:\/\/www.copealcoy.es\/es\/wp-json\/wp\/v2\/users\/1"}],"replies":[{"embeddable":true,"href":"https:\/\/www.copealcoy.es\/es\/wp-json\/wp\/v2\/comments?post=110893"}],"version-history":[{"count":0,"href":"https:\/\/www.copealcoy.es\/es\/wp-json\/wp\/v2\/posts\/110893\/revisions"}],"wp:featuredmedia":[{"embeddable":true,"href":"https:\/\/www.copealcoy.es\/es\/wp-json\/wp\/v2\/media\/110923"}],"wp:attachment":[{"href":"https:\/\/www.copealcoy.es\/es\/wp-json\/wp\/v2\/media?parent=110893"}],"wp:term":[{"taxonomy":"category","embeddable":true,"href":"https:\/\/www.copealcoy.es\/es\/wp-json\/wp\/v2\/categories?post=110893"},{"taxonomy":"post_tag","embeddable":true,"href":"https:\/\/www.copealcoy.es\/es\/wp-json\/wp\/v2\/tags?post=110893"}],"curies":[{"name":"wp","href":"https:\/\/api.w.org\/{rel}","templated":true}]}}