{"id":110702,"date":"2023-02-17T11:09:53","date_gmt":"2023-02-17T10:09:53","guid":{"rendered":"https:\/\/www.copealcoy.es\/?p=110702"},"modified":"2023-02-17T11:44:48","modified_gmt":"2023-02-17T10:44:48","slug":"los-ucranianos-residentes-en-la-comarca-ven-con-preocupacion-la-guerra-un-ano-despues","status":"publish","type":"post","link":"https:\/\/www.copealcoy.es\/es\/los-ucranianos-residentes-en-la-comarca-ven-con-preocupacion-la-guerra-un-ano-despues\/","title":{"rendered":"Los ucranianos residentes en la comarca ven con preocupaci\u00f3n la Guerra un a\u00f1o despu\u00e9s"},"content":{"rendered":"<p style=\"text-align: justify;\">La semana que viene <strong>se cumple un a\u00f1o del inicio de la invasi\u00f3n rusa en Ucrania<\/strong>, un conflicto que estall\u00f3 el 24 de febrero y que casi doce meses despu\u00e9s<strong> ha dejado un reguero de destrucci\u00f3n<\/strong> as\u00ed como de muertes en el pa\u00eds. En todo este tiempo <strong>apenas ha mejorado la situaci\u00f3n<\/strong> y <strong>la ofensiva continua<\/strong> pese a los continuos esfuerzos de la comunidad internacional para que cesen las armas.<\/p>\n<p style=\"text-align: justify;\">Desde Alcoy y nuestras comarcas <strong>se sigue con atenci\u00f3n la evoluci\u00f3n de la Guerra<\/strong> por parte de los ucranianos que residen en esta zona del interior de Alicante. Muchos <strong>consiguieron llegar como refugiados<\/strong> tras salir del pa\u00eds a marchas forzadas, as\u00ed como en busca de un futuro mejor, mientras que otros llevan tiempo aqu\u00ed y <strong>sienten profundo dolor al ver lo que ocurre en la tierra que les vio nacer<\/strong>. Es el caso de <strong>Julia<\/strong>, afincada en Cocentaina, y que <strong>se muestra consternada ante una Guerra que parece que no tiene fin<\/strong> &#8220;<em>cada d\u00eda te levantas viendo las noticias, para qu\u00e9 ha pasado, y es muy triste contemplar que compatriotas tuyos est\u00e1n muriendo por un conflicto que no tiene sentido alguno. Desde la distancia estamos con toda la gente que lo est\u00e1 pasando mal<\/em>&#8220;, contaba este viernes en COPE ALCOY. Adem\u00e1s recordaba que <strong>tiene contacto directo con algunas de las personas que est\u00e1n viviendo la lucha armada en primera persona<\/strong> &#8220;<em>nos cuentan que no tienen agua o luz y que est\u00e1n teniendo una situaci\u00f3n muy complicada por las bajas temperaturas del invierno. Que paren esto ya<\/em>&#8220;, conclu\u00eda con contundencia.<\/p>\n<p style=\"text-align: justify;\">Recordar que tras el estallido de la Guerra de Ucrania <span style=\"color: #0000ff;\"><strong>s<\/strong><\/span><a href=\"https:\/\/www.copealcoy.es\/alcoy-tambien-dice-no-a-la-guerra\/\" target=\"_blank\" rel=\"noopener\"><span style=\"color: #0000ff;\"><strong><span style=\"color: #0000ff;\">e<\/span> desat\u00f3 una aut\u00e9ntica oleada de protesta ante el conflicto en nuestras comarcas<\/strong><\/span><\/a> que se materializ\u00f3 en grandes concentraciones como la que se produjo en la Plaza de Espa\u00f1a de Alcoy a finales de febrero de 2022. Tambi\u00e9n los municipios de l&#8217;Alcoi\u00e0 y el Comtat se volcaron en la recogida de material para enviarlo al pa\u00eds sin dejar de lado la atenci\u00f3n que se dio en nuestros pueblos y ciudades a los refugiados que llegaban a la zona.<\/p>\n","protected":false},"excerpt":{"rendered":"<p>La semana que viene se cumple un a\u00f1o del inicio de la invasi\u00f3n rusa en Ucrania, un conflicto que estall\u00f3&#8230;<\/p>\n","protected":false},"author":1,"featured_media":84383,"comment_status":"open","ping_status":"open","sticky":false,"template":"","format":"standard","meta":{"footnotes":""},"categories":[6909,97,75,79,125],"tags":[482,236,237,12557,7334,12466,14030],"class_list":["post-110702","post","type-post","status-publish","format-standard","has-post-thumbnail","hentry","category-actualidad","category-alcoy","category-noticias","category-politicayeconomia","category-portada","tag-alcoia","tag-comarca","tag-comtat","tag-guerra-de-ucrania","tag-residentes","tag-ucrania","tag-ucranianos"],"yoast_head":"<!-- This site is optimized with the Yoast SEO plugin v27.3 - https:\/\/yoast.com\/product\/yoast-seo-wordpress\/ -->\n<title>Los ucranianos residentes en la comarca ven con preocupaci\u00f3n la Guerra un a\u00f1o despu\u00e9s - COPE Alcoy<\/title>\n<meta name=\"robots\" content=\"index, follow, max-snippet:-1, max-image-preview:large, max-video-preview:-1\" \/>\n<link rel=\"canonical\" href=\"https:\/\/www.copealcoy.es\/es\/los-ucranianos-residentes-en-la-comarca-ven-con-preocupacion-la-guerra-un-ano-despues\/\" \/>\n<meta property=\"og:locale\" content=\"es_ES\" \/>\n<meta property=\"og:type\" content=\"article\" \/>\n<meta property=\"og:title\" content=\"Los ucranianos residentes en la comarca ven con preocupaci\u00f3n la Guerra un a\u00f1o despu\u00e9s - COPE Alcoy\" \/>\n<meta property=\"og:description\" content=\"La semana que viene se cumple un a\u00f1o del inicio de la invasi\u00f3n rusa en Ucrania, un conflicto que estall\u00f3...\" \/>\n<meta property=\"og:url\" content=\"https:\/\/www.copealcoy.es\/es\/los-ucranianos-residentes-en-la-comarca-ven-con-preocupacion-la-guerra-un-ano-despues\/\" \/>\n<meta property=\"og:site_name\" content=\"COPE Alcoy\" \/>\n<meta property=\"article:published_time\" content=\"2023-02-17T10:09:53+00:00\" \/>\n<meta property=\"article:modified_time\" content=\"2023-02-17T10:44:48+00:00\" \/>\n<meta property=\"og:image\" content=\"https:\/\/www.copealcoy.es\/wp-content\/uploads\/2022\/02\/unnamed-1-1-scaled.jpg\" \/>\n\t<meta property=\"og:image:width\" content=\"2560\" \/>\n\t<meta property=\"og:image:height\" content=\"1709\" \/>\n\t<meta property=\"og:image:type\" content=\"image\/jpeg\" \/>\n<meta name=\"author\" content=\"Cope Alcoy\" \/>\n<meta name=\"twitter:label1\" content=\"Escrito por\" \/>\n\t<meta name=\"twitter:data1\" content=\"Cope Alcoy\" \/>\n\t<meta name=\"twitter:label2\" content=\"Tiempo de lectura\" \/>\n\t<meta name=\"twitter:data2\" content=\"2 minutos\" \/>\n<script type=\"application\/ld+json\" class=\"yoast-schema-graph\">{\"@context\":\"https:\\\/\\\/schema.org\",\"@graph\":[{\"@type\":\"Article\",\"@id\":\"https:\\\/\\\/www.copealcoy.es\\\/es\\\/los-ucranianos-residentes-en-la-comarca-ven-con-preocupacion-la-guerra-un-ano-despues\\\/#article\",\"isPartOf\":{\"@id\":\"https:\\\/\\\/www.copealcoy.es\\\/es\\\/los-ucranianos-residentes-en-la-comarca-ven-con-preocupacion-la-guerra-un-ano-despues\\\/\"},\"author\":{\"name\":\"Cope Alcoy\",\"@id\":\"https:\\\/\\\/www.copealcoy.es\\\/es\\\/#\\\/schema\\\/person\\\/e777c87fa024e57d40170af9df39882c\"},\"headline\":\"Los ucranianos residentes en la comarca ven con preocupaci\u00f3n la Guerra un a\u00f1o despu\u00e9s\",\"datePublished\":\"2023-02-17T10:09:53+00:00\",\"dateModified\":\"2023-02-17T10:44:48+00:00\",\"mainEntityOfPage\":{\"@id\":\"https:\\\/\\\/www.copealcoy.es\\\/es\\\/los-ucranianos-residentes-en-la-comarca-ven-con-preocupacion-la-guerra-un-ano-despues\\\/\"},\"wordCount\":385,\"commentCount\":0,\"image\":{\"@id\":\"https:\\\/\\\/www.copealcoy.es\\\/es\\\/los-ucranianos-residentes-en-la-comarca-ven-con-preocupacion-la-guerra-un-ano-despues\\\/#primaryimage\"},\"thumbnailUrl\":\"https:\\\/\\\/www.copealcoy.es\\\/wp-content\\\/uploads\\\/2022\\\/02\\\/unnamed-1-1-scaled.jpg\",\"keywords\":[\"Alcoi\u00e0\",\"Comarca\",\"Comtat\",\"guerra de Ucrania\",\"Residentes\",\"Ucrania\",\"ucranianos\"],\"articleSection\":[\"Actualidad\",\"Alcoy\",\"Noticias\",\"Pol\u00edtica y Econom\u00eda\",\"Portada\"],\"inLanguage\":\"es\"},{\"@type\":\"WebPage\",\"@id\":\"https:\\\/\\\/www.copealcoy.es\\\/es\\\/los-ucranianos-residentes-en-la-comarca-ven-con-preocupacion-la-guerra-un-ano-despues\\\/\",\"url\":\"https:\\\/\\\/www.copealcoy.es\\\/es\\\/los-ucranianos-residentes-en-la-comarca-ven-con-preocupacion-la-guerra-un-ano-despues\\\/\",\"name\":\"Los ucranianos residentes en la comarca ven con preocupaci\u00f3n la Guerra un a\u00f1o despu\u00e9s - COPE Alcoy\",\"isPartOf\":{\"@id\":\"https:\\\/\\\/www.copealcoy.es\\\/es\\\/#website\"},\"primaryImageOfPage\":{\"@id\":\"https:\\\/\\\/www.copealcoy.es\\\/es\\\/los-ucranianos-residentes-en-la-comarca-ven-con-preocupacion-la-guerra-un-ano-despues\\\/#primaryimage\"},\"image\":{\"@id\":\"https:\\\/\\\/www.copealcoy.es\\\/es\\\/los-ucranianos-residentes-en-la-comarca-ven-con-preocupacion-la-guerra-un-ano-despues\\\/#primaryimage\"},\"thumbnailUrl\":\"https:\\\/\\\/www.copealcoy.es\\\/wp-content\\\/uploads\\\/2022\\\/02\\\/unnamed-1-1-scaled.jpg\",\"datePublished\":\"2023-02-17T10:09:53+00:00\",\"dateModified\":\"2023-02-17T10:44:48+00:00\",\"author\":{\"@id\":\"https:\\\/\\\/www.copealcoy.es\\\/es\\\/#\\\/schema\\\/person\\\/e777c87fa024e57d40170af9df39882c\"},\"breadcrumb\":{\"@id\":\"https:\\\/\\\/www.copealcoy.es\\\/es\\\/los-ucranianos-residentes-en-la-comarca-ven-con-preocupacion-la-guerra-un-ano-despues\\\/#breadcrumb\"},\"inLanguage\":\"es\",\"potentialAction\":[{\"@type\":\"ReadAction\",\"target\":[\"https:\\\/\\\/www.copealcoy.es\\\/es\\\/los-ucranianos-residentes-en-la-comarca-ven-con-preocupacion-la-guerra-un-ano-despues\\\/\"]}]},{\"@type\":\"ImageObject\",\"inLanguage\":\"es\",\"@id\":\"https:\\\/\\\/www.copealcoy.es\\\/es\\\/los-ucranianos-residentes-en-la-comarca-ven-con-preocupacion-la-guerra-un-ano-despues\\\/#primaryimage\",\"url\":\"https:\\\/\\\/www.copealcoy.es\\\/wp-content\\\/uploads\\\/2022\\\/02\\\/unnamed-1-1-scaled.jpg\",\"contentUrl\":\"https:\\\/\\\/www.copealcoy.es\\\/wp-content\\\/uploads\\\/2022\\\/02\\\/unnamed-1-1-scaled.jpg\",\"width\":2560,\"height\":1709},{\"@type\":\"BreadcrumbList\",\"@id\":\"https:\\\/\\\/www.copealcoy.es\\\/es\\\/los-ucranianos-residentes-en-la-comarca-ven-con-preocupacion-la-guerra-un-ano-despues\\\/#breadcrumb\",\"itemListElement\":[{\"@type\":\"ListItem\",\"position\":1,\"name\":\"Portada\",\"item\":\"https:\\\/\\\/www.copealcoy.es\\\/es\\\/\"},{\"@type\":\"ListItem\",\"position\":2,\"name\":\"Los ucranianos residentes en la comarca ven con preocupaci\u00f3n la Guerra un a\u00f1o despu\u00e9s\"}]},{\"@type\":\"WebSite\",\"@id\":\"https:\\\/\\\/www.copealcoy.es\\\/es\\\/#website\",\"url\":\"https:\\\/\\\/www.copealcoy.es\\\/es\\\/\",\"name\":\"COPE Alcoy\",\"description\":\"Emisora COPE de radio local con emisi\u00f3n online. Pont de Sant Jordi 8-10 03803 Alcoy\",\"potentialAction\":[{\"@type\":\"SearchAction\",\"target\":{\"@type\":\"EntryPoint\",\"urlTemplate\":\"https:\\\/\\\/www.copealcoy.es\\\/es\\\/?s={search_term_string}\"},\"query-input\":{\"@type\":\"PropertyValueSpecification\",\"valueRequired\":true,\"valueName\":\"search_term_string\"}}],\"inLanguage\":\"es\"},{\"@type\":\"Person\",\"@id\":\"https:\\\/\\\/www.copealcoy.es\\\/es\\\/#\\\/schema\\\/person\\\/e777c87fa024e57d40170af9df39882c\",\"name\":\"Cope Alcoy\",\"image\":{\"@type\":\"ImageObject\",\"inLanguage\":\"es\",\"@id\":\"https:\\\/\\\/secure.gravatar.com\\\/avatar\\\/bb65d0283347e303893ba14f0692005417c1e0e690a325a4c5d8bb2b3943ee14?s=96&d=mm&r=g\",\"url\":\"https:\\\/\\\/secure.gravatar.com\\\/avatar\\\/bb65d0283347e303893ba14f0692005417c1e0e690a325a4c5d8bb2b3943ee14?s=96&d=mm&r=g\",\"contentUrl\":\"https:\\\/\\\/secure.gravatar.com\\\/avatar\\\/bb65d0283347e303893ba14f0692005417c1e0e690a325a4c5d8bb2b3943ee14?s=96&d=mm&r=g\",\"caption\":\"Cope Alcoy\"}}]}<\/script>\n<!-- \/ Yoast SEO plugin. -->","yoast_head_json":{"title":"Los ucranianos residentes en la comarca ven con preocupaci\u00f3n la Guerra un a\u00f1o despu\u00e9s - COPE Alcoy","robots":{"index":"index","follow":"follow","max-snippet":"max-snippet:-1","max-image-preview":"max-image-preview:large","max-video-preview":"max-video-preview:-1"},"canonical":"https:\/\/www.copealcoy.es\/es\/los-ucranianos-residentes-en-la-comarca-ven-con-preocupacion-la-guerra-un-ano-despues\/","og_locale":"es_ES","og_type":"article","og_title":"Los ucranianos residentes en la comarca ven con preocupaci\u00f3n la Guerra un a\u00f1o despu\u00e9s - COPE Alcoy","og_description":"La semana que viene se cumple un a\u00f1o del inicio de la invasi\u00f3n rusa en Ucrania, un conflicto que estall\u00f3...","og_url":"https:\/\/www.copealcoy.es\/es\/los-ucranianos-residentes-en-la-comarca-ven-con-preocupacion-la-guerra-un-ano-despues\/","og_site_name":"COPE Alcoy","article_published_time":"2023-02-17T10:09:53+00:00","article_modified_time":"2023-02-17T10:44:48+00:00","og_image":[{"width":2560,"height":1709,"url":"https:\/\/www.copealcoy.es\/wp-content\/uploads\/2022\/02\/unnamed-1-1-scaled.jpg","type":"image\/jpeg"}],"author":"Cope Alcoy","twitter_misc":{"Escrito por":"Cope Alcoy","Tiempo de lectura":"2 minutos"},"schema":{"@context":"https:\/\/schema.org","@graph":[{"@type":"Article","@id":"https:\/\/www.copealcoy.es\/es\/los-ucranianos-residentes-en-la-comarca-ven-con-preocupacion-la-guerra-un-ano-despues\/#article","isPartOf":{"@id":"https:\/\/www.copealcoy.es\/es\/los-ucranianos-residentes-en-la-comarca-ven-con-preocupacion-la-guerra-un-ano-despues\/"},"author":{"name":"Cope Alcoy","@id":"https:\/\/www.copealcoy.es\/es\/#\/schema\/person\/e777c87fa024e57d40170af9df39882c"},"headline":"Los ucranianos residentes en la comarca ven con preocupaci\u00f3n la Guerra un a\u00f1o despu\u00e9s","datePublished":"2023-02-17T10:09:53+00:00","dateModified":"2023-02-17T10:44:48+00:00","mainEntityOfPage":{"@id":"https:\/\/www.copealcoy.es\/es\/los-ucranianos-residentes-en-la-comarca-ven-con-preocupacion-la-guerra-un-ano-despues\/"},"wordCount":385,"commentCount":0,"image":{"@id":"https:\/\/www.copealcoy.es\/es\/los-ucranianos-residentes-en-la-comarca-ven-con-preocupacion-la-guerra-un-ano-despues\/#primaryimage"},"thumbnailUrl":"https:\/\/www.copealcoy.es\/wp-content\/uploads\/2022\/02\/unnamed-1-1-scaled.jpg","keywords":["Alcoi\u00e0","Comarca","Comtat","guerra de Ucrania","Residentes","Ucrania","ucranianos"],"articleSection":["Actualidad","Alcoy","Noticias","Pol\u00edtica y Econom\u00eda","Portada"],"inLanguage":"es"},{"@type":"WebPage","@id":"https:\/\/www.copealcoy.es\/es\/los-ucranianos-residentes-en-la-comarca-ven-con-preocupacion-la-guerra-un-ano-despues\/","url":"https:\/\/www.copealcoy.es\/es\/los-ucranianos-residentes-en-la-comarca-ven-con-preocupacion-la-guerra-un-ano-despues\/","name":"Los ucranianos residentes en la comarca ven con preocupaci\u00f3n la Guerra un a\u00f1o despu\u00e9s - COPE Alcoy","isPartOf":{"@id":"https:\/\/www.copealcoy.es\/es\/#website"},"primaryImageOfPage":{"@id":"https:\/\/www.copealcoy.es\/es\/los-ucranianos-residentes-en-la-comarca-ven-con-preocupacion-la-guerra-un-ano-despues\/#primaryimage"},"image":{"@id":"https:\/\/www.copealcoy.es\/es\/los-ucranianos-residentes-en-la-comarca-ven-con-preocupacion-la-guerra-un-ano-despues\/#primaryimage"},"thumbnailUrl":"https:\/\/www.copealcoy.es\/wp-content\/uploads\/2022\/02\/unnamed-1-1-scaled.jpg","datePublished":"2023-02-17T10:09:53+00:00","dateModified":"2023-02-17T10:44:48+00:00","author":{"@id":"https:\/\/www.copealcoy.es\/es\/#\/schema\/person\/e777c87fa024e57d40170af9df39882c"},"breadcrumb":{"@id":"https:\/\/www.copealcoy.es\/es\/los-ucranianos-residentes-en-la-comarca-ven-con-preocupacion-la-guerra-un-ano-despues\/#breadcrumb"},"inLanguage":"es","potentialAction":[{"@type":"ReadAction","target":["https:\/\/www.copealcoy.es\/es\/los-ucranianos-residentes-en-la-comarca-ven-con-preocupacion-la-guerra-un-ano-despues\/"]}]},{"@type":"ImageObject","inLanguage":"es","@id":"https:\/\/www.copealcoy.es\/es\/los-ucranianos-residentes-en-la-comarca-ven-con-preocupacion-la-guerra-un-ano-despues\/#primaryimage","url":"https:\/\/www.copealcoy.es\/wp-content\/uploads\/2022\/02\/unnamed-1-1-scaled.jpg","contentUrl":"https:\/\/www.copealcoy.es\/wp-content\/uploads\/2022\/02\/unnamed-1-1-scaled.jpg","width":2560,"height":1709},{"@type":"BreadcrumbList","@id":"https:\/\/www.copealcoy.es\/es\/los-ucranianos-residentes-en-la-comarca-ven-con-preocupacion-la-guerra-un-ano-despues\/#breadcrumb","itemListElement":[{"@type":"ListItem","position":1,"name":"Portada","item":"https:\/\/www.copealcoy.es\/es\/"},{"@type":"ListItem","position":2,"name":"Los ucranianos residentes en la comarca ven con preocupaci\u00f3n la Guerra un a\u00f1o despu\u00e9s"}]},{"@type":"WebSite","@id":"https:\/\/www.copealcoy.es\/es\/#website","url":"https:\/\/www.copealcoy.es\/es\/","name":"COPE Alcoy","description":"Emisora COPE de radio local con emisi\u00f3n online. Pont de Sant Jordi 8-10 03803 Alcoy","potentialAction":[{"@type":"SearchAction","target":{"@type":"EntryPoint","urlTemplate":"https:\/\/www.copealcoy.es\/es\/?s={search_term_string}"},"query-input":{"@type":"PropertyValueSpecification","valueRequired":true,"valueName":"search_term_string"}}],"inLanguage":"es"},{"@type":"Person","@id":"https:\/\/www.copealcoy.es\/es\/#\/schema\/person\/e777c87fa024e57d40170af9df39882c","name":"Cope Alcoy","image":{"@type":"ImageObject","inLanguage":"es","@id":"https:\/\/secure.gravatar.com\/avatar\/bb65d0283347e303893ba14f0692005417c1e0e690a325a4c5d8bb2b3943ee14?s=96&d=mm&r=g","url":"https:\/\/secure.gravatar.com\/avatar\/bb65d0283347e303893ba14f0692005417c1e0e690a325a4c5d8bb2b3943ee14?s=96&d=mm&r=g","contentUrl":"https:\/\/secure.gravatar.com\/avatar\/bb65d0283347e303893ba14f0692005417c1e0e690a325a4c5d8bb2b3943ee14?s=96&d=mm&r=g","caption":"Cope Alcoy"}}]}},"_links":{"self":[{"href":"https:\/\/www.copealcoy.es\/es\/wp-json\/wp\/v2\/posts\/110702","targetHints":{"allow":["GET"]}}],"collection":[{"href":"https:\/\/www.copealcoy.es\/es\/wp-json\/wp\/v2\/posts"}],"about":[{"href":"https:\/\/www.copealcoy.es\/es\/wp-json\/wp\/v2\/types\/post"}],"author":[{"embeddable":true,"href":"https:\/\/www.copealcoy.es\/es\/wp-json\/wp\/v2\/users\/1"}],"replies":[{"embeddable":true,"href":"https:\/\/www.copealcoy.es\/es\/wp-json\/wp\/v2\/comments?post=110702"}],"version-history":[{"count":0,"href":"https:\/\/www.copealcoy.es\/es\/wp-json\/wp\/v2\/posts\/110702\/revisions"}],"wp:featuredmedia":[{"embeddable":true,"href":"https:\/\/www.copealcoy.es\/es\/wp-json\/wp\/v2\/media\/84383"}],"wp:attachment":[{"href":"https:\/\/www.copealcoy.es\/es\/wp-json\/wp\/v2\/media?parent=110702"}],"wp:term":[{"taxonomy":"category","embeddable":true,"href":"https:\/\/www.copealcoy.es\/es\/wp-json\/wp\/v2\/categories?post=110702"},{"taxonomy":"post_tag","embeddable":true,"href":"https:\/\/www.copealcoy.es\/es\/wp-json\/wp\/v2\/tags?post=110702"}],"curies":[{"name":"wp","href":"https:\/\/api.w.org\/{rel}","templated":true}]}}