{"id":110700,"date":"2023-02-17T11:02:00","date_gmt":"2023-02-17T10:02:00","guid":{"rendered":"https:\/\/www.copealcoy.es\/?p=110700"},"modified":"2023-02-17T21:29:07","modified_gmt":"2023-02-17T20:29:07","slug":"la-campana-alimento-fresco-vuelve-a-alcoy","status":"publish","type":"post","link":"https:\/\/www.copealcoy.es\/es\/la-campana-alimento-fresco-vuelve-a-alcoy\/","title":{"rendered":"La campa\u00f1a &#8216;Alimento Fresco&#8217; vuelve a Alcoy"},"content":{"rendered":"<p>Cada vez hay m\u00e1s familias en situaci\u00f3n vulnerable en nuestra ciudad. En estos momentos, <strong>Cruz Roja Alcoy<\/strong>, a trav\u00e9s de su <strong>banco de alimentos<\/strong>, atiende a <strong>200 familias cada mes<\/strong>.<\/p>\n<p>Es por esto que desde el <strong>Rotary Club Alcoy<\/strong>, Cruz Roja y el <strong>Mercat de Sant Roc<\/strong> han lanzado, un a\u00f1o m\u00e1s, la <strong>campa\u00f1a \u2018Alimento Fresco\u2019<\/strong>. &#8220;Un proyecto tan importante como es dar recursos para alimentarse a familias que lo necesitan y que cada vez, por desgracia, son m\u00e1s&#8221;, ha subrayado <strong>Rafael Dom\u00e9nech<\/strong>, presidente del Rotary Club.<\/p>\n<p>Y es que esta iniciativa pretende conseguir que <strong>las familias m\u00e1s vulnerables tengan alimentos como carne, pescado, verdura o fruta en sus cocinas<\/strong>. &#8220;Los alimentos que hemos estado entregando nosotros eran alimentos no perecederos, sobre todo por las dificultades que presenta la log\u00edstica. Sin embargo, tambi\u00e9n era importante poderles ofrecer comida fresca&#8221;, ha explicado <strong>Pablo Granados<\/strong>, responsable de Cruz Roja Alcoy.<\/p>\n<p>Los ciudadanos podr\u00e1n financiar en los puestos del mercado de Sant Roc unos <strong>bonos con los que se proporcionar\u00e1 alimento fresco<\/strong> a las familias.<\/p>\n<p>A esta iniciativa se suma otro proyecto que, en este caso, han impulsado un grupo de la <strong>Fil\u00e0 Ligeros<\/strong> que quiere ir m\u00e1s all\u00e1 de lo que son las Fiestas de Moros y Cristianos y sacar su lado m\u00e1s solidario. Concretamente, los <strong>integrantes de la escuadra especial<\/strong> de este 2023. Se trata de la edici\u00f3n de un libro de sainetes, firmados por el escritor <strong>Miquel Peidro<\/strong> -que tambi\u00e9n forma parte de la escuadra de la capitan\u00eda-, cuyos beneficios ir\u00e1n destinados tambi\u00e9n a ayudar a las familias con las que trabaja Cruz Roja. La presentaci\u00f3n del libro tendr\u00e1 lugar el pr\u00f3ximo <strong>3 de marzo<\/strong> en el local de la fil\u00e0, donde se podr\u00e1n adquirir los ejemplares.<\/p>\n<p>Adem\u00e1s, desde el Rotary Club hacen un llamamiento a la ciudadan\u00eda para que se sume al <strong>carnet solidario<\/strong>, una iniciativa que surgi\u00f3 hace m\u00e1s de tres a\u00f1os. Se trata de una aportaci\u00f3n de 50 euros anuales cuyo fin tambi\u00e9n es solidario.<\/p>\n","protected":false},"excerpt":{"rendered":"<p>Cada vez hay m\u00e1s familias en situaci\u00f3n vulnerable en nuestra ciudad. En estos momentos, Cruz Roja Alcoy, a trav\u00e9s de&#8230;<\/p>\n","protected":false},"author":1,"featured_media":110725,"comment_status":"open","ping_status":"open","sticky":false,"template":"","format":"standard","meta":{"footnotes":""},"categories":[6909,97,75],"tags":[14035,14034,12655,11560],"class_list":["post-110700","post","type-post","status-publish","format-standard","has-post-thumbnail","hentry","category-actualidad","category-alcoy","category-noticias","tag-campana-solidaria","tag-cruz-roja-alcoy","tag-fila-ligeros","tag-rotary-club-alcoy"],"yoast_head":"<!-- This site is optimized with the Yoast SEO plugin v27.3 - https:\/\/yoast.com\/product\/yoast-seo-wordpress\/ -->\n<title>La campa\u00f1a &#039;Alimento Fresco&#039; vuelve a Alcoy - COPE Alcoy<\/title>\n<meta name=\"description\" content=\"Cada vez hay m\u00e1s familias en situaci\u00f3n vulnerable en nuestra ciudad. En estos momentos, Cruz Roja Alcoy, a trav\u00e9s de su banco de alimentos, atiende a 200 familias cada mes.\" \/>\n<meta name=\"robots\" content=\"index, follow, max-snippet:-1, max-image-preview:large, max-video-preview:-1\" \/>\n<link rel=\"canonical\" href=\"https:\/\/www.copealcoy.es\/es\/la-campana-alimento-fresco-vuelve-a-alcoy\/\" \/>\n<meta property=\"og:locale\" content=\"es_ES\" \/>\n<meta property=\"og:type\" content=\"article\" \/>\n<meta property=\"og:title\" content=\"La campa\u00f1a &#039;Alimento Fresco&#039; vuelve a Alcoy - COPE Alcoy\" \/>\n<meta property=\"og:description\" content=\"Cada vez hay m\u00e1s familias en situaci\u00f3n vulnerable en nuestra ciudad. En estos momentos, Cruz Roja Alcoy, a trav\u00e9s de su banco de alimentos, atiende a 200 familias cada mes.\" \/>\n<meta property=\"og:url\" content=\"https:\/\/www.copealcoy.es\/es\/la-campana-alimento-fresco-vuelve-a-alcoy\/\" \/>\n<meta property=\"og:site_name\" content=\"COPE Alcoy\" \/>\n<meta property=\"article:published_time\" content=\"2023-02-17T10:02:00+00:00\" \/>\n<meta property=\"article:modified_time\" content=\"2023-02-17T20:29:07+00:00\" \/>\n<meta property=\"og:image\" content=\"https:\/\/www.copealcoy.es\/wp-content\/uploads\/2023\/02\/IMG_5262-scaled.jpg\" \/>\n\t<meta property=\"og:image:width\" content=\"1440\" \/>\n\t<meta property=\"og:image:height\" content=\"1080\" \/>\n\t<meta property=\"og:image:type\" content=\"image\/jpeg\" \/>\n<meta name=\"author\" content=\"Cope Alcoy\" \/>\n<meta name=\"twitter:label1\" content=\"Escrito por\" \/>\n\t<meta name=\"twitter:data1\" content=\"Cope Alcoy\" \/>\n\t<meta name=\"twitter:label2\" content=\"Tiempo de lectura\" \/>\n\t<meta name=\"twitter:data2\" content=\"2 minutos\" \/>\n<script type=\"application\/ld+json\" class=\"yoast-schema-graph\">{\"@context\":\"https:\\\/\\\/schema.org\",\"@graph\":[{\"@type\":\"Article\",\"@id\":\"https:\\\/\\\/www.copealcoy.es\\\/es\\\/la-campana-alimento-fresco-vuelve-a-alcoy\\\/#article\",\"isPartOf\":{\"@id\":\"https:\\\/\\\/www.copealcoy.es\\\/es\\\/la-campana-alimento-fresco-vuelve-a-alcoy\\\/\"},\"author\":{\"name\":\"Cope Alcoy\",\"@id\":\"https:\\\/\\\/www.copealcoy.es\\\/es\\\/#\\\/schema\\\/person\\\/e777c87fa024e57d40170af9df39882c\"},\"headline\":\"La campa\u00f1a &#8216;Alimento Fresco&#8217; vuelve a Alcoy\",\"datePublished\":\"2023-02-17T10:02:00+00:00\",\"dateModified\":\"2023-02-17T20:29:07+00:00\",\"mainEntityOfPage\":{\"@id\":\"https:\\\/\\\/www.copealcoy.es\\\/es\\\/la-campana-alimento-fresco-vuelve-a-alcoy\\\/\"},\"wordCount\":360,\"commentCount\":0,\"image\":{\"@id\":\"https:\\\/\\\/www.copealcoy.es\\\/es\\\/la-campana-alimento-fresco-vuelve-a-alcoy\\\/#primaryimage\"},\"thumbnailUrl\":\"https:\\\/\\\/www.copealcoy.es\\\/wp-content\\\/uploads\\\/2023\\\/02\\\/IMG_5262-scaled.jpg\",\"keywords\":[\"campa\u00f1a solidaria\",\"Cruz Roja Alcoy\",\"Fil\u00e0 Ligeros\",\"Rotary Club Alcoy\"],\"articleSection\":[\"Actualidad\",\"Alcoy\",\"Noticias\"],\"inLanguage\":\"es\"},{\"@type\":\"WebPage\",\"@id\":\"https:\\\/\\\/www.copealcoy.es\\\/es\\\/la-campana-alimento-fresco-vuelve-a-alcoy\\\/\",\"url\":\"https:\\\/\\\/www.copealcoy.es\\\/es\\\/la-campana-alimento-fresco-vuelve-a-alcoy\\\/\",\"name\":\"La campa\u00f1a 'Alimento Fresco' vuelve a Alcoy - COPE Alcoy\",\"isPartOf\":{\"@id\":\"https:\\\/\\\/www.copealcoy.es\\\/es\\\/#website\"},\"primaryImageOfPage\":{\"@id\":\"https:\\\/\\\/www.copealcoy.es\\\/es\\\/la-campana-alimento-fresco-vuelve-a-alcoy\\\/#primaryimage\"},\"image\":{\"@id\":\"https:\\\/\\\/www.copealcoy.es\\\/es\\\/la-campana-alimento-fresco-vuelve-a-alcoy\\\/#primaryimage\"},\"thumbnailUrl\":\"https:\\\/\\\/www.copealcoy.es\\\/wp-content\\\/uploads\\\/2023\\\/02\\\/IMG_5262-scaled.jpg\",\"datePublished\":\"2023-02-17T10:02:00+00:00\",\"dateModified\":\"2023-02-17T20:29:07+00:00\",\"author\":{\"@id\":\"https:\\\/\\\/www.copealcoy.es\\\/es\\\/#\\\/schema\\\/person\\\/e777c87fa024e57d40170af9df39882c\"},\"description\":\"Cada vez hay m\u00e1s familias en situaci\u00f3n vulnerable en nuestra ciudad. En estos momentos, Cruz Roja Alcoy, a trav\u00e9s de su banco de alimentos, atiende a 200 familias cada mes.\",\"breadcrumb\":{\"@id\":\"https:\\\/\\\/www.copealcoy.es\\\/es\\\/la-campana-alimento-fresco-vuelve-a-alcoy\\\/#breadcrumb\"},\"inLanguage\":\"es\",\"potentialAction\":[{\"@type\":\"ReadAction\",\"target\":[\"https:\\\/\\\/www.copealcoy.es\\\/es\\\/la-campana-alimento-fresco-vuelve-a-alcoy\\\/\"]}]},{\"@type\":\"ImageObject\",\"inLanguage\":\"es\",\"@id\":\"https:\\\/\\\/www.copealcoy.es\\\/es\\\/la-campana-alimento-fresco-vuelve-a-alcoy\\\/#primaryimage\",\"url\":\"https:\\\/\\\/www.copealcoy.es\\\/wp-content\\\/uploads\\\/2023\\\/02\\\/IMG_5262-scaled.jpg\",\"contentUrl\":\"https:\\\/\\\/www.copealcoy.es\\\/wp-content\\\/uploads\\\/2023\\\/02\\\/IMG_5262-scaled.jpg\",\"width\":1440,\"height\":1080},{\"@type\":\"BreadcrumbList\",\"@id\":\"https:\\\/\\\/www.copealcoy.es\\\/es\\\/la-campana-alimento-fresco-vuelve-a-alcoy\\\/#breadcrumb\",\"itemListElement\":[{\"@type\":\"ListItem\",\"position\":1,\"name\":\"Portada\",\"item\":\"https:\\\/\\\/www.copealcoy.es\\\/es\\\/\"},{\"@type\":\"ListItem\",\"position\":2,\"name\":\"La campa\u00f1a &#8216;Alimento Fresco&#8217; vuelve a Alcoy\"}]},{\"@type\":\"WebSite\",\"@id\":\"https:\\\/\\\/www.copealcoy.es\\\/es\\\/#website\",\"url\":\"https:\\\/\\\/www.copealcoy.es\\\/es\\\/\",\"name\":\"COPE Alcoy\",\"description\":\"Emisora COPE de radio local con emisi\u00f3n online. Pont de Sant Jordi 8-10 03803 Alcoy\",\"potentialAction\":[{\"@type\":\"SearchAction\",\"target\":{\"@type\":\"EntryPoint\",\"urlTemplate\":\"https:\\\/\\\/www.copealcoy.es\\\/es\\\/?s={search_term_string}\"},\"query-input\":{\"@type\":\"PropertyValueSpecification\",\"valueRequired\":true,\"valueName\":\"search_term_string\"}}],\"inLanguage\":\"es\"},{\"@type\":\"Person\",\"@id\":\"https:\\\/\\\/www.copealcoy.es\\\/es\\\/#\\\/schema\\\/person\\\/e777c87fa024e57d40170af9df39882c\",\"name\":\"Cope Alcoy\",\"image\":{\"@type\":\"ImageObject\",\"inLanguage\":\"es\",\"@id\":\"https:\\\/\\\/secure.gravatar.com\\\/avatar\\\/bb65d0283347e303893ba14f0692005417c1e0e690a325a4c5d8bb2b3943ee14?s=96&d=mm&r=g\",\"url\":\"https:\\\/\\\/secure.gravatar.com\\\/avatar\\\/bb65d0283347e303893ba14f0692005417c1e0e690a325a4c5d8bb2b3943ee14?s=96&d=mm&r=g\",\"contentUrl\":\"https:\\\/\\\/secure.gravatar.com\\\/avatar\\\/bb65d0283347e303893ba14f0692005417c1e0e690a325a4c5d8bb2b3943ee14?s=96&d=mm&r=g\",\"caption\":\"Cope Alcoy\"}}]}<\/script>\n<!-- \/ Yoast SEO plugin. -->","yoast_head_json":{"title":"La campa\u00f1a 'Alimento Fresco' vuelve a Alcoy - COPE Alcoy","description":"Cada vez hay m\u00e1s familias en situaci\u00f3n vulnerable en nuestra ciudad. En estos momentos, Cruz Roja Alcoy, a trav\u00e9s de su banco de alimentos, atiende a 200 familias cada mes.","robots":{"index":"index","follow":"follow","max-snippet":"max-snippet:-1","max-image-preview":"max-image-preview:large","max-video-preview":"max-video-preview:-1"},"canonical":"https:\/\/www.copealcoy.es\/es\/la-campana-alimento-fresco-vuelve-a-alcoy\/","og_locale":"es_ES","og_type":"article","og_title":"La campa\u00f1a 'Alimento Fresco' vuelve a Alcoy - COPE Alcoy","og_description":"Cada vez hay m\u00e1s familias en situaci\u00f3n vulnerable en nuestra ciudad. En estos momentos, Cruz Roja Alcoy, a trav\u00e9s de su banco de alimentos, atiende a 200 familias cada mes.","og_url":"https:\/\/www.copealcoy.es\/es\/la-campana-alimento-fresco-vuelve-a-alcoy\/","og_site_name":"COPE Alcoy","article_published_time":"2023-02-17T10:02:00+00:00","article_modified_time":"2023-02-17T20:29:07+00:00","og_image":[{"width":1440,"height":1080,"url":"https:\/\/www.copealcoy.es\/wp-content\/uploads\/2023\/02\/IMG_5262-scaled.jpg","type":"image\/jpeg"}],"author":"Cope Alcoy","twitter_misc":{"Escrito por":"Cope Alcoy","Tiempo de lectura":"2 minutos"},"schema":{"@context":"https:\/\/schema.org","@graph":[{"@type":"Article","@id":"https:\/\/www.copealcoy.es\/es\/la-campana-alimento-fresco-vuelve-a-alcoy\/#article","isPartOf":{"@id":"https:\/\/www.copealcoy.es\/es\/la-campana-alimento-fresco-vuelve-a-alcoy\/"},"author":{"name":"Cope Alcoy","@id":"https:\/\/www.copealcoy.es\/es\/#\/schema\/person\/e777c87fa024e57d40170af9df39882c"},"headline":"La campa\u00f1a &#8216;Alimento Fresco&#8217; vuelve a Alcoy","datePublished":"2023-02-17T10:02:00+00:00","dateModified":"2023-02-17T20:29:07+00:00","mainEntityOfPage":{"@id":"https:\/\/www.copealcoy.es\/es\/la-campana-alimento-fresco-vuelve-a-alcoy\/"},"wordCount":360,"commentCount":0,"image":{"@id":"https:\/\/www.copealcoy.es\/es\/la-campana-alimento-fresco-vuelve-a-alcoy\/#primaryimage"},"thumbnailUrl":"https:\/\/www.copealcoy.es\/wp-content\/uploads\/2023\/02\/IMG_5262-scaled.jpg","keywords":["campa\u00f1a solidaria","Cruz Roja Alcoy","Fil\u00e0 Ligeros","Rotary Club Alcoy"],"articleSection":["Actualidad","Alcoy","Noticias"],"inLanguage":"es"},{"@type":"WebPage","@id":"https:\/\/www.copealcoy.es\/es\/la-campana-alimento-fresco-vuelve-a-alcoy\/","url":"https:\/\/www.copealcoy.es\/es\/la-campana-alimento-fresco-vuelve-a-alcoy\/","name":"La campa\u00f1a 'Alimento Fresco' vuelve a Alcoy - COPE Alcoy","isPartOf":{"@id":"https:\/\/www.copealcoy.es\/es\/#website"},"primaryImageOfPage":{"@id":"https:\/\/www.copealcoy.es\/es\/la-campana-alimento-fresco-vuelve-a-alcoy\/#primaryimage"},"image":{"@id":"https:\/\/www.copealcoy.es\/es\/la-campana-alimento-fresco-vuelve-a-alcoy\/#primaryimage"},"thumbnailUrl":"https:\/\/www.copealcoy.es\/wp-content\/uploads\/2023\/02\/IMG_5262-scaled.jpg","datePublished":"2023-02-17T10:02:00+00:00","dateModified":"2023-02-17T20:29:07+00:00","author":{"@id":"https:\/\/www.copealcoy.es\/es\/#\/schema\/person\/e777c87fa024e57d40170af9df39882c"},"description":"Cada vez hay m\u00e1s familias en situaci\u00f3n vulnerable en nuestra ciudad. En estos momentos, Cruz Roja Alcoy, a trav\u00e9s de su banco de alimentos, atiende a 200 familias cada mes.","breadcrumb":{"@id":"https:\/\/www.copealcoy.es\/es\/la-campana-alimento-fresco-vuelve-a-alcoy\/#breadcrumb"},"inLanguage":"es","potentialAction":[{"@type":"ReadAction","target":["https:\/\/www.copealcoy.es\/es\/la-campana-alimento-fresco-vuelve-a-alcoy\/"]}]},{"@type":"ImageObject","inLanguage":"es","@id":"https:\/\/www.copealcoy.es\/es\/la-campana-alimento-fresco-vuelve-a-alcoy\/#primaryimage","url":"https:\/\/www.copealcoy.es\/wp-content\/uploads\/2023\/02\/IMG_5262-scaled.jpg","contentUrl":"https:\/\/www.copealcoy.es\/wp-content\/uploads\/2023\/02\/IMG_5262-scaled.jpg","width":1440,"height":1080},{"@type":"BreadcrumbList","@id":"https:\/\/www.copealcoy.es\/es\/la-campana-alimento-fresco-vuelve-a-alcoy\/#breadcrumb","itemListElement":[{"@type":"ListItem","position":1,"name":"Portada","item":"https:\/\/www.copealcoy.es\/es\/"},{"@type":"ListItem","position":2,"name":"La campa\u00f1a &#8216;Alimento Fresco&#8217; vuelve a Alcoy"}]},{"@type":"WebSite","@id":"https:\/\/www.copealcoy.es\/es\/#website","url":"https:\/\/www.copealcoy.es\/es\/","name":"COPE Alcoy","description":"Emisora COPE de radio local con emisi\u00f3n online. Pont de Sant Jordi 8-10 03803 Alcoy","potentialAction":[{"@type":"SearchAction","target":{"@type":"EntryPoint","urlTemplate":"https:\/\/www.copealcoy.es\/es\/?s={search_term_string}"},"query-input":{"@type":"PropertyValueSpecification","valueRequired":true,"valueName":"search_term_string"}}],"inLanguage":"es"},{"@type":"Person","@id":"https:\/\/www.copealcoy.es\/es\/#\/schema\/person\/e777c87fa024e57d40170af9df39882c","name":"Cope Alcoy","image":{"@type":"ImageObject","inLanguage":"es","@id":"https:\/\/secure.gravatar.com\/avatar\/bb65d0283347e303893ba14f0692005417c1e0e690a325a4c5d8bb2b3943ee14?s=96&d=mm&r=g","url":"https:\/\/secure.gravatar.com\/avatar\/bb65d0283347e303893ba14f0692005417c1e0e690a325a4c5d8bb2b3943ee14?s=96&d=mm&r=g","contentUrl":"https:\/\/secure.gravatar.com\/avatar\/bb65d0283347e303893ba14f0692005417c1e0e690a325a4c5d8bb2b3943ee14?s=96&d=mm&r=g","caption":"Cope Alcoy"}}]}},"_links":{"self":[{"href":"https:\/\/www.copealcoy.es\/es\/wp-json\/wp\/v2\/posts\/110700","targetHints":{"allow":["GET"]}}],"collection":[{"href":"https:\/\/www.copealcoy.es\/es\/wp-json\/wp\/v2\/posts"}],"about":[{"href":"https:\/\/www.copealcoy.es\/es\/wp-json\/wp\/v2\/types\/post"}],"author":[{"embeddable":true,"href":"https:\/\/www.copealcoy.es\/es\/wp-json\/wp\/v2\/users\/1"}],"replies":[{"embeddable":true,"href":"https:\/\/www.copealcoy.es\/es\/wp-json\/wp\/v2\/comments?post=110700"}],"version-history":[{"count":0,"href":"https:\/\/www.copealcoy.es\/es\/wp-json\/wp\/v2\/posts\/110700\/revisions"}],"wp:featuredmedia":[{"embeddable":true,"href":"https:\/\/www.copealcoy.es\/es\/wp-json\/wp\/v2\/media\/110725"}],"wp:attachment":[{"href":"https:\/\/www.copealcoy.es\/es\/wp-json\/wp\/v2\/media?parent=110700"}],"wp:term":[{"taxonomy":"category","embeddable":true,"href":"https:\/\/www.copealcoy.es\/es\/wp-json\/wp\/v2\/categories?post=110700"},{"taxonomy":"post_tag","embeddable":true,"href":"https:\/\/www.copealcoy.es\/es\/wp-json\/wp\/v2\/tags?post=110700"}],"curies":[{"name":"wp","href":"https:\/\/api.w.org\/{rel}","templated":true}]}}