{"id":110684,"date":"2023-02-17T08:15:07","date_gmt":"2023-02-17T07:15:07","guid":{"rendered":"https:\/\/www.copealcoy.es\/?p=110684"},"modified":"2023-02-17T09:01:16","modified_gmt":"2023-02-17T08:01:16","slug":"regresan-a-la-provincia-los-bomberos-que-participaron-en-los-rescates-de-turquia-y-siria","status":"publish","type":"post","link":"https:\/\/www.copealcoy.es\/es\/regresan-a-la-provincia-los-bomberos-que-participaron-en-los-rescates-de-turquia-y-siria\/","title":{"rendered":"Regresan a la provincia los Bomberos que participaron en los rescates de Turqu\u00eda y Siria"},"content":{"rendered":"<p style=\"text-align: justify;\">El Grupo de Rescate del <a href=\"https:\/\/consorciobomberosalicante.es\/\" target=\"_blank\" rel=\"noopener\"><span style=\"color: #0000ff;\"><strong>Consorcio de Bomberos de la Diputaci\u00f3n Provincial de Alicante<\/strong><\/span><\/a>, que <strong>hace algo m\u00e1s de una semana viaj\u00f3 a Turqu\u00eda para colaborar en las tareas de ayuda y b\u00fasqueda de v\u00edctimas tras los terremotos<\/strong>, ha regresado ya a nuestra provincia. Aterrizaron ayer en el <strong>Aeropuerto de Valencia<\/strong> y posteriormente <strong>llegaron al Parque de Benidorm as\u00ed como al de Sant Vicent del Raspeig<\/strong> donde fueron recibidos con <strong>enormes aplausos<\/strong> por parte de familiares as\u00ed como compa\u00f1eros.<\/p>\n<p style=\"text-align: justify;\">Cabe mencionar que el dispositivo estuvo compuesto por <strong>siete efectivos con gran experiencia en este tipo de<\/strong> <strong>emergencias y tres perros<\/strong>. El contingente, que lleg\u00f3 a trabajar hasta veinte horas al d\u00eda, <strong>ha actuado en diversos puntos del pa\u00eds turco<\/strong>, como Adana o Antioquia, en funci\u00f3n de las indicaciones y necesidades trasladadas por las autoridades turcas. Los bomberos <strong>han realizado tareas de b\u00fasqueda de v\u00edctimas en m\u00e1s de medio centenar de edificios<\/strong>, aunque finalmente no han podido rescatar a ninguna persona con vida.<\/p>\n<p style=\"text-align: justify;\">Para el diputado responsable del \u00e1rea, <strong>Javier Sendra<\/strong>, el equipo ha realizado <strong>una encomiable labor en las tareas de desescombro<\/strong> pese a que <strong>no han podido encontrar supervivientes<\/strong> debido a la magnitud de la cat\u00e1strofe. En este sentido, <strong>Sendra ha destacado el gran esfuerzo f\u00edsico y psicol\u00f3gico realizado por los bomberos<\/strong>\u00a0\u201c<em>ya que nunca se hab\u00edan enfrentado a una tragedia tan dantesca como esta<\/em>\u201d, dijo al respecto.<\/p>\n<p style=\"text-align: justify;\">Cabe destacar que el grupo desplegado en Turqu\u00eda, que ha viajado junto a miembros de la asociaci\u00f3n humanitaria USAR 13, ha trabajado durante estos d\u00edas <strong>en unas condiciones extremas<\/strong>. No solo por las duras condiciones climatol\u00f3gicas sino tambi\u00e9n por<strong> el gran nivel de devastaci\u00f3n<\/strong> que han tenido ante sus ojos \u201c<em>ha sido el peor escenario en el que hemos estado<\/em>\u201d, ha se\u00f1alado el jefe del Grupo de Rescate del Consorcio Provincial, <strong>Salvador Luque<\/strong>, quien, por otra parte, ha resaltado la hospitalidad y el agradecimiento del pueblo turco.<\/p>\n<p style=\"text-align: justify;\">Finalmente, el diputado aprovech\u00f3 el acto de bienvenida para <strong>poner de nuevo en valor<\/strong> el \u201c<em>gran servicio<\/em>\u201d prestado por los profesionales de <strong>la Diputaci\u00f3n de Alicante<\/strong>. En este sentido manifest\u00f3 que \u201c<em>es un orgullo contar en nuestra provincia con un equipo de profesionales como el nuestro, dispuesto a movilizarse y ayudar ante cualquier cat\u00e1strofe<\/em>\u201d, concluy\u00f3 sentenci\u00f3 <strong>Javier Sendra<\/strong>.<\/p>\n","protected":false},"excerpt":{"rendered":"<p>El Grupo de Rescate del Consorcio de Bomberos de la Diputaci\u00f3n Provincial de Alicante, que hace algo m\u00e1s de una&#8230;<\/p>\n","protected":false},"author":1,"featured_media":110685,"comment_status":"open","ping_status":"open","sticky":false,"template":"","format":"standard","meta":{"footnotes":""},"categories":[6909,98,75],"tags":[615,947,14025,14026,14027],"class_list":["post-110684","post","type-post","status-publish","format-standard","has-post-thumbnail","hentry","category-actualidad","category-comarcas","category-noticias","tag-bomberos","tag-diputacion-de-alicante","tag-grupo-de-rescate","tag-terremotos","tag-turquia-2"],"yoast_head":"<!-- This site is optimized with the Yoast SEO plugin v27.3 - https:\/\/yoast.com\/product\/yoast-seo-wordpress\/ -->\n<title>Regresan a la provincia los Bomberos que participaron en los rescates de Turqu\u00eda y Siria - COPE Alcoy<\/title>\n<meta name=\"description\" content=\"El Grupo de Rescate del Consorcio de Bomberos de la Diputaci\u00f3n Provincial de Alicante que estuvo en Turqu\u00eda ya ha regresado\" \/>\n<meta name=\"robots\" content=\"index, follow, max-snippet:-1, max-image-preview:large, max-video-preview:-1\" \/>\n<link rel=\"canonical\" href=\"https:\/\/www.copealcoy.es\/es\/regresan-a-la-provincia-los-bomberos-que-participaron-en-los-rescates-de-turquia-y-siria\/\" \/>\n<meta property=\"og:locale\" content=\"es_ES\" \/>\n<meta property=\"og:type\" content=\"article\" \/>\n<meta property=\"og:title\" content=\"Regresan a la provincia los Bomberos que participaron en los rescates de Turqu\u00eda y Siria - COPE Alcoy\" \/>\n<meta property=\"og:description\" content=\"El Grupo de Rescate del Consorcio de Bomberos de la Diputaci\u00f3n Provincial de Alicante que estuvo en Turqu\u00eda ya ha regresado\" \/>\n<meta property=\"og:url\" content=\"https:\/\/www.copealcoy.es\/es\/regresan-a-la-provincia-los-bomberos-que-participaron-en-los-rescates-de-turquia-y-siria\/\" \/>\n<meta property=\"og:site_name\" content=\"COPE Alcoy\" \/>\n<meta property=\"article:published_time\" content=\"2023-02-17T07:15:07+00:00\" \/>\n<meta property=\"article:modified_time\" content=\"2023-02-17T08:01:16+00:00\" \/>\n<meta property=\"og:image\" content=\"https:\/\/www.copealcoy.es\/wp-content\/uploads\/2023\/02\/Grupo-Bomberos-Regreso-Turquia-2.jpg\" \/>\n\t<meta property=\"og:image:width\" content=\"1250\" \/>\n\t<meta property=\"og:image:height\" content=\"762\" \/>\n\t<meta property=\"og:image:type\" content=\"image\/jpeg\" \/>\n<meta name=\"author\" content=\"Cope Alcoy\" \/>\n<meta name=\"twitter:label1\" content=\"Escrito por\" \/>\n\t<meta name=\"twitter:data1\" content=\"Cope Alcoy\" \/>\n\t<meta name=\"twitter:label2\" content=\"Tiempo de lectura\" \/>\n\t<meta name=\"twitter:data2\" content=\"2 minutos\" \/>\n<script type=\"application\/ld+json\" class=\"yoast-schema-graph\">{\"@context\":\"https:\\\/\\\/schema.org\",\"@graph\":[{\"@type\":\"Article\",\"@id\":\"https:\\\/\\\/www.copealcoy.es\\\/es\\\/regresan-a-la-provincia-los-bomberos-que-participaron-en-los-rescates-de-turquia-y-siria\\\/#article\",\"isPartOf\":{\"@id\":\"https:\\\/\\\/www.copealcoy.es\\\/es\\\/regresan-a-la-provincia-los-bomberos-que-participaron-en-los-rescates-de-turquia-y-siria\\\/\"},\"author\":{\"name\":\"Cope Alcoy\",\"@id\":\"https:\\\/\\\/www.copealcoy.es\\\/es\\\/#\\\/schema\\\/person\\\/e777c87fa024e57d40170af9df39882c\"},\"headline\":\"Regresan a la provincia los Bomberos que participaron en los rescates de Turqu\u00eda y Siria\",\"datePublished\":\"2023-02-17T07:15:07+00:00\",\"dateModified\":\"2023-02-17T08:01:16+00:00\",\"mainEntityOfPage\":{\"@id\":\"https:\\\/\\\/www.copealcoy.es\\\/es\\\/regresan-a-la-provincia-los-bomberos-que-participaron-en-los-rescates-de-turquia-y-siria\\\/\"},\"wordCount\":414,\"commentCount\":0,\"image\":{\"@id\":\"https:\\\/\\\/www.copealcoy.es\\\/es\\\/regresan-a-la-provincia-los-bomberos-que-participaron-en-los-rescates-de-turquia-y-siria\\\/#primaryimage\"},\"thumbnailUrl\":\"https:\\\/\\\/www.copealcoy.es\\\/wp-content\\\/uploads\\\/2023\\\/02\\\/Grupo-Bomberos-Regreso-Turquia-2.jpg\",\"keywords\":[\"Bomberos\",\"Diputaci\u00f3n de Alicante\",\"grupo de rescate\",\"terremotos\",\"Turquia\"],\"articleSection\":[\"Actualidad\",\"Comarcas\",\"Noticias\"],\"inLanguage\":\"es\"},{\"@type\":\"WebPage\",\"@id\":\"https:\\\/\\\/www.copealcoy.es\\\/es\\\/regresan-a-la-provincia-los-bomberos-que-participaron-en-los-rescates-de-turquia-y-siria\\\/\",\"url\":\"https:\\\/\\\/www.copealcoy.es\\\/es\\\/regresan-a-la-provincia-los-bomberos-que-participaron-en-los-rescates-de-turquia-y-siria\\\/\",\"name\":\"Regresan a la provincia los Bomberos que participaron en los rescates de Turqu\u00eda y Siria - COPE Alcoy\",\"isPartOf\":{\"@id\":\"https:\\\/\\\/www.copealcoy.es\\\/es\\\/#website\"},\"primaryImageOfPage\":{\"@id\":\"https:\\\/\\\/www.copealcoy.es\\\/es\\\/regresan-a-la-provincia-los-bomberos-que-participaron-en-los-rescates-de-turquia-y-siria\\\/#primaryimage\"},\"image\":{\"@id\":\"https:\\\/\\\/www.copealcoy.es\\\/es\\\/regresan-a-la-provincia-los-bomberos-que-participaron-en-los-rescates-de-turquia-y-siria\\\/#primaryimage\"},\"thumbnailUrl\":\"https:\\\/\\\/www.copealcoy.es\\\/wp-content\\\/uploads\\\/2023\\\/02\\\/Grupo-Bomberos-Regreso-Turquia-2.jpg\",\"datePublished\":\"2023-02-17T07:15:07+00:00\",\"dateModified\":\"2023-02-17T08:01:16+00:00\",\"author\":{\"@id\":\"https:\\\/\\\/www.copealcoy.es\\\/es\\\/#\\\/schema\\\/person\\\/e777c87fa024e57d40170af9df39882c\"},\"description\":\"El Grupo de Rescate del Consorcio de Bomberos de la Diputaci\u00f3n Provincial de Alicante que estuvo en Turqu\u00eda ya ha regresado\",\"breadcrumb\":{\"@id\":\"https:\\\/\\\/www.copealcoy.es\\\/es\\\/regresan-a-la-provincia-los-bomberos-que-participaron-en-los-rescates-de-turquia-y-siria\\\/#breadcrumb\"},\"inLanguage\":\"es\",\"potentialAction\":[{\"@type\":\"ReadAction\",\"target\":[\"https:\\\/\\\/www.copealcoy.es\\\/es\\\/regresan-a-la-provincia-los-bomberos-que-participaron-en-los-rescates-de-turquia-y-siria\\\/\"]}]},{\"@type\":\"ImageObject\",\"inLanguage\":\"es\",\"@id\":\"https:\\\/\\\/www.copealcoy.es\\\/es\\\/regresan-a-la-provincia-los-bomberos-que-participaron-en-los-rescates-de-turquia-y-siria\\\/#primaryimage\",\"url\":\"https:\\\/\\\/www.copealcoy.es\\\/wp-content\\\/uploads\\\/2023\\\/02\\\/Grupo-Bomberos-Regreso-Turquia-2.jpg\",\"contentUrl\":\"https:\\\/\\\/www.copealcoy.es\\\/wp-content\\\/uploads\\\/2023\\\/02\\\/Grupo-Bomberos-Regreso-Turquia-2.jpg\",\"width\":1250,\"height\":762},{\"@type\":\"BreadcrumbList\",\"@id\":\"https:\\\/\\\/www.copealcoy.es\\\/es\\\/regresan-a-la-provincia-los-bomberos-que-participaron-en-los-rescates-de-turquia-y-siria\\\/#breadcrumb\",\"itemListElement\":[{\"@type\":\"ListItem\",\"position\":1,\"name\":\"Portada\",\"item\":\"https:\\\/\\\/www.copealcoy.es\\\/es\\\/\"},{\"@type\":\"ListItem\",\"position\":2,\"name\":\"Regresan a la provincia los Bomberos que participaron en los rescates de Turqu\u00eda y Siria\"}]},{\"@type\":\"WebSite\",\"@id\":\"https:\\\/\\\/www.copealcoy.es\\\/es\\\/#website\",\"url\":\"https:\\\/\\\/www.copealcoy.es\\\/es\\\/\",\"name\":\"COPE Alcoy\",\"description\":\"Emisora COPE de radio local con emisi\u00f3n online. Pont de Sant Jordi 8-10 03803 Alcoy\",\"potentialAction\":[{\"@type\":\"SearchAction\",\"target\":{\"@type\":\"EntryPoint\",\"urlTemplate\":\"https:\\\/\\\/www.copealcoy.es\\\/es\\\/?s={search_term_string}\"},\"query-input\":{\"@type\":\"PropertyValueSpecification\",\"valueRequired\":true,\"valueName\":\"search_term_string\"}}],\"inLanguage\":\"es\"},{\"@type\":\"Person\",\"@id\":\"https:\\\/\\\/www.copealcoy.es\\\/es\\\/#\\\/schema\\\/person\\\/e777c87fa024e57d40170af9df39882c\",\"name\":\"Cope Alcoy\",\"image\":{\"@type\":\"ImageObject\",\"inLanguage\":\"es\",\"@id\":\"https:\\\/\\\/secure.gravatar.com\\\/avatar\\\/bb65d0283347e303893ba14f0692005417c1e0e690a325a4c5d8bb2b3943ee14?s=96&d=mm&r=g\",\"url\":\"https:\\\/\\\/secure.gravatar.com\\\/avatar\\\/bb65d0283347e303893ba14f0692005417c1e0e690a325a4c5d8bb2b3943ee14?s=96&d=mm&r=g\",\"contentUrl\":\"https:\\\/\\\/secure.gravatar.com\\\/avatar\\\/bb65d0283347e303893ba14f0692005417c1e0e690a325a4c5d8bb2b3943ee14?s=96&d=mm&r=g\",\"caption\":\"Cope Alcoy\"}}]}<\/script>\n<!-- \/ Yoast SEO plugin. -->","yoast_head_json":{"title":"Regresan a la provincia los Bomberos que participaron en los rescates de Turqu\u00eda y Siria - COPE Alcoy","description":"El Grupo de Rescate del Consorcio de Bomberos de la Diputaci\u00f3n Provincial de Alicante que estuvo en Turqu\u00eda ya ha regresado","robots":{"index":"index","follow":"follow","max-snippet":"max-snippet:-1","max-image-preview":"max-image-preview:large","max-video-preview":"max-video-preview:-1"},"canonical":"https:\/\/www.copealcoy.es\/es\/regresan-a-la-provincia-los-bomberos-que-participaron-en-los-rescates-de-turquia-y-siria\/","og_locale":"es_ES","og_type":"article","og_title":"Regresan a la provincia los Bomberos que participaron en los rescates de Turqu\u00eda y Siria - COPE Alcoy","og_description":"El Grupo de Rescate del Consorcio de Bomberos de la Diputaci\u00f3n Provincial de Alicante que estuvo en Turqu\u00eda ya ha regresado","og_url":"https:\/\/www.copealcoy.es\/es\/regresan-a-la-provincia-los-bomberos-que-participaron-en-los-rescates-de-turquia-y-siria\/","og_site_name":"COPE Alcoy","article_published_time":"2023-02-17T07:15:07+00:00","article_modified_time":"2023-02-17T08:01:16+00:00","og_image":[{"width":1250,"height":762,"url":"https:\/\/www.copealcoy.es\/wp-content\/uploads\/2023\/02\/Grupo-Bomberos-Regreso-Turquia-2.jpg","type":"image\/jpeg"}],"author":"Cope Alcoy","twitter_misc":{"Escrito por":"Cope Alcoy","Tiempo de lectura":"2 minutos"},"schema":{"@context":"https:\/\/schema.org","@graph":[{"@type":"Article","@id":"https:\/\/www.copealcoy.es\/es\/regresan-a-la-provincia-los-bomberos-que-participaron-en-los-rescates-de-turquia-y-siria\/#article","isPartOf":{"@id":"https:\/\/www.copealcoy.es\/es\/regresan-a-la-provincia-los-bomberos-que-participaron-en-los-rescates-de-turquia-y-siria\/"},"author":{"name":"Cope Alcoy","@id":"https:\/\/www.copealcoy.es\/es\/#\/schema\/person\/e777c87fa024e57d40170af9df39882c"},"headline":"Regresan a la provincia los Bomberos que participaron en los rescates de Turqu\u00eda y Siria","datePublished":"2023-02-17T07:15:07+00:00","dateModified":"2023-02-17T08:01:16+00:00","mainEntityOfPage":{"@id":"https:\/\/www.copealcoy.es\/es\/regresan-a-la-provincia-los-bomberos-que-participaron-en-los-rescates-de-turquia-y-siria\/"},"wordCount":414,"commentCount":0,"image":{"@id":"https:\/\/www.copealcoy.es\/es\/regresan-a-la-provincia-los-bomberos-que-participaron-en-los-rescates-de-turquia-y-siria\/#primaryimage"},"thumbnailUrl":"https:\/\/www.copealcoy.es\/wp-content\/uploads\/2023\/02\/Grupo-Bomberos-Regreso-Turquia-2.jpg","keywords":["Bomberos","Diputaci\u00f3n de Alicante","grupo de rescate","terremotos","Turquia"],"articleSection":["Actualidad","Comarcas","Noticias"],"inLanguage":"es"},{"@type":"WebPage","@id":"https:\/\/www.copealcoy.es\/es\/regresan-a-la-provincia-los-bomberos-que-participaron-en-los-rescates-de-turquia-y-siria\/","url":"https:\/\/www.copealcoy.es\/es\/regresan-a-la-provincia-los-bomberos-que-participaron-en-los-rescates-de-turquia-y-siria\/","name":"Regresan a la provincia los Bomberos que participaron en los rescates de Turqu\u00eda y Siria - COPE Alcoy","isPartOf":{"@id":"https:\/\/www.copealcoy.es\/es\/#website"},"primaryImageOfPage":{"@id":"https:\/\/www.copealcoy.es\/es\/regresan-a-la-provincia-los-bomberos-que-participaron-en-los-rescates-de-turquia-y-siria\/#primaryimage"},"image":{"@id":"https:\/\/www.copealcoy.es\/es\/regresan-a-la-provincia-los-bomberos-que-participaron-en-los-rescates-de-turquia-y-siria\/#primaryimage"},"thumbnailUrl":"https:\/\/www.copealcoy.es\/wp-content\/uploads\/2023\/02\/Grupo-Bomberos-Regreso-Turquia-2.jpg","datePublished":"2023-02-17T07:15:07+00:00","dateModified":"2023-02-17T08:01:16+00:00","author":{"@id":"https:\/\/www.copealcoy.es\/es\/#\/schema\/person\/e777c87fa024e57d40170af9df39882c"},"description":"El Grupo de Rescate del Consorcio de Bomberos de la Diputaci\u00f3n Provincial de Alicante que estuvo en Turqu\u00eda ya ha regresado","breadcrumb":{"@id":"https:\/\/www.copealcoy.es\/es\/regresan-a-la-provincia-los-bomberos-que-participaron-en-los-rescates-de-turquia-y-siria\/#breadcrumb"},"inLanguage":"es","potentialAction":[{"@type":"ReadAction","target":["https:\/\/www.copealcoy.es\/es\/regresan-a-la-provincia-los-bomberos-que-participaron-en-los-rescates-de-turquia-y-siria\/"]}]},{"@type":"ImageObject","inLanguage":"es","@id":"https:\/\/www.copealcoy.es\/es\/regresan-a-la-provincia-los-bomberos-que-participaron-en-los-rescates-de-turquia-y-siria\/#primaryimage","url":"https:\/\/www.copealcoy.es\/wp-content\/uploads\/2023\/02\/Grupo-Bomberos-Regreso-Turquia-2.jpg","contentUrl":"https:\/\/www.copealcoy.es\/wp-content\/uploads\/2023\/02\/Grupo-Bomberos-Regreso-Turquia-2.jpg","width":1250,"height":762},{"@type":"BreadcrumbList","@id":"https:\/\/www.copealcoy.es\/es\/regresan-a-la-provincia-los-bomberos-que-participaron-en-los-rescates-de-turquia-y-siria\/#breadcrumb","itemListElement":[{"@type":"ListItem","position":1,"name":"Portada","item":"https:\/\/www.copealcoy.es\/es\/"},{"@type":"ListItem","position":2,"name":"Regresan a la provincia los Bomberos que participaron en los rescates de Turqu\u00eda y Siria"}]},{"@type":"WebSite","@id":"https:\/\/www.copealcoy.es\/es\/#website","url":"https:\/\/www.copealcoy.es\/es\/","name":"COPE Alcoy","description":"Emisora COPE de radio local con emisi\u00f3n online. Pont de Sant Jordi 8-10 03803 Alcoy","potentialAction":[{"@type":"SearchAction","target":{"@type":"EntryPoint","urlTemplate":"https:\/\/www.copealcoy.es\/es\/?s={search_term_string}"},"query-input":{"@type":"PropertyValueSpecification","valueRequired":true,"valueName":"search_term_string"}}],"inLanguage":"es"},{"@type":"Person","@id":"https:\/\/www.copealcoy.es\/es\/#\/schema\/person\/e777c87fa024e57d40170af9df39882c","name":"Cope Alcoy","image":{"@type":"ImageObject","inLanguage":"es","@id":"https:\/\/secure.gravatar.com\/avatar\/bb65d0283347e303893ba14f0692005417c1e0e690a325a4c5d8bb2b3943ee14?s=96&d=mm&r=g","url":"https:\/\/secure.gravatar.com\/avatar\/bb65d0283347e303893ba14f0692005417c1e0e690a325a4c5d8bb2b3943ee14?s=96&d=mm&r=g","contentUrl":"https:\/\/secure.gravatar.com\/avatar\/bb65d0283347e303893ba14f0692005417c1e0e690a325a4c5d8bb2b3943ee14?s=96&d=mm&r=g","caption":"Cope Alcoy"}}]}},"_links":{"self":[{"href":"https:\/\/www.copealcoy.es\/es\/wp-json\/wp\/v2\/posts\/110684","targetHints":{"allow":["GET"]}}],"collection":[{"href":"https:\/\/www.copealcoy.es\/es\/wp-json\/wp\/v2\/posts"}],"about":[{"href":"https:\/\/www.copealcoy.es\/es\/wp-json\/wp\/v2\/types\/post"}],"author":[{"embeddable":true,"href":"https:\/\/www.copealcoy.es\/es\/wp-json\/wp\/v2\/users\/1"}],"replies":[{"embeddable":true,"href":"https:\/\/www.copealcoy.es\/es\/wp-json\/wp\/v2\/comments?post=110684"}],"version-history":[{"count":0,"href":"https:\/\/www.copealcoy.es\/es\/wp-json\/wp\/v2\/posts\/110684\/revisions"}],"wp:featuredmedia":[{"embeddable":true,"href":"https:\/\/www.copealcoy.es\/es\/wp-json\/wp\/v2\/media\/110685"}],"wp:attachment":[{"href":"https:\/\/www.copealcoy.es\/es\/wp-json\/wp\/v2\/media?parent=110684"}],"wp:term":[{"taxonomy":"category","embeddable":true,"href":"https:\/\/www.copealcoy.es\/es\/wp-json\/wp\/v2\/categories?post=110684"},{"taxonomy":"post_tag","embeddable":true,"href":"https:\/\/www.copealcoy.es\/es\/wp-json\/wp\/v2\/tags?post=110684"}],"curies":[{"name":"wp","href":"https:\/\/api.w.org\/{rel}","templated":true}]}}