{"id":110567,"date":"2023-02-15T12:17:59","date_gmt":"2023-02-15T11:17:59","guid":{"rendered":"https:\/\/www.copealcoy.es\/?p=110567"},"modified":"2023-02-15T13:11:57","modified_gmt":"2023-02-15T12:11:57","slug":"cedido-el-uso-del-edificio-bambu-de-alcoy-a-la-upv","status":"publish","type":"post","link":"https:\/\/www.copealcoy.es\/es\/cedido-el-uso-del-edificio-bambu-de-alcoy-a-la-upv\/","title":{"rendered":"Cedido el uso del edificio Bamb\u00fa de Alcoy a la UPV"},"content":{"rendered":"<p style=\"text-align: justify;\">La <strong>Conselleria de Econom\u00eda Sostenible de la Generalitat Valenciana<\/strong> ha oficializado la cesi\u00f3n del edificio &#8216; Bamb\u00fa&#8217;, donde actualmente se encuentra <strong>la sede de AITEX<\/strong>, para que acoja instalaciones del <a href=\"http:\/\/www.epsa.upv.es\/?lang=es\" target=\"_blank\" rel=\"noopener\"><span style=\"color: #0000ff;\"><strong>Campus de Alcoy de la Universidad Polit\u00e9cnica de Valencia<\/strong><\/span><\/a>. La citada cesi\u00f3n se materializa para un periodo de treinta a\u00f1os y en el inmueble acoger\u00e1 espacios para la investigaci\u00f3n, la innovaci\u00f3n o el emprendimiento. Tambi\u00e9n destacar\u00e1n zonas para actividades de los grupos de generaci\u00f3n espont\u00e1nea y a spin-off.<\/p>\n<p style=\"text-align: justify;\">El acto de entrega de la documentaci\u00f3n cont\u00f3 con la presencia del Conseller de Econom\u00eda Sostenible, <strong>Rafael Climent<\/strong>, de la directora general del Instituto Valenciano de Competitividad Empresarial (IVACE), <strong>J\u00falia Company<\/strong>, el rector de la UPV, <strong>Jos\u00e9 E. Capilla<\/strong>, y el alcalde de Alcoy, <strong>Antonio Franc\u00e9s<\/strong>. Para el mismo Conseller Climent se daba un paso importante para desarrollar un proyecto que ser\u00e1 clave en las comarcas centrales valencianas y tambi\u00e9n avanz\u00f3 que las instalaciones universitarias compartir\u00e1n espacio con el Centro Europeo de Empresas Innovadoras (CEEI) de Alcoy &#8220;<em>la cesi\u00f3n por parte del IVACE\u00a0 a la UPV de las instalaciones que en la actualidad est\u00e1 ocupando AITEX se har\u00e1 efectiva cuando el centro tecnol\u00f3gico abandone oficialmente su sede, previsto para mediados de 2024&#8243;, <\/em>dijo.\u00a0Para el m\u00e1ximo responsable de Econom\u00eda, &#8220;<em>la relaci\u00f3n universidad-empresa tiene un alto impacto para el desarrollo econ\u00f3mico que permite que el conocimiento y la tecnolog\u00eda generados se comercializan en beneficio de la sociedad&#8221;. &#8220;Con esta cesi\u00f3n, adem\u00e1s, continuamos impulsando la generaci\u00f3n de talento para la industria de nuestras comarcas y continuamos demostrando con hechos nuestro trabajo por Alcoy, la comarca, la UPV y la reindustrializaci\u00f3n de nuestro territorio\u201d,<\/em> remarc\u00f3 Climent.<\/p>\n<p style=\"text-align: justify;\">El alcalde de Alcoy tambi\u00e9n aplaud\u00eda que se haya materializado esta cesi\u00f3n para ampliar las instalaciones de la Universidad Polit\u00e9cnica en nuestra ciudad. Asimismo coment\u00f3 que\u00a0\u00a0\u201c<em>la direcci\u00f3n del campus ha conseguido aunar al conjunto de la sociedad alcoyana, a los empresarios y a todas las administraciones\u201d, <\/em>destac\u00f3 <strong>Toni Franc\u00e9s<\/strong>.<\/p>\n<p style=\"text-align: justify;\">Desde la Universidad dejaban claro que este proyecto &#8220;<em>va a permitir que el Campus desarrolle todo su potencial, que crezca\u201d<\/em> y que trabaje aspectos como \u201c<em>la investigaci\u00f3n, el emprendimiento, la innovaci\u00f3n y la transferencia dando m\u00e1s oportunidades a sus estudiantes\u201d <\/em>seg\u00fan puso de manifiesto el rector de la UPV<em>, <\/em><strong>Jos\u00e9 E. Capilla. <\/strong>De igual forma el director del Campus de Alcoy de la UPV<strong>, Pau Bernab\u00e9u<\/strong>, agradec\u00eda a la Conselleria y al IVACE la implicaci\u00f3n que han demostrado con el territorio y con la UPV, <em>\u201ca la que dotan de un espacio que nos urg\u00eda y que permitir\u00e1 descongestionar espacios saturados en la actualidad, as\u00ed como potenciar la investigaci\u00f3n, la creaci\u00f3n de empresas y el desarrollo de actividades investigadoras tan importantes como las de los grupos de Generaci\u00f3n espont\u00e1nea\u201d, <\/em>concluy\u00f3.<\/p>\n<p style=\"text-align: justify;\">Finalmente el Campus alcoyano agradeci\u00f3 el respaldo <strong>constante de la UPV<\/strong> con las instalaciones de nuestra ciudad. La direcci\u00f3n remarc\u00f3 <strong>la capacidad de escucha activa de la instituci\u00f3n<\/strong> en lo que a infraestructuras y a planes de futuro para nuestra ciudad se refiere.<\/p>\n","protected":false},"excerpt":{"rendered":"<p>La Conselleria de Econom\u00eda Sostenible de la Generalitat Valenciana ha oficializado la cesi\u00f3n del edificio &#8216; Bamb\u00fa&#8217;, donde actualmente se&#8230;<\/p>\n","protected":false},"author":1,"featured_media":110568,"comment_status":"open","ping_status":"open","sticky":false,"template":"","format":"standard","meta":{"footnotes":""},"categories":[6909,97,75,79],"tags":[771,1494,1560,2526,14000],"class_list":["post-110567","post","type-post","status-publish","format-standard","has-post-thumbnail","hentry","category-actualidad","category-alcoy","category-noticias","category-politicayeconomia","tag-aitex","tag-alcoy","tag-campus-upv","tag-cesion","tag-edificio-bambu"],"yoast_head":"<!-- This site is optimized with the Yoast SEO plugin v27.3 - https:\/\/yoast.com\/product\/yoast-seo-wordpress\/ -->\n<title>Cedido el uso del edificio Bamb\u00fa de Alcoy a la UPV - COPE Alcoy<\/title>\n<meta name=\"description\" content=\"La Conselleria de Econom\u00eda Sostenible de la Generalitat Valenciana ha oficializado la cesi\u00f3n del edificio &#039; Bamb\u00fa&#039; al Campus de la UPV\" \/>\n<meta name=\"robots\" content=\"index, follow, max-snippet:-1, max-image-preview:large, max-video-preview:-1\" \/>\n<link rel=\"canonical\" href=\"https:\/\/www.copealcoy.es\/es\/cedido-el-uso-del-edificio-bambu-de-alcoy-a-la-upv\/\" \/>\n<meta property=\"og:locale\" content=\"es_ES\" \/>\n<meta property=\"og:type\" content=\"article\" \/>\n<meta property=\"og:title\" content=\"Cedido el uso del edificio Bamb\u00fa de Alcoy a la UPV - COPE Alcoy\" \/>\n<meta property=\"og:description\" content=\"La Conselleria de Econom\u00eda Sostenible de la Generalitat Valenciana ha oficializado la cesi\u00f3n del edificio &#039; Bamb\u00fa&#039; al Campus de la UPV\" \/>\n<meta property=\"og:url\" content=\"https:\/\/www.copealcoy.es\/es\/cedido-el-uso-del-edificio-bambu-de-alcoy-a-la-upv\/\" \/>\n<meta property=\"og:site_name\" content=\"COPE Alcoy\" \/>\n<meta property=\"article:published_time\" content=\"2023-02-15T11:17:59+00:00\" \/>\n<meta property=\"article:modified_time\" content=\"2023-02-15T12:11:57+00:00\" \/>\n<meta property=\"og:image\" content=\"https:\/\/www.copealcoy.es\/wp-content\/uploads\/2023\/02\/Grup-scaled-e1676459953243.jpg\" \/>\n\t<meta property=\"og:image:width\" content=\"640\" \/>\n\t<meta property=\"og:image:height\" content=\"366\" \/>\n\t<meta property=\"og:image:type\" content=\"image\/jpeg\" \/>\n<meta name=\"author\" content=\"Cope Alcoy\" \/>\n<meta name=\"twitter:label1\" content=\"Escrito por\" \/>\n\t<meta name=\"twitter:data1\" content=\"Cope Alcoy\" \/>\n\t<meta name=\"twitter:label2\" content=\"Tiempo de lectura\" \/>\n\t<meta name=\"twitter:data2\" content=\"3 minutos\" \/>\n<script type=\"application\/ld+json\" class=\"yoast-schema-graph\">{\"@context\":\"https:\\\/\\\/schema.org\",\"@graph\":[{\"@type\":\"Article\",\"@id\":\"https:\\\/\\\/www.copealcoy.es\\\/es\\\/cedido-el-uso-del-edificio-bambu-de-alcoy-a-la-upv\\\/#article\",\"isPartOf\":{\"@id\":\"https:\\\/\\\/www.copealcoy.es\\\/es\\\/cedido-el-uso-del-edificio-bambu-de-alcoy-a-la-upv\\\/\"},\"author\":{\"name\":\"Cope Alcoy\",\"@id\":\"https:\\\/\\\/www.copealcoy.es\\\/es\\\/#\\\/schema\\\/person\\\/e777c87fa024e57d40170af9df39882c\"},\"headline\":\"Cedido el uso del edificio Bamb\u00fa de Alcoy a la UPV\",\"datePublished\":\"2023-02-15T11:17:59+00:00\",\"dateModified\":\"2023-02-15T12:11:57+00:00\",\"mainEntityOfPage\":{\"@id\":\"https:\\\/\\\/www.copealcoy.es\\\/es\\\/cedido-el-uso-del-edificio-bambu-de-alcoy-a-la-upv\\\/\"},\"wordCount\":551,\"commentCount\":0,\"image\":{\"@id\":\"https:\\\/\\\/www.copealcoy.es\\\/es\\\/cedido-el-uso-del-edificio-bambu-de-alcoy-a-la-upv\\\/#primaryimage\"},\"thumbnailUrl\":\"https:\\\/\\\/www.copealcoy.es\\\/wp-content\\\/uploads\\\/2023\\\/02\\\/Grup-scaled-e1676459953243.jpg\",\"keywords\":[\"Aitex\",\"Alcoy\",\"Campus UPV\",\"Cesi\u00f3n\",\"edificio Bamb\u00fa\"],\"articleSection\":[\"Actualidad\",\"Alcoy\",\"Noticias\",\"Pol\u00edtica y Econom\u00eda\"],\"inLanguage\":\"es\"},{\"@type\":\"WebPage\",\"@id\":\"https:\\\/\\\/www.copealcoy.es\\\/es\\\/cedido-el-uso-del-edificio-bambu-de-alcoy-a-la-upv\\\/\",\"url\":\"https:\\\/\\\/www.copealcoy.es\\\/es\\\/cedido-el-uso-del-edificio-bambu-de-alcoy-a-la-upv\\\/\",\"name\":\"Cedido el uso del edificio Bamb\u00fa de Alcoy a la UPV - COPE Alcoy\",\"isPartOf\":{\"@id\":\"https:\\\/\\\/www.copealcoy.es\\\/es\\\/#website\"},\"primaryImageOfPage\":{\"@id\":\"https:\\\/\\\/www.copealcoy.es\\\/es\\\/cedido-el-uso-del-edificio-bambu-de-alcoy-a-la-upv\\\/#primaryimage\"},\"image\":{\"@id\":\"https:\\\/\\\/www.copealcoy.es\\\/es\\\/cedido-el-uso-del-edificio-bambu-de-alcoy-a-la-upv\\\/#primaryimage\"},\"thumbnailUrl\":\"https:\\\/\\\/www.copealcoy.es\\\/wp-content\\\/uploads\\\/2023\\\/02\\\/Grup-scaled-e1676459953243.jpg\",\"datePublished\":\"2023-02-15T11:17:59+00:00\",\"dateModified\":\"2023-02-15T12:11:57+00:00\",\"author\":{\"@id\":\"https:\\\/\\\/www.copealcoy.es\\\/es\\\/#\\\/schema\\\/person\\\/e777c87fa024e57d40170af9df39882c\"},\"description\":\"La Conselleria de Econom\u00eda Sostenible de la Generalitat Valenciana ha oficializado la cesi\u00f3n del edificio ' Bamb\u00fa' al Campus de la UPV\",\"breadcrumb\":{\"@id\":\"https:\\\/\\\/www.copealcoy.es\\\/es\\\/cedido-el-uso-del-edificio-bambu-de-alcoy-a-la-upv\\\/#breadcrumb\"},\"inLanguage\":\"es\",\"potentialAction\":[{\"@type\":\"ReadAction\",\"target\":[\"https:\\\/\\\/www.copealcoy.es\\\/es\\\/cedido-el-uso-del-edificio-bambu-de-alcoy-a-la-upv\\\/\"]}]},{\"@type\":\"ImageObject\",\"inLanguage\":\"es\",\"@id\":\"https:\\\/\\\/www.copealcoy.es\\\/es\\\/cedido-el-uso-del-edificio-bambu-de-alcoy-a-la-upv\\\/#primaryimage\",\"url\":\"https:\\\/\\\/www.copealcoy.es\\\/wp-content\\\/uploads\\\/2023\\\/02\\\/Grup-scaled-e1676459953243.jpg\",\"contentUrl\":\"https:\\\/\\\/www.copealcoy.es\\\/wp-content\\\/uploads\\\/2023\\\/02\\\/Grup-scaled-e1676459953243.jpg\",\"width\":640,\"height\":366},{\"@type\":\"BreadcrumbList\",\"@id\":\"https:\\\/\\\/www.copealcoy.es\\\/es\\\/cedido-el-uso-del-edificio-bambu-de-alcoy-a-la-upv\\\/#breadcrumb\",\"itemListElement\":[{\"@type\":\"ListItem\",\"position\":1,\"name\":\"Portada\",\"item\":\"https:\\\/\\\/www.copealcoy.es\\\/es\\\/\"},{\"@type\":\"ListItem\",\"position\":2,\"name\":\"Cedido el uso del edificio Bamb\u00fa de Alcoy a la UPV\"}]},{\"@type\":\"WebSite\",\"@id\":\"https:\\\/\\\/www.copealcoy.es\\\/es\\\/#website\",\"url\":\"https:\\\/\\\/www.copealcoy.es\\\/es\\\/\",\"name\":\"COPE Alcoy\",\"description\":\"Emisora COPE de radio local con emisi\u00f3n online. Pont de Sant Jordi 8-10 03803 Alcoy\",\"potentialAction\":[{\"@type\":\"SearchAction\",\"target\":{\"@type\":\"EntryPoint\",\"urlTemplate\":\"https:\\\/\\\/www.copealcoy.es\\\/es\\\/?s={search_term_string}\"},\"query-input\":{\"@type\":\"PropertyValueSpecification\",\"valueRequired\":true,\"valueName\":\"search_term_string\"}}],\"inLanguage\":\"es\"},{\"@type\":\"Person\",\"@id\":\"https:\\\/\\\/www.copealcoy.es\\\/es\\\/#\\\/schema\\\/person\\\/e777c87fa024e57d40170af9df39882c\",\"name\":\"Cope Alcoy\",\"image\":{\"@type\":\"ImageObject\",\"inLanguage\":\"es\",\"@id\":\"https:\\\/\\\/secure.gravatar.com\\\/avatar\\\/bb65d0283347e303893ba14f0692005417c1e0e690a325a4c5d8bb2b3943ee14?s=96&d=mm&r=g\",\"url\":\"https:\\\/\\\/secure.gravatar.com\\\/avatar\\\/bb65d0283347e303893ba14f0692005417c1e0e690a325a4c5d8bb2b3943ee14?s=96&d=mm&r=g\",\"contentUrl\":\"https:\\\/\\\/secure.gravatar.com\\\/avatar\\\/bb65d0283347e303893ba14f0692005417c1e0e690a325a4c5d8bb2b3943ee14?s=96&d=mm&r=g\",\"caption\":\"Cope Alcoy\"}}]}<\/script>\n<!-- \/ Yoast SEO plugin. -->","yoast_head_json":{"title":"Cedido el uso del edificio Bamb\u00fa de Alcoy a la UPV - COPE Alcoy","description":"La Conselleria de Econom\u00eda Sostenible de la Generalitat Valenciana ha oficializado la cesi\u00f3n del edificio ' Bamb\u00fa' al Campus de la UPV","robots":{"index":"index","follow":"follow","max-snippet":"max-snippet:-1","max-image-preview":"max-image-preview:large","max-video-preview":"max-video-preview:-1"},"canonical":"https:\/\/www.copealcoy.es\/es\/cedido-el-uso-del-edificio-bambu-de-alcoy-a-la-upv\/","og_locale":"es_ES","og_type":"article","og_title":"Cedido el uso del edificio Bamb\u00fa de Alcoy a la UPV - COPE Alcoy","og_description":"La Conselleria de Econom\u00eda Sostenible de la Generalitat Valenciana ha oficializado la cesi\u00f3n del edificio ' Bamb\u00fa' al Campus de la UPV","og_url":"https:\/\/www.copealcoy.es\/es\/cedido-el-uso-del-edificio-bambu-de-alcoy-a-la-upv\/","og_site_name":"COPE Alcoy","article_published_time":"2023-02-15T11:17:59+00:00","article_modified_time":"2023-02-15T12:11:57+00:00","og_image":[{"width":640,"height":366,"url":"https:\/\/www.copealcoy.es\/wp-content\/uploads\/2023\/02\/Grup-scaled-e1676459953243.jpg","type":"image\/jpeg"}],"author":"Cope Alcoy","twitter_misc":{"Escrito por":"Cope Alcoy","Tiempo de lectura":"3 minutos"},"schema":{"@context":"https:\/\/schema.org","@graph":[{"@type":"Article","@id":"https:\/\/www.copealcoy.es\/es\/cedido-el-uso-del-edificio-bambu-de-alcoy-a-la-upv\/#article","isPartOf":{"@id":"https:\/\/www.copealcoy.es\/es\/cedido-el-uso-del-edificio-bambu-de-alcoy-a-la-upv\/"},"author":{"name":"Cope Alcoy","@id":"https:\/\/www.copealcoy.es\/es\/#\/schema\/person\/e777c87fa024e57d40170af9df39882c"},"headline":"Cedido el uso del edificio Bamb\u00fa de Alcoy a la UPV","datePublished":"2023-02-15T11:17:59+00:00","dateModified":"2023-02-15T12:11:57+00:00","mainEntityOfPage":{"@id":"https:\/\/www.copealcoy.es\/es\/cedido-el-uso-del-edificio-bambu-de-alcoy-a-la-upv\/"},"wordCount":551,"commentCount":0,"image":{"@id":"https:\/\/www.copealcoy.es\/es\/cedido-el-uso-del-edificio-bambu-de-alcoy-a-la-upv\/#primaryimage"},"thumbnailUrl":"https:\/\/www.copealcoy.es\/wp-content\/uploads\/2023\/02\/Grup-scaled-e1676459953243.jpg","keywords":["Aitex","Alcoy","Campus UPV","Cesi\u00f3n","edificio Bamb\u00fa"],"articleSection":["Actualidad","Alcoy","Noticias","Pol\u00edtica y Econom\u00eda"],"inLanguage":"es"},{"@type":"WebPage","@id":"https:\/\/www.copealcoy.es\/es\/cedido-el-uso-del-edificio-bambu-de-alcoy-a-la-upv\/","url":"https:\/\/www.copealcoy.es\/es\/cedido-el-uso-del-edificio-bambu-de-alcoy-a-la-upv\/","name":"Cedido el uso del edificio Bamb\u00fa de Alcoy a la UPV - COPE Alcoy","isPartOf":{"@id":"https:\/\/www.copealcoy.es\/es\/#website"},"primaryImageOfPage":{"@id":"https:\/\/www.copealcoy.es\/es\/cedido-el-uso-del-edificio-bambu-de-alcoy-a-la-upv\/#primaryimage"},"image":{"@id":"https:\/\/www.copealcoy.es\/es\/cedido-el-uso-del-edificio-bambu-de-alcoy-a-la-upv\/#primaryimage"},"thumbnailUrl":"https:\/\/www.copealcoy.es\/wp-content\/uploads\/2023\/02\/Grup-scaled-e1676459953243.jpg","datePublished":"2023-02-15T11:17:59+00:00","dateModified":"2023-02-15T12:11:57+00:00","author":{"@id":"https:\/\/www.copealcoy.es\/es\/#\/schema\/person\/e777c87fa024e57d40170af9df39882c"},"description":"La Conselleria de Econom\u00eda Sostenible de la Generalitat Valenciana ha oficializado la cesi\u00f3n del edificio ' Bamb\u00fa' al Campus de la UPV","breadcrumb":{"@id":"https:\/\/www.copealcoy.es\/es\/cedido-el-uso-del-edificio-bambu-de-alcoy-a-la-upv\/#breadcrumb"},"inLanguage":"es","potentialAction":[{"@type":"ReadAction","target":["https:\/\/www.copealcoy.es\/es\/cedido-el-uso-del-edificio-bambu-de-alcoy-a-la-upv\/"]}]},{"@type":"ImageObject","inLanguage":"es","@id":"https:\/\/www.copealcoy.es\/es\/cedido-el-uso-del-edificio-bambu-de-alcoy-a-la-upv\/#primaryimage","url":"https:\/\/www.copealcoy.es\/wp-content\/uploads\/2023\/02\/Grup-scaled-e1676459953243.jpg","contentUrl":"https:\/\/www.copealcoy.es\/wp-content\/uploads\/2023\/02\/Grup-scaled-e1676459953243.jpg","width":640,"height":366},{"@type":"BreadcrumbList","@id":"https:\/\/www.copealcoy.es\/es\/cedido-el-uso-del-edificio-bambu-de-alcoy-a-la-upv\/#breadcrumb","itemListElement":[{"@type":"ListItem","position":1,"name":"Portada","item":"https:\/\/www.copealcoy.es\/es\/"},{"@type":"ListItem","position":2,"name":"Cedido el uso del edificio Bamb\u00fa de Alcoy a la UPV"}]},{"@type":"WebSite","@id":"https:\/\/www.copealcoy.es\/es\/#website","url":"https:\/\/www.copealcoy.es\/es\/","name":"COPE Alcoy","description":"Emisora COPE de radio local con emisi\u00f3n online. Pont de Sant Jordi 8-10 03803 Alcoy","potentialAction":[{"@type":"SearchAction","target":{"@type":"EntryPoint","urlTemplate":"https:\/\/www.copealcoy.es\/es\/?s={search_term_string}"},"query-input":{"@type":"PropertyValueSpecification","valueRequired":true,"valueName":"search_term_string"}}],"inLanguage":"es"},{"@type":"Person","@id":"https:\/\/www.copealcoy.es\/es\/#\/schema\/person\/e777c87fa024e57d40170af9df39882c","name":"Cope Alcoy","image":{"@type":"ImageObject","inLanguage":"es","@id":"https:\/\/secure.gravatar.com\/avatar\/bb65d0283347e303893ba14f0692005417c1e0e690a325a4c5d8bb2b3943ee14?s=96&d=mm&r=g","url":"https:\/\/secure.gravatar.com\/avatar\/bb65d0283347e303893ba14f0692005417c1e0e690a325a4c5d8bb2b3943ee14?s=96&d=mm&r=g","contentUrl":"https:\/\/secure.gravatar.com\/avatar\/bb65d0283347e303893ba14f0692005417c1e0e690a325a4c5d8bb2b3943ee14?s=96&d=mm&r=g","caption":"Cope Alcoy"}}]}},"_links":{"self":[{"href":"https:\/\/www.copealcoy.es\/es\/wp-json\/wp\/v2\/posts\/110567","targetHints":{"allow":["GET"]}}],"collection":[{"href":"https:\/\/www.copealcoy.es\/es\/wp-json\/wp\/v2\/posts"}],"about":[{"href":"https:\/\/www.copealcoy.es\/es\/wp-json\/wp\/v2\/types\/post"}],"author":[{"embeddable":true,"href":"https:\/\/www.copealcoy.es\/es\/wp-json\/wp\/v2\/users\/1"}],"replies":[{"embeddable":true,"href":"https:\/\/www.copealcoy.es\/es\/wp-json\/wp\/v2\/comments?post=110567"}],"version-history":[{"count":0,"href":"https:\/\/www.copealcoy.es\/es\/wp-json\/wp\/v2\/posts\/110567\/revisions"}],"wp:featuredmedia":[{"embeddable":true,"href":"https:\/\/www.copealcoy.es\/es\/wp-json\/wp\/v2\/media\/110568"}],"wp:attachment":[{"href":"https:\/\/www.copealcoy.es\/es\/wp-json\/wp\/v2\/media?parent=110567"}],"wp:term":[{"taxonomy":"category","embeddable":true,"href":"https:\/\/www.copealcoy.es\/es\/wp-json\/wp\/v2\/categories?post=110567"},{"taxonomy":"post_tag","embeddable":true,"href":"https:\/\/www.copealcoy.es\/es\/wp-json\/wp\/v2\/tags?post=110567"}],"curies":[{"name":"wp","href":"https:\/\/api.w.org\/{rel}","templated":true}]}}