{"id":110505,"date":"2023-02-14T09:00:07","date_gmt":"2023-02-14T08:00:07","guid":{"rendered":"https:\/\/www.copealcoy.es\/?p=110505"},"modified":"2023-02-14T17:08:18","modified_gmt":"2023-02-14T16:08:18","slug":"carlos-pastor-el-gobierno-de-alcoy-parece-que-quiere-prorrogar-los-presupuestos-para-tapar-el-agujero-del-ayuntamiento","status":"publish","type":"post","link":"https:\/\/www.copealcoy.es\/es\/carlos-pastor-el-gobierno-de-alcoy-parece-que-quiere-prorrogar-los-presupuestos-para-tapar-el-agujero-del-ayuntamiento\/","title":{"rendered":"Carlos Pastor: \u201cel gobierno de Alcoy parece que quiere prorrogar los presupuestos para tapar el agujero del Ayuntamiento\u201d"},"content":{"rendered":"<p style=\"text-align: justify;\">El candidato del Partido Popular a la alcald\u00eda de Alcoy en las pr\u00f3ximas Elecciones Municipales ha pasado hoy martes por los micr\u00f3fonos de COPE ALCOY <strong>para hacer un repaso a la actualidad de nuestra ciudad<\/strong>. Pastor se ha referido a temas importantes como <strong>la p\u00e9rdida de empresas<\/strong> que sufre la capital de l&#8217;Alcoi\u00e0, un hecho que <strong>se traduce en 82 firmas<\/strong> que han desaparecido de nuestro tejido industrial en los \u00faltimos a\u00f1os.<\/p>\n<p style=\"text-align: justify;\">El alcaldable ha dejado claro en la entrevista <strong>algunos de los retos que quiere conseguir si llega a liderar el gobierno de la ciudad despu\u00e9s de los comicios<\/strong>. Considera que es prioritario <strong>trabajar para desarrollar suelo industrial de calidad<\/strong> <em>\u00abnecesitamos dar futuro en nuestras empresas porque se quedan aqu\u00ed. Alcoy no se puede permitir ser una ciudad dormitorio, como se est\u00e1 convirtiendo ahora mismo, y tenemos que unir esfuerzos para evitar perder poblaci\u00f3n<\/em>\u00ab, ha sentenciado. Por \u00faltimo ha sido cr\u00edtico con el ejecutivo de Toni Franc\u00e9s \u00ab<em>vemos un equipo agotado, que dilata los proyectos en el tiempo y que ya no tiene fuerzas para seguir adelante. Por eso, el PP, es la mejor alternativa para el cambio<\/em>\u00ab, ha matizado.<\/p>\n<p style=\"text-align: justify;\">Uno de los puntos que ha destacado Pastor es que <strong>estamos ya en la segunda quincena de febrero y Alcoy todav\u00eda no tiene presupuesto municipal para 2023<\/strong>. El candidato de los populares <strong>lamenta esta situaci\u00f3n y asegura que parece que el gobierno de Toni Franc\u00e9s quiere prorrogar las cuentas del a\u00f1o pasado<\/strong> &#8220;<em>porque as\u00ed tapan el gran agujero econ\u00f3mico que tiene el Ayuntamiento. Los alcoyanos no nos podemos permitir m\u00e1s un ejecutivo que est\u00e1 dejando perder importantes oportunidades para una ciudad como la nuestr<\/em>a&#8221;, ha manifestado.<\/p>\n<p style=\"text-align: justify;\">Finalmente el candidato a la alcald\u00eda ha hecho menci\u00f3n a <strong>las obras del carril bici<\/strong> que se est\u00e1n ejecutando en el tramo de La Alameda. Para Carlos Pastor este proyecto <strong>no se est\u00e1 haciendo de la forma m\u00e1s adecuada<\/strong> al igual que ha asegurado que la manera en la que est\u00e1 desarrollado el proyecto perjudica seriamente a los vecinos y comerciantes de la zona.<\/p>\n<p style=\"text-align: justify;\">La <strong>entrevista completa<\/strong> a Carlos Pastor la puedes escuchar aqu\u00ed:<\/p>\n<p><iframe loading=\"lazy\" title=\"&#039;Mediod\u00eda Cope&#039; Alcoi Dimarts 14 De Febrer 2023 (13:50h)\" width=\"100%\" height=\"120\" src=\"https:\/\/www.mixcloud.com\/widget\/iframe\/?feed=https%3A%2F%2Fwww.mixcloud.com%2FCOPEAlcoy%2Fmediod%25C3%25ADa-cope-alcoi-dimarts-14-de-febrer-2023-1350h%2F&amp;hide_cover=1\" frameborder=\"0\"><\/iframe><\/p>\n","protected":false},"excerpt":{"rendered":"<p>El candidato del Partido Popular a la alcald\u00eda de Alcoy en las pr\u00f3ximas Elecciones Municipales ha pasado hoy martes por&#8230;<\/p>\n","protected":false},"author":1,"featured_media":92790,"comment_status":"open","ping_status":"open","sticky":false,"template":"","format":"standard","meta":{"footnotes":""},"categories":[6909,97,79],"tags":[1494,6817,13235,2968,13740,448],"class_list":["post-110505","post","type-post","status-publish","format-standard","has-post-thumbnail","hentry","category-actualidad","category-alcoy","category-politicayeconomia","tag-alcoy","tag-candidato","tag-carlos-pastor","tag-entrevista","tag-kike-alcaraz","tag-partido-popular"],"yoast_head":"<!-- This site is optimized with the Yoast SEO plugin v27.3 - https:\/\/yoast.com\/product\/yoast-seo-wordpress\/ -->\n<title>Carlos Pastor: \u201cel gobierno de Alcoy parece que quiere prorrogar los presupuestos para tapar el agujero del Ayuntamiento\u201d - COPE Alcoy<\/title>\n<meta name=\"description\" content=\"El candidato a la alcald\u00eda de Alcoy por el Partido Popular lamenta que a estas alturas del a\u00f1o todav\u00eda no haya Presupuesto Municipal\" \/>\n<meta name=\"robots\" content=\"index, follow, max-snippet:-1, max-image-preview:large, max-video-preview:-1\" \/>\n<link rel=\"canonical\" href=\"https:\/\/www.copealcoy.es\/es\/carlos-pastor-el-gobierno-de-alcoy-parece-que-quiere-prorrogar-los-presupuestos-para-tapar-el-agujero-del-ayuntamiento\/\" \/>\n<meta property=\"og:locale\" content=\"es_ES\" \/>\n<meta property=\"og:type\" content=\"article\" \/>\n<meta property=\"og:title\" content=\"Carlos Pastor: \u201cel gobierno de Alcoy parece que quiere prorrogar los presupuestos para tapar el agujero del Ayuntamiento\u201d - COPE Alcoy\" \/>\n<meta property=\"og:description\" content=\"El candidato a la alcald\u00eda de Alcoy por el Partido Popular lamenta que a estas alturas del a\u00f1o todav\u00eda no haya Presupuesto Municipal\" \/>\n<meta property=\"og:url\" content=\"https:\/\/www.copealcoy.es\/es\/carlos-pastor-el-gobierno-de-alcoy-parece-que-quiere-prorrogar-los-presupuestos-para-tapar-el-agujero-del-ayuntamiento\/\" \/>\n<meta property=\"og:site_name\" content=\"COPE Alcoy\" \/>\n<meta property=\"article:published_time\" content=\"2023-02-14T08:00:07+00:00\" \/>\n<meta property=\"article:modified_time\" content=\"2023-02-14T16:08:18+00:00\" \/>\n<meta property=\"og:image\" content=\"https:\/\/www.copealcoy.es\/wp-content\/uploads\/2022\/10\/Carlos-Pastor-Candidato-PP-Alcoy-e1665486550142.jpg\" \/>\n\t<meta property=\"og:image:width\" content=\"1080\" \/>\n\t<meta property=\"og:image:height\" content=\"675\" \/>\n\t<meta property=\"og:image:type\" content=\"image\/jpeg\" \/>\n<meta name=\"author\" content=\"Cope Alcoy\" \/>\n<meta name=\"twitter:label1\" content=\"Escrito por\" \/>\n\t<meta name=\"twitter:data1\" content=\"Cope Alcoy\" \/>\n\t<meta name=\"twitter:label2\" content=\"Tiempo de lectura\" \/>\n\t<meta name=\"twitter:data2\" content=\"2 minutos\" \/>\n<script type=\"application\/ld+json\" class=\"yoast-schema-graph\">{\"@context\":\"https:\\\/\\\/schema.org\",\"@graph\":[{\"@type\":\"Article\",\"@id\":\"https:\\\/\\\/www.copealcoy.es\\\/es\\\/carlos-pastor-el-gobierno-de-alcoy-parece-que-quiere-prorrogar-los-presupuestos-para-tapar-el-agujero-del-ayuntamiento\\\/#article\",\"isPartOf\":{\"@id\":\"https:\\\/\\\/www.copealcoy.es\\\/es\\\/carlos-pastor-el-gobierno-de-alcoy-parece-que-quiere-prorrogar-los-presupuestos-para-tapar-el-agujero-del-ayuntamiento\\\/\"},\"author\":{\"name\":\"Cope Alcoy\",\"@id\":\"https:\\\/\\\/www.copealcoy.es\\\/es\\\/#\\\/schema\\\/person\\\/e777c87fa024e57d40170af9df39882c\"},\"headline\":\"Carlos Pastor: \u201cel gobierno de Alcoy parece que quiere prorrogar los presupuestos para tapar el agujero del Ayuntamiento\u201d\",\"datePublished\":\"2023-02-14T08:00:07+00:00\",\"dateModified\":\"2023-02-14T16:08:18+00:00\",\"mainEntityOfPage\":{\"@id\":\"https:\\\/\\\/www.copealcoy.es\\\/es\\\/carlos-pastor-el-gobierno-de-alcoy-parece-que-quiere-prorrogar-los-presupuestos-para-tapar-el-agujero-del-ayuntamiento\\\/\"},\"wordCount\":397,\"commentCount\":0,\"image\":{\"@id\":\"https:\\\/\\\/www.copealcoy.es\\\/es\\\/carlos-pastor-el-gobierno-de-alcoy-parece-que-quiere-prorrogar-los-presupuestos-para-tapar-el-agujero-del-ayuntamiento\\\/#primaryimage\"},\"thumbnailUrl\":\"https:\\\/\\\/www.copealcoy.es\\\/wp-content\\\/uploads\\\/2022\\\/10\\\/Carlos-Pastor-Candidato-PP-Alcoy-e1665486550142.jpg\",\"keywords\":[\"Alcoy\",\"candidato\",\"Carlos Pastor\",\"entrevista\",\"Kike Alcaraz\",\"Partido Popular\"],\"articleSection\":[\"Actualidad\",\"Alcoy\",\"Pol\u00edtica y Econom\u00eda\"],\"inLanguage\":\"es\"},{\"@type\":\"WebPage\",\"@id\":\"https:\\\/\\\/www.copealcoy.es\\\/es\\\/carlos-pastor-el-gobierno-de-alcoy-parece-que-quiere-prorrogar-los-presupuestos-para-tapar-el-agujero-del-ayuntamiento\\\/\",\"url\":\"https:\\\/\\\/www.copealcoy.es\\\/es\\\/carlos-pastor-el-gobierno-de-alcoy-parece-que-quiere-prorrogar-los-presupuestos-para-tapar-el-agujero-del-ayuntamiento\\\/\",\"name\":\"Carlos Pastor: \u201cel gobierno de Alcoy parece que quiere prorrogar los presupuestos para tapar el agujero del Ayuntamiento\u201d - COPE Alcoy\",\"isPartOf\":{\"@id\":\"https:\\\/\\\/www.copealcoy.es\\\/es\\\/#website\"},\"primaryImageOfPage\":{\"@id\":\"https:\\\/\\\/www.copealcoy.es\\\/es\\\/carlos-pastor-el-gobierno-de-alcoy-parece-que-quiere-prorrogar-los-presupuestos-para-tapar-el-agujero-del-ayuntamiento\\\/#primaryimage\"},\"image\":{\"@id\":\"https:\\\/\\\/www.copealcoy.es\\\/es\\\/carlos-pastor-el-gobierno-de-alcoy-parece-que-quiere-prorrogar-los-presupuestos-para-tapar-el-agujero-del-ayuntamiento\\\/#primaryimage\"},\"thumbnailUrl\":\"https:\\\/\\\/www.copealcoy.es\\\/wp-content\\\/uploads\\\/2022\\\/10\\\/Carlos-Pastor-Candidato-PP-Alcoy-e1665486550142.jpg\",\"datePublished\":\"2023-02-14T08:00:07+00:00\",\"dateModified\":\"2023-02-14T16:08:18+00:00\",\"author\":{\"@id\":\"https:\\\/\\\/www.copealcoy.es\\\/es\\\/#\\\/schema\\\/person\\\/e777c87fa024e57d40170af9df39882c\"},\"description\":\"El candidato a la alcald\u00eda de Alcoy por el Partido Popular lamenta que a estas alturas del a\u00f1o todav\u00eda no haya Presupuesto Municipal\",\"breadcrumb\":{\"@id\":\"https:\\\/\\\/www.copealcoy.es\\\/es\\\/carlos-pastor-el-gobierno-de-alcoy-parece-que-quiere-prorrogar-los-presupuestos-para-tapar-el-agujero-del-ayuntamiento\\\/#breadcrumb\"},\"inLanguage\":\"es\",\"potentialAction\":[{\"@type\":\"ReadAction\",\"target\":[\"https:\\\/\\\/www.copealcoy.es\\\/es\\\/carlos-pastor-el-gobierno-de-alcoy-parece-que-quiere-prorrogar-los-presupuestos-para-tapar-el-agujero-del-ayuntamiento\\\/\"]}]},{\"@type\":\"ImageObject\",\"inLanguage\":\"es\",\"@id\":\"https:\\\/\\\/www.copealcoy.es\\\/es\\\/carlos-pastor-el-gobierno-de-alcoy-parece-que-quiere-prorrogar-los-presupuestos-para-tapar-el-agujero-del-ayuntamiento\\\/#primaryimage\",\"url\":\"https:\\\/\\\/www.copealcoy.es\\\/wp-content\\\/uploads\\\/2022\\\/10\\\/Carlos-Pastor-Candidato-PP-Alcoy-e1665486550142.jpg\",\"contentUrl\":\"https:\\\/\\\/www.copealcoy.es\\\/wp-content\\\/uploads\\\/2022\\\/10\\\/Carlos-Pastor-Candidato-PP-Alcoy-e1665486550142.jpg\",\"width\":1080,\"height\":675},{\"@type\":\"BreadcrumbList\",\"@id\":\"https:\\\/\\\/www.copealcoy.es\\\/es\\\/carlos-pastor-el-gobierno-de-alcoy-parece-que-quiere-prorrogar-los-presupuestos-para-tapar-el-agujero-del-ayuntamiento\\\/#breadcrumb\",\"itemListElement\":[{\"@type\":\"ListItem\",\"position\":1,\"name\":\"Portada\",\"item\":\"https:\\\/\\\/www.copealcoy.es\\\/es\\\/\"},{\"@type\":\"ListItem\",\"position\":2,\"name\":\"Carlos Pastor: \u201cel gobierno de Alcoy parece que quiere prorrogar los presupuestos para tapar el agujero del Ayuntamiento\u201d\"}]},{\"@type\":\"WebSite\",\"@id\":\"https:\\\/\\\/www.copealcoy.es\\\/es\\\/#website\",\"url\":\"https:\\\/\\\/www.copealcoy.es\\\/es\\\/\",\"name\":\"COPE Alcoy\",\"description\":\"Emisora COPE de radio local con emisi\u00f3n online. Pont de Sant Jordi 8-10 03803 Alcoy\",\"potentialAction\":[{\"@type\":\"SearchAction\",\"target\":{\"@type\":\"EntryPoint\",\"urlTemplate\":\"https:\\\/\\\/www.copealcoy.es\\\/es\\\/?s={search_term_string}\"},\"query-input\":{\"@type\":\"PropertyValueSpecification\",\"valueRequired\":true,\"valueName\":\"search_term_string\"}}],\"inLanguage\":\"es\"},{\"@type\":\"Person\",\"@id\":\"https:\\\/\\\/www.copealcoy.es\\\/es\\\/#\\\/schema\\\/person\\\/e777c87fa024e57d40170af9df39882c\",\"name\":\"Cope Alcoy\",\"image\":{\"@type\":\"ImageObject\",\"inLanguage\":\"es\",\"@id\":\"https:\\\/\\\/secure.gravatar.com\\\/avatar\\\/bb65d0283347e303893ba14f0692005417c1e0e690a325a4c5d8bb2b3943ee14?s=96&d=mm&r=g\",\"url\":\"https:\\\/\\\/secure.gravatar.com\\\/avatar\\\/bb65d0283347e303893ba14f0692005417c1e0e690a325a4c5d8bb2b3943ee14?s=96&d=mm&r=g\",\"contentUrl\":\"https:\\\/\\\/secure.gravatar.com\\\/avatar\\\/bb65d0283347e303893ba14f0692005417c1e0e690a325a4c5d8bb2b3943ee14?s=96&d=mm&r=g\",\"caption\":\"Cope Alcoy\"}}]}<\/script>\n<!-- \/ Yoast SEO plugin. -->","yoast_head_json":{"title":"Carlos Pastor: \u201cel gobierno de Alcoy parece que quiere prorrogar los presupuestos para tapar el agujero del Ayuntamiento\u201d - COPE Alcoy","description":"El candidato a la alcald\u00eda de Alcoy por el Partido Popular lamenta que a estas alturas del a\u00f1o todav\u00eda no haya Presupuesto Municipal","robots":{"index":"index","follow":"follow","max-snippet":"max-snippet:-1","max-image-preview":"max-image-preview:large","max-video-preview":"max-video-preview:-1"},"canonical":"https:\/\/www.copealcoy.es\/es\/carlos-pastor-el-gobierno-de-alcoy-parece-que-quiere-prorrogar-los-presupuestos-para-tapar-el-agujero-del-ayuntamiento\/","og_locale":"es_ES","og_type":"article","og_title":"Carlos Pastor: \u201cel gobierno de Alcoy parece que quiere prorrogar los presupuestos para tapar el agujero del Ayuntamiento\u201d - COPE Alcoy","og_description":"El candidato a la alcald\u00eda de Alcoy por el Partido Popular lamenta que a estas alturas del a\u00f1o todav\u00eda no haya Presupuesto Municipal","og_url":"https:\/\/www.copealcoy.es\/es\/carlos-pastor-el-gobierno-de-alcoy-parece-que-quiere-prorrogar-los-presupuestos-para-tapar-el-agujero-del-ayuntamiento\/","og_site_name":"COPE Alcoy","article_published_time":"2023-02-14T08:00:07+00:00","article_modified_time":"2023-02-14T16:08:18+00:00","og_image":[{"width":1080,"height":675,"url":"https:\/\/www.copealcoy.es\/wp-content\/uploads\/2022\/10\/Carlos-Pastor-Candidato-PP-Alcoy-e1665486550142.jpg","type":"image\/jpeg"}],"author":"Cope Alcoy","twitter_misc":{"Escrito por":"Cope Alcoy","Tiempo de lectura":"2 minutos"},"schema":{"@context":"https:\/\/schema.org","@graph":[{"@type":"Article","@id":"https:\/\/www.copealcoy.es\/es\/carlos-pastor-el-gobierno-de-alcoy-parece-que-quiere-prorrogar-los-presupuestos-para-tapar-el-agujero-del-ayuntamiento\/#article","isPartOf":{"@id":"https:\/\/www.copealcoy.es\/es\/carlos-pastor-el-gobierno-de-alcoy-parece-que-quiere-prorrogar-los-presupuestos-para-tapar-el-agujero-del-ayuntamiento\/"},"author":{"name":"Cope Alcoy","@id":"https:\/\/www.copealcoy.es\/es\/#\/schema\/person\/e777c87fa024e57d40170af9df39882c"},"headline":"Carlos Pastor: \u201cel gobierno de Alcoy parece que quiere prorrogar los presupuestos para tapar el agujero del Ayuntamiento\u201d","datePublished":"2023-02-14T08:00:07+00:00","dateModified":"2023-02-14T16:08:18+00:00","mainEntityOfPage":{"@id":"https:\/\/www.copealcoy.es\/es\/carlos-pastor-el-gobierno-de-alcoy-parece-que-quiere-prorrogar-los-presupuestos-para-tapar-el-agujero-del-ayuntamiento\/"},"wordCount":397,"commentCount":0,"image":{"@id":"https:\/\/www.copealcoy.es\/es\/carlos-pastor-el-gobierno-de-alcoy-parece-que-quiere-prorrogar-los-presupuestos-para-tapar-el-agujero-del-ayuntamiento\/#primaryimage"},"thumbnailUrl":"https:\/\/www.copealcoy.es\/wp-content\/uploads\/2022\/10\/Carlos-Pastor-Candidato-PP-Alcoy-e1665486550142.jpg","keywords":["Alcoy","candidato","Carlos Pastor","entrevista","Kike Alcaraz","Partido Popular"],"articleSection":["Actualidad","Alcoy","Pol\u00edtica y Econom\u00eda"],"inLanguage":"es"},{"@type":"WebPage","@id":"https:\/\/www.copealcoy.es\/es\/carlos-pastor-el-gobierno-de-alcoy-parece-que-quiere-prorrogar-los-presupuestos-para-tapar-el-agujero-del-ayuntamiento\/","url":"https:\/\/www.copealcoy.es\/es\/carlos-pastor-el-gobierno-de-alcoy-parece-que-quiere-prorrogar-los-presupuestos-para-tapar-el-agujero-del-ayuntamiento\/","name":"Carlos Pastor: \u201cel gobierno de Alcoy parece que quiere prorrogar los presupuestos para tapar el agujero del Ayuntamiento\u201d - COPE Alcoy","isPartOf":{"@id":"https:\/\/www.copealcoy.es\/es\/#website"},"primaryImageOfPage":{"@id":"https:\/\/www.copealcoy.es\/es\/carlos-pastor-el-gobierno-de-alcoy-parece-que-quiere-prorrogar-los-presupuestos-para-tapar-el-agujero-del-ayuntamiento\/#primaryimage"},"image":{"@id":"https:\/\/www.copealcoy.es\/es\/carlos-pastor-el-gobierno-de-alcoy-parece-que-quiere-prorrogar-los-presupuestos-para-tapar-el-agujero-del-ayuntamiento\/#primaryimage"},"thumbnailUrl":"https:\/\/www.copealcoy.es\/wp-content\/uploads\/2022\/10\/Carlos-Pastor-Candidato-PP-Alcoy-e1665486550142.jpg","datePublished":"2023-02-14T08:00:07+00:00","dateModified":"2023-02-14T16:08:18+00:00","author":{"@id":"https:\/\/www.copealcoy.es\/es\/#\/schema\/person\/e777c87fa024e57d40170af9df39882c"},"description":"El candidato a la alcald\u00eda de Alcoy por el Partido Popular lamenta que a estas alturas del a\u00f1o todav\u00eda no haya Presupuesto Municipal","breadcrumb":{"@id":"https:\/\/www.copealcoy.es\/es\/carlos-pastor-el-gobierno-de-alcoy-parece-que-quiere-prorrogar-los-presupuestos-para-tapar-el-agujero-del-ayuntamiento\/#breadcrumb"},"inLanguage":"es","potentialAction":[{"@type":"ReadAction","target":["https:\/\/www.copealcoy.es\/es\/carlos-pastor-el-gobierno-de-alcoy-parece-que-quiere-prorrogar-los-presupuestos-para-tapar-el-agujero-del-ayuntamiento\/"]}]},{"@type":"ImageObject","inLanguage":"es","@id":"https:\/\/www.copealcoy.es\/es\/carlos-pastor-el-gobierno-de-alcoy-parece-que-quiere-prorrogar-los-presupuestos-para-tapar-el-agujero-del-ayuntamiento\/#primaryimage","url":"https:\/\/www.copealcoy.es\/wp-content\/uploads\/2022\/10\/Carlos-Pastor-Candidato-PP-Alcoy-e1665486550142.jpg","contentUrl":"https:\/\/www.copealcoy.es\/wp-content\/uploads\/2022\/10\/Carlos-Pastor-Candidato-PP-Alcoy-e1665486550142.jpg","width":1080,"height":675},{"@type":"BreadcrumbList","@id":"https:\/\/www.copealcoy.es\/es\/carlos-pastor-el-gobierno-de-alcoy-parece-que-quiere-prorrogar-los-presupuestos-para-tapar-el-agujero-del-ayuntamiento\/#breadcrumb","itemListElement":[{"@type":"ListItem","position":1,"name":"Portada","item":"https:\/\/www.copealcoy.es\/es\/"},{"@type":"ListItem","position":2,"name":"Carlos Pastor: \u201cel gobierno de Alcoy parece que quiere prorrogar los presupuestos para tapar el agujero del Ayuntamiento\u201d"}]},{"@type":"WebSite","@id":"https:\/\/www.copealcoy.es\/es\/#website","url":"https:\/\/www.copealcoy.es\/es\/","name":"COPE Alcoy","description":"Emisora COPE de radio local con emisi\u00f3n online. Pont de Sant Jordi 8-10 03803 Alcoy","potentialAction":[{"@type":"SearchAction","target":{"@type":"EntryPoint","urlTemplate":"https:\/\/www.copealcoy.es\/es\/?s={search_term_string}"},"query-input":{"@type":"PropertyValueSpecification","valueRequired":true,"valueName":"search_term_string"}}],"inLanguage":"es"},{"@type":"Person","@id":"https:\/\/www.copealcoy.es\/es\/#\/schema\/person\/e777c87fa024e57d40170af9df39882c","name":"Cope Alcoy","image":{"@type":"ImageObject","inLanguage":"es","@id":"https:\/\/secure.gravatar.com\/avatar\/bb65d0283347e303893ba14f0692005417c1e0e690a325a4c5d8bb2b3943ee14?s=96&d=mm&r=g","url":"https:\/\/secure.gravatar.com\/avatar\/bb65d0283347e303893ba14f0692005417c1e0e690a325a4c5d8bb2b3943ee14?s=96&d=mm&r=g","contentUrl":"https:\/\/secure.gravatar.com\/avatar\/bb65d0283347e303893ba14f0692005417c1e0e690a325a4c5d8bb2b3943ee14?s=96&d=mm&r=g","caption":"Cope Alcoy"}}]}},"_links":{"self":[{"href":"https:\/\/www.copealcoy.es\/es\/wp-json\/wp\/v2\/posts\/110505","targetHints":{"allow":["GET"]}}],"collection":[{"href":"https:\/\/www.copealcoy.es\/es\/wp-json\/wp\/v2\/posts"}],"about":[{"href":"https:\/\/www.copealcoy.es\/es\/wp-json\/wp\/v2\/types\/post"}],"author":[{"embeddable":true,"href":"https:\/\/www.copealcoy.es\/es\/wp-json\/wp\/v2\/users\/1"}],"replies":[{"embeddable":true,"href":"https:\/\/www.copealcoy.es\/es\/wp-json\/wp\/v2\/comments?post=110505"}],"version-history":[{"count":0,"href":"https:\/\/www.copealcoy.es\/es\/wp-json\/wp\/v2\/posts\/110505\/revisions"}],"wp:featuredmedia":[{"embeddable":true,"href":"https:\/\/www.copealcoy.es\/es\/wp-json\/wp\/v2\/media\/92790"}],"wp:attachment":[{"href":"https:\/\/www.copealcoy.es\/es\/wp-json\/wp\/v2\/media?parent=110505"}],"wp:term":[{"taxonomy":"category","embeddable":true,"href":"https:\/\/www.copealcoy.es\/es\/wp-json\/wp\/v2\/categories?post=110505"},{"taxonomy":"post_tag","embeddable":true,"href":"https:\/\/www.copealcoy.es\/es\/wp-json\/wp\/v2\/tags?post=110505"}],"curies":[{"name":"wp","href":"https:\/\/api.w.org\/{rel}","templated":true}]}}