{"id":110308,"date":"2023-02-10T08:45:17","date_gmt":"2023-02-10T07:45:17","guid":{"rendered":"https:\/\/www.copealcoy.es\/?p=110308"},"modified":"2023-02-10T19:33:54","modified_gmt":"2023-02-10T18:33:54","slug":"bomberos-de-la-comarca-se-suman-las-labores-de-rescate-tras-el-terremoto-de-turquia-y-siria","status":"publish","type":"post","link":"https:\/\/www.copealcoy.es\/es\/bomberos-de-la-comarca-se-suman-las-labores-de-rescate-tras-el-terremoto-de-turquia-y-siria\/","title":{"rendered":"Bomberos de la comarca se suman las labores de rescate tras el terremoto de Turquia y Siria"},"content":{"rendered":"<p style=\"text-align: justify;\">Efectivos del <span style=\"color: #0000ff;\"><a style=\"color: #0000ff;\" href=\"https:\/\/consorciobomberosalicante.es\/\"><strong>Consorcio Provincial de Bomberos de la Diputaci\u00f3n de Alicante<\/strong><\/a><\/span> se han desplazado a lo largo de esta semana hasta Siria y Turqu\u00eda <strong>de cara a para participar en las labores de rescate tras el terremoto que han sufrido estos dos puntos del planeta<\/strong>. En el contingente de rescate han viajado tambi\u00e9n <strong>Bomberos de las comarcas de l&#8217;Alcoi\u00e0 y el Comtat<\/strong>, los cuales han acudido al lugar de los hechos <strong>para aportar<\/strong> su esfuerzo as\u00ed como entrega.<\/p>\n<p style=\"text-align: justify;\">Forman parte del citado operativo <strong>Sergio P\u00e9rez<\/strong>, sargento del Parque de La Muntanya ubicado en Cocentaina, y junto a \u00e9l destaca <strong>su perro Tit\u00e1n<\/strong> que tambi\u00e9n participa en los rastreos para hallar a posibles personas atrapadas entre los escombros. Por otra parte, destaca un segundo grupo en el que figuran <strong>Andr\u00e9s Blanquer<\/strong>, bombero de La Muntanya, y <strong>Salva Luque<\/strong>, alcoyano que trabaja en el parque de Sant Vicent del Raspeig como sargento jefe del grupo de rescate de los bomberos. Este \u00faltimo ha explicado al respecto que van provistos de todos los materiales necesarios para trabajar a destajo en unas horas que son cruciales tras el se\u00edsmo &#8220;<em>contamos con 4 perros de rescate, especializados en b\u00fasqueda en escombros, detectores geof\u00f3nicos y material para romper, como generadores, picos y martillos, y sobre todo la ilusi\u00f3n de ser \u00fatiles como bomberos. No hay otro objetivo que buscar, localizar y rescatar a personas<\/em>&#8220;, concluye el propio Luque.<\/p>\n<p style=\"text-align: justify;\">Hay que destacar que desde la Comunitat Valenciana <strong>se ha desplazado hasta Turqu\u00eda y Siria<\/strong> un equipo multidisciplinar compuesto por los mismos bomberos, gu\u00edas caninos y sanitarios. Las labores de rescate <strong>seguir\u00e1n durante varios d\u00edas con la esperanza de encontrar el m\u00e1ximo n\u00famero de supervivientes posibles<\/strong>. Indicar que el siniestro <strong>ha causado ya m\u00e1s de 21.000 muertes<\/strong> y es uno de los que m\u00e1s p\u00e9rdidas de vidas humanas ha provocado.<\/p>\n","protected":false},"excerpt":{"rendered":"<p>Efectivos del Consorcio Provincial de Bomberos de la Diputaci\u00f3n de Alicante se han desplazado a lo largo de esta semana&#8230;<\/p>\n","protected":false},"author":1,"featured_media":110338,"comment_status":"open","ping_status":"open","sticky":false,"template":"","format":"standard","meta":{"footnotes":""},"categories":[6909,98,75],"tags":[482,615,236,237,10640],"class_list":["post-110308","post","type-post","status-publish","format-standard","has-post-thumbnail","hentry","category-actualidad","category-comarcas","category-noticias","tag-alcoia","tag-bomberos","tag-comarca","tag-comtat","tag-rescate"],"yoast_head":"<!-- This site is optimized with the Yoast SEO plugin v27.3 - https:\/\/yoast.com\/product\/yoast-seo-wordpress\/ -->\n<title>Bomberos de la comarca se suman las labores de rescate tras el terremoto de Turquia y Siria - COPE Alcoy<\/title>\n<meta name=\"description\" content=\"Efectivos del Consorcio Provincial de Bomberos de la Diputaci\u00f3n de Alicante se han desplazado a lo largo de esta semana hasta Siria y Turqu\u00eda\" \/>\n<meta name=\"robots\" content=\"index, follow, max-snippet:-1, max-image-preview:large, max-video-preview:-1\" \/>\n<link rel=\"canonical\" href=\"https:\/\/www.copealcoy.es\/es\/bomberos-de-la-comarca-se-suman-las-labores-de-rescate-tras-el-terremoto-de-turquia-y-siria\/\" \/>\n<meta property=\"og:locale\" content=\"es_ES\" \/>\n<meta property=\"og:type\" content=\"article\" \/>\n<meta property=\"og:title\" content=\"Bomberos de la comarca se suman las labores de rescate tras el terremoto de Turquia y Siria - COPE Alcoy\" \/>\n<meta property=\"og:description\" content=\"Efectivos del Consorcio Provincial de Bomberos de la Diputaci\u00f3n de Alicante se han desplazado a lo largo de esta semana hasta Siria y Turqu\u00eda\" \/>\n<meta property=\"og:url\" content=\"https:\/\/www.copealcoy.es\/es\/bomberos-de-la-comarca-se-suman-las-labores-de-rescate-tras-el-terremoto-de-turquia-y-siria\/\" \/>\n<meta property=\"og:site_name\" content=\"COPE Alcoy\" \/>\n<meta property=\"article:published_time\" content=\"2023-02-10T07:45:17+00:00\" \/>\n<meta property=\"article:modified_time\" content=\"2023-02-10T18:33:54+00:00\" \/>\n<meta property=\"og:image\" content=\"https:\/\/www.copealcoy.es\/wp-content\/uploads\/2023\/02\/unnamed-1-7-e1676028510804.jpg\" \/>\n\t<meta property=\"og:image:width\" content=\"640\" \/>\n\t<meta property=\"og:image:height\" content=\"466\" \/>\n\t<meta property=\"og:image:type\" content=\"image\/jpeg\" \/>\n<meta name=\"author\" content=\"Cope Alcoy\" \/>\n<meta name=\"twitter:label1\" content=\"Escrito por\" \/>\n\t<meta name=\"twitter:data1\" content=\"Cope Alcoy\" \/>\n\t<meta name=\"twitter:label2\" content=\"Tiempo de lectura\" \/>\n\t<meta name=\"twitter:data2\" content=\"2 minutos\" \/>\n<script type=\"application\/ld+json\" class=\"yoast-schema-graph\">{\"@context\":\"https:\\\/\\\/schema.org\",\"@graph\":[{\"@type\":\"Article\",\"@id\":\"https:\\\/\\\/www.copealcoy.es\\\/es\\\/bomberos-de-la-comarca-se-suman-las-labores-de-rescate-tras-el-terremoto-de-turquia-y-siria\\\/#article\",\"isPartOf\":{\"@id\":\"https:\\\/\\\/www.copealcoy.es\\\/es\\\/bomberos-de-la-comarca-se-suman-las-labores-de-rescate-tras-el-terremoto-de-turquia-y-siria\\\/\"},\"author\":{\"name\":\"Cope Alcoy\",\"@id\":\"https:\\\/\\\/www.copealcoy.es\\\/es\\\/#\\\/schema\\\/person\\\/e777c87fa024e57d40170af9df39882c\"},\"headline\":\"Bomberos de la comarca se suman las labores de rescate tras el terremoto de Turquia y Siria\",\"datePublished\":\"2023-02-10T07:45:17+00:00\",\"dateModified\":\"2023-02-10T18:33:54+00:00\",\"mainEntityOfPage\":{\"@id\":\"https:\\\/\\\/www.copealcoy.es\\\/es\\\/bomberos-de-la-comarca-se-suman-las-labores-de-rescate-tras-el-terremoto-de-turquia-y-siria\\\/\"},\"wordCount\":338,\"commentCount\":0,\"image\":{\"@id\":\"https:\\\/\\\/www.copealcoy.es\\\/es\\\/bomberos-de-la-comarca-se-suman-las-labores-de-rescate-tras-el-terremoto-de-turquia-y-siria\\\/#primaryimage\"},\"thumbnailUrl\":\"https:\\\/\\\/www.copealcoy.es\\\/wp-content\\\/uploads\\\/2023\\\/02\\\/unnamed-1-7-e1676028510804.jpg\",\"keywords\":[\"Alcoi\u00e0\",\"Bomberos\",\"Comarca\",\"Comtat\",\"Rescate\"],\"articleSection\":[\"Actualidad\",\"Comarcas\",\"Noticias\"],\"inLanguage\":\"es\"},{\"@type\":\"WebPage\",\"@id\":\"https:\\\/\\\/www.copealcoy.es\\\/es\\\/bomberos-de-la-comarca-se-suman-las-labores-de-rescate-tras-el-terremoto-de-turquia-y-siria\\\/\",\"url\":\"https:\\\/\\\/www.copealcoy.es\\\/es\\\/bomberos-de-la-comarca-se-suman-las-labores-de-rescate-tras-el-terremoto-de-turquia-y-siria\\\/\",\"name\":\"Bomberos de la comarca se suman las labores de rescate tras el terremoto de Turquia y Siria - COPE Alcoy\",\"isPartOf\":{\"@id\":\"https:\\\/\\\/www.copealcoy.es\\\/es\\\/#website\"},\"primaryImageOfPage\":{\"@id\":\"https:\\\/\\\/www.copealcoy.es\\\/es\\\/bomberos-de-la-comarca-se-suman-las-labores-de-rescate-tras-el-terremoto-de-turquia-y-siria\\\/#primaryimage\"},\"image\":{\"@id\":\"https:\\\/\\\/www.copealcoy.es\\\/es\\\/bomberos-de-la-comarca-se-suman-las-labores-de-rescate-tras-el-terremoto-de-turquia-y-siria\\\/#primaryimage\"},\"thumbnailUrl\":\"https:\\\/\\\/www.copealcoy.es\\\/wp-content\\\/uploads\\\/2023\\\/02\\\/unnamed-1-7-e1676028510804.jpg\",\"datePublished\":\"2023-02-10T07:45:17+00:00\",\"dateModified\":\"2023-02-10T18:33:54+00:00\",\"author\":{\"@id\":\"https:\\\/\\\/www.copealcoy.es\\\/es\\\/#\\\/schema\\\/person\\\/e777c87fa024e57d40170af9df39882c\"},\"description\":\"Efectivos del Consorcio Provincial de Bomberos de la Diputaci\u00f3n de Alicante se han desplazado a lo largo de esta semana hasta Siria y Turqu\u00eda\",\"breadcrumb\":{\"@id\":\"https:\\\/\\\/www.copealcoy.es\\\/es\\\/bomberos-de-la-comarca-se-suman-las-labores-de-rescate-tras-el-terremoto-de-turquia-y-siria\\\/#breadcrumb\"},\"inLanguage\":\"es\",\"potentialAction\":[{\"@type\":\"ReadAction\",\"target\":[\"https:\\\/\\\/www.copealcoy.es\\\/es\\\/bomberos-de-la-comarca-se-suman-las-labores-de-rescate-tras-el-terremoto-de-turquia-y-siria\\\/\"]}]},{\"@type\":\"ImageObject\",\"inLanguage\":\"es\",\"@id\":\"https:\\\/\\\/www.copealcoy.es\\\/es\\\/bomberos-de-la-comarca-se-suman-las-labores-de-rescate-tras-el-terremoto-de-turquia-y-siria\\\/#primaryimage\",\"url\":\"https:\\\/\\\/www.copealcoy.es\\\/wp-content\\\/uploads\\\/2023\\\/02\\\/unnamed-1-7-e1676028510804.jpg\",\"contentUrl\":\"https:\\\/\\\/www.copealcoy.es\\\/wp-content\\\/uploads\\\/2023\\\/02\\\/unnamed-1-7-e1676028510804.jpg\",\"width\":640,\"height\":466},{\"@type\":\"BreadcrumbList\",\"@id\":\"https:\\\/\\\/www.copealcoy.es\\\/es\\\/bomberos-de-la-comarca-se-suman-las-labores-de-rescate-tras-el-terremoto-de-turquia-y-siria\\\/#breadcrumb\",\"itemListElement\":[{\"@type\":\"ListItem\",\"position\":1,\"name\":\"Portada\",\"item\":\"https:\\\/\\\/www.copealcoy.es\\\/es\\\/\"},{\"@type\":\"ListItem\",\"position\":2,\"name\":\"Bomberos de la comarca se suman las labores de rescate tras el terremoto de Turquia y Siria\"}]},{\"@type\":\"WebSite\",\"@id\":\"https:\\\/\\\/www.copealcoy.es\\\/es\\\/#website\",\"url\":\"https:\\\/\\\/www.copealcoy.es\\\/es\\\/\",\"name\":\"COPE Alcoy\",\"description\":\"Emisora COPE de radio local con emisi\u00f3n online. Pont de Sant Jordi 8-10 03803 Alcoy\",\"potentialAction\":[{\"@type\":\"SearchAction\",\"target\":{\"@type\":\"EntryPoint\",\"urlTemplate\":\"https:\\\/\\\/www.copealcoy.es\\\/es\\\/?s={search_term_string}\"},\"query-input\":{\"@type\":\"PropertyValueSpecification\",\"valueRequired\":true,\"valueName\":\"search_term_string\"}}],\"inLanguage\":\"es\"},{\"@type\":\"Person\",\"@id\":\"https:\\\/\\\/www.copealcoy.es\\\/es\\\/#\\\/schema\\\/person\\\/e777c87fa024e57d40170af9df39882c\",\"name\":\"Cope Alcoy\",\"image\":{\"@type\":\"ImageObject\",\"inLanguage\":\"es\",\"@id\":\"https:\\\/\\\/secure.gravatar.com\\\/avatar\\\/bb65d0283347e303893ba14f0692005417c1e0e690a325a4c5d8bb2b3943ee14?s=96&d=mm&r=g\",\"url\":\"https:\\\/\\\/secure.gravatar.com\\\/avatar\\\/bb65d0283347e303893ba14f0692005417c1e0e690a325a4c5d8bb2b3943ee14?s=96&d=mm&r=g\",\"contentUrl\":\"https:\\\/\\\/secure.gravatar.com\\\/avatar\\\/bb65d0283347e303893ba14f0692005417c1e0e690a325a4c5d8bb2b3943ee14?s=96&d=mm&r=g\",\"caption\":\"Cope Alcoy\"}}]}<\/script>\n<!-- \/ Yoast SEO plugin. -->","yoast_head_json":{"title":"Bomberos de la comarca se suman las labores de rescate tras el terremoto de Turquia y Siria - COPE Alcoy","description":"Efectivos del Consorcio Provincial de Bomberos de la Diputaci\u00f3n de Alicante se han desplazado a lo largo de esta semana hasta Siria y Turqu\u00eda","robots":{"index":"index","follow":"follow","max-snippet":"max-snippet:-1","max-image-preview":"max-image-preview:large","max-video-preview":"max-video-preview:-1"},"canonical":"https:\/\/www.copealcoy.es\/es\/bomberos-de-la-comarca-se-suman-las-labores-de-rescate-tras-el-terremoto-de-turquia-y-siria\/","og_locale":"es_ES","og_type":"article","og_title":"Bomberos de la comarca se suman las labores de rescate tras el terremoto de Turquia y Siria - COPE Alcoy","og_description":"Efectivos del Consorcio Provincial de Bomberos de la Diputaci\u00f3n de Alicante se han desplazado a lo largo de esta semana hasta Siria y Turqu\u00eda","og_url":"https:\/\/www.copealcoy.es\/es\/bomberos-de-la-comarca-se-suman-las-labores-de-rescate-tras-el-terremoto-de-turquia-y-siria\/","og_site_name":"COPE Alcoy","article_published_time":"2023-02-10T07:45:17+00:00","article_modified_time":"2023-02-10T18:33:54+00:00","og_image":[{"width":640,"height":466,"url":"https:\/\/www.copealcoy.es\/wp-content\/uploads\/2023\/02\/unnamed-1-7-e1676028510804.jpg","type":"image\/jpeg"}],"author":"Cope Alcoy","twitter_misc":{"Escrito por":"Cope Alcoy","Tiempo de lectura":"2 minutos"},"schema":{"@context":"https:\/\/schema.org","@graph":[{"@type":"Article","@id":"https:\/\/www.copealcoy.es\/es\/bomberos-de-la-comarca-se-suman-las-labores-de-rescate-tras-el-terremoto-de-turquia-y-siria\/#article","isPartOf":{"@id":"https:\/\/www.copealcoy.es\/es\/bomberos-de-la-comarca-se-suman-las-labores-de-rescate-tras-el-terremoto-de-turquia-y-siria\/"},"author":{"name":"Cope Alcoy","@id":"https:\/\/www.copealcoy.es\/es\/#\/schema\/person\/e777c87fa024e57d40170af9df39882c"},"headline":"Bomberos de la comarca se suman las labores de rescate tras el terremoto de Turquia y Siria","datePublished":"2023-02-10T07:45:17+00:00","dateModified":"2023-02-10T18:33:54+00:00","mainEntityOfPage":{"@id":"https:\/\/www.copealcoy.es\/es\/bomberos-de-la-comarca-se-suman-las-labores-de-rescate-tras-el-terremoto-de-turquia-y-siria\/"},"wordCount":338,"commentCount":0,"image":{"@id":"https:\/\/www.copealcoy.es\/es\/bomberos-de-la-comarca-se-suman-las-labores-de-rescate-tras-el-terremoto-de-turquia-y-siria\/#primaryimage"},"thumbnailUrl":"https:\/\/www.copealcoy.es\/wp-content\/uploads\/2023\/02\/unnamed-1-7-e1676028510804.jpg","keywords":["Alcoi\u00e0","Bomberos","Comarca","Comtat","Rescate"],"articleSection":["Actualidad","Comarcas","Noticias"],"inLanguage":"es"},{"@type":"WebPage","@id":"https:\/\/www.copealcoy.es\/es\/bomberos-de-la-comarca-se-suman-las-labores-de-rescate-tras-el-terremoto-de-turquia-y-siria\/","url":"https:\/\/www.copealcoy.es\/es\/bomberos-de-la-comarca-se-suman-las-labores-de-rescate-tras-el-terremoto-de-turquia-y-siria\/","name":"Bomberos de la comarca se suman las labores de rescate tras el terremoto de Turquia y Siria - COPE Alcoy","isPartOf":{"@id":"https:\/\/www.copealcoy.es\/es\/#website"},"primaryImageOfPage":{"@id":"https:\/\/www.copealcoy.es\/es\/bomberos-de-la-comarca-se-suman-las-labores-de-rescate-tras-el-terremoto-de-turquia-y-siria\/#primaryimage"},"image":{"@id":"https:\/\/www.copealcoy.es\/es\/bomberos-de-la-comarca-se-suman-las-labores-de-rescate-tras-el-terremoto-de-turquia-y-siria\/#primaryimage"},"thumbnailUrl":"https:\/\/www.copealcoy.es\/wp-content\/uploads\/2023\/02\/unnamed-1-7-e1676028510804.jpg","datePublished":"2023-02-10T07:45:17+00:00","dateModified":"2023-02-10T18:33:54+00:00","author":{"@id":"https:\/\/www.copealcoy.es\/es\/#\/schema\/person\/e777c87fa024e57d40170af9df39882c"},"description":"Efectivos del Consorcio Provincial de Bomberos de la Diputaci\u00f3n de Alicante se han desplazado a lo largo de esta semana hasta Siria y Turqu\u00eda","breadcrumb":{"@id":"https:\/\/www.copealcoy.es\/es\/bomberos-de-la-comarca-se-suman-las-labores-de-rescate-tras-el-terremoto-de-turquia-y-siria\/#breadcrumb"},"inLanguage":"es","potentialAction":[{"@type":"ReadAction","target":["https:\/\/www.copealcoy.es\/es\/bomberos-de-la-comarca-se-suman-las-labores-de-rescate-tras-el-terremoto-de-turquia-y-siria\/"]}]},{"@type":"ImageObject","inLanguage":"es","@id":"https:\/\/www.copealcoy.es\/es\/bomberos-de-la-comarca-se-suman-las-labores-de-rescate-tras-el-terremoto-de-turquia-y-siria\/#primaryimage","url":"https:\/\/www.copealcoy.es\/wp-content\/uploads\/2023\/02\/unnamed-1-7-e1676028510804.jpg","contentUrl":"https:\/\/www.copealcoy.es\/wp-content\/uploads\/2023\/02\/unnamed-1-7-e1676028510804.jpg","width":640,"height":466},{"@type":"BreadcrumbList","@id":"https:\/\/www.copealcoy.es\/es\/bomberos-de-la-comarca-se-suman-las-labores-de-rescate-tras-el-terremoto-de-turquia-y-siria\/#breadcrumb","itemListElement":[{"@type":"ListItem","position":1,"name":"Portada","item":"https:\/\/www.copealcoy.es\/es\/"},{"@type":"ListItem","position":2,"name":"Bomberos de la comarca se suman las labores de rescate tras el terremoto de Turquia y Siria"}]},{"@type":"WebSite","@id":"https:\/\/www.copealcoy.es\/es\/#website","url":"https:\/\/www.copealcoy.es\/es\/","name":"COPE Alcoy","description":"Emisora COPE de radio local con emisi\u00f3n online. Pont de Sant Jordi 8-10 03803 Alcoy","potentialAction":[{"@type":"SearchAction","target":{"@type":"EntryPoint","urlTemplate":"https:\/\/www.copealcoy.es\/es\/?s={search_term_string}"},"query-input":{"@type":"PropertyValueSpecification","valueRequired":true,"valueName":"search_term_string"}}],"inLanguage":"es"},{"@type":"Person","@id":"https:\/\/www.copealcoy.es\/es\/#\/schema\/person\/e777c87fa024e57d40170af9df39882c","name":"Cope Alcoy","image":{"@type":"ImageObject","inLanguage":"es","@id":"https:\/\/secure.gravatar.com\/avatar\/bb65d0283347e303893ba14f0692005417c1e0e690a325a4c5d8bb2b3943ee14?s=96&d=mm&r=g","url":"https:\/\/secure.gravatar.com\/avatar\/bb65d0283347e303893ba14f0692005417c1e0e690a325a4c5d8bb2b3943ee14?s=96&d=mm&r=g","contentUrl":"https:\/\/secure.gravatar.com\/avatar\/bb65d0283347e303893ba14f0692005417c1e0e690a325a4c5d8bb2b3943ee14?s=96&d=mm&r=g","caption":"Cope Alcoy"}}]}},"_links":{"self":[{"href":"https:\/\/www.copealcoy.es\/es\/wp-json\/wp\/v2\/posts\/110308","targetHints":{"allow":["GET"]}}],"collection":[{"href":"https:\/\/www.copealcoy.es\/es\/wp-json\/wp\/v2\/posts"}],"about":[{"href":"https:\/\/www.copealcoy.es\/es\/wp-json\/wp\/v2\/types\/post"}],"author":[{"embeddable":true,"href":"https:\/\/www.copealcoy.es\/es\/wp-json\/wp\/v2\/users\/1"}],"replies":[{"embeddable":true,"href":"https:\/\/www.copealcoy.es\/es\/wp-json\/wp\/v2\/comments?post=110308"}],"version-history":[{"count":0,"href":"https:\/\/www.copealcoy.es\/es\/wp-json\/wp\/v2\/posts\/110308\/revisions"}],"wp:featuredmedia":[{"embeddable":true,"href":"https:\/\/www.copealcoy.es\/es\/wp-json\/wp\/v2\/media\/110338"}],"wp:attachment":[{"href":"https:\/\/www.copealcoy.es\/es\/wp-json\/wp\/v2\/media?parent=110308"}],"wp:term":[{"taxonomy":"category","embeddable":true,"href":"https:\/\/www.copealcoy.es\/es\/wp-json\/wp\/v2\/categories?post=110308"},{"taxonomy":"post_tag","embeddable":true,"href":"https:\/\/www.copealcoy.es\/es\/wp-json\/wp\/v2\/tags?post=110308"}],"curies":[{"name":"wp","href":"https:\/\/api.w.org\/{rel}","templated":true}]}}