{"id":110277,"date":"2023-02-09T09:00:41","date_gmt":"2023-02-09T08:00:41","guid":{"rendered":"https:\/\/www.copealcoy.es\/?p=110277"},"modified":"2023-02-09T17:30:51","modified_gmt":"2023-02-09T16:30:51","slug":"las-grandes-superficies-volveran-a-cerrar-durante-los-dias-de-fiestas-de-alcoy","status":"publish","type":"post","link":"https:\/\/www.copealcoy.es\/es\/las-grandes-superficies-volveran-a-cerrar-durante-los-dias-de-fiestas-de-alcoy\/","title":{"rendered":"Las grandes superficies volver\u00e1n a cerrar durante los d\u00edas de Fiestas de Alcoy"},"content":{"rendered":"<p style=\"text-align: justify;\">Las <strong>grandes superficies <\/strong>de Alcoy <strong>volver\u00e1n a cerrar sus puertas<\/strong> <strong>durante los d\u00edas de las Fiestas de Moros y Cristianos<\/strong> del pr\u00f3ximo mes de abril. Se repite as\u00ed <strong>la f\u00f3rmula implantada desde el a\u00f1o 2016<\/strong> gracias al consenso de los agentes comerciales e institucionales implicados en esta cuesti\u00f3n.<\/p>\n<p style=\"text-align: justify;\">Cabe recordar que los d\u00edas en los que Alcoy celebra las Fiestas de Moros y Cristianos durante 2023 <strong>son 22, 23 y 24 de abril<\/strong>. De esta forma, las grandes superficies de la ciudad <strong>no abrir\u00e1n sus puertas s\u00e1bado 22 y lunes 24<\/strong>, que han sido declarados festivos locales, ni tampoco <strong>el domingo, 23 de abril<\/strong>. Por otra parte, <strong>el Observatorio de Comercio de la Generalitat ha declarado h\u00e1biles el 7 (Viernes Santo) y los domingos 9 y 30 de abril<\/strong>, fechas pr\u00f3ximas a las fiestas, que pueden suplir el cierre durante la festividad local. Para las citadas grandes superficies <strong>esta medida es muy positiva<\/strong> dado que permite dar flexibilidad a los trabajadores &#8220;<em>para que as\u00ed puedan disfrutar con normalidad de unos d\u00edas muy especiales en los que tambi\u00e9n se reduce la actividad comercial puesto que esta se concentra en las jornadas previas a los festejos<\/em>&#8220;, manifestaba en COPE ALCOY <strong>Jorge Valc\u00e1rcel<\/strong>, gerente del Centro Comercial Alzamora de nuestra ciudad.<\/p>\n<p style=\"text-align: justify;\">El acuerdo que permite el cierre de las grandes superficies <strong>fue suscrito<\/strong> por la C\u00e1mara de Comercio, la Asociaci\u00f3n Comarcal de Empresarios del Comercio de Alcoy (ACECA) y la Federaci\u00f3n de Comercio de Alcoy \u2018Alcoy Comercial\u2019. A ellos se le a\u00f1adi\u00f3 el Ayuntamiento, el cual tambi\u00e9n destaca <strong>el consenso<\/strong> para conseguir cada a\u00f1o que se pueda cerrar en fiestas &#8220;<em>agradecemos el esfuerzo y la buena predisposici\u00f3n de todos los agentes implicados y en especial, de las grandes superficies que forman parte de nuestro tejido comercial y que siguen mostrando su compromiso con nuestra ciudad y sus tradiciones manteniendo vigente el acuerdo que adoptaron con las diferentes entidades locales. Con la vigencia de este compromiso nacido del consenso se facilita que todos podamos disfrutar de unas fechas tan se\u00f1aladas para nuestra ciudad<\/em>&#8220;, concluye la edil de Comercio; <strong>Vanessa Molt\u00f3<\/strong>.<\/p>\n","protected":false},"excerpt":{"rendered":"<p>Las grandes superficies de Alcoy volver\u00e1n a cerrar sus puertas durante los d\u00edas de las Fiestas de Moros y Cristianos&#8230;<\/p>\n","protected":false},"author":1,"featured_media":39015,"comment_status":"open","ping_status":"open","sticky":false,"template":"","format":"standard","meta":{"footnotes":""},"categories":[6909,97,75,79],"tags":[1494,1200,565,3790,609],"class_list":["post-110277","post","type-post","status-publish","format-standard","has-post-thumbnail","hentry","category-actualidad","category-alcoy","category-noticias","category-politicayeconomia","tag-alcoy","tag-cierre","tag-fiestas","tag-grandes-superficies","tag-moros-y-cristianos"],"yoast_head":"<!-- This site is optimized with the Yoast SEO plugin v27.3 - https:\/\/yoast.com\/product\/yoast-seo-wordpress\/ -->\n<title>Las grandes superficies volver\u00e1n a cerrar durante los d\u00edas de Fiestas de Alcoy - COPE Alcoy<\/title>\n<meta name=\"description\" content=\"Las grandes superficies de Alcoy volver\u00e1n a cerrar sus puertas durante los d\u00edas de las Fiestas de Moros y Cristianos del pr\u00f3ximo mes de abril\" \/>\n<meta name=\"robots\" content=\"index, follow, max-snippet:-1, max-image-preview:large, max-video-preview:-1\" \/>\n<link rel=\"canonical\" href=\"https:\/\/www.copealcoy.es\/es\/las-grandes-superficies-volveran-a-cerrar-durante-los-dias-de-fiestas-de-alcoy\/\" \/>\n<meta property=\"og:locale\" content=\"es_ES\" \/>\n<meta property=\"og:type\" content=\"article\" \/>\n<meta property=\"og:title\" content=\"Las grandes superficies volver\u00e1n a cerrar durante los d\u00edas de Fiestas de Alcoy - COPE Alcoy\" \/>\n<meta property=\"og:description\" content=\"Las grandes superficies de Alcoy volver\u00e1n a cerrar sus puertas durante los d\u00edas de las Fiestas de Moros y Cristianos del pr\u00f3ximo mes de abril\" \/>\n<meta property=\"og:url\" content=\"https:\/\/www.copealcoy.es\/es\/las-grandes-superficies-volveran-a-cerrar-durante-los-dias-de-fiestas-de-alcoy\/\" \/>\n<meta property=\"og:site_name\" content=\"COPE Alcoy\" \/>\n<meta property=\"article:published_time\" content=\"2023-02-09T08:00:41+00:00\" \/>\n<meta property=\"article:modified_time\" content=\"2023-02-09T16:30:51+00:00\" \/>\n<meta property=\"og:image\" content=\"https:\/\/www.copealcoy.es\/wp-content\/uploads\/2018\/02\/alzamora_NoticiaAmpliada.jpg\" \/>\n\t<meta property=\"og:image:width\" content=\"768\" \/>\n\t<meta property=\"og:image:height\" content=\"499\" \/>\n\t<meta property=\"og:image:type\" content=\"image\/jpeg\" \/>\n<meta name=\"author\" content=\"Cope Alcoy\" \/>\n<meta name=\"twitter:label1\" content=\"Escrito por\" \/>\n\t<meta name=\"twitter:data1\" content=\"Cope Alcoy\" \/>\n\t<meta name=\"twitter:label2\" content=\"Tiempo de lectura\" \/>\n\t<meta name=\"twitter:data2\" content=\"2 minutos\" \/>\n<script type=\"application\/ld+json\" class=\"yoast-schema-graph\">{\"@context\":\"https:\\\/\\\/schema.org\",\"@graph\":[{\"@type\":\"Article\",\"@id\":\"https:\\\/\\\/www.copealcoy.es\\\/es\\\/las-grandes-superficies-volveran-a-cerrar-durante-los-dias-de-fiestas-de-alcoy\\\/#article\",\"isPartOf\":{\"@id\":\"https:\\\/\\\/www.copealcoy.es\\\/es\\\/las-grandes-superficies-volveran-a-cerrar-durante-los-dias-de-fiestas-de-alcoy\\\/\"},\"author\":{\"name\":\"Cope Alcoy\",\"@id\":\"https:\\\/\\\/www.copealcoy.es\\\/es\\\/#\\\/schema\\\/person\\\/e777c87fa024e57d40170af9df39882c\"},\"headline\":\"Las grandes superficies volver\u00e1n a cerrar durante los d\u00edas de Fiestas de Alcoy\",\"datePublished\":\"2023-02-09T08:00:41+00:00\",\"dateModified\":\"2023-02-09T16:30:51+00:00\",\"mainEntityOfPage\":{\"@id\":\"https:\\\/\\\/www.copealcoy.es\\\/es\\\/las-grandes-superficies-volveran-a-cerrar-durante-los-dias-de-fiestas-de-alcoy\\\/\"},\"wordCount\":372,\"commentCount\":0,\"image\":{\"@id\":\"https:\\\/\\\/www.copealcoy.es\\\/es\\\/las-grandes-superficies-volveran-a-cerrar-durante-los-dias-de-fiestas-de-alcoy\\\/#primaryimage\"},\"thumbnailUrl\":\"https:\\\/\\\/www.copealcoy.es\\\/wp-content\\\/uploads\\\/2018\\\/02\\\/alzamora_NoticiaAmpliada.jpg\",\"keywords\":[\"Alcoy\",\"cierre\",\"Fiestas\",\"grandes superficies\",\"Moros Y Cristianos\"],\"articleSection\":[\"Actualidad\",\"Alcoy\",\"Noticias\",\"Pol\u00edtica y Econom\u00eda\"],\"inLanguage\":\"es\"},{\"@type\":\"WebPage\",\"@id\":\"https:\\\/\\\/www.copealcoy.es\\\/es\\\/las-grandes-superficies-volveran-a-cerrar-durante-los-dias-de-fiestas-de-alcoy\\\/\",\"url\":\"https:\\\/\\\/www.copealcoy.es\\\/es\\\/las-grandes-superficies-volveran-a-cerrar-durante-los-dias-de-fiestas-de-alcoy\\\/\",\"name\":\"Las grandes superficies volver\u00e1n a cerrar durante los d\u00edas de Fiestas de Alcoy - COPE Alcoy\",\"isPartOf\":{\"@id\":\"https:\\\/\\\/www.copealcoy.es\\\/es\\\/#website\"},\"primaryImageOfPage\":{\"@id\":\"https:\\\/\\\/www.copealcoy.es\\\/es\\\/las-grandes-superficies-volveran-a-cerrar-durante-los-dias-de-fiestas-de-alcoy\\\/#primaryimage\"},\"image\":{\"@id\":\"https:\\\/\\\/www.copealcoy.es\\\/es\\\/las-grandes-superficies-volveran-a-cerrar-durante-los-dias-de-fiestas-de-alcoy\\\/#primaryimage\"},\"thumbnailUrl\":\"https:\\\/\\\/www.copealcoy.es\\\/wp-content\\\/uploads\\\/2018\\\/02\\\/alzamora_NoticiaAmpliada.jpg\",\"datePublished\":\"2023-02-09T08:00:41+00:00\",\"dateModified\":\"2023-02-09T16:30:51+00:00\",\"author\":{\"@id\":\"https:\\\/\\\/www.copealcoy.es\\\/es\\\/#\\\/schema\\\/person\\\/e777c87fa024e57d40170af9df39882c\"},\"description\":\"Las grandes superficies de Alcoy volver\u00e1n a cerrar sus puertas durante los d\u00edas de las Fiestas de Moros y Cristianos del pr\u00f3ximo mes de abril\",\"breadcrumb\":{\"@id\":\"https:\\\/\\\/www.copealcoy.es\\\/es\\\/las-grandes-superficies-volveran-a-cerrar-durante-los-dias-de-fiestas-de-alcoy\\\/#breadcrumb\"},\"inLanguage\":\"es\",\"potentialAction\":[{\"@type\":\"ReadAction\",\"target\":[\"https:\\\/\\\/www.copealcoy.es\\\/es\\\/las-grandes-superficies-volveran-a-cerrar-durante-los-dias-de-fiestas-de-alcoy\\\/\"]}]},{\"@type\":\"ImageObject\",\"inLanguage\":\"es\",\"@id\":\"https:\\\/\\\/www.copealcoy.es\\\/es\\\/las-grandes-superficies-volveran-a-cerrar-durante-los-dias-de-fiestas-de-alcoy\\\/#primaryimage\",\"url\":\"https:\\\/\\\/www.copealcoy.es\\\/wp-content\\\/uploads\\\/2018\\\/02\\\/alzamora_NoticiaAmpliada.jpg\",\"contentUrl\":\"https:\\\/\\\/www.copealcoy.es\\\/wp-content\\\/uploads\\\/2018\\\/02\\\/alzamora_NoticiaAmpliada.jpg\",\"width\":768,\"height\":499},{\"@type\":\"BreadcrumbList\",\"@id\":\"https:\\\/\\\/www.copealcoy.es\\\/es\\\/las-grandes-superficies-volveran-a-cerrar-durante-los-dias-de-fiestas-de-alcoy\\\/#breadcrumb\",\"itemListElement\":[{\"@type\":\"ListItem\",\"position\":1,\"name\":\"Portada\",\"item\":\"https:\\\/\\\/www.copealcoy.es\\\/es\\\/\"},{\"@type\":\"ListItem\",\"position\":2,\"name\":\"Las grandes superficies volver\u00e1n a cerrar durante los d\u00edas de Fiestas de Alcoy\"}]},{\"@type\":\"WebSite\",\"@id\":\"https:\\\/\\\/www.copealcoy.es\\\/es\\\/#website\",\"url\":\"https:\\\/\\\/www.copealcoy.es\\\/es\\\/\",\"name\":\"COPE Alcoy\",\"description\":\"Emisora COPE de radio local con emisi\u00f3n online. Pont de Sant Jordi 8-10 03803 Alcoy\",\"potentialAction\":[{\"@type\":\"SearchAction\",\"target\":{\"@type\":\"EntryPoint\",\"urlTemplate\":\"https:\\\/\\\/www.copealcoy.es\\\/es\\\/?s={search_term_string}\"},\"query-input\":{\"@type\":\"PropertyValueSpecification\",\"valueRequired\":true,\"valueName\":\"search_term_string\"}}],\"inLanguage\":\"es\"},{\"@type\":\"Person\",\"@id\":\"https:\\\/\\\/www.copealcoy.es\\\/es\\\/#\\\/schema\\\/person\\\/e777c87fa024e57d40170af9df39882c\",\"name\":\"Cope Alcoy\",\"image\":{\"@type\":\"ImageObject\",\"inLanguage\":\"es\",\"@id\":\"https:\\\/\\\/secure.gravatar.com\\\/avatar\\\/bb65d0283347e303893ba14f0692005417c1e0e690a325a4c5d8bb2b3943ee14?s=96&d=mm&r=g\",\"url\":\"https:\\\/\\\/secure.gravatar.com\\\/avatar\\\/bb65d0283347e303893ba14f0692005417c1e0e690a325a4c5d8bb2b3943ee14?s=96&d=mm&r=g\",\"contentUrl\":\"https:\\\/\\\/secure.gravatar.com\\\/avatar\\\/bb65d0283347e303893ba14f0692005417c1e0e690a325a4c5d8bb2b3943ee14?s=96&d=mm&r=g\",\"caption\":\"Cope Alcoy\"}}]}<\/script>\n<!-- \/ Yoast SEO plugin. -->","yoast_head_json":{"title":"Las grandes superficies volver\u00e1n a cerrar durante los d\u00edas de Fiestas de Alcoy - COPE Alcoy","description":"Las grandes superficies de Alcoy volver\u00e1n a cerrar sus puertas durante los d\u00edas de las Fiestas de Moros y Cristianos del pr\u00f3ximo mes de abril","robots":{"index":"index","follow":"follow","max-snippet":"max-snippet:-1","max-image-preview":"max-image-preview:large","max-video-preview":"max-video-preview:-1"},"canonical":"https:\/\/www.copealcoy.es\/es\/las-grandes-superficies-volveran-a-cerrar-durante-los-dias-de-fiestas-de-alcoy\/","og_locale":"es_ES","og_type":"article","og_title":"Las grandes superficies volver\u00e1n a cerrar durante los d\u00edas de Fiestas de Alcoy - COPE Alcoy","og_description":"Las grandes superficies de Alcoy volver\u00e1n a cerrar sus puertas durante los d\u00edas de las Fiestas de Moros y Cristianos del pr\u00f3ximo mes de abril","og_url":"https:\/\/www.copealcoy.es\/es\/las-grandes-superficies-volveran-a-cerrar-durante-los-dias-de-fiestas-de-alcoy\/","og_site_name":"COPE Alcoy","article_published_time":"2023-02-09T08:00:41+00:00","article_modified_time":"2023-02-09T16:30:51+00:00","og_image":[{"width":768,"height":499,"url":"https:\/\/www.copealcoy.es\/wp-content\/uploads\/2018\/02\/alzamora_NoticiaAmpliada.jpg","type":"image\/jpeg"}],"author":"Cope Alcoy","twitter_misc":{"Escrito por":"Cope Alcoy","Tiempo de lectura":"2 minutos"},"schema":{"@context":"https:\/\/schema.org","@graph":[{"@type":"Article","@id":"https:\/\/www.copealcoy.es\/es\/las-grandes-superficies-volveran-a-cerrar-durante-los-dias-de-fiestas-de-alcoy\/#article","isPartOf":{"@id":"https:\/\/www.copealcoy.es\/es\/las-grandes-superficies-volveran-a-cerrar-durante-los-dias-de-fiestas-de-alcoy\/"},"author":{"name":"Cope Alcoy","@id":"https:\/\/www.copealcoy.es\/es\/#\/schema\/person\/e777c87fa024e57d40170af9df39882c"},"headline":"Las grandes superficies volver\u00e1n a cerrar durante los d\u00edas de Fiestas de Alcoy","datePublished":"2023-02-09T08:00:41+00:00","dateModified":"2023-02-09T16:30:51+00:00","mainEntityOfPage":{"@id":"https:\/\/www.copealcoy.es\/es\/las-grandes-superficies-volveran-a-cerrar-durante-los-dias-de-fiestas-de-alcoy\/"},"wordCount":372,"commentCount":0,"image":{"@id":"https:\/\/www.copealcoy.es\/es\/las-grandes-superficies-volveran-a-cerrar-durante-los-dias-de-fiestas-de-alcoy\/#primaryimage"},"thumbnailUrl":"https:\/\/www.copealcoy.es\/wp-content\/uploads\/2018\/02\/alzamora_NoticiaAmpliada.jpg","keywords":["Alcoy","cierre","Fiestas","grandes superficies","Moros Y Cristianos"],"articleSection":["Actualidad","Alcoy","Noticias","Pol\u00edtica y Econom\u00eda"],"inLanguage":"es"},{"@type":"WebPage","@id":"https:\/\/www.copealcoy.es\/es\/las-grandes-superficies-volveran-a-cerrar-durante-los-dias-de-fiestas-de-alcoy\/","url":"https:\/\/www.copealcoy.es\/es\/las-grandes-superficies-volveran-a-cerrar-durante-los-dias-de-fiestas-de-alcoy\/","name":"Las grandes superficies volver\u00e1n a cerrar durante los d\u00edas de Fiestas de Alcoy - COPE Alcoy","isPartOf":{"@id":"https:\/\/www.copealcoy.es\/es\/#website"},"primaryImageOfPage":{"@id":"https:\/\/www.copealcoy.es\/es\/las-grandes-superficies-volveran-a-cerrar-durante-los-dias-de-fiestas-de-alcoy\/#primaryimage"},"image":{"@id":"https:\/\/www.copealcoy.es\/es\/las-grandes-superficies-volveran-a-cerrar-durante-los-dias-de-fiestas-de-alcoy\/#primaryimage"},"thumbnailUrl":"https:\/\/www.copealcoy.es\/wp-content\/uploads\/2018\/02\/alzamora_NoticiaAmpliada.jpg","datePublished":"2023-02-09T08:00:41+00:00","dateModified":"2023-02-09T16:30:51+00:00","author":{"@id":"https:\/\/www.copealcoy.es\/es\/#\/schema\/person\/e777c87fa024e57d40170af9df39882c"},"description":"Las grandes superficies de Alcoy volver\u00e1n a cerrar sus puertas durante los d\u00edas de las Fiestas de Moros y Cristianos del pr\u00f3ximo mes de abril","breadcrumb":{"@id":"https:\/\/www.copealcoy.es\/es\/las-grandes-superficies-volveran-a-cerrar-durante-los-dias-de-fiestas-de-alcoy\/#breadcrumb"},"inLanguage":"es","potentialAction":[{"@type":"ReadAction","target":["https:\/\/www.copealcoy.es\/es\/las-grandes-superficies-volveran-a-cerrar-durante-los-dias-de-fiestas-de-alcoy\/"]}]},{"@type":"ImageObject","inLanguage":"es","@id":"https:\/\/www.copealcoy.es\/es\/las-grandes-superficies-volveran-a-cerrar-durante-los-dias-de-fiestas-de-alcoy\/#primaryimage","url":"https:\/\/www.copealcoy.es\/wp-content\/uploads\/2018\/02\/alzamora_NoticiaAmpliada.jpg","contentUrl":"https:\/\/www.copealcoy.es\/wp-content\/uploads\/2018\/02\/alzamora_NoticiaAmpliada.jpg","width":768,"height":499},{"@type":"BreadcrumbList","@id":"https:\/\/www.copealcoy.es\/es\/las-grandes-superficies-volveran-a-cerrar-durante-los-dias-de-fiestas-de-alcoy\/#breadcrumb","itemListElement":[{"@type":"ListItem","position":1,"name":"Portada","item":"https:\/\/www.copealcoy.es\/es\/"},{"@type":"ListItem","position":2,"name":"Las grandes superficies volver\u00e1n a cerrar durante los d\u00edas de Fiestas de Alcoy"}]},{"@type":"WebSite","@id":"https:\/\/www.copealcoy.es\/es\/#website","url":"https:\/\/www.copealcoy.es\/es\/","name":"COPE Alcoy","description":"Emisora COPE de radio local con emisi\u00f3n online. Pont de Sant Jordi 8-10 03803 Alcoy","potentialAction":[{"@type":"SearchAction","target":{"@type":"EntryPoint","urlTemplate":"https:\/\/www.copealcoy.es\/es\/?s={search_term_string}"},"query-input":{"@type":"PropertyValueSpecification","valueRequired":true,"valueName":"search_term_string"}}],"inLanguage":"es"},{"@type":"Person","@id":"https:\/\/www.copealcoy.es\/es\/#\/schema\/person\/e777c87fa024e57d40170af9df39882c","name":"Cope Alcoy","image":{"@type":"ImageObject","inLanguage":"es","@id":"https:\/\/secure.gravatar.com\/avatar\/bb65d0283347e303893ba14f0692005417c1e0e690a325a4c5d8bb2b3943ee14?s=96&d=mm&r=g","url":"https:\/\/secure.gravatar.com\/avatar\/bb65d0283347e303893ba14f0692005417c1e0e690a325a4c5d8bb2b3943ee14?s=96&d=mm&r=g","contentUrl":"https:\/\/secure.gravatar.com\/avatar\/bb65d0283347e303893ba14f0692005417c1e0e690a325a4c5d8bb2b3943ee14?s=96&d=mm&r=g","caption":"Cope Alcoy"}}]}},"_links":{"self":[{"href":"https:\/\/www.copealcoy.es\/es\/wp-json\/wp\/v2\/posts\/110277","targetHints":{"allow":["GET"]}}],"collection":[{"href":"https:\/\/www.copealcoy.es\/es\/wp-json\/wp\/v2\/posts"}],"about":[{"href":"https:\/\/www.copealcoy.es\/es\/wp-json\/wp\/v2\/types\/post"}],"author":[{"embeddable":true,"href":"https:\/\/www.copealcoy.es\/es\/wp-json\/wp\/v2\/users\/1"}],"replies":[{"embeddable":true,"href":"https:\/\/www.copealcoy.es\/es\/wp-json\/wp\/v2\/comments?post=110277"}],"version-history":[{"count":0,"href":"https:\/\/www.copealcoy.es\/es\/wp-json\/wp\/v2\/posts\/110277\/revisions"}],"wp:featuredmedia":[{"embeddable":true,"href":"https:\/\/www.copealcoy.es\/es\/wp-json\/wp\/v2\/media\/39015"}],"wp:attachment":[{"href":"https:\/\/www.copealcoy.es\/es\/wp-json\/wp\/v2\/media?parent=110277"}],"wp:term":[{"taxonomy":"category","embeddable":true,"href":"https:\/\/www.copealcoy.es\/es\/wp-json\/wp\/v2\/categories?post=110277"},{"taxonomy":"post_tag","embeddable":true,"href":"https:\/\/www.copealcoy.es\/es\/wp-json\/wp\/v2\/tags?post=110277"}],"curies":[{"name":"wp","href":"https:\/\/api.w.org\/{rel}","templated":true}]}}